{"id":7540,"date":"2022-11-23T11:39:25","date_gmt":"2022-11-23T11:39:25","guid":{"rendered":"https:\/\/www.felicicat.cat\/?p=7540"},"modified":"2024-04-13T04:43:27","modified_gmt":"2024-04-13T04:43:27","slug":"well-wo-la-plataforma-catalana-para-crear-trabajadores-felices","status":"publish","type":"post","link":"https:\/\/www.felicicat.cat\/es\/well-wo-la-plataforma-catalana-para-crear-trabajadores-felices\/","title":{"rendered":"Well Wo, la plataforma catalana para crear trabajadores felices"},"content":{"rendered":"<h4 id=\"yui_3_17_2_1_1709120166613_471\">Well Wo, que naci\u00f3 c\u00f3mo una casualidad, llega a decenas de miles de trabajadores en todo el mundo.<\/h4>\n<div id=\"block-a6263479b80c3a82a21f\" class=\"sqs-block html-block sqs-block-html\" data-block-type=\"2\" data-border-radii=\"{&quot;topLeft&quot;:{&quot;unit&quot;:&quot;px&quot;,&quot;value&quot;:0.0},&quot;topRight&quot;:{&quot;unit&quot;:&quot;px&quot;,&quot;value&quot;:0.0},&quot;bottomLeft&quot;:{&quot;unit&quot;:&quot;px&quot;,&quot;value&quot;:0.0},&quot;bottomRight&quot;:{&quot;unit&quot;:&quot;px&quot;,&quot;value&quot;:0.0}}\">\n<div class=\"sqs-block-content\">\n<div class=\"sqs-html-content\">\n<p class=\"\">Art\u00edculo extr\u00e1ido de <a href=\"https:\/\/www.viaempresa.cat\/\" target=\"_blank\" rel=\"noopener\"><span class=\"sqsrte-text-color--black\"><strong>Viaempresa.cat<\/strong><\/span><\/a> y creado por <span class=\"sqsrte-text-color--black\"><strong>Bernat Bella<\/strong><\/span> Barcelona. 7 de noviembre de 2022.<\/p>\n<p class=\"\">Un trabajador feliz es un trabajador productivo, dicen. Esta es la premisa de <a href=\"https:\/\/wellwo.es\/\" target=\"_blank\" rel=\"noopener\"><span class=\"sqsrte-text-color--black\"><strong>Well Wo<\/strong><\/span><\/a>, una plataforma en linea que busca mejorar el bienestar de los trabajadores de empresas a trav\u00e9s de contenido diario sobre salud f\u00edsica o emocional. En pocos a\u00f1os ya tienen 150.000 usuarios de todo el mundo y lo utilizan empresas c\u00f3mo Naturgy, Estrella Galicia o Pepsico. El objetivo final? Mejorar el bienestar de los trabajadores y aumentar, por lo tanto, la productividad y eficiencia de las compa\u00f1\u00edas.<\/p>\n<p class=\"\">A\u00f1os antes de la pandemia y cuando el mundo f\u00edsico era dominador absoluto, <a href=\"https:\/\/www.linkedin.com\/in\/orlando-p%C3%A9rez-carreiras-981a57125\/?originalSubdomain=es\" target=\"_blank\" rel=\"noopener\"><span class=\"sqsrte-text-color--black\"><strong>Orlando P\u00e9rez<\/strong><\/span><\/a> fund\u00f3 Ictiva, un gimnasio virtual que ofrec\u00eda clases en directo y contenido en todo el mundo. Fue el 2012 y pocos a\u00f1os despu\u00e9s, fund\u00f3 por \u00abcasualidad\u00bb Well Wo, la plataforma para tener cura del bienestar f\u00edsico y emocional de los trabajadores.<\/p>\n<p class=\"sqsrte-large\"><strong>Fruto de una casualidad<\/strong><\/p>\n<p class=\"\">La creaci\u00f3n de Well Wo no fue consecuencia de un plan estrat\u00e9gico o una idea largamente madurada. Fue completamente fruto de la casualidad, casi un golpe\u00a0de suerte que supieron aprovechar. As\u00ed lo explica Orlando P\u00e9rez: \u00abSe nos acerc\u00f3 una empresa del <strong>sector farmac\u00e9utico<\/strong>, que nos dijo que necesitaba ofrecer a sus trabajadores actividad f\u00edsica, emocional y nutricional\u00bb.<\/p>\n<p class=\"\">Era Novartis y llegaron a Ictiva haciendo una busca a Google . En la primera reuni\u00f3n, la empresa qued\u00f3 satisfecha y quiso contratar los servicios de Ictiva. \u00abNos cambiaron el modelo de negocio, pasamos de vender a consumidores a hacerlo a negocios\u00bb, destaca P\u00e9rez. De repente, tuvieron que crear una nueva plataforma en linea de actividad f\u00edsica para un millar de trabajadores y fue el nacimiento de Well wo, que se acab\u00f3 fundando el 2019.<\/p>\n<p class=\"sqsrte-large\"><strong>Reconocimiento al trabajo<\/strong><\/p>\n<p class=\"\">\u00ab<strong>Novartis<\/strong> lo explic\u00f3 y, a partir de aquel momento, otras empresas farmac\u00e9uticas se pusieron\u00a0en contacto con nosotros y nos empezaron a contratar\u00bb, recuerda el fundador. En aquel momento, la plataforma ofrec\u00eda sobre todo contenido relacionado con la actividad f\u00edsica.<\/p>\n<p class=\"\">Fueron las mismas empresas que planteaban nuevas necesidades para incorporarlas. Contenido sobre pausas activas en el trabajo, personalizaci\u00f3n de la plataforma, la salud emocional o nutrici\u00f3n. Y Well Wo lo fue a\u00f1adiendo todo hasta lograr los seis pilares actuales: salud f\u00edsica, emocional, nutricional, social, financiera y medioambiental.<\/p>\n<p class=\"\">Todo de una manera did\u00e1ctica y amena, con v\u00eddeos instructivos de poca duraci\u00f3n. \u00abHacemos c\u00f3mo <strong>tiktoks <\/strong>de tem\u00e1tica saludable para que\u00a0el usuario pueda seguir rutinas cada d\u00eda\u00bb, simboliza Orlando P\u00e9rez.<\/p>\n<\/div>\n<\/div>\n<\/div>\n<div id=\"block-90be8558de801c851a60\" class=\"sqs-block quote-block sqs-block-quote null\" data-block-type=\"31\" data-border-radii=\"{&quot;topLeft&quot;:{&quot;unit&quot;:&quot;px&quot;,&quot;value&quot;:0.0},&quot;topRight&quot;:{&quot;unit&quot;:&quot;px&quot;,&quot;value&quot;:0.0},&quot;bottomLeft&quot;:{&quot;unit&quot;:&quot;px&quot;,&quot;value&quot;:0.0},&quot;bottomRight&quot;:{&quot;unit&quot;:&quot;px&quot;,&quot;value&quot;:0.0}}\">\n<div class=\"sqs-block-content\">\n<figure class=\"block-animation-site-default animation-loaded\">\n<blockquote data-animation-role=\"quote\"><p>\u201c\u201cLa pandemia nos sirvi\u00f3 de palanca y empezamos a internacionalizarnos\u201d,\u201d<\/blockquote><figcaption class=\"source\">\u2014 Orlando P\u00e9rez &#8211; CEO de Wellwo<\/figcaption><\/figure>\n<\/div>\n<\/div>\n<div id=\"block-b55f5b60aaef80dc6828\" class=\"sqs-block html-block sqs-block-html\" data-block-type=\"2\" data-border-radii=\"{&quot;topLeft&quot;:{&quot;unit&quot;:&quot;px&quot;,&quot;value&quot;:0.0},&quot;topRight&quot;:{&quot;unit&quot;:&quot;px&quot;,&quot;value&quot;:0.0},&quot;bottomLeft&quot;:{&quot;unit&quot;:&quot;px&quot;,&quot;value&quot;:0.0},&quot;bottomRight&quot;:{&quot;unit&quot;:&quot;px&quot;,&quot;value&quot;:0.0}}\">\n<div class=\"sqs-block-content\">\n<div class=\"sqs-html-content\">\n<p class=\"\">Y lleg\u00f3 la Covid , que fue un gran punto de inflexi\u00f3n por la compa\u00f1\u00eda. Las empresas quer\u00edan incrementar sus servicios para garantizar el bienestar de los trabajadores y los nuevos clientes se dispararon. \u00abNos sirvi\u00f3 de palanca y empezamos a internacionalizarnos\u00bb, destaca Orlando P\u00e9rez.<\/p>\n<p class=\"sqsrte-large\"><strong>De Portugal a M\u00e9xico<\/strong><\/p>\n<p class=\"\">A pesar de que la mayor parte de negocio se concentra en\u00a0Espa\u00f1a, Well Wo ya trabaja con empresas de M\u00e9xico,<strong> Estados Unidos, Portugal, Francia o Italia<\/strong>. De hecho, en M\u00e9xico, donde hay una norma que obliga las empresas a tener cura del bienestar de los trabajadores, colaboran con dos grandes grupos con decenas de miles de trabajadores.<\/p>\n<p class=\"\"><strong>Naturgy, PepsiCo, Estrella Galicia<\/strong>, Acesur, Grupo M\u00e9xico o GNP son algunos ejemplos de grandes grupos y multinacionales que utilizan Well wo. A\u00fan as\u00ed, Orlando P\u00e9rez asegura que el servicio va dirigido desde peque\u00f1as empresas\u00a0hasta las m\u00e1s grandes. Pero en los primeros a\u00f1os, las multinacionales se han acercado m\u00e1s.<\/p>\n<\/div>\n<\/div>\n<\/div>\n<div id=\"block-yui_3_17_2_1_1669201475451_12119\" class=\"sqs-block quote-block sqs-block-quote null\" data-block-type=\"31\" data-border-radii=\"{&quot;topLeft&quot;:{&quot;unit&quot;:&quot;px&quot;,&quot;value&quot;:0.0},&quot;topRight&quot;:{&quot;unit&quot;:&quot;px&quot;,&quot;value&quot;:0.0},&quot;bottomLeft&quot;:{&quot;unit&quot;:&quot;px&quot;,&quot;value&quot;:0.0},&quot;bottomRight&quot;:{&quot;unit&quot;:&quot;px&quot;,&quot;value&quot;:0.0}}\">\n<div class=\"sqs-block-content\">\n<figure class=\"block-animation-site-default animation-loaded\">\n<blockquote data-animation-role=\"quote\"><p>\u201cIncluso hay un cargo nuevo que es el director de la felicidad\u201d\u201d<\/blockquote><figcaption class=\"source\">\u2014 Orlando P\u00e9rez &#8211; CEO de Wellwo<\/figcaption><\/figure>\n<\/div>\n<\/div>\n<div id=\"block-54c0ef0bf86303b84857\" class=\"sqs-block horizontalrule-block sqs-block-horizontalrule\" data-block-type=\"47\">\n<div class=\"sqs-block-content\">\n<hr \/>\n<\/div>\n<\/div>\n<div id=\"block-50c334c3a9512b01e846\" class=\"sqs-block html-block sqs-block-html\" data-block-type=\"2\" data-border-radii=\"{&quot;topLeft&quot;:{&quot;unit&quot;:&quot;px&quot;,&quot;value&quot;:0.0},&quot;topRight&quot;:{&quot;unit&quot;:&quot;px&quot;,&quot;value&quot;:0.0},&quot;bottomLeft&quot;:{&quot;unit&quot;:&quot;px&quot;,&quot;value&quot;:0.0},&quot;bottomRight&quot;:{&quot;unit&quot;:&quot;px&quot;,&quot;value&quot;:0.0}}\">\n<div class=\"sqs-block-content\">\n<div class=\"sqs-html-content\">\n<p class=\"\">\u00abQui\u00e9n ha tenido m\u00e1s conciencia son las multinacionales o empresas de gran dimensi\u00f3n, donde tienen departamentos de recursos humanos o bienestar. Incluso hay un cargo nuevo que es el<strong> director de la felicidad<\/strong>\u00ab, asegura.<\/p>\n<p class=\"\">Sobre la importancia de la felicidad de los trabajadores hace referencia al fen\u00f3meno de la gran renuncia en <strong>Estados Unidos<\/strong>, donde mucha gente deja trabajos muy bien remunerados para buscar espacios de m\u00e1s bienestar: \u00abIdentifican que lom\u00e1s importante es la salud emocional y su vida, c\u00f3mo de felices son, m\u00e1s all\u00e1 de una gran n\u00f3mina\u00bb. Y las empresas se est\u00e1n adaptando y est\u00e1n empezando a tener claro que un trabajador feliz es un trabajador m\u00e1s productivo.<\/p>\n<p class=\"\">As\u00ed, Well Wo ya llega a m\u00e1s de cien empresas y decenas de miles de trabajadores cada d\u00eda, acumulando<strong> crecimientos por encima del 100% en los \u00faltimos a\u00f1o<\/strong>s. Y, todo ello, nacido de una situaci\u00f3n de suerte que supieron aprovechar: \u00abA veces pasan y hemos sido afortunados que una farmac\u00e9utica viera nuestra soluci\u00f3n a Google\u00bb.<\/p>\n<p><span class=\"wpex-responsive-media\"><iframe loading=\"lazy\" title=\"Servicios de tu plataforma WellWo\" width=\"980\" height=\"551\" src=\"https:\/\/www.youtube.com\/embed\/d2Mu3LrfvyQ?feature=oembed\"  allow=\"accelerometer; autoplay; clipboard-write; encrypted-media; gyroscope; picture-in-picture; web-share\" allowfullscreen><\/iframe><\/span><\/p>\n<p>V\u00eddeo corporativo de Wellwo<\/p>\n<\/div>\n<\/div>\n<\/div>\n","protected":false},"excerpt":{"rendered":"<p>Well Wo, que naci\u00f3 c\u00f3mo una casualidad, llega a decenas de miles de trabajadores en todo el mundo. Art\u00edculo extr\u00e1ido de Viaempresa.cat y creado por Bernat Bella Barcelona. 7 de noviembre de 2022. Un trabajador feliz es un trabajador productivo, dicen. Esta es la premisa de Well Wo, una plataforma en linea que busca mejorar&hellip;<\/p>\n","protected":false},"author":1,"featured_media":7541,"comment_status":"open","ping_status":"closed","sticky":false,"template":"","format":"standard","meta":{"_uag_custom_page_level_css":"","footnotes":""},"categories":[343],"tags":[],"post_series":[],"yoast_head":"<!-- This site is optimized with the Yoast SEO plugin v22.5 - https:\/\/yoast.com\/wordpress\/plugins\/seo\/ -->\n<title>Well Wo, la plataforma catalana para crear trabajadores felices - Felicicat<\/title>\n<meta name=\"robots\" content=\"index, follow, max-snippet:-1, max-image-preview:large, max-video-preview:-1\" \/>\n<link rel=\"canonical\" href=\"https:\/\/www.felicicat.cat\/es\/well-wo-la-plataforma-catalana-para-crear-trabajadores-felices\/\" \/>\n<meta property=\"og:locale\" content=\"es_ES\" \/>\n<meta property=\"og:type\" content=\"article\" \/>\n<meta property=\"og:title\" content=\"Well Wo, la plataforma catalana para crear trabajadores felices - Felicicat\" \/>\n<meta property=\"og:description\" content=\"Well Wo, que naci\u00f3 c\u00f3mo una casualidad, llega a decenas de miles de trabajadores en todo el mundo. Art\u00edculo extr\u00e1ido de Viaempresa.cat y creado por Bernat Bella Barcelona. 7 de noviembre de 2022. Un trabajador feliz es un trabajador productivo, dicen. Esta es la premisa de Well Wo, una plataforma en linea que busca mejorar&hellip;\" \/>\n<meta property=\"og:url\" content=\"https:\/\/www.felicicat.cat\/es\/well-wo-la-plataforma-catalana-para-crear-trabajadores-felices\/\" \/>\n<meta property=\"og:site_name\" content=\"Felicicat\" \/>\n<meta property=\"article:published_time\" content=\"2022-11-23T11:39:25+00:00\" \/>\n<meta property=\"article:modified_time\" content=\"2024-04-13T04:43:27+00:00\" \/>\n<meta property=\"og:image\" content=\"https:\/\/www.felicicat.cat\/wp-content\/uploads\/2024\/02\/well-wo-benestar-laboral_11_640x380.jpeg\" \/>\n\t<meta property=\"og:image:width\" content=\"640\" \/>\n\t<meta property=\"og:image:height\" content=\"380\" \/>\n\t<meta property=\"og:image:type\" content=\"image\/jpeg\" \/>\n<meta name=\"author\" content=\"admin\" \/>\n<meta name=\"twitter:card\" content=\"summary_large_image\" \/>\n<meta name=\"twitter:label1\" content=\"Escrito por\" \/>\n\t<meta name=\"twitter:data1\" content=\"admin\" \/>\n\t<meta name=\"twitter:label2\" content=\"Tiempo de lectura\" \/>\n\t<meta name=\"twitter:data2\" content=\"5 minutos\" \/>\n<script type=\"application\/ld+json\" class=\"yoast-schema-graph\">{\"@context\":\"https:\/\/schema.org\",\"@graph\":[{\"@type\":\"Article\",\"@id\":\"https:\/\/www.felicicat.cat\/es\/well-wo-la-plataforma-catalana-para-crear-trabajadores-felices\/#article\",\"isPartOf\":{\"@id\":\"https:\/\/www.felicicat.cat\/es\/well-wo-la-plataforma-catalana-para-crear-trabajadores-felices\/\"},\"author\":{\"name\":\"admin\",\"@id\":\"https:\/\/www.felicicat.cat\/#\/schema\/person\/b86d2cd5d0c959c4124f705bdab5b73b\"},\"headline\":\"Well Wo, la plataforma catalana para crear trabajadores felices\",\"datePublished\":\"2022-11-23T11:39:25+00:00\",\"dateModified\":\"2024-04-13T04:43:27+00:00\",\"mainEntityOfPage\":{\"@id\":\"https:\/\/www.felicicat.cat\/es\/well-wo-la-plataforma-catalana-para-crear-trabajadores-felices\/\"},\"wordCount\":870,\"commentCount\":0,\"publisher\":{\"@id\":\"https:\/\/www.felicicat.cat\/#organization\"},\"image\":{\"@id\":\"https:\/\/www.felicicat.cat\/es\/well-wo-la-plataforma-catalana-para-crear-trabajadores-felices\/#primaryimage\"},\"thumbnailUrl\":\"https:\/\/www.felicicat.cat\/wp-content\/uploads\/2024\/02\/well-wo-benestar-laboral_11_640x380.jpeg\",\"articleSection\":[\"Empresa y bienestar\"],\"inLanguage\":\"es\",\"potentialAction\":[{\"@type\":\"CommentAction\",\"name\":\"Comment\",\"target\":[\"https:\/\/www.felicicat.cat\/es\/well-wo-la-plataforma-catalana-para-crear-trabajadores-felices\/#respond\"]}]},{\"@type\":\"WebPage\",\"@id\":\"https:\/\/www.felicicat.cat\/es\/well-wo-la-plataforma-catalana-para-crear-trabajadores-felices\/\",\"url\":\"https:\/\/www.felicicat.cat\/es\/well-wo-la-plataforma-catalana-para-crear-trabajadores-felices\/\",\"name\":\"Well Wo, la plataforma catalana para crear trabajadores felices - Felicicat\",\"isPartOf\":{\"@id\":\"https:\/\/www.felicicat.cat\/#website\"},\"primaryImageOfPage\":{\"@id\":\"https:\/\/www.felicicat.cat\/es\/well-wo-la-plataforma-catalana-para-crear-trabajadores-felices\/#primaryimage\"},\"image\":{\"@id\":\"https:\/\/www.felicicat.cat\/es\/well-wo-la-plataforma-catalana-para-crear-trabajadores-felices\/#primaryimage\"},\"thumbnailUrl\":\"https:\/\/www.felicicat.cat\/wp-content\/uploads\/2024\/02\/well-wo-benestar-laboral_11_640x380.jpeg\",\"datePublished\":\"2022-11-23T11:39:25+00:00\",\"dateModified\":\"2024-04-13T04:43:27+00:00\",\"breadcrumb\":{\"@id\":\"https:\/\/www.felicicat.cat\/es\/well-wo-la-plataforma-catalana-para-crear-trabajadores-felices\/#breadcrumb\"},\"inLanguage\":\"es\",\"potentialAction\":[{\"@type\":\"ReadAction\",\"target\":[\"https:\/\/www.felicicat.cat\/es\/well-wo-la-plataforma-catalana-para-crear-trabajadores-felices\/\"]}]},{\"@type\":\"ImageObject\",\"inLanguage\":\"es\",\"@id\":\"https:\/\/www.felicicat.cat\/es\/well-wo-la-plataforma-catalana-para-crear-trabajadores-felices\/#primaryimage\",\"url\":\"https:\/\/www.felicicat.cat\/wp-content\/uploads\/2024\/02\/well-wo-benestar-laboral_11_640x380.jpeg\",\"contentUrl\":\"https:\/\/www.felicicat.cat\/wp-content\/uploads\/2024\/02\/well-wo-benestar-laboral_11_640x380.jpeg\",\"width\":640,\"height\":380},{\"@type\":\"BreadcrumbList\",\"@id\":\"https:\/\/www.felicicat.cat\/es\/well-wo-la-plataforma-catalana-para-crear-trabajadores-felices\/#breadcrumb\",\"itemListElement\":[{\"@type\":\"ListItem\",\"position\":1,\"name\":\"Home\",\"item\":\"https:\/\/www.felicicat.cat\/es\/\"},{\"@type\":\"ListItem\",\"position\":2,\"name\":\"Well Wo, la plataforma catalana para crear trabajadores&hellip;\"}]},{\"@type\":\"WebSite\",\"@id\":\"https:\/\/www.felicicat.cat\/#website\",\"url\":\"https:\/\/www.felicicat.cat\/\",\"name\":\"Felicicat\",\"description\":\"Institut Catal\u00e0 de la felicitat\",\"publisher\":{\"@id\":\"https:\/\/www.felicicat.cat\/#organization\"},\"potentialAction\":[{\"@type\":\"SearchAction\",\"target\":{\"@type\":\"EntryPoint\",\"urlTemplate\":\"https:\/\/www.felicicat.cat\/?s={search_term_string}\"},\"query-input\":\"required name=search_term_string\"}],\"inLanguage\":\"es\"},{\"@type\":\"Organization\",\"@id\":\"https:\/\/www.felicicat.cat\/#organization\",\"name\":\"Felicicat\",\"url\":\"https:\/\/www.felicicat.cat\/\",\"logo\":{\"@type\":\"ImageObject\",\"inLanguage\":\"es\",\"@id\":\"https:\/\/www.felicicat.cat\/#\/schema\/logo\/image\/\",\"url\":\"https:\/\/www.felicicat.cat\/wp-content\/uploads\/2023\/11\/4_proveslogotipsfelicicatFINAL_Mesadetrabajo1.png\",\"contentUrl\":\"https:\/\/www.felicicat.cat\/wp-content\/uploads\/2023\/11\/4_proveslogotipsfelicicatFINAL_Mesadetrabajo1.png\",\"width\":1500,\"height\":195,\"caption\":\"Felicicat\"},\"image\":{\"@id\":\"https:\/\/www.felicicat.cat\/#\/schema\/logo\/image\/\"}},{\"@type\":\"Person\",\"@id\":\"https:\/\/www.felicicat.cat\/#\/schema\/person\/b86d2cd5d0c959c4124f705bdab5b73b\",\"name\":\"admin\",\"image\":{\"@type\":\"ImageObject\",\"inLanguage\":\"es\",\"@id\":\"https:\/\/www.felicicat.cat\/#\/schema\/person\/image\/\",\"url\":\"https:\/\/secure.gravatar.com\/avatar\/d44c1b493c211a5b76522ef4dfbc28f8?s=96&d=mm&r=g\",\"contentUrl\":\"https:\/\/secure.gravatar.com\/avatar\/d44c1b493c211a5b76522ef4dfbc28f8?s=96&d=mm&r=g\",\"caption\":\"admin\"},\"url\":\"https:\/\/www.felicicat.cat\/es\/author\/admin2\/\"}]}<\/script>\n<!-- \/ Yoast SEO plugin. -->","yoast_head_json":{"title":"Well Wo, la plataforma catalana para crear trabajadores felices - Felicicat","robots":{"index":"index","follow":"follow","max-snippet":"max-snippet:-1","max-image-preview":"max-image-preview:large","max-video-preview":"max-video-preview:-1"},"canonical":"https:\/\/www.felicicat.cat\/es\/well-wo-la-plataforma-catalana-para-crear-trabajadores-felices\/","og_locale":"es_ES","og_type":"article","og_title":"Well Wo, la plataforma catalana para crear trabajadores felices - Felicicat","og_description":"Well Wo, que naci\u00f3 c\u00f3mo una casualidad, llega a decenas de miles de trabajadores en todo el mundo. Art\u00edculo extr\u00e1ido de Viaempresa.cat y creado por Bernat Bella Barcelona. 7 de noviembre de 2022. Un trabajador feliz es un trabajador productivo, dicen. Esta es la premisa de Well Wo, una plataforma en linea que busca mejorar&hellip;","og_url":"https:\/\/www.felicicat.cat\/es\/well-wo-la-plataforma-catalana-para-crear-trabajadores-felices\/","og_site_name":"Felicicat","article_published_time":"2022-11-23T11:39:25+00:00","article_modified_time":"2024-04-13T04:43:27+00:00","og_image":[{"width":640,"height":380,"url":"https:\/\/www.felicicat.cat\/wp-content\/uploads\/2024\/02\/well-wo-benestar-laboral_11_640x380.jpeg","type":"image\/jpeg"}],"author":"admin","twitter_card":"summary_large_image","twitter_misc":{"Escrito por":"admin","Tiempo de lectura":"5 minutos"},"schema":{"@context":"https:\/\/schema.org","@graph":[{"@type":"Article","@id":"https:\/\/www.felicicat.cat\/es\/well-wo-la-plataforma-catalana-para-crear-trabajadores-felices\/#article","isPartOf":{"@id":"https:\/\/www.felicicat.cat\/es\/well-wo-la-plataforma-catalana-para-crear-trabajadores-felices\/"},"author":{"name":"admin","@id":"https:\/\/www.felicicat.cat\/#\/schema\/person\/b86d2cd5d0c959c4124f705bdab5b73b"},"headline":"Well Wo, la plataforma catalana para crear trabajadores felices","datePublished":"2022-11-23T11:39:25+00:00","dateModified":"2024-04-13T04:43:27+00:00","mainEntityOfPage":{"@id":"https:\/\/www.felicicat.cat\/es\/well-wo-la-plataforma-catalana-para-crear-trabajadores-felices\/"},"wordCount":870,"commentCount":0,"publisher":{"@id":"https:\/\/www.felicicat.cat\/#organization"},"image":{"@id":"https:\/\/www.felicicat.cat\/es\/well-wo-la-plataforma-catalana-para-crear-trabajadores-felices\/#primaryimage"},"thumbnailUrl":"https:\/\/www.felicicat.cat\/wp-content\/uploads\/2024\/02\/well-wo-benestar-laboral_11_640x380.jpeg","articleSection":["Empresa y bienestar"],"inLanguage":"es","potentialAction":[{"@type":"CommentAction","name":"Comment","target":["https:\/\/www.felicicat.cat\/es\/well-wo-la-plataforma-catalana-para-crear-trabajadores-felices\/#respond"]}]},{"@type":"WebPage","@id":"https:\/\/www.felicicat.cat\/es\/well-wo-la-plataforma-catalana-para-crear-trabajadores-felices\/","url":"https:\/\/www.felicicat.cat\/es\/well-wo-la-plataforma-catalana-para-crear-trabajadores-felices\/","name":"Well Wo, la plataforma catalana para crear trabajadores felices - Felicicat","isPartOf":{"@id":"https:\/\/www.felicicat.cat\/#website"},"primaryImageOfPage":{"@id":"https:\/\/www.felicicat.cat\/es\/well-wo-la-plataforma-catalana-para-crear-trabajadores-felices\/#primaryimage"},"image":{"@id":"https:\/\/www.felicicat.cat\/es\/well-wo-la-plataforma-catalana-para-crear-trabajadores-felices\/#primaryimage"},"thumbnailUrl":"https:\/\/www.felicicat.cat\/wp-content\/uploads\/2024\/02\/well-wo-benestar-laboral_11_640x380.jpeg","datePublished":"2022-11-23T11:39:25+00:00","dateModified":"2024-04-13T04:43:27+00:00","breadcrumb":{"@id":"https:\/\/www.felicicat.cat\/es\/well-wo-la-plataforma-catalana-para-crear-trabajadores-felices\/#breadcrumb"},"inLanguage":"es","potentialAction":[{"@type":"ReadAction","target":["https:\/\/www.felicicat.cat\/es\/well-wo-la-plataforma-catalana-para-crear-trabajadores-felices\/"]}]},{"@type":"ImageObject","inLanguage":"es","@id":"https:\/\/www.felicicat.cat\/es\/well-wo-la-plataforma-catalana-para-crear-trabajadores-felices\/#primaryimage","url":"https:\/\/www.felicicat.cat\/wp-content\/uploads\/2024\/02\/well-wo-benestar-laboral_11_640x380.jpeg","contentUrl":"https:\/\/www.felicicat.cat\/wp-content\/uploads\/2024\/02\/well-wo-benestar-laboral_11_640x380.jpeg","width":640,"height":380},{"@type":"BreadcrumbList","@id":"https:\/\/www.felicicat.cat\/es\/well-wo-la-plataforma-catalana-para-crear-trabajadores-felices\/#breadcrumb","itemListElement":[{"@type":"ListItem","position":1,"name":"Home","item":"https:\/\/www.felicicat.cat\/es\/"},{"@type":"ListItem","position":2,"name":"Well Wo, la plataforma catalana para crear trabajadores&hellip;"}]},{"@type":"WebSite","@id":"https:\/\/www.felicicat.cat\/#website","url":"https:\/\/www.felicicat.cat\/","name":"Felicicat","description":"Institut Catal\u00e0 de la felicitat","publisher":{"@id":"https:\/\/www.felicicat.cat\/#organization"},"potentialAction":[{"@type":"SearchAction","target":{"@type":"EntryPoint","urlTemplate":"https:\/\/www.felicicat.cat\/?s={search_term_string}"},"query-input":"required name=search_term_string"}],"inLanguage":"es"},{"@type":"Organization","@id":"https:\/\/www.felicicat.cat\/#organization","name":"Felicicat","url":"https:\/\/www.felicicat.cat\/","logo":{"@type":"ImageObject","inLanguage":"es","@id":"https:\/\/www.felicicat.cat\/#\/schema\/logo\/image\/","url":"https:\/\/www.felicicat.cat\/wp-content\/uploads\/2023\/11\/4_proveslogotipsfelicicatFINAL_Mesadetrabajo1.png","contentUrl":"https:\/\/www.felicicat.cat\/wp-content\/uploads\/2023\/11\/4_proveslogotipsfelicicatFINAL_Mesadetrabajo1.png","width":1500,"height":195,"caption":"Felicicat"},"image":{"@id":"https:\/\/www.felicicat.cat\/#\/schema\/logo\/image\/"}},{"@type":"Person","@id":"https:\/\/www.felicicat.cat\/#\/schema\/person\/b86d2cd5d0c959c4124f705bdab5b73b","name":"admin","image":{"@type":"ImageObject","inLanguage":"es","@id":"https:\/\/www.felicicat.cat\/#\/schema\/person\/image\/","url":"https:\/\/secure.gravatar.com\/avatar\/d44c1b493c211a5b76522ef4dfbc28f8?s=96&d=mm&r=g","contentUrl":"https:\/\/secure.gravatar.com\/avatar\/d44c1b493c211a5b76522ef4dfbc28f8?s=96&d=mm&r=g","caption":"admin"},"url":"https:\/\/www.felicicat.cat\/es\/author\/admin2\/"}]}},"uagb_featured_image_src":{"full":["https:\/\/www.felicicat.cat\/wp-content\/uploads\/2024\/02\/well-wo-benestar-laboral_11_640x380.jpeg",640,380,false],"thumbnail":["https:\/\/www.felicicat.cat\/wp-content\/uploads\/2024\/02\/well-wo-benestar-laboral_11_640x380-150x150.jpeg",150,150,true],"medium":["https:\/\/www.felicicat.cat\/wp-content\/uploads\/2024\/02\/well-wo-benestar-laboral_11_640x380-300x178.jpeg",300,178,true],"medium_large":["https:\/\/www.felicicat.cat\/wp-content\/uploads\/2024\/02\/well-wo-benestar-laboral_11_640x380.jpeg",640,380,false],"large":["https:\/\/www.felicicat.cat\/wp-content\/uploads\/2024\/02\/well-wo-benestar-laboral_11_640x380.jpeg",640,380,false],"1536x1536":["https:\/\/www.felicicat.cat\/wp-content\/uploads\/2024\/02\/well-wo-benestar-laboral_11_640x380.jpeg",640,380,false],"2048x2048":["https:\/\/www.felicicat.cat\/wp-content\/uploads\/2024\/02\/well-wo-benestar-laboral_11_640x380.jpeg",640,380,false],"woocommerce_thumbnail":["https:\/\/www.felicicat.cat\/wp-content\/uploads\/2024\/02\/well-wo-benestar-laboral_11_640x380-center-top-60x60.jpeg",60,60,true],"woocommerce_single":["https:\/\/www.felicicat.cat\/wp-content\/uploads\/2024\/02\/well-wo-benestar-laboral_11_640x380.jpeg",640,380,false],"woocommerce_gallery_thumbnail":["https:\/\/www.felicicat.cat\/wp-content\/uploads\/2024\/02\/well-wo-benestar-laboral_11_640x380-100x100.jpeg",100,100,true],"lightbox":["https:\/\/www.felicicat.cat\/wp-content\/uploads\/2024\/02\/well-wo-benestar-laboral_11_640x380.jpeg",640,380,false],"search_results":["https:\/\/www.felicicat.cat\/wp-content\/uploads\/2024\/02\/well-wo-benestar-laboral_11_640x380-125x125.jpeg",125,125,true],"blog_entry":["https:\/\/www.felicicat.cat\/wp-content\/uploads\/2024\/02\/well-wo-benestar-laboral_11_640x380.jpeg",640,380,false],"blog_post":["https:\/\/www.felicicat.cat\/wp-content\/uploads\/2024\/02\/well-wo-benestar-laboral_11_640x380.jpeg",640,380,false],"blog_post_full":["https:\/\/www.felicicat.cat\/wp-content\/uploads\/2024\/02\/well-wo-benestar-laboral_11_640x380.jpeg",640,380,false],"blog_related":["https:\/\/www.felicicat.cat\/wp-content\/uploads\/2024\/02\/well-wo-benestar-laboral_11_640x380.jpeg",640,380,false],"portfolio_entry":["https:\/\/www.felicicat.cat\/wp-content\/uploads\/2024\/02\/well-wo-benestar-laboral_11_640x380.jpeg",500,297,false],"portfolio_post":["https:\/\/www.felicicat.cat\/wp-content\/uploads\/2024\/02\/well-wo-benestar-laboral_11_640x380.jpeg",640,380,false],"portfolio_related":["https:\/\/www.felicicat.cat\/wp-content\/uploads\/2024\/02\/well-wo-benestar-laboral_11_640x380.jpeg",500,297,false],"staff_entry":["https:\/\/www.felicicat.cat\/wp-content\/uploads\/2024\/02\/well-wo-benestar-laboral_11_640x380.jpeg",500,297,false],"staff_post":["https:\/\/www.felicicat.cat\/wp-content\/uploads\/2024\/02\/well-wo-benestar-laboral_11_640x380.jpeg",640,380,false],"staff_related":["https:\/\/www.felicicat.cat\/wp-content\/uploads\/2024\/02\/well-wo-benestar-laboral_11_640x380.jpeg",500,297,false],"testimonials_entry":["https:\/\/www.felicicat.cat\/wp-content\/uploads\/2024\/02\/well-wo-benestar-laboral_11_640x380.jpeg",45,27,false],"shop_catalog":["https:\/\/www.felicicat.cat\/wp-content\/uploads\/2024\/02\/well-wo-benestar-laboral_11_640x380-350x208.jpeg",350,208,true],"shop_single":["https:\/\/www.felicicat.cat\/wp-content\/uploads\/2024\/02\/well-wo-benestar-laboral_11_640x380.jpeg",640,380,false],"shop_single_thumbnail":["https:\/\/www.felicicat.cat\/wp-content\/uploads\/2024\/02\/well-wo-benestar-laboral_11_640x380-140x140.jpeg",140,140,true],"shop_category":["https:\/\/www.felicicat.cat\/wp-content\/uploads\/2024\/02\/well-wo-benestar-laboral_11_640x380.jpeg",640,380,false],"shop_thumbnail_cart":["https:\/\/www.felicicat.cat\/wp-content\/uploads\/2024\/02\/well-wo-benestar-laboral_11_640x380-center-top-60x60.jpeg",60,60,true],"gallery":["https:\/\/www.felicicat.cat\/wp-content\/uploads\/2024\/02\/well-wo-benestar-laboral_11_640x380.jpeg",500,297,false]},"uagb_author_info":{"display_name":"admin","author_link":"https:\/\/www.felicicat.cat\/es\/author\/admin2\/"},"uagb_comment_info":0,"uagb_excerpt":"Well Wo, que naci\u00f3 c\u00f3mo una casualidad, llega a decenas de miles de trabajadores en todo el mundo. Art\u00edculo extr\u00e1ido de Viaempresa.cat y creado por Bernat Bella Barcelona. 7 de noviembre de 2022. Un trabajador feliz es un trabajador productivo, dicen. Esta es la premisa de Well Wo, una plataforma en linea que busca mejorar&hellip;","_links":{"self":[{"href":"https:\/\/www.felicicat.cat\/es\/wp-json\/wp\/v2\/posts\/7540"}],"collection":[{"href":"https:\/\/www.felicicat.cat\/es\/wp-json\/wp\/v2\/posts"}],"about":[{"href":"https:\/\/www.felicicat.cat\/es\/wp-json\/wp\/v2\/types\/post"}],"author":[{"embeddable":true,"href":"https:\/\/www.felicicat.cat\/es\/wp-json\/wp\/v2\/users\/1"}],"replies":[{"embeddable":true,"href":"https:\/\/www.felicicat.cat\/es\/wp-json\/wp\/v2\/comments?post=7540"}],"version-history":[{"count":1,"href":"https:\/\/www.felicicat.cat\/es\/wp-json\/wp\/v2\/posts\/7540\/revisions"}],"predecessor-version":[{"id":7543,"href":"https:\/\/www.felicicat.cat\/es\/wp-json\/wp\/v2\/posts\/7540\/revisions\/7543"}],"wp:featuredmedia":[{"embeddable":true,"href":"https:\/\/www.felicicat.cat\/es\/wp-json\/wp\/v2\/media\/7541"}],"wp:attachment":[{"href":"https:\/\/www.felicicat.cat\/es\/wp-json\/wp\/v2\/media?parent=7540"}],"wp:term":[{"taxonomy":"category","embeddable":true,"href":"https:\/\/www.felicicat.cat\/es\/wp-json\/wp\/v2\/categories?post=7540"},{"taxonomy":"post_tag","embeddable":true,"href":"https:\/\/www.felicicat.cat\/es\/wp-json\/wp\/v2\/tags?post=7540"},{"taxonomy":"post_series","embeddable":true,"href":"https:\/\/www.felicicat.cat\/es\/wp-json\/wp\/v2\/post_series?post=7540"}],"curies":[{"name":"wp","href":"https:\/\/api.w.org\/{rel}","templated":true}]}}