{"id":7509,"date":"2022-06-22T11:06:10","date_gmt":"2022-06-22T11:06:10","guid":{"rendered":"https:\/\/www.felicicat.cat\/?p=7509"},"modified":"2024-04-13T04:44:16","modified_gmt":"2024-04-13T04:44:16","slug":"bayer-inaugura-lifehub-un-espacio-de-innovacion-de-salud-digital-y-transformacion-agricola","status":"publish","type":"post","link":"https:\/\/www.felicicat.cat\/es\/bayer-inaugura-lifehub-un-espacio-de-innovacion-de-salud-digital-y-transformacion-agricola\/","title":{"rendered":"Bayer inaugura LifeHub, un espacio de innovaci\u00f3n de salud digital y transformaci\u00f3n agr\u00edcola"},"content":{"rendered":"<div id=\"block-b664adf287e32c13e332\" class=\"sqs-block html-block sqs-block-html\" data-block-type=\"2\" data-border-radii=\"{&quot;topLeft&quot;:{&quot;unit&quot;:&quot;px&quot;,&quot;value&quot;:0.0},&quot;topRight&quot;:{&quot;unit&quot;:&quot;px&quot;,&quot;value&quot;:0.0},&quot;bottomLeft&quot;:{&quot;unit&quot;:&quot;px&quot;,&quot;value&quot;:0.0},&quot;bottomRight&quot;:{&quot;unit&quot;:&quot;px&quot;,&quot;value&quot;:0.0}}\">\n<div class=\"sqs-block-content\">\n<div class=\"sqs-html-content\">\n<h4>El hub quiere ser un punto de encuentro para empleados, empresas emergentes y centros de investigaci\u00f3n y de innovaci\u00f3n<\/h4>\n<\/div>\n<\/div>\n<\/div>\n<div id=\"block-yui_3_17_2_1_1661170422268_5187\" class=\"sqs-block html-block sqs-block-html\" data-block-type=\"2\" data-border-radii=\"{&quot;topLeft&quot;:{&quot;unit&quot;:&quot;px&quot;,&quot;value&quot;:0.0},&quot;topRight&quot;:{&quot;unit&quot;:&quot;px&quot;,&quot;value&quot;:0.0},&quot;bottomLeft&quot;:{&quot;unit&quot;:&quot;px&quot;,&quot;value&quot;:0.0},&quot;bottomRight&quot;:{&quot;unit&quot;:&quot;px&quot;,&quot;value&quot;:0.0}}\">\n<div class=\"sqs-block-content\">\n<div class=\"sqs-html-content\">\n<p class=\"\">Art\u00edculo extra\u00eddo de <a href=\"https:\/\/www.viaempresa.cat\/\" target=\"_blank\" rel=\"noopener\"><span class=\"sqsrte-text-color--black\"><strong>Viaempresa.cat<\/strong><\/span><\/a> y creado por su redacci\u00f3n.<\/p>\n<\/div>\n<\/div>\n<\/div>\n<div id=\"block-yui_3_17_2_1_1661170422268_5284\" class=\"sqs-block html-block sqs-block-html\" data-block-type=\"2\" data-border-radii=\"{&quot;topLeft&quot;:{&quot;unit&quot;:&quot;px&quot;,&quot;value&quot;:0.0},&quot;topRight&quot;:{&quot;unit&quot;:&quot;px&quot;,&quot;value&quot;:0.0},&quot;bottomLeft&quot;:{&quot;unit&quot;:&quot;px&quot;,&quot;value&quot;:0.0},&quot;bottomRight&quot;:{&quot;unit&quot;:&quot;px&quot;,&quot;value&quot;:0.0}}\">\n<div class=\"sqs-block-content\">\n<div class=\"sqs-html-content\">\n<p class=\"\">Bayer apuesta por la innovaci\u00f3n abierta e inaugura <strong>LifeHub Barcelona <\/strong>(LHB), un espacio ubicado en las oficinas centrales de<a href=\"https:\/\/www.bayer.com\/es\/es\/espana-home\" target=\"_blank\" rel=\"noopener\"><span class=\"sqsrte-text-color--black\">\u00a0<strong>Bayer\u00a0<\/strong><\/span><\/a>en Iberia, en Sant Joan Desp\u00ed, desde d\u00f3nde quiere poner en com\u00fan el conocimiento y pensamiento innovador, para impulsar y acelerar proyectos innovadores en salud y alimentaci\u00f3n. La multinacional quiere que el <em>hub <\/em>sea un punto de encuentro para empleados, empresas emergentes, universidades, instituciones tecnol\u00f3gicas y centros de innovaci\u00f3n e investigaci\u00f3n, con el objetivo de impulsar el crecimiento, el aprendizaje y la evoluci\u00f3n conjunta. La misma inauguraci\u00f3n, de hecho, ya ha servido para representar esta ambici\u00f3n y ha contado con la presencia de destacados miembros del ecosistema local de innovaci\u00f3n como BCN Health Hub, el programa The Collider de la MWCapital o la Universitat Polit\u00e8cnica de Catalunya.<\/p>\n<p class=\"\">\u00abCon LifeHub estamos abriendo las puertas de nuestra casa y aportando nuestro conocimiento, recursos y experiencia de m\u00e1s de 120 a\u00f1os en el pa\u00eds\u00bb, ha se\u00f1alado <strong>Bernardo Kanahuati<\/strong>, consejero delegado de Bayer en\u00a0Espa\u00f1a y Portugal. La compa\u00f1\u00eda ha destinado, concretamente, 600 metros cuadrados a este proyecto, desde donde trabajar\u00e1 tres principales \u00e1reas: el impulso de la cultura de la innovaci\u00f3n dentro de la organizaci\u00f3n, la conexi\u00f3n con entidades del ecosistema local de innovaci\u00f3n y la promoci\u00f3n del emprendimiento a trav\u00e9s de la identificaci\u00f3n, el apoyo y el desarrollo de startups y emprendedores locales.<\/p>\n<p class=\"\">En la presentaci\u00f3n del <em>hub<\/em>, la compa\u00f1\u00eda destaca la posici\u00f3n de Barcelona como <a title=\"Quines startups tenen m\u00e9s capacitat d'atreure inversions?\" href=\"https:\/\/www.viaempresa.cat\/es\/empresa\/startups-capacidad-atraer-inversiones_2169208_102.html\" target=\"_self\" rel=\"noopener\"><span class=\"sqsrte-text-color--black\">referente internacional en innovaci\u00f3n<\/span><\/a>, con m\u00e1s de 1.900 startups y con un crecimiento exponencial de empresas emergentes dedicadas al sector del <em>digital health<\/em>. En este contexto, el proyecto de LifeHub BCN permitir\u00e1 operar como una red de mejora y conexi\u00f3n con otros centros de innovaci\u00f3n de Bayer en el cl\u00faster mediterr\u00e1neo, como los de Sevilla y Almer\u00eda<\/p>\n<\/div>\n<\/div>\n<\/div>\n<div id=\"block-yui_3_17_2_1_1661170364603_3536\" class=\"sqs-block horizontalrule-block sqs-block-horizontalrule\" data-block-type=\"47\">\n<div class=\"sqs-block-content\">\n<hr \/>\n<\/div>\n<\/div>\n<div id=\"block-yui_3_17_2_1_1661170422268_4727\" class=\"sqs-block html-block sqs-block-html\" data-block-type=\"2\" data-border-radii=\"{&quot;topLeft&quot;:{&quot;unit&quot;:&quot;px&quot;,&quot;value&quot;:0.0},&quot;topRight&quot;:{&quot;unit&quot;:&quot;px&quot;,&quot;value&quot;:0.0},&quot;bottomLeft&quot;:{&quot;unit&quot;:&quot;px&quot;,&quot;value&quot;:0.0},&quot;bottomRight&quot;:{&quot;unit&quot;:&quot;px&quot;,&quot;value&quot;:0.0}}\">\n<div class=\"sqs-block-content\">\n<div class=\"sqs-html-content\">\n<p class=\"\">A continuaci\u00f3n, y para completar este fant\u00e1stico art\u00edculo de los compa\u00f1eros de Via Empresa, desde feliciCat queremos a\u00f1adir el v\u00eddeo que Europa Press del LifeHub de Bayer.<\/p>\n<p><span class=\"wpex-responsive-media\"><iframe loading=\"lazy\" title=\"El espacio de innovaci\u00f3n LifeHub de Bayer abre sus puertas en Barcelona\" width=\"980\" height=\"551\" src=\"https:\/\/www.youtube.com\/embed\/gbEekFN5tAU?feature=oembed\"  allow=\"accelerometer; autoplay; clipboard-write; encrypted-media; gyroscope; picture-in-picture; web-share\" allowfullscreen><\/iframe><\/span><\/p>\n<p>El espacio de innovaci\u00f3n LifeHub de Bayer abre sus puertas en Barcelona.<\/p>\n<\/div>\n<\/div>\n<\/div>\n","protected":false},"excerpt":{"rendered":"<p>El hub quiere ser un punto de encuentro para empleados, empresas emergentes y centros de investigaci\u00f3n y de innovaci\u00f3n Art\u00edculo extra\u00eddo de Viaempresa.cat y creado por su redacci\u00f3n. Bayer apuesta por la innovaci\u00f3n abierta e inaugura LifeHub Barcelona (LHB), un espacio ubicado en las oficinas centrales de\u00a0Bayer\u00a0en Iberia, en Sant Joan Desp\u00ed, desde d\u00f3nde quiere&hellip;<\/p>\n","protected":false},"author":1,"featured_media":7510,"comment_status":"open","ping_status":"closed","sticky":false,"template":"","format":"standard","meta":{"_uag_custom_page_level_css":"","footnotes":""},"categories":[343],"tags":[],"post_series":[],"yoast_head":"<!-- This site is optimized with the Yoast SEO plugin v22.5 - https:\/\/yoast.com\/wordpress\/plugins\/seo\/ -->\n<title>Bayer inaugura LifeHub, un espacio de innovaci\u00f3n de salud digital y transformaci\u00f3n agr\u00edcola - Felicicat<\/title>\n<meta name=\"robots\" content=\"index, follow, max-snippet:-1, max-image-preview:large, max-video-preview:-1\" \/>\n<link rel=\"canonical\" href=\"https:\/\/www.felicicat.cat\/es\/bayer-inaugura-lifehub-un-espacio-de-innovacion-de-salud-digital-y-transformacion-agricola\/\" \/>\n<meta property=\"og:locale\" content=\"es_ES\" \/>\n<meta property=\"og:type\" content=\"article\" \/>\n<meta property=\"og:title\" content=\"Bayer inaugura LifeHub, un espacio de innovaci\u00f3n de salud digital y transformaci\u00f3n agr\u00edcola - Felicicat\" \/>\n<meta property=\"og:description\" content=\"El hub quiere ser un punto de encuentro para empleados, empresas emergentes y centros de investigaci\u00f3n y de innovaci\u00f3n Art\u00edculo extra\u00eddo de Viaempresa.cat y creado por su redacci\u00f3n. Bayer apuesta por la innovaci\u00f3n abierta e inaugura LifeHub Barcelona (LHB), un espacio ubicado en las oficinas centrales de\u00a0Bayer\u00a0en Iberia, en Sant Joan Desp\u00ed, desde d\u00f3nde quiere&hellip;\" \/>\n<meta property=\"og:url\" content=\"https:\/\/www.felicicat.cat\/es\/bayer-inaugura-lifehub-un-espacio-de-innovacion-de-salud-digital-y-transformacion-agricola\/\" \/>\n<meta property=\"og:site_name\" content=\"Felicicat\" \/>\n<meta property=\"article:published_time\" content=\"2022-06-22T11:06:10+00:00\" \/>\n<meta property=\"article:modified_time\" content=\"2024-04-13T04:44:16+00:00\" \/>\n<meta property=\"og:image\" content=\"https:\/\/www.felicicat.cat\/wp-content\/uploads\/2024\/02\/Bayer-Hub-Salut-Innovacio.jpeg\" \/>\n\t<meta property=\"og:image:width\" content=\"640\" \/>\n\t<meta property=\"og:image:height\" content=\"380\" \/>\n\t<meta property=\"og:image:type\" content=\"image\/jpeg\" \/>\n<meta name=\"author\" content=\"admin\" \/>\n<meta name=\"twitter:card\" content=\"summary_large_image\" \/>\n<meta name=\"twitter:label1\" content=\"Escrito por\" \/>\n\t<meta name=\"twitter:data1\" content=\"admin\" \/>\n\t<meta name=\"twitter:label2\" content=\"Tiempo de lectura\" \/>\n\t<meta name=\"twitter:data2\" content=\"3 minutos\" \/>\n<script type=\"application\/ld+json\" class=\"yoast-schema-graph\">{\"@context\":\"https:\/\/schema.org\",\"@graph\":[{\"@type\":\"Article\",\"@id\":\"https:\/\/www.felicicat.cat\/es\/bayer-inaugura-lifehub-un-espacio-de-innovacion-de-salud-digital-y-transformacion-agricola\/#article\",\"isPartOf\":{\"@id\":\"https:\/\/www.felicicat.cat\/es\/bayer-inaugura-lifehub-un-espacio-de-innovacion-de-salud-digital-y-transformacion-agricola\/\"},\"author\":{\"name\":\"admin\",\"@id\":\"https:\/\/www.felicicat.cat\/#\/schema\/person\/b86d2cd5d0c959c4124f705bdab5b73b\"},\"headline\":\"Bayer inaugura LifeHub, un espacio de innovaci\u00f3n de salud digital y transformaci\u00f3n agr\u00edcola\",\"datePublished\":\"2022-06-22T11:06:10+00:00\",\"dateModified\":\"2024-04-13T04:44:16+00:00\",\"mainEntityOfPage\":{\"@id\":\"https:\/\/www.felicicat.cat\/es\/bayer-inaugura-lifehub-un-espacio-de-innovacion-de-salud-digital-y-transformacion-agricola\/\"},\"wordCount\":426,\"commentCount\":0,\"publisher\":{\"@id\":\"https:\/\/www.felicicat.cat\/#organization\"},\"image\":{\"@id\":\"https:\/\/www.felicicat.cat\/es\/bayer-inaugura-lifehub-un-espacio-de-innovacion-de-salud-digital-y-transformacion-agricola\/#primaryimage\"},\"thumbnailUrl\":\"https:\/\/www.felicicat.cat\/wp-content\/uploads\/2024\/02\/Bayer-Hub-Salut-Innovacio.jpeg\",\"articleSection\":[\"Empresa y bienestar\"],\"inLanguage\":\"es\",\"potentialAction\":[{\"@type\":\"CommentAction\",\"name\":\"Comment\",\"target\":[\"https:\/\/www.felicicat.cat\/es\/bayer-inaugura-lifehub-un-espacio-de-innovacion-de-salud-digital-y-transformacion-agricola\/#respond\"]}]},{\"@type\":\"WebPage\",\"@id\":\"https:\/\/www.felicicat.cat\/es\/bayer-inaugura-lifehub-un-espacio-de-innovacion-de-salud-digital-y-transformacion-agricola\/\",\"url\":\"https:\/\/www.felicicat.cat\/es\/bayer-inaugura-lifehub-un-espacio-de-innovacion-de-salud-digital-y-transformacion-agricola\/\",\"name\":\"Bayer inaugura LifeHub, un espacio de innovaci\u00f3n de salud digital y transformaci\u00f3n agr\u00edcola - Felicicat\",\"isPartOf\":{\"@id\":\"https:\/\/www.felicicat.cat\/#website\"},\"primaryImageOfPage\":{\"@id\":\"https:\/\/www.felicicat.cat\/es\/bayer-inaugura-lifehub-un-espacio-de-innovacion-de-salud-digital-y-transformacion-agricola\/#primaryimage\"},\"image\":{\"@id\":\"https:\/\/www.felicicat.cat\/es\/bayer-inaugura-lifehub-un-espacio-de-innovacion-de-salud-digital-y-transformacion-agricola\/#primaryimage\"},\"thumbnailUrl\":\"https:\/\/www.felicicat.cat\/wp-content\/uploads\/2024\/02\/Bayer-Hub-Salut-Innovacio.jpeg\",\"datePublished\":\"2022-06-22T11:06:10+00:00\",\"dateModified\":\"2024-04-13T04:44:16+00:00\",\"breadcrumb\":{\"@id\":\"https:\/\/www.felicicat.cat\/es\/bayer-inaugura-lifehub-un-espacio-de-innovacion-de-salud-digital-y-transformacion-agricola\/#breadcrumb\"},\"inLanguage\":\"es\",\"potentialAction\":[{\"@type\":\"ReadAction\",\"target\":[\"https:\/\/www.felicicat.cat\/es\/bayer-inaugura-lifehub-un-espacio-de-innovacion-de-salud-digital-y-transformacion-agricola\/\"]}]},{\"@type\":\"ImageObject\",\"inLanguage\":\"es\",\"@id\":\"https:\/\/www.felicicat.cat\/es\/bayer-inaugura-lifehub-un-espacio-de-innovacion-de-salud-digital-y-transformacion-agricola\/#primaryimage\",\"url\":\"https:\/\/www.felicicat.cat\/wp-content\/uploads\/2024\/02\/Bayer-Hub-Salut-Innovacio.jpeg\",\"contentUrl\":\"https:\/\/www.felicicat.cat\/wp-content\/uploads\/2024\/02\/Bayer-Hub-Salut-Innovacio.jpeg\",\"width\":640,\"height\":380},{\"@type\":\"BreadcrumbList\",\"@id\":\"https:\/\/www.felicicat.cat\/es\/bayer-inaugura-lifehub-un-espacio-de-innovacion-de-salud-digital-y-transformacion-agricola\/#breadcrumb\",\"itemListElement\":[{\"@type\":\"ListItem\",\"position\":1,\"name\":\"Home\",\"item\":\"https:\/\/www.felicicat.cat\/es\/\"},{\"@type\":\"ListItem\",\"position\":2,\"name\":\"Bayer inaugura LifeHub, un espacio de innovaci\u00f3n de&hellip;\"}]},{\"@type\":\"WebSite\",\"@id\":\"https:\/\/www.felicicat.cat\/#website\",\"url\":\"https:\/\/www.felicicat.cat\/\",\"name\":\"Felicicat\",\"description\":\"Institut Catal\u00e0 de la felicitat\",\"publisher\":{\"@id\":\"https:\/\/www.felicicat.cat\/#organization\"},\"potentialAction\":[{\"@type\":\"SearchAction\",\"target\":{\"@type\":\"EntryPoint\",\"urlTemplate\":\"https:\/\/www.felicicat.cat\/?s={search_term_string}\"},\"query-input\":\"required name=search_term_string\"}],\"inLanguage\":\"es\"},{\"@type\":\"Organization\",\"@id\":\"https:\/\/www.felicicat.cat\/#organization\",\"name\":\"Felicicat\",\"url\":\"https:\/\/www.felicicat.cat\/\",\"logo\":{\"@type\":\"ImageObject\",\"inLanguage\":\"es\",\"@id\":\"https:\/\/www.felicicat.cat\/#\/schema\/logo\/image\/\",\"url\":\"https:\/\/www.felicicat.cat\/wp-content\/uploads\/2023\/11\/4_proveslogotipsfelicicatFINAL_Mesadetrabajo1.png\",\"contentUrl\":\"https:\/\/www.felicicat.cat\/wp-content\/uploads\/2023\/11\/4_proveslogotipsfelicicatFINAL_Mesadetrabajo1.png\",\"width\":1500,\"height\":195,\"caption\":\"Felicicat\"},\"image\":{\"@id\":\"https:\/\/www.felicicat.cat\/#\/schema\/logo\/image\/\"}},{\"@type\":\"Person\",\"@id\":\"https:\/\/www.felicicat.cat\/#\/schema\/person\/b86d2cd5d0c959c4124f705bdab5b73b\",\"name\":\"admin\",\"image\":{\"@type\":\"ImageObject\",\"inLanguage\":\"es\",\"@id\":\"https:\/\/www.felicicat.cat\/#\/schema\/person\/image\/\",\"url\":\"https:\/\/secure.gravatar.com\/avatar\/d44c1b493c211a5b76522ef4dfbc28f8?s=96&d=mm&r=g\",\"contentUrl\":\"https:\/\/secure.gravatar.com\/avatar\/d44c1b493c211a5b76522ef4dfbc28f8?s=96&d=mm&r=g\",\"caption\":\"admin\"},\"url\":\"https:\/\/www.felicicat.cat\/es\/author\/admin2\/\"}]}<\/script>\n<!-- \/ Yoast SEO plugin. -->","yoast_head_json":{"title":"Bayer inaugura LifeHub, un espacio de innovaci\u00f3n de salud digital y transformaci\u00f3n agr\u00edcola - Felicicat","robots":{"index":"index","follow":"follow","max-snippet":"max-snippet:-1","max-image-preview":"max-image-preview:large","max-video-preview":"max-video-preview:-1"},"canonical":"https:\/\/www.felicicat.cat\/es\/bayer-inaugura-lifehub-un-espacio-de-innovacion-de-salud-digital-y-transformacion-agricola\/","og_locale":"es_ES","og_type":"article","og_title":"Bayer inaugura LifeHub, un espacio de innovaci\u00f3n de salud digital y transformaci\u00f3n agr\u00edcola - Felicicat","og_description":"El hub quiere ser un punto de encuentro para empleados, empresas emergentes y centros de investigaci\u00f3n y de innovaci\u00f3n Art\u00edculo extra\u00eddo de Viaempresa.cat y creado por su redacci\u00f3n. Bayer apuesta por la innovaci\u00f3n abierta e inaugura LifeHub Barcelona (LHB), un espacio ubicado en las oficinas centrales de\u00a0Bayer\u00a0en Iberia, en Sant Joan Desp\u00ed, desde d\u00f3nde quiere&hellip;","og_url":"https:\/\/www.felicicat.cat\/es\/bayer-inaugura-lifehub-un-espacio-de-innovacion-de-salud-digital-y-transformacion-agricola\/","og_site_name":"Felicicat","article_published_time":"2022-06-22T11:06:10+00:00","article_modified_time":"2024-04-13T04:44:16+00:00","og_image":[{"width":640,"height":380,"url":"https:\/\/www.felicicat.cat\/wp-content\/uploads\/2024\/02\/Bayer-Hub-Salut-Innovacio.jpeg","type":"image\/jpeg"}],"author":"admin","twitter_card":"summary_large_image","twitter_misc":{"Escrito por":"admin","Tiempo de lectura":"3 minutos"},"schema":{"@context":"https:\/\/schema.org","@graph":[{"@type":"Article","@id":"https:\/\/www.felicicat.cat\/es\/bayer-inaugura-lifehub-un-espacio-de-innovacion-de-salud-digital-y-transformacion-agricola\/#article","isPartOf":{"@id":"https:\/\/www.felicicat.cat\/es\/bayer-inaugura-lifehub-un-espacio-de-innovacion-de-salud-digital-y-transformacion-agricola\/"},"author":{"name":"admin","@id":"https:\/\/www.felicicat.cat\/#\/schema\/person\/b86d2cd5d0c959c4124f705bdab5b73b"},"headline":"Bayer inaugura LifeHub, un espacio de innovaci\u00f3n de salud digital y transformaci\u00f3n agr\u00edcola","datePublished":"2022-06-22T11:06:10+00:00","dateModified":"2024-04-13T04:44:16+00:00","mainEntityOfPage":{"@id":"https:\/\/www.felicicat.cat\/es\/bayer-inaugura-lifehub-un-espacio-de-innovacion-de-salud-digital-y-transformacion-agricola\/"},"wordCount":426,"commentCount":0,"publisher":{"@id":"https:\/\/www.felicicat.cat\/#organization"},"image":{"@id":"https:\/\/www.felicicat.cat\/es\/bayer-inaugura-lifehub-un-espacio-de-innovacion-de-salud-digital-y-transformacion-agricola\/#primaryimage"},"thumbnailUrl":"https:\/\/www.felicicat.cat\/wp-content\/uploads\/2024\/02\/Bayer-Hub-Salut-Innovacio.jpeg","articleSection":["Empresa y bienestar"],"inLanguage":"es","potentialAction":[{"@type":"CommentAction","name":"Comment","target":["https:\/\/www.felicicat.cat\/es\/bayer-inaugura-lifehub-un-espacio-de-innovacion-de-salud-digital-y-transformacion-agricola\/#respond"]}]},{"@type":"WebPage","@id":"https:\/\/www.felicicat.cat\/es\/bayer-inaugura-lifehub-un-espacio-de-innovacion-de-salud-digital-y-transformacion-agricola\/","url":"https:\/\/www.felicicat.cat\/es\/bayer-inaugura-lifehub-un-espacio-de-innovacion-de-salud-digital-y-transformacion-agricola\/","name":"Bayer inaugura LifeHub, un espacio de innovaci\u00f3n de salud digital y transformaci\u00f3n agr\u00edcola - Felicicat","isPartOf":{"@id":"https:\/\/www.felicicat.cat\/#website"},"primaryImageOfPage":{"@id":"https:\/\/www.felicicat.cat\/es\/bayer-inaugura-lifehub-un-espacio-de-innovacion-de-salud-digital-y-transformacion-agricola\/#primaryimage"},"image":{"@id":"https:\/\/www.felicicat.cat\/es\/bayer-inaugura-lifehub-un-espacio-de-innovacion-de-salud-digital-y-transformacion-agricola\/#primaryimage"},"thumbnailUrl":"https:\/\/www.felicicat.cat\/wp-content\/uploads\/2024\/02\/Bayer-Hub-Salut-Innovacio.jpeg","datePublished":"2022-06-22T11:06:10+00:00","dateModified":"2024-04-13T04:44:16+00:00","breadcrumb":{"@id":"https:\/\/www.felicicat.cat\/es\/bayer-inaugura-lifehub-un-espacio-de-innovacion-de-salud-digital-y-transformacion-agricola\/#breadcrumb"},"inLanguage":"es","potentialAction":[{"@type":"ReadAction","target":["https:\/\/www.felicicat.cat\/es\/bayer-inaugura-lifehub-un-espacio-de-innovacion-de-salud-digital-y-transformacion-agricola\/"]}]},{"@type":"ImageObject","inLanguage":"es","@id":"https:\/\/www.felicicat.cat\/es\/bayer-inaugura-lifehub-un-espacio-de-innovacion-de-salud-digital-y-transformacion-agricola\/#primaryimage","url":"https:\/\/www.felicicat.cat\/wp-content\/uploads\/2024\/02\/Bayer-Hub-Salut-Innovacio.jpeg","contentUrl":"https:\/\/www.felicicat.cat\/wp-content\/uploads\/2024\/02\/Bayer-Hub-Salut-Innovacio.jpeg","width":640,"height":380},{"@type":"BreadcrumbList","@id":"https:\/\/www.felicicat.cat\/es\/bayer-inaugura-lifehub-un-espacio-de-innovacion-de-salud-digital-y-transformacion-agricola\/#breadcrumb","itemListElement":[{"@type":"ListItem","position":1,"name":"Home","item":"https:\/\/www.felicicat.cat\/es\/"},{"@type":"ListItem","position":2,"name":"Bayer inaugura LifeHub, un espacio de innovaci\u00f3n de&hellip;"}]},{"@type":"WebSite","@id":"https:\/\/www.felicicat.cat\/#website","url":"https:\/\/www.felicicat.cat\/","name":"Felicicat","description":"Institut Catal\u00e0 de la felicitat","publisher":{"@id":"https:\/\/www.felicicat.cat\/#organization"},"potentialAction":[{"@type":"SearchAction","target":{"@type":"EntryPoint","urlTemplate":"https:\/\/www.felicicat.cat\/?s={search_term_string}"},"query-input":"required name=search_term_string"}],"inLanguage":"es"},{"@type":"Organization","@id":"https:\/\/www.felicicat.cat\/#organization","name":"Felicicat","url":"https:\/\/www.felicicat.cat\/","logo":{"@type":"ImageObject","inLanguage":"es","@id":"https:\/\/www.felicicat.cat\/#\/schema\/logo\/image\/","url":"https:\/\/www.felicicat.cat\/wp-content\/uploads\/2023\/11\/4_proveslogotipsfelicicatFINAL_Mesadetrabajo1.png","contentUrl":"https:\/\/www.felicicat.cat\/wp-content\/uploads\/2023\/11\/4_proveslogotipsfelicicatFINAL_Mesadetrabajo1.png","width":1500,"height":195,"caption":"Felicicat"},"image":{"@id":"https:\/\/www.felicicat.cat\/#\/schema\/logo\/image\/"}},{"@type":"Person","@id":"https:\/\/www.felicicat.cat\/#\/schema\/person\/b86d2cd5d0c959c4124f705bdab5b73b","name":"admin","image":{"@type":"ImageObject","inLanguage":"es","@id":"https:\/\/www.felicicat.cat\/#\/schema\/person\/image\/","url":"https:\/\/secure.gravatar.com\/avatar\/d44c1b493c211a5b76522ef4dfbc28f8?s=96&d=mm&r=g","contentUrl":"https:\/\/secure.gravatar.com\/avatar\/d44c1b493c211a5b76522ef4dfbc28f8?s=96&d=mm&r=g","caption":"admin"},"url":"https:\/\/www.felicicat.cat\/es\/author\/admin2\/"}]}},"uagb_featured_image_src":{"full":["https:\/\/www.felicicat.cat\/wp-content\/uploads\/2024\/02\/Bayer-Hub-Salut-Innovacio.jpeg",640,380,false],"thumbnail":["https:\/\/www.felicicat.cat\/wp-content\/uploads\/2024\/02\/Bayer-Hub-Salut-Innovacio-150x150.jpeg",150,150,true],"medium":["https:\/\/www.felicicat.cat\/wp-content\/uploads\/2024\/02\/Bayer-Hub-Salut-Innovacio-300x178.jpeg",300,178,true],"medium_large":["https:\/\/www.felicicat.cat\/wp-content\/uploads\/2024\/02\/Bayer-Hub-Salut-Innovacio.jpeg",640,380,false],"large":["https:\/\/www.felicicat.cat\/wp-content\/uploads\/2024\/02\/Bayer-Hub-Salut-Innovacio.jpeg",640,380,false],"1536x1536":["https:\/\/www.felicicat.cat\/wp-content\/uploads\/2024\/02\/Bayer-Hub-Salut-Innovacio.jpeg",640,380,false],"2048x2048":["https:\/\/www.felicicat.cat\/wp-content\/uploads\/2024\/02\/Bayer-Hub-Salut-Innovacio.jpeg",640,380,false],"woocommerce_thumbnail":["https:\/\/www.felicicat.cat\/wp-content\/uploads\/2024\/02\/Bayer-Hub-Salut-Innovacio-center-top-60x60.jpeg",60,60,true],"woocommerce_single":["https:\/\/www.felicicat.cat\/wp-content\/uploads\/2024\/02\/Bayer-Hub-Salut-Innovacio.jpeg",640,380,false],"woocommerce_gallery_thumbnail":["https:\/\/www.felicicat.cat\/wp-content\/uploads\/2024\/02\/Bayer-Hub-Salut-Innovacio-100x100.jpeg",100,100,true],"lightbox":["https:\/\/www.felicicat.cat\/wp-content\/uploads\/2024\/02\/Bayer-Hub-Salut-Innovacio.jpeg",640,380,false],"search_results":["https:\/\/www.felicicat.cat\/wp-content\/uploads\/2024\/02\/Bayer-Hub-Salut-Innovacio-125x125.jpeg",125,125,true],"blog_entry":["https:\/\/www.felicicat.cat\/wp-content\/uploads\/2024\/02\/Bayer-Hub-Salut-Innovacio.jpeg",640,380,false],"blog_post":["https:\/\/www.felicicat.cat\/wp-content\/uploads\/2024\/02\/Bayer-Hub-Salut-Innovacio.jpeg",640,380,false],"blog_post_full":["https:\/\/www.felicicat.cat\/wp-content\/uploads\/2024\/02\/Bayer-Hub-Salut-Innovacio.jpeg",640,380,false],"blog_related":["https:\/\/www.felicicat.cat\/wp-content\/uploads\/2024\/02\/Bayer-Hub-Salut-Innovacio.jpeg",640,380,false],"portfolio_entry":["https:\/\/www.felicicat.cat\/wp-content\/uploads\/2024\/02\/Bayer-Hub-Salut-Innovacio.jpeg",500,297,false],"portfolio_post":["https:\/\/www.felicicat.cat\/wp-content\/uploads\/2024\/02\/Bayer-Hub-Salut-Innovacio.jpeg",640,380,false],"portfolio_related":["https:\/\/www.felicicat.cat\/wp-content\/uploads\/2024\/02\/Bayer-Hub-Salut-Innovacio.jpeg",500,297,false],"staff_entry":["https:\/\/www.felicicat.cat\/wp-content\/uploads\/2024\/02\/Bayer-Hub-Salut-Innovacio.jpeg",500,297,false],"staff_post":["https:\/\/www.felicicat.cat\/wp-content\/uploads\/2024\/02\/Bayer-Hub-Salut-Innovacio.jpeg",640,380,false],"staff_related":["https:\/\/www.felicicat.cat\/wp-content\/uploads\/2024\/02\/Bayer-Hub-Salut-Innovacio.jpeg",500,297,false],"testimonials_entry":["https:\/\/www.felicicat.cat\/wp-content\/uploads\/2024\/02\/Bayer-Hub-Salut-Innovacio.jpeg",45,27,false],"shop_catalog":["https:\/\/www.felicicat.cat\/wp-content\/uploads\/2024\/02\/Bayer-Hub-Salut-Innovacio-350x208.jpeg",350,208,true],"shop_single":["https:\/\/www.felicicat.cat\/wp-content\/uploads\/2024\/02\/Bayer-Hub-Salut-Innovacio.jpeg",640,380,false],"shop_single_thumbnail":["https:\/\/www.felicicat.cat\/wp-content\/uploads\/2024\/02\/Bayer-Hub-Salut-Innovacio-140x140.jpeg",140,140,true],"shop_category":["https:\/\/www.felicicat.cat\/wp-content\/uploads\/2024\/02\/Bayer-Hub-Salut-Innovacio.jpeg",640,380,false],"shop_thumbnail_cart":["https:\/\/www.felicicat.cat\/wp-content\/uploads\/2024\/02\/Bayer-Hub-Salut-Innovacio-center-top-60x60.jpeg",60,60,true],"gallery":["https:\/\/www.felicicat.cat\/wp-content\/uploads\/2024\/02\/Bayer-Hub-Salut-Innovacio.jpeg",500,297,false]},"uagb_author_info":{"display_name":"admin","author_link":"https:\/\/www.felicicat.cat\/es\/author\/admin2\/"},"uagb_comment_info":0,"uagb_excerpt":"El hub quiere ser un punto de encuentro para empleados, empresas emergentes y centros de investigaci\u00f3n y de innovaci\u00f3n Art\u00edculo extra\u00eddo de Viaempresa.cat y creado por su redacci\u00f3n. Bayer apuesta por la innovaci\u00f3n abierta e inaugura LifeHub Barcelona (LHB), un espacio ubicado en las oficinas centrales de\u00a0Bayer\u00a0en Iberia, en Sant Joan Desp\u00ed, desde d\u00f3nde quiere&hellip;","_links":{"self":[{"href":"https:\/\/www.felicicat.cat\/es\/wp-json\/wp\/v2\/posts\/7509"}],"collection":[{"href":"https:\/\/www.felicicat.cat\/es\/wp-json\/wp\/v2\/posts"}],"about":[{"href":"https:\/\/www.felicicat.cat\/es\/wp-json\/wp\/v2\/types\/post"}],"author":[{"embeddable":true,"href":"https:\/\/www.felicicat.cat\/es\/wp-json\/wp\/v2\/users\/1"}],"replies":[{"embeddable":true,"href":"https:\/\/www.felicicat.cat\/es\/wp-json\/wp\/v2\/comments?post=7509"}],"version-history":[{"count":1,"href":"https:\/\/www.felicicat.cat\/es\/wp-json\/wp\/v2\/posts\/7509\/revisions"}],"predecessor-version":[{"id":7514,"href":"https:\/\/www.felicicat.cat\/es\/wp-json\/wp\/v2\/posts\/7509\/revisions\/7514"}],"wp:featuredmedia":[{"embeddable":true,"href":"https:\/\/www.felicicat.cat\/es\/wp-json\/wp\/v2\/media\/7510"}],"wp:attachment":[{"href":"https:\/\/www.felicicat.cat\/es\/wp-json\/wp\/v2\/media?parent=7509"}],"wp:term":[{"taxonomy":"category","embeddable":true,"href":"https:\/\/www.felicicat.cat\/es\/wp-json\/wp\/v2\/categories?post=7509"},{"taxonomy":"post_tag","embeddable":true,"href":"https:\/\/www.felicicat.cat\/es\/wp-json\/wp\/v2\/tags?post=7509"},{"taxonomy":"post_series","embeddable":true,"href":"https:\/\/www.felicicat.cat\/es\/wp-json\/wp\/v2\/post_series?post=7509"}],"curies":[{"name":"wp","href":"https:\/\/api.w.org\/{rel}","templated":true}]}}