{"id":7393,"date":"2020-08-08T17:08:00","date_gmt":"2020-08-08T17:08:00","guid":{"rendered":"https:\/\/www.felicicat.cat\/2020\/08\/carta-del-presidente-bienvenidos-a-felicidad\/"},"modified":"2024-04-13T04:49:11","modified_gmt":"2024-04-13T04:49:11","slug":"carta-del-presidente-bienvenidos-a-felicidad","status":"publish","type":"post","link":"https:\/\/www.felicicat.cat\/es\/carta-del-presidente-bienvenidos-a-felicidad\/","title":{"rendered":"Carta del Presidente. \u00abBienvenidos \/ as a feliciCat. Empezamos a hacer camino!\u00bb"},"content":{"rendered":"<div class=\"sqs-html-content\">\n<p class=\"\" style=\"white-space:pre-wrap;\">A\u00f1os atr\u00e1s no hubiera imaginado que estar\u00eda redactando esta carta. Un texto que me llena de emoci\u00f3n porque la escribo como representante de una organizaci\u00f3n \u00fanica en Catalu\u00f1a y muy necesaria en tiempos tan vol\u00e1tiles y llenos de incertidumbre como son los actuales.<\/p>\n<p class=\"\" style=\"white-space:pre-wrap;\">Las personas que formamos parte de una sociedad <strong>necesitamos recibir est\u00edmulos positivos<\/strong> en todos los escenarios y etapas de nuestra vida. Estamos hartos de leer noticias deprimentes, incluso, de car\u00e1cter apocal\u00edptico y falsas que influyen negativamente en la <strong>determinaci\u00f3n de los objetivos personales y profesionales<\/strong>. No estamos hablando de negarlas, en absoluto, necesitamos saber la verdad y ser conscientes en todo momento de los tiempos que nos toca vivir, pero no todo es tan dram\u00e1tico. <strong>Queremos dar m\u00e1s protagonismo a informaciones positivas <\/strong>que, a pesar de formar parte de nuestro entorno, seguramente no conocemos o no les damos la importancia que ellas merecen. Tomar ejemplo de estas e intentar integrar los consejos que predican en nuestro \u00abd\u00eda a d\u00eda\u00bb nos puede cambiar la vida!<\/p>\n<p class=\"\" style=\"white-space:pre-wrap;\">Desde <strong>feliciCat (Institut Catal\u00e0 de la Felicitat)<\/strong>, tenemos la necesidad de estudiar los est\u00edmulos positivos que generan la felicidad, e ir m\u00e1s all\u00e1. Queremos comunicar los resultados, y aportar nuevas ideas para poner en valor todo lo que, este sentimiento, nos provoca, en cualquier lugar y en cualquier momento.<\/p>\n<p class=\"\" style=\"white-space:pre-wrap;\">Nuestro proyecto nace para <strong>transmitir la pasi\u00f3n por la actitud de saber llenar cada uno de los d\u00edas del a\u00f1o con la m\u00e1xima motivaci\u00f3n y pensamiento positivo<\/strong> hacia los proyectos que, a buen seguro, todos podemos tener. Este esp\u00edritu, que queremos compartir con todos vosotros, no ser\u00e1 suficiente sin la implicaci\u00f3n y el apoyo de personas, empresas e instituciones privadas, as\u00ed como de la Administraci\u00f3n p\u00fablica. Queremos que nuestro mensaje llegue lo m\u00e1s lejos posible y convertirnos en una comunidad donde sus seguidores y seguidoras dispongan de contenidos positivos e inspiradores para aplicar en su d\u00eda a d\u00eda. <strong>Ser felices, trabajar en el estudio de este apasionante sentimiento y ense\u00f1ar a personas y empresas a serlo.<\/strong><\/p>\n<p class=\"\" style=\"white-space:pre-wrap;\">Por otra parte, queremos dar a conocer y promocionar todos los casos de \u00e9xito de profesionales y empresas que ya tenemos en \u00abcasa\u00bb y que han aplicado t\u00e9cnicas para fomentar la felicidad, tanto en el trabajo, como en los dem\u00e1s aspectos la vida en general.<\/p>\n<p class=\"\" style=\"white-space:pre-wrap;\">En nombre de todo el equipo de profesionales que conforman este apasionante proyecto, os damos la bienvenida a feliciCat (Institut Catal\u00e0 de la Felicitat). Empezamos a hacer camino!<\/p>\n<p class=\"\" style=\"white-space:pre-wrap;\">\n<p class=\"\" style=\"white-space:pre-wrap;\">&nbsp;Eduard Alcaraz Espriu<\/p>\n<p class=\"\" style=\"white-space:pre-wrap;\">Presidente de Felicicat (Institut Catal\u00e0 de la Felicictat)<\/p>\n<\/div>\n","protected":false},"excerpt":{"rendered":"<p class=\"\" style=\"white-space:pre-wrap;\">Las personas que formamos parte de una sociedad necesitamos recibir est\u00edmulos positivos en todos los escenarios y etapas de nuestra vida. Estamos hartos de leer noticias deprimentes, incluso, de car\u00e1cter apocal\u00edptico y falsas que influyen negativamente en la determinaci\u00f3n de los objetivos personales y profesionales. <\/p>\n","protected":false},"author":1,"featured_media":7170,"comment_status":"closed","ping_status":"closed","sticky":false,"template":"","format":"standard","meta":{"_uag_custom_page_level_css":"","footnotes":""},"categories":[342],"tags":[337,120,336],"post_series":[],"yoast_head":"<!-- This site is optimized with the Yoast SEO plugin v22.5 - https:\/\/yoast.com\/wordpress\/plugins\/seo\/ -->\n<title>Carta del Presidente. &quot;Bienvenidos \/ as a feliciCat. Empezamos a hacer camino!&quot; - Felicicat<\/title>\n<meta name=\"robots\" content=\"index, follow, max-snippet:-1, max-image-preview:large, max-video-preview:-1\" \/>\n<link rel=\"canonical\" href=\"https:\/\/www.felicicat.cat\/es\/carta-del-presidente-bienvenidos-a-felicidad\/\" \/>\n<meta property=\"og:locale\" content=\"es_ES\" \/>\n<meta property=\"og:type\" content=\"article\" \/>\n<meta property=\"og:title\" content=\"Carta del Presidente. &quot;Bienvenidos \/ as a feliciCat. Empezamos a hacer camino!&quot; - Felicicat\" \/>\n<meta property=\"og:description\" content=\"Las personas que formamos parte de una sociedad necesitamos recibir est\u00edmulos positivos en todos los escenarios y etapas de nuestra vida. Estamos hartos de leer noticias deprimentes, incluso, de car\u00e1cter apocal\u00edptico y falsas que influyen negativamente en la determinaci\u00f3n de los objetivos personales y profesionales.\" \/>\n<meta property=\"og:url\" content=\"https:\/\/www.felicicat.cat\/es\/carta-del-presidente-bienvenidos-a-felicidad\/\" \/>\n<meta property=\"og:site_name\" content=\"Felicicat\" \/>\n<meta property=\"article:published_time\" content=\"2020-08-08T17:08:00+00:00\" \/>\n<meta property=\"article:modified_time\" content=\"2024-04-13T04:49:11+00:00\" \/>\n<meta property=\"og:image\" content=\"https:\/\/www.felicicat.cat\/wp-content\/uploads\/2020\/08\/Edu-Alcaraz-Felicicat.jpg\" \/>\n\t<meta property=\"og:image:width\" content=\"2500\" \/>\n\t<meta property=\"og:image:height\" content=\"1667\" \/>\n\t<meta property=\"og:image:type\" content=\"image\/jpeg\" \/>\n<meta name=\"author\" content=\"admin\" \/>\n<meta name=\"twitter:card\" content=\"summary_large_image\" \/>\n<meta name=\"twitter:label1\" content=\"Escrito por\" \/>\n\t<meta name=\"twitter:data1\" content=\"admin\" \/>\n\t<meta name=\"twitter:label2\" content=\"Tiempo de lectura\" \/>\n\t<meta name=\"twitter:data2\" content=\"2 minutos\" \/>\n<script type=\"application\/ld+json\" class=\"yoast-schema-graph\">{\"@context\":\"https:\/\/schema.org\",\"@graph\":[{\"@type\":\"Article\",\"@id\":\"https:\/\/www.felicicat.cat\/es\/carta-del-presidente-bienvenidos-a-felicidad\/#article\",\"isPartOf\":{\"@id\":\"https:\/\/www.felicicat.cat\/es\/carta-del-presidente-bienvenidos-a-felicidad\/\"},\"author\":{\"name\":\"admin\",\"@id\":\"https:\/\/www.felicicat.cat\/#\/schema\/person\/b86d2cd5d0c959c4124f705bdab5b73b\"},\"headline\":\"Carta del Presidente. \u00abBienvenidos \/ as a feliciCat. Empezamos a hacer camino!\u00bb\",\"datePublished\":\"2020-08-08T17:08:00+00:00\",\"dateModified\":\"2024-04-13T04:49:11+00:00\",\"mainEntityOfPage\":{\"@id\":\"https:\/\/www.felicicat.cat\/es\/carta-del-presidente-bienvenidos-a-felicidad\/\"},\"wordCount\":460,\"publisher\":{\"@id\":\"https:\/\/www.felicicat.cat\/#organization\"},\"image\":{\"@id\":\"https:\/\/www.felicicat.cat\/es\/carta-del-presidente-bienvenidos-a-felicidad\/#primaryimage\"},\"thumbnailUrl\":\"https:\/\/www.felicicat.cat\/wp-content\/uploads\/2020\/08\/Edu-Alcaraz-Felicicat.jpg\",\"keywords\":[\"carta del presidente\",\"feliciCat\",\"Presidente feliciCat\"],\"articleSection\":[\"Actualidad y tendencias\"],\"inLanguage\":\"es\"},{\"@type\":\"WebPage\",\"@id\":\"https:\/\/www.felicicat.cat\/es\/carta-del-presidente-bienvenidos-a-felicidad\/\",\"url\":\"https:\/\/www.felicicat.cat\/es\/carta-del-presidente-bienvenidos-a-felicidad\/\",\"name\":\"Carta del Presidente. \\\"Bienvenidos \/ as a feliciCat. Empezamos a hacer camino!\\\" - Felicicat\",\"isPartOf\":{\"@id\":\"https:\/\/www.felicicat.cat\/#website\"},\"primaryImageOfPage\":{\"@id\":\"https:\/\/www.felicicat.cat\/es\/carta-del-presidente-bienvenidos-a-felicidad\/#primaryimage\"},\"image\":{\"@id\":\"https:\/\/www.felicicat.cat\/es\/carta-del-presidente-bienvenidos-a-felicidad\/#primaryimage\"},\"thumbnailUrl\":\"https:\/\/www.felicicat.cat\/wp-content\/uploads\/2020\/08\/Edu-Alcaraz-Felicicat.jpg\",\"datePublished\":\"2020-08-08T17:08:00+00:00\",\"dateModified\":\"2024-04-13T04:49:11+00:00\",\"breadcrumb\":{\"@id\":\"https:\/\/www.felicicat.cat\/es\/carta-del-presidente-bienvenidos-a-felicidad\/#breadcrumb\"},\"inLanguage\":\"es\",\"potentialAction\":[{\"@type\":\"ReadAction\",\"target\":[\"https:\/\/www.felicicat.cat\/es\/carta-del-presidente-bienvenidos-a-felicidad\/\"]}]},{\"@type\":\"ImageObject\",\"inLanguage\":\"es\",\"@id\":\"https:\/\/www.felicicat.cat\/es\/carta-del-presidente-bienvenidos-a-felicidad\/#primaryimage\",\"url\":\"https:\/\/www.felicicat.cat\/wp-content\/uploads\/2020\/08\/Edu-Alcaraz-Felicicat.jpg\",\"contentUrl\":\"https:\/\/www.felicicat.cat\/wp-content\/uploads\/2020\/08\/Edu-Alcaraz-Felicicat.jpg\",\"width\":2500,\"height\":1667,\"caption\":\"exc-5f85db6b61536e2cd64e754a\"},{\"@type\":\"BreadcrumbList\",\"@id\":\"https:\/\/www.felicicat.cat\/es\/carta-del-presidente-bienvenidos-a-felicidad\/#breadcrumb\",\"itemListElement\":[{\"@type\":\"ListItem\",\"position\":1,\"name\":\"Home\",\"item\":\"https:\/\/www.felicicat.cat\/es\/\"},{\"@type\":\"ListItem\",\"position\":2,\"name\":\"Carta del Presidente. \u00abBienvenidos \/ as a feliciCat.&hellip;\"}]},{\"@type\":\"WebSite\",\"@id\":\"https:\/\/www.felicicat.cat\/#website\",\"url\":\"https:\/\/www.felicicat.cat\/\",\"name\":\"Felicicat\",\"description\":\"Institut Catal\u00e0 de la felicitat\",\"publisher\":{\"@id\":\"https:\/\/www.felicicat.cat\/#organization\"},\"potentialAction\":[{\"@type\":\"SearchAction\",\"target\":{\"@type\":\"EntryPoint\",\"urlTemplate\":\"https:\/\/www.felicicat.cat\/?s={search_term_string}\"},\"query-input\":\"required name=search_term_string\"}],\"inLanguage\":\"es\"},{\"@type\":\"Organization\",\"@id\":\"https:\/\/www.felicicat.cat\/#organization\",\"name\":\"Felicicat\",\"url\":\"https:\/\/www.felicicat.cat\/\",\"logo\":{\"@type\":\"ImageObject\",\"inLanguage\":\"es\",\"@id\":\"https:\/\/www.felicicat.cat\/#\/schema\/logo\/image\/\",\"url\":\"https:\/\/www.felicicat.cat\/wp-content\/uploads\/2023\/11\/4_proveslogotipsfelicicatFINAL_Mesadetrabajo1.png\",\"contentUrl\":\"https:\/\/www.felicicat.cat\/wp-content\/uploads\/2023\/11\/4_proveslogotipsfelicicatFINAL_Mesadetrabajo1.png\",\"width\":1500,\"height\":195,\"caption\":\"Felicicat\"},\"image\":{\"@id\":\"https:\/\/www.felicicat.cat\/#\/schema\/logo\/image\/\"}},{\"@type\":\"Person\",\"@id\":\"https:\/\/www.felicicat.cat\/#\/schema\/person\/b86d2cd5d0c959c4124f705bdab5b73b\",\"name\":\"admin\",\"image\":{\"@type\":\"ImageObject\",\"inLanguage\":\"es\",\"@id\":\"https:\/\/www.felicicat.cat\/#\/schema\/person\/image\/\",\"url\":\"https:\/\/secure.gravatar.com\/avatar\/d44c1b493c211a5b76522ef4dfbc28f8?s=96&d=mm&r=g\",\"contentUrl\":\"https:\/\/secure.gravatar.com\/avatar\/d44c1b493c211a5b76522ef4dfbc28f8?s=96&d=mm&r=g\",\"caption\":\"admin\"},\"url\":\"https:\/\/www.felicicat.cat\/es\/author\/admin2\/\"}]}<\/script>\n<!-- \/ Yoast SEO plugin. -->","yoast_head_json":{"title":"Carta del Presidente. \"Bienvenidos \/ as a feliciCat. Empezamos a hacer camino!\" - Felicicat","robots":{"index":"index","follow":"follow","max-snippet":"max-snippet:-1","max-image-preview":"max-image-preview:large","max-video-preview":"max-video-preview:-1"},"canonical":"https:\/\/www.felicicat.cat\/es\/carta-del-presidente-bienvenidos-a-felicidad\/","og_locale":"es_ES","og_type":"article","og_title":"Carta del Presidente. \"Bienvenidos \/ as a feliciCat. Empezamos a hacer camino!\" - Felicicat","og_description":"Las personas que formamos parte de una sociedad necesitamos recibir est\u00edmulos positivos en todos los escenarios y etapas de nuestra vida. Estamos hartos de leer noticias deprimentes, incluso, de car\u00e1cter apocal\u00edptico y falsas que influyen negativamente en la determinaci\u00f3n de los objetivos personales y profesionales.","og_url":"https:\/\/www.felicicat.cat\/es\/carta-del-presidente-bienvenidos-a-felicidad\/","og_site_name":"Felicicat","article_published_time":"2020-08-08T17:08:00+00:00","article_modified_time":"2024-04-13T04:49:11+00:00","og_image":[{"width":2500,"height":1667,"url":"https:\/\/www.felicicat.cat\/wp-content\/uploads\/2020\/08\/Edu-Alcaraz-Felicicat.jpg","type":"image\/jpeg"}],"author":"admin","twitter_card":"summary_large_image","twitter_misc":{"Escrito por":"admin","Tiempo de lectura":"2 minutos"},"schema":{"@context":"https:\/\/schema.org","@graph":[{"@type":"Article","@id":"https:\/\/www.felicicat.cat\/es\/carta-del-presidente-bienvenidos-a-felicidad\/#article","isPartOf":{"@id":"https:\/\/www.felicicat.cat\/es\/carta-del-presidente-bienvenidos-a-felicidad\/"},"author":{"name":"admin","@id":"https:\/\/www.felicicat.cat\/#\/schema\/person\/b86d2cd5d0c959c4124f705bdab5b73b"},"headline":"Carta del Presidente. \u00abBienvenidos \/ as a feliciCat. Empezamos a hacer camino!\u00bb","datePublished":"2020-08-08T17:08:00+00:00","dateModified":"2024-04-13T04:49:11+00:00","mainEntityOfPage":{"@id":"https:\/\/www.felicicat.cat\/es\/carta-del-presidente-bienvenidos-a-felicidad\/"},"wordCount":460,"publisher":{"@id":"https:\/\/www.felicicat.cat\/#organization"},"image":{"@id":"https:\/\/www.felicicat.cat\/es\/carta-del-presidente-bienvenidos-a-felicidad\/#primaryimage"},"thumbnailUrl":"https:\/\/www.felicicat.cat\/wp-content\/uploads\/2020\/08\/Edu-Alcaraz-Felicicat.jpg","keywords":["carta del presidente","feliciCat","Presidente feliciCat"],"articleSection":["Actualidad y tendencias"],"inLanguage":"es"},{"@type":"WebPage","@id":"https:\/\/www.felicicat.cat\/es\/carta-del-presidente-bienvenidos-a-felicidad\/","url":"https:\/\/www.felicicat.cat\/es\/carta-del-presidente-bienvenidos-a-felicidad\/","name":"Carta del Presidente. \"Bienvenidos \/ as a feliciCat. Empezamos a hacer camino!\" - Felicicat","isPartOf":{"@id":"https:\/\/www.felicicat.cat\/#website"},"primaryImageOfPage":{"@id":"https:\/\/www.felicicat.cat\/es\/carta-del-presidente-bienvenidos-a-felicidad\/#primaryimage"},"image":{"@id":"https:\/\/www.felicicat.cat\/es\/carta-del-presidente-bienvenidos-a-felicidad\/#primaryimage"},"thumbnailUrl":"https:\/\/www.felicicat.cat\/wp-content\/uploads\/2020\/08\/Edu-Alcaraz-Felicicat.jpg","datePublished":"2020-08-08T17:08:00+00:00","dateModified":"2024-04-13T04:49:11+00:00","breadcrumb":{"@id":"https:\/\/www.felicicat.cat\/es\/carta-del-presidente-bienvenidos-a-felicidad\/#breadcrumb"},"inLanguage":"es","potentialAction":[{"@type":"ReadAction","target":["https:\/\/www.felicicat.cat\/es\/carta-del-presidente-bienvenidos-a-felicidad\/"]}]},{"@type":"ImageObject","inLanguage":"es","@id":"https:\/\/www.felicicat.cat\/es\/carta-del-presidente-bienvenidos-a-felicidad\/#primaryimage","url":"https:\/\/www.felicicat.cat\/wp-content\/uploads\/2020\/08\/Edu-Alcaraz-Felicicat.jpg","contentUrl":"https:\/\/www.felicicat.cat\/wp-content\/uploads\/2020\/08\/Edu-Alcaraz-Felicicat.jpg","width":2500,"height":1667,"caption":"exc-5f85db6b61536e2cd64e754a"},{"@type":"BreadcrumbList","@id":"https:\/\/www.felicicat.cat\/es\/carta-del-presidente-bienvenidos-a-felicidad\/#breadcrumb","itemListElement":[{"@type":"ListItem","position":1,"name":"Home","item":"https:\/\/www.felicicat.cat\/es\/"},{"@type":"ListItem","position":2,"name":"Carta del Presidente. \u00abBienvenidos \/ as a feliciCat.&hellip;"}]},{"@type":"WebSite","@id":"https:\/\/www.felicicat.cat\/#website","url":"https:\/\/www.felicicat.cat\/","name":"Felicicat","description":"Institut Catal\u00e0 de la felicitat","publisher":{"@id":"https:\/\/www.felicicat.cat\/#organization"},"potentialAction":[{"@type":"SearchAction","target":{"@type":"EntryPoint","urlTemplate":"https:\/\/www.felicicat.cat\/?s={search_term_string}"},"query-input":"required name=search_term_string"}],"inLanguage":"es"},{"@type":"Organization","@id":"https:\/\/www.felicicat.cat\/#organization","name":"Felicicat","url":"https:\/\/www.felicicat.cat\/","logo":{"@type":"ImageObject","inLanguage":"es","@id":"https:\/\/www.felicicat.cat\/#\/schema\/logo\/image\/","url":"https:\/\/www.felicicat.cat\/wp-content\/uploads\/2023\/11\/4_proveslogotipsfelicicatFINAL_Mesadetrabajo1.png","contentUrl":"https:\/\/www.felicicat.cat\/wp-content\/uploads\/2023\/11\/4_proveslogotipsfelicicatFINAL_Mesadetrabajo1.png","width":1500,"height":195,"caption":"Felicicat"},"image":{"@id":"https:\/\/www.felicicat.cat\/#\/schema\/logo\/image\/"}},{"@type":"Person","@id":"https:\/\/www.felicicat.cat\/#\/schema\/person\/b86d2cd5d0c959c4124f705bdab5b73b","name":"admin","image":{"@type":"ImageObject","inLanguage":"es","@id":"https:\/\/www.felicicat.cat\/#\/schema\/person\/image\/","url":"https:\/\/secure.gravatar.com\/avatar\/d44c1b493c211a5b76522ef4dfbc28f8?s=96&d=mm&r=g","contentUrl":"https:\/\/secure.gravatar.com\/avatar\/d44c1b493c211a5b76522ef4dfbc28f8?s=96&d=mm&r=g","caption":"admin"},"url":"https:\/\/www.felicicat.cat\/es\/author\/admin2\/"}]}},"uagb_featured_image_src":{"full":["https:\/\/www.felicicat.cat\/wp-content\/uploads\/2020\/08\/Edu-Alcaraz-Felicicat.jpg",2500,1667,false],"thumbnail":["https:\/\/www.felicicat.cat\/wp-content\/uploads\/2020\/08\/Edu-Alcaraz-Felicicat-150x150.jpg",150,150,true],"medium":["https:\/\/www.felicicat.cat\/wp-content\/uploads\/2020\/08\/Edu-Alcaraz-Felicicat-300x200.jpg",300,200,true],"medium_large":["https:\/\/www.felicicat.cat\/wp-content\/uploads\/2020\/08\/Edu-Alcaraz-Felicicat-768x512.jpg",768,512,true],"large":["https:\/\/www.felicicat.cat\/wp-content\/uploads\/2020\/08\/Edu-Alcaraz-Felicicat-1024x683.jpg",980,654,true],"1536x1536":["https:\/\/www.felicicat.cat\/wp-content\/uploads\/2020\/08\/Edu-Alcaraz-Felicicat-1536x1024.jpg",1536,1024,true],"2048x2048":["https:\/\/www.felicicat.cat\/wp-content\/uploads\/2020\/08\/Edu-Alcaraz-Felicicat-2048x1366.jpg",2048,1366,true],"woocommerce_thumbnail":["https:\/\/www.felicicat.cat\/wp-content\/uploads\/2020\/08\/Edu-Alcaraz-Felicicat-center-top-60x60.jpg",60,60,true],"woocommerce_single":["https:\/\/www.felicicat.cat\/wp-content\/uploads\/2020\/08\/Edu-Alcaraz-Felicicat-700x467.jpg",700,467,true],"woocommerce_gallery_thumbnail":["https:\/\/www.felicicat.cat\/wp-content\/uploads\/2020\/08\/Edu-Alcaraz-Felicicat-100x100.jpg",100,100,true],"lightbox":["https:\/\/www.felicicat.cat\/wp-content\/uploads\/2020\/08\/Edu-Alcaraz-Felicicat.jpg",1500,1000,false],"search_results":["https:\/\/www.felicicat.cat\/wp-content\/uploads\/2020\/08\/Edu-Alcaraz-Felicicat-125x125.jpg",125,125,true],"blog_entry":["https:\/\/www.felicicat.cat\/wp-content\/uploads\/2020\/08\/Edu-Alcaraz-Felicicat-680x380.jpg",680,380,true],"blog_post":["https:\/\/www.felicicat.cat\/wp-content\/uploads\/2020\/08\/Edu-Alcaraz-Felicicat-680x380.jpg",680,380,true],"blog_post_full":["https:\/\/www.felicicat.cat\/wp-content\/uploads\/2020\/08\/Edu-Alcaraz-Felicicat-980x653.jpg",980,653,true],"blog_related":["https:\/\/www.felicicat.cat\/wp-content\/uploads\/2020\/08\/Edu-Alcaraz-Felicicat.jpg",570,380,false],"portfolio_entry":["https:\/\/www.felicicat.cat\/wp-content\/uploads\/2020\/08\/Edu-Alcaraz-Felicicat.jpg",500,333,false],"portfolio_post":["https:\/\/www.felicicat.cat\/wp-content\/uploads\/2020\/08\/Edu-Alcaraz-Felicicat.jpg",2500,1667,false],"portfolio_related":["https:\/\/www.felicicat.cat\/wp-content\/uploads\/2020\/08\/Edu-Alcaraz-Felicicat.jpg",500,333,false],"staff_entry":["https:\/\/www.felicicat.cat\/wp-content\/uploads\/2020\/08\/Edu-Alcaraz-Felicicat.jpg",500,333,false],"staff_post":["https:\/\/www.felicicat.cat\/wp-content\/uploads\/2020\/08\/Edu-Alcaraz-Felicicat.jpg",2500,1667,false],"staff_related":["https:\/\/www.felicicat.cat\/wp-content\/uploads\/2020\/08\/Edu-Alcaraz-Felicicat.jpg",500,333,false],"testimonials_entry":["https:\/\/www.felicicat.cat\/wp-content\/uploads\/2020\/08\/Edu-Alcaraz-Felicicat.jpg",45,30,false],"shop_catalog":["https:\/\/www.felicicat.cat\/wp-content\/uploads\/2020\/08\/Edu-Alcaraz-Felicicat-350x233.jpg",350,233,true],"shop_single":["https:\/\/www.felicicat.cat\/wp-content\/uploads\/2020\/08\/Edu-Alcaraz-Felicicat-700x467.jpg",700,467,true],"shop_single_thumbnail":["https:\/\/www.felicicat.cat\/wp-content\/uploads\/2020\/08\/Edu-Alcaraz-Felicicat-140x140.jpg",140,140,true],"shop_category":["https:\/\/www.felicicat.cat\/wp-content\/uploads\/2020\/08\/Edu-Alcaraz-Felicicat.jpg",2500,1667,false],"shop_thumbnail_cart":["https:\/\/www.felicicat.cat\/wp-content\/uploads\/2020\/08\/Edu-Alcaraz-Felicicat-center-top-60x60.jpg",60,60,true],"gallery":["https:\/\/www.felicicat.cat\/wp-content\/uploads\/2020\/08\/Edu-Alcaraz-Felicicat.jpg",500,333,false]},"uagb_author_info":{"display_name":"admin","author_link":"https:\/\/www.felicicat.cat\/es\/author\/admin2\/"},"uagb_comment_info":0,"uagb_excerpt":"Las personas que formamos parte de una sociedad necesitamos recibir est\u00edmulos positivos en todos los escenarios y etapas de nuestra vida. Estamos hartos de leer noticias deprimentes, incluso, de car\u00e1cter apocal\u00edptico y falsas que influyen negativamente en la determinaci\u00f3n de los objetivos personales y profesionales.","_links":{"self":[{"href":"https:\/\/www.felicicat.cat\/es\/wp-json\/wp\/v2\/posts\/7393"}],"collection":[{"href":"https:\/\/www.felicicat.cat\/es\/wp-json\/wp\/v2\/posts"}],"about":[{"href":"https:\/\/www.felicicat.cat\/es\/wp-json\/wp\/v2\/types\/post"}],"author":[{"embeddable":true,"href":"https:\/\/www.felicicat.cat\/es\/wp-json\/wp\/v2\/users\/1"}],"replies":[{"embeddable":true,"href":"https:\/\/www.felicicat.cat\/es\/wp-json\/wp\/v2\/comments?post=7393"}],"version-history":[{"count":1,"href":"https:\/\/www.felicicat.cat\/es\/wp-json\/wp\/v2\/posts\/7393\/revisions"}],"predecessor-version":[{"id":7484,"href":"https:\/\/www.felicicat.cat\/es\/wp-json\/wp\/v2\/posts\/7393\/revisions\/7484"}],"wp:featuredmedia":[{"embeddable":true,"href":"https:\/\/www.felicicat.cat\/es\/wp-json\/wp\/v2\/media\/7170"}],"wp:attachment":[{"href":"https:\/\/www.felicicat.cat\/es\/wp-json\/wp\/v2\/media?parent=7393"}],"wp:term":[{"taxonomy":"category","embeddable":true,"href":"https:\/\/www.felicicat.cat\/es\/wp-json\/wp\/v2\/categories?post=7393"},{"taxonomy":"post_tag","embeddable":true,"href":"https:\/\/www.felicicat.cat\/es\/wp-json\/wp\/v2\/tags?post=7393"},{"taxonomy":"post_series","embeddable":true,"href":"https:\/\/www.felicicat.cat\/es\/wp-json\/wp\/v2\/post_series?post=7393"}],"curies":[{"name":"wp","href":"https:\/\/api.w.org\/{rel}","templated":true}]}}