{"id":7366,"date":"2021-03-09T20:35:35","date_gmt":"2021-03-09T20:35:35","guid":{"rendered":"https:\/\/www.felicicat.cat\/2021\/03\/el-bienestar-de-corazon-que-te-mereces-como-persona-como-parte-proyecto\/"},"modified":"2024-04-13T04:47:29","modified_gmt":"2024-04-13T04:47:29","slug":"el-bienestar-de-corazon-que-te-mereces-como-persona-como-parte-proyecto","status":"publish","type":"post","link":"https:\/\/www.felicicat.cat\/es\/el-bienestar-de-corazon-que-te-mereces-como-persona-como-parte-proyecto\/","title":{"rendered":"El bienestar de coraz\u00f3n que te mereces como persona, como parte de un proyecto."},"content":{"rendered":"<div class=\"sqs-html-content\">\n<p class=\"\" style=\"white-space: pre-wrap;\"><strong>En <\/strong><a href=\"http:\/\/dkv.es\/\" target=\"_blank\" rel=\"noopener\"><strong>DKV<\/strong><\/a><strong> se trabaja para hacer que la salud emocional de las personas que forman parte de la compa\u00f1\u00eda est\u00e9 a prueba de imprevistos, incertidumbres o crisis.\u00a0Con este art\u00edculo, desde feliciCat queremos que descubras todos los recursos que se ofrecen a los empleados con el objetivo de ayudarles a mejorar su salud emocional.<\/strong><\/p>\n<p class=\"\" style=\"white-space: pre-wrap;\">Seg\u00fan la OMS, \u201cla salud emocional se define como el estado de bienestar, entendi\u00e9ndose este bienestar como la situaci\u00f3n que le permite a las personas ser conscientes de sus auto-capacidades, gestionar las dificultades normales de la vida diaria y llevar a cabo trabajos productivos\u201d.<\/p>\n<p class=\"\" style=\"white-space: pre-wrap;\">A pesar de su importancia para la salud personal y el equilibrio en la vida profesional y personal, vivimos momentos dif\u00edciles para nuestro bienestar emocional.\u00a0\u00bfSab\u00edas que diez millones de espa\u00f1oles se encuentran riesgo de presentar problemas psicol\u00f3gicos derivados de la pandemia de COVID-19?\u00a0En cambio, \u00ablas personas emocionalmente sanas destacan por su sentimiento de satisfacci\u00f3n, entusiasmo por la vida, capacidad de gestionar el estr\u00e9s y recuperarse de la adversidad, sentido de significado y prop\u00f3sito, tanto en sus actividades como en sus relaciones, flexibilidad para aprender cosas nuevas y adaptarse al cambio, equilibrio entre el trabajo y el ocio, el descanso y la actividad, capacidad de construir y mantener relaciones satisfactorias, y confianza en s\u00ed mismo y una autoestima alta \u00ab, explica <strong>Nuria Villalvilla, responsable de la Unidad t\u00e9cnica del Servicio de Prevenci\u00f3n y Equipo de la Unidad de Bienestar Emocional<\/strong>\u00a0.<\/p>\n<p class=\"\" style=\"white-space: pre-wrap;\">\u00abDesde mi inicio en el sector de la prevenci\u00f3n en el a\u00f1o 1999 he podido observar una evoluci\u00f3n progresiva del cuidado de la salud psicosocial y emocional de las organizaciones. En los \u00faltimos a\u00f1os, se est\u00e1 reemplazando como parte ya de las nuevas estrategias empresariales. Las propias compa\u00f1\u00edas se est\u00e1n transformando, pedir a ser m\u00e1s humanistas \u00ab, comenta Nuria, que reclama que\u00bb el motor de toda organizaci\u00f3n siempre ser\u00e1n las personas \u00ab.<\/p>\n<p class=\"\" style=\"white-space: pre-wrap;\">Por ese motivo, <strong>diferentes unidades de DKV trabajan para ofrecer recursos que pueden ayudar a mejorar el bienestar emocional de los empleados e, incluso, de sus familias.\u00a0<\/strong>\u00bfQuieres conocerlos en detalle? \u00a1All\u00e1 vamos!<\/p>\n<p class=\"sqsrte-large\" style=\"white-space: pre-wrap;\"><strong>Medidas de DKV para que mejores tu bienestar emocional\u00a0<\/strong><\/p>\n<p class=\"\" style=\"white-space: pre-wrap;\"><strong>Servicio de orientaci\u00f3n psicol\u00f3gica y emocional:<\/strong>\u00a0a trav\u00e9s de la\u00a0<strong>Fundaci\u00f3n Salud y Persona<\/strong>\u00a0, el empleado o su familia (padres, c\u00f3nyuge o pareja e hijos) podr\u00e1n ser asesorados por un psic\u00f3logo a cualquier hora del d\u00eda a trav\u00e9s de llamadas telef\u00f3nicas gratuitas.<\/p>\n<p class=\"\" style=\"white-space: pre-wrap;\"><strong>App Siente:<\/strong>\u00a0aplicaci\u00f3n a disposici\u00f3n de los empleados que permite evaluar el propio nivel de bienestar seg\u00fan el test Pemberton.\u00a0Una vez medido el \u00edndice de bienestar tendr\u00e1 acceso a sesiones guiadas de meditaci\u00f3n con audios que ir\u00e1n aumentar\u00e1 su duraci\u00f3n a medida que avanza en el programa personalizado, de\u00a0mindfulness\u00a0y ejercicios de psicolog\u00eda positiva.\u00a0Adem\u00e1s, dispone de otras p\u00edldoras de bienestar como complemento.\u00a0El objetivo es integrar la experiencia de atenci\u00f3n plena en su vida cotidiana.\u00a0Est\u00e1 disponible en los m\u00f3viles de empresa (los empleados pueden validar su usuario a trav\u00e9s de una plataforma interna, y sus familaries pueden inscribirse gratis durante un a\u00f1o).<\/p>\n<p class=\"\" style=\"white-space: pre-wrap;\"><a href=\"http:\/\/omm.dkvsalud.com\/\" target=\"_blank\" rel=\"noopener\"><strong>DKV Omm<\/strong><\/a><strong>\u00a0:<\/strong>\u00a0espacio digital con contenidos y herramientas exclusivas para que los clientes y empleados de DKV puedan aprender, gestionar y mejorar sentimientos y las emociones.\u00a0Entre otras cosas, permite realizar un diario de las emociones para conocer de forma consciente los sentimientos e incluye multitud de herramientas en diferentes formatos (por ejemplo, herramientas de audio, v\u00eddeo, escribir, dibujar, leer y actuar para que cuidar su bienestar emocional sea m\u00e1s f\u00e1cil).<\/p>\n<p class=\"\" style=\"white-space: pre-wrap;\"><strong>Programa \u00abTe cuidamos en casa\u00bb:<\/strong>\u00a0sesiones deportivas, de relajaci\u00f3n, consejos de ergonom\u00eda y fisioterapia, actividades con ni\u00f1os, seguridad en personas mayores, rutinas saludables en cuarentena, c\u00f3mo gestionar el \u201cpicoteo\u201d, actividades culturales, c\u00f3mo podemos mejorar nuestra gesti\u00f3n emocional. Todo este contenido est\u00e1 publicado por la Unidad T\u00e9cnica del Servicio de Prevenci\u00f3n en la comunidad Empresa saludable.<\/p>\n<p class=\"\" style=\"white-space: pre-wrap;\"><strong>Programa \u00ab21 d\u00edas para poner en forma tus emociones\u00bb:<\/strong>\u00a0de la mano de Yoga Sin Fronteras, se pusieron en marcha 21 sesiones en directo y en diferido de meditaci\u00f3n para los empleados, de forma que podr\u00edan instaurar este h\u00e1bito.<\/p>\n<p class=\"\" style=\"white-space: pre-wrap;\"><strong>Bienestar y teletrabajo:<\/strong>\u00a0Se recomend\u00f3 a los responsables de equipos que realizaran, como m\u00ednimo, una llamada individual a la semana a cada uno de sus colaboradores para conocer c\u00f3mo se encontraban, as\u00ed como la organizaci\u00f3n de reuniones de equipo a trav\u00e9s de la herramienta Teams con el equipo con un objetivo l\u00fadico.<\/p>\n<p class=\"\" style=\"white-space: pre-wrap;\"><strong>Realizaci\u00f3n de eventos online con motivo del D\u00eda Mundial de la Seguridad y Salud en el Trabajo:<\/strong><\/p>\n<p class=\"\" style=\"white-space: pre-wrap;\">&#8211;\u00a0Webinar \u00abOptimismo y gratitud: Tu vacuna ante la adversidad\u00bb\u00a0, de Carmen Soler, del equipo de investigaci\u00f3n WANT Prevenci\u00f3n Psicosocial y Organizaciones Saludables sobre el m\u00e9todo HERO (Healthy &amp; Resilient Organization).<\/p>\n<p class=\"\" style=\"white-space: pre-wrap;\">&#8211;\u00a0Conferencia \u00abLa salud, tu mejor talento\u00bb\u00a0, impartida por la Dra.\u00a0Lourdes Tom\u00e1s Rubio, que desengran\u00f3 un nuevo concepto de salud y la relaci\u00f3n entre el cuerpo, la mente y las emociones.<\/p>\n<p class=\"sqsrte-large\" style=\"white-space: pre-wrap;\"><strong>Pr\u00f3ximos pasos<\/strong><\/p>\n<p class=\"\" style=\"white-space: pre-wrap;\">Con la puesta en marcha la <strong>Unidad de Bienestar Emocional en DKV<\/strong>, \u00abse quiere potenciar el enfoque emocional como elemento de impacto directo en la salud y como eje vertebrador de un <strong>proceso profundo de humanizaci\u00f3n de la organizaci\u00f3n<\/strong>, sin olvidarnos de cubrir el enfoque legal en materia preventiva \u00ab, explica Nuria Villavilla, que a\u00f1ade \u00abes una transformaci\u00f3n cultural que comportar\u00e1 tiempo, esfuerzo, recursos, trabajo, compromiso y, sobre todo, convicci\u00f3n. Las l\u00edneas de actuaci\u00f3n son cuidar, entrenar y acompa\u00f1ar\u00bb.<\/p>\n<p class=\"\" style=\"white-space: pre-wrap;\">DKV dedica muchos esfuerzos en mejorar el bienestar de las personas que componen la compa\u00f1\u00eda.\u00a0\u00bfC\u00f3mo?\u00a0Gracias al plan que ha dise\u00f1ado para ello y que comienza con el lanzamiento de una\u00a0<strong>encuesta para conocer el estado de bienestar<\/strong>\u00a0real de los empleados.<\/p>\n<p class=\"\" style=\"white-space: pre-wrap;\">\u00abEl primer objetivo de la UBE es conocer cu\u00e1l es el\u00a0<strong>mapa emocional de DKV.<\/strong>\u00a0\u202fPara ello, trabajamos con una herramienta de evaluaci\u00f3n diagn\u00f3stica y preventiva de bienestar emocional (engagement versus\u00a0burnout,\u00a0a\u00a0s\u00ed como bienestar eudaim\u00f3nico y estr\u00e9s laboral) cubriendo un amplio rango de factores psicosociales. Adem\u00e1s, se refuerza este \u00e1mbito con un espacio AntiCovid.\u202fTambi\u00e9n se quiere plantear como un apoyo vital contar con el apoyo de equipos de bienestar, para detectar las necesidades emocionales de su entorno de trabajo, ya que el d\u00eda a d\u00eda y las situaciones a la que se enfrenta a la organizaci\u00f3n son diversas.\u00a0Este modelo de an\u00e1lisis se present\u00f3 a Direcci\u00f3n y representantes legales en materia preventiva para su validaci\u00f3n \u00ab, informa Nuria.<\/p>\n<p class=\"\" style=\"white-space: pre-wrap;\">Asimismo, DKV tiene prevista una sesi\u00f3n a la que est\u00e1 invitada toda la plantilla en la que el experto motivacional\u00a0<strong>V\u00edctor K\u00fcppers nos hablar\u00e1 de felicidad, se realizar\u00e1 una sesi\u00f3n de yoga y conoceremos m\u00e1s de cerca las funcionalidades de DKV Omm.\u00a0<\/strong>Ser\u00e1 elpr\u00f3ximo 12 de marzo.<\/p>\n<\/div>\n<div class=\" image-block-outer-wrapper layout-caption-below design-layout-inline combination-animation-site-default individual-animation-site-default individual-text-animation-site-default \" data-test=\"image-block-inline-outer-wrapper\">\n<figure class=\" sqs-block-image-figure intrinsic \" style=\"max-width: 1600px;\">\n<div class=\"image-block-wrapper\" data-animation-role=\"image\">\n<div class=\"sqs-image-shape-container-element has-aspect-ratio \" style=\"position: relative; padding-bottom: 326.875%; overflow: hidden; -webkit-mask-image: -webkit-radial-gradient(white, black);\">\n<p><img loading=\"lazy\" decoding=\"async\" style=\"display: block; object-fit: cover; width: 100%; height: 100%; object-position: 50% 50%;\" src=\"https:\/\/www.felicicat.cat\/wp-content\/uploads\/2024\/04\/DKV-Infografia-ESP.png\" sizes=\"(max-width: 640px) 100vw, (max-width: 767px) 100vw, 100vw\" srcset=\"https:\/\/www.felicicat.cat\/wp-content\/uploads\/2024\/04\/DKV-Infografia-ESP.png?format=100w 100w, https:\/\/www.felicicat.cat\/wp-content\/uploads\/2024\/04\/DKV-Infografia-ESP.png?format=300w 300w, https:\/\/www.felicicat.cat\/wp-content\/uploads\/2024\/04\/DKV-Infografia-ESP.png?format=500w 500w, https:\/\/www.felicicat.cat\/wp-content\/uploads\/2024\/04\/DKV-Infografia-ESP.png?format=750w 750w, https:\/\/www.felicicat.cat\/wp-content\/uploads\/2024\/04\/DKV-Infografia-ESP.png?format=1000w 1000w, https:\/\/www.felicicat.cat\/wp-content\/uploads\/2024\/04\/DKV-Infografia-ESP.png?format=1500w 1500w, https:\/\/www.felicicat.cat\/wp-content\/uploads\/2024\/04\/DKV-Infografia-ESP.png?format=2500w 2500w\" alt=\"DKV-Infografia-ESP.png\" width=\"1600\" height=\"5230\" data-stretch=\"false\" data-image=\"https:\/\/www.felicicat.cat\/wp-content\/uploads\/2024\/04\/DKV-Infografia-ESP.png\" data-image-dimensions=\"1600x5230\" data-image-focal-point=\"0.5,0.5\" data-load=\"false\" data-loader=\"sqs\" \/><\/p>\n<\/div>\n<\/div>\n<\/figure>\n<\/div>\n","protected":false},"excerpt":{"rendered":"<p class=\"\" style=\"white-space:pre-wrap;\">En feliciCat estamos orgullosos de nuestros patrocinadores. Empresas que se alinean al 100% con nuestros valores. Con este art\u00edculo queremos que apreci\u00e9is el porqu\u00e9 DKV Salud es una empresa que aplica el bienestar organizacional.<\/p>\n<p class=\"\" style=\"white-space:pre-wrap;\">Nosotros ya nos hemos convertido en activistas de la salud. \u00bfY t\u00fa? Una empresa que apuesta por la sostenibilidad, la inclusi\u00f3n, la diversidad, la equidad o la nutrici\u00f3n es una empresa que aporta un valor a la sociedad.<\/p>\n","protected":false},"author":1,"featured_media":7025,"comment_status":"closed","ping_status":"closed","sticky":false,"template":"","format":"standard","meta":{"_uag_custom_page_level_css":"","footnotes":""},"categories":[342],"tags":[230,247,120],"post_series":[],"yoast_head":"<!-- This site is optimized with the Yoast SEO plugin v22.5 - https:\/\/yoast.com\/wordpress\/plugins\/seo\/ -->\n<title>El bienestar de coraz\u00f3n que te mereces como persona, como parte de un proyecto. - Felicicat<\/title>\n<meta name=\"robots\" content=\"index, follow, max-snippet:-1, max-image-preview:large, max-video-preview:-1\" \/>\n<link rel=\"canonical\" href=\"https:\/\/www.felicicat.cat\/es\/el-bienestar-de-corazon-que-te-mereces-como-persona-como-parte-proyecto\/\" \/>\n<meta property=\"og:locale\" content=\"es_ES\" \/>\n<meta property=\"og:type\" content=\"article\" \/>\n<meta property=\"og:title\" content=\"El bienestar de coraz\u00f3n que te mereces como persona, como parte de un proyecto. - Felicicat\" \/>\n<meta property=\"og:description\" content=\"En feliciCat estamos orgullosos de nuestros patrocinadores. Empresas que se alinean al 100% con nuestros valores. Con este art\u00edculo queremos que apreci\u00e9is el porqu\u00e9 DKV Salud es una empresa que aplica el bienestar organizacional.Nosotros ya nos hemos convertido en activistas de la salud. \u00bfY t\u00fa? Una empresa que apuesta por la sostenibilidad, la inclusi\u00f3n, la diversidad, la equidad o la nutrici\u00f3n es una empresa que aporta un valor a la sociedad.\" \/>\n<meta property=\"og:url\" content=\"https:\/\/www.felicicat.cat\/es\/el-bienestar-de-corazon-que-te-mereces-como-persona-como-parte-proyecto\/\" \/>\n<meta property=\"og:site_name\" content=\"Felicicat\" \/>\n<meta property=\"article:published_time\" content=\"2021-03-09T20:35:35+00:00\" \/>\n<meta property=\"article:modified_time\" content=\"2024-04-13T04:47:29+00:00\" \/>\n<meta property=\"og:image\" content=\"https:\/\/www.felicicat.cat\/wp-content\/uploads\/2021\/03\/DKV-Bienestar-Article_ESP.jpg\" \/>\n\t<meta property=\"og:image:width\" content=\"1100\" \/>\n\t<meta property=\"og:image:height\" content=\"800\" \/>\n\t<meta property=\"og:image:type\" content=\"image\/jpeg\" \/>\n<meta name=\"author\" content=\"admin\" \/>\n<meta name=\"twitter:card\" content=\"summary_large_image\" \/>\n<meta name=\"twitter:label1\" content=\"Escrito por\" \/>\n\t<meta name=\"twitter:data1\" content=\"admin\" \/>\n\t<meta name=\"twitter:label2\" content=\"Tiempo de lectura\" \/>\n\t<meta name=\"twitter:data2\" content=\"7 minutos\" \/>\n<script type=\"application\/ld+json\" class=\"yoast-schema-graph\">{\"@context\":\"https:\/\/schema.org\",\"@graph\":[{\"@type\":\"Article\",\"@id\":\"https:\/\/www.felicicat.cat\/es\/el-bienestar-de-corazon-que-te-mereces-como-persona-como-parte-proyecto\/#article\",\"isPartOf\":{\"@id\":\"https:\/\/www.felicicat.cat\/es\/el-bienestar-de-corazon-que-te-mereces-como-persona-como-parte-proyecto\/\"},\"author\":{\"name\":\"admin\",\"@id\":\"https:\/\/www.felicicat.cat\/#\/schema\/person\/b86d2cd5d0c959c4124f705bdab5b73b\"},\"headline\":\"El bienestar de coraz\u00f3n que te mereces como persona, como parte de un proyecto.\",\"datePublished\":\"2021-03-09T20:35:35+00:00\",\"dateModified\":\"2024-04-13T04:47:29+00:00\",\"mainEntityOfPage\":{\"@id\":\"https:\/\/www.felicicat.cat\/es\/el-bienestar-de-corazon-que-te-mereces-como-persona-como-parte-proyecto\/\"},\"wordCount\":1200,\"publisher\":{\"@id\":\"https:\/\/www.felicicat.cat\/#organization\"},\"image\":{\"@id\":\"https:\/\/www.felicicat.cat\/es\/el-bienestar-de-corazon-que-te-mereces-como-persona-como-parte-proyecto\/#primaryimage\"},\"thumbnailUrl\":\"https:\/\/www.felicicat.cat\/wp-content\/uploads\/2021\/03\/DKV-Bienestar-Article_ESP.jpg\",\"keywords\":[\"bienestar\",\"DKV Salud\",\"feliciCat\"],\"articleSection\":[\"Actualidad y tendencias\"],\"inLanguage\":\"es\"},{\"@type\":\"WebPage\",\"@id\":\"https:\/\/www.felicicat.cat\/es\/el-bienestar-de-corazon-que-te-mereces-como-persona-como-parte-proyecto\/\",\"url\":\"https:\/\/www.felicicat.cat\/es\/el-bienestar-de-corazon-que-te-mereces-como-persona-como-parte-proyecto\/\",\"name\":\"El bienestar de coraz\u00f3n que te mereces como persona, como parte de un proyecto. - Felicicat\",\"isPartOf\":{\"@id\":\"https:\/\/www.felicicat.cat\/#website\"},\"primaryImageOfPage\":{\"@id\":\"https:\/\/www.felicicat.cat\/es\/el-bienestar-de-corazon-que-te-mereces-como-persona-como-parte-proyecto\/#primaryimage\"},\"image\":{\"@id\":\"https:\/\/www.felicicat.cat\/es\/el-bienestar-de-corazon-que-te-mereces-como-persona-como-parte-proyecto\/#primaryimage\"},\"thumbnailUrl\":\"https:\/\/www.felicicat.cat\/wp-content\/uploads\/2021\/03\/DKV-Bienestar-Article_ESP.jpg\",\"datePublished\":\"2021-03-09T20:35:35+00:00\",\"dateModified\":\"2024-04-13T04:47:29+00:00\",\"breadcrumb\":{\"@id\":\"https:\/\/www.felicicat.cat\/es\/el-bienestar-de-corazon-que-te-mereces-como-persona-como-parte-proyecto\/#breadcrumb\"},\"inLanguage\":\"es\",\"potentialAction\":[{\"@type\":\"ReadAction\",\"target\":[\"https:\/\/www.felicicat.cat\/es\/el-bienestar-de-corazon-que-te-mereces-como-persona-como-parte-proyecto\/\"]}]},{\"@type\":\"ImageObject\",\"inLanguage\":\"es\",\"@id\":\"https:\/\/www.felicicat.cat\/es\/el-bienestar-de-corazon-que-te-mereces-como-persona-como-parte-proyecto\/#primaryimage\",\"url\":\"https:\/\/www.felicicat.cat\/wp-content\/uploads\/2021\/03\/DKV-Bienestar-Article_ESP.jpg\",\"contentUrl\":\"https:\/\/www.felicicat.cat\/wp-content\/uploads\/2021\/03\/DKV-Bienestar-Article_ESP.jpg\",\"width\":1100,\"height\":800,\"caption\":\"exc-6040fea7b6044c2b87b35348\"},{\"@type\":\"BreadcrumbList\",\"@id\":\"https:\/\/www.felicicat.cat\/es\/el-bienestar-de-corazon-que-te-mereces-como-persona-como-parte-proyecto\/#breadcrumb\",\"itemListElement\":[{\"@type\":\"ListItem\",\"position\":1,\"name\":\"Home\",\"item\":\"https:\/\/www.felicicat.cat\/es\/\"},{\"@type\":\"ListItem\",\"position\":2,\"name\":\"El bienestar de coraz\u00f3n que te mereces como&hellip;\"}]},{\"@type\":\"WebSite\",\"@id\":\"https:\/\/www.felicicat.cat\/#website\",\"url\":\"https:\/\/www.felicicat.cat\/\",\"name\":\"Felicicat\",\"description\":\"Institut Catal\u00e0 de la felicitat\",\"publisher\":{\"@id\":\"https:\/\/www.felicicat.cat\/#organization\"},\"potentialAction\":[{\"@type\":\"SearchAction\",\"target\":{\"@type\":\"EntryPoint\",\"urlTemplate\":\"https:\/\/www.felicicat.cat\/?s={search_term_string}\"},\"query-input\":\"required name=search_term_string\"}],\"inLanguage\":\"es\"},{\"@type\":\"Organization\",\"@id\":\"https:\/\/www.felicicat.cat\/#organization\",\"name\":\"Felicicat\",\"url\":\"https:\/\/www.felicicat.cat\/\",\"logo\":{\"@type\":\"ImageObject\",\"inLanguage\":\"es\",\"@id\":\"https:\/\/www.felicicat.cat\/#\/schema\/logo\/image\/\",\"url\":\"https:\/\/www.felicicat.cat\/wp-content\/uploads\/2023\/11\/4_proveslogotipsfelicicatFINAL_Mesadetrabajo1.png\",\"contentUrl\":\"https:\/\/www.felicicat.cat\/wp-content\/uploads\/2023\/11\/4_proveslogotipsfelicicatFINAL_Mesadetrabajo1.png\",\"width\":1500,\"height\":195,\"caption\":\"Felicicat\"},\"image\":{\"@id\":\"https:\/\/www.felicicat.cat\/#\/schema\/logo\/image\/\"}},{\"@type\":\"Person\",\"@id\":\"https:\/\/www.felicicat.cat\/#\/schema\/person\/b86d2cd5d0c959c4124f705bdab5b73b\",\"name\":\"admin\",\"image\":{\"@type\":\"ImageObject\",\"inLanguage\":\"es\",\"@id\":\"https:\/\/www.felicicat.cat\/#\/schema\/person\/image\/\",\"url\":\"https:\/\/secure.gravatar.com\/avatar\/d44c1b493c211a5b76522ef4dfbc28f8?s=96&d=mm&r=g\",\"contentUrl\":\"https:\/\/secure.gravatar.com\/avatar\/d44c1b493c211a5b76522ef4dfbc28f8?s=96&d=mm&r=g\",\"caption\":\"admin\"},\"url\":\"https:\/\/www.felicicat.cat\/es\/author\/admin2\/\"}]}<\/script>\n<!-- \/ Yoast SEO plugin. -->","yoast_head_json":{"title":"El bienestar de coraz\u00f3n que te mereces como persona, como parte de un proyecto. - Felicicat","robots":{"index":"index","follow":"follow","max-snippet":"max-snippet:-1","max-image-preview":"max-image-preview:large","max-video-preview":"max-video-preview:-1"},"canonical":"https:\/\/www.felicicat.cat\/es\/el-bienestar-de-corazon-que-te-mereces-como-persona-como-parte-proyecto\/","og_locale":"es_ES","og_type":"article","og_title":"El bienestar de coraz\u00f3n que te mereces como persona, como parte de un proyecto. - Felicicat","og_description":"En feliciCat estamos orgullosos de nuestros patrocinadores. Empresas que se alinean al 100% con nuestros valores. Con este art\u00edculo queremos que apreci\u00e9is el porqu\u00e9 DKV Salud es una empresa que aplica el bienestar organizacional.Nosotros ya nos hemos convertido en activistas de la salud. \u00bfY t\u00fa? Una empresa que apuesta por la sostenibilidad, la inclusi\u00f3n, la diversidad, la equidad o la nutrici\u00f3n es una empresa que aporta un valor a la sociedad.","og_url":"https:\/\/www.felicicat.cat\/es\/el-bienestar-de-corazon-que-te-mereces-como-persona-como-parte-proyecto\/","og_site_name":"Felicicat","article_published_time":"2021-03-09T20:35:35+00:00","article_modified_time":"2024-04-13T04:47:29+00:00","og_image":[{"width":1100,"height":800,"url":"https:\/\/www.felicicat.cat\/wp-content\/uploads\/2021\/03\/DKV-Bienestar-Article_ESP.jpg","type":"image\/jpeg"}],"author":"admin","twitter_card":"summary_large_image","twitter_misc":{"Escrito por":"admin","Tiempo de lectura":"7 minutos"},"schema":{"@context":"https:\/\/schema.org","@graph":[{"@type":"Article","@id":"https:\/\/www.felicicat.cat\/es\/el-bienestar-de-corazon-que-te-mereces-como-persona-como-parte-proyecto\/#article","isPartOf":{"@id":"https:\/\/www.felicicat.cat\/es\/el-bienestar-de-corazon-que-te-mereces-como-persona-como-parte-proyecto\/"},"author":{"name":"admin","@id":"https:\/\/www.felicicat.cat\/#\/schema\/person\/b86d2cd5d0c959c4124f705bdab5b73b"},"headline":"El bienestar de coraz\u00f3n que te mereces como persona, como parte de un proyecto.","datePublished":"2021-03-09T20:35:35+00:00","dateModified":"2024-04-13T04:47:29+00:00","mainEntityOfPage":{"@id":"https:\/\/www.felicicat.cat\/es\/el-bienestar-de-corazon-que-te-mereces-como-persona-como-parte-proyecto\/"},"wordCount":1200,"publisher":{"@id":"https:\/\/www.felicicat.cat\/#organization"},"image":{"@id":"https:\/\/www.felicicat.cat\/es\/el-bienestar-de-corazon-que-te-mereces-como-persona-como-parte-proyecto\/#primaryimage"},"thumbnailUrl":"https:\/\/www.felicicat.cat\/wp-content\/uploads\/2021\/03\/DKV-Bienestar-Article_ESP.jpg","keywords":["bienestar","DKV Salud","feliciCat"],"articleSection":["Actualidad y tendencias"],"inLanguage":"es"},{"@type":"WebPage","@id":"https:\/\/www.felicicat.cat\/es\/el-bienestar-de-corazon-que-te-mereces-como-persona-como-parte-proyecto\/","url":"https:\/\/www.felicicat.cat\/es\/el-bienestar-de-corazon-que-te-mereces-como-persona-como-parte-proyecto\/","name":"El bienestar de coraz\u00f3n que te mereces como persona, como parte de un proyecto. - Felicicat","isPartOf":{"@id":"https:\/\/www.felicicat.cat\/#website"},"primaryImageOfPage":{"@id":"https:\/\/www.felicicat.cat\/es\/el-bienestar-de-corazon-que-te-mereces-como-persona-como-parte-proyecto\/#primaryimage"},"image":{"@id":"https:\/\/www.felicicat.cat\/es\/el-bienestar-de-corazon-que-te-mereces-como-persona-como-parte-proyecto\/#primaryimage"},"thumbnailUrl":"https:\/\/www.felicicat.cat\/wp-content\/uploads\/2021\/03\/DKV-Bienestar-Article_ESP.jpg","datePublished":"2021-03-09T20:35:35+00:00","dateModified":"2024-04-13T04:47:29+00:00","breadcrumb":{"@id":"https:\/\/www.felicicat.cat\/es\/el-bienestar-de-corazon-que-te-mereces-como-persona-como-parte-proyecto\/#breadcrumb"},"inLanguage":"es","potentialAction":[{"@type":"ReadAction","target":["https:\/\/www.felicicat.cat\/es\/el-bienestar-de-corazon-que-te-mereces-como-persona-como-parte-proyecto\/"]}]},{"@type":"ImageObject","inLanguage":"es","@id":"https:\/\/www.felicicat.cat\/es\/el-bienestar-de-corazon-que-te-mereces-como-persona-como-parte-proyecto\/#primaryimage","url":"https:\/\/www.felicicat.cat\/wp-content\/uploads\/2021\/03\/DKV-Bienestar-Article_ESP.jpg","contentUrl":"https:\/\/www.felicicat.cat\/wp-content\/uploads\/2021\/03\/DKV-Bienestar-Article_ESP.jpg","width":1100,"height":800,"caption":"exc-6040fea7b6044c2b87b35348"},{"@type":"BreadcrumbList","@id":"https:\/\/www.felicicat.cat\/es\/el-bienestar-de-corazon-que-te-mereces-como-persona-como-parte-proyecto\/#breadcrumb","itemListElement":[{"@type":"ListItem","position":1,"name":"Home","item":"https:\/\/www.felicicat.cat\/es\/"},{"@type":"ListItem","position":2,"name":"El bienestar de coraz\u00f3n que te mereces como&hellip;"}]},{"@type":"WebSite","@id":"https:\/\/www.felicicat.cat\/#website","url":"https:\/\/www.felicicat.cat\/","name":"Felicicat","description":"Institut Catal\u00e0 de la felicitat","publisher":{"@id":"https:\/\/www.felicicat.cat\/#organization"},"potentialAction":[{"@type":"SearchAction","target":{"@type":"EntryPoint","urlTemplate":"https:\/\/www.felicicat.cat\/?s={search_term_string}"},"query-input":"required name=search_term_string"}],"inLanguage":"es"},{"@type":"Organization","@id":"https:\/\/www.felicicat.cat\/#organization","name":"Felicicat","url":"https:\/\/www.felicicat.cat\/","logo":{"@type":"ImageObject","inLanguage":"es","@id":"https:\/\/www.felicicat.cat\/#\/schema\/logo\/image\/","url":"https:\/\/www.felicicat.cat\/wp-content\/uploads\/2023\/11\/4_proveslogotipsfelicicatFINAL_Mesadetrabajo1.png","contentUrl":"https:\/\/www.felicicat.cat\/wp-content\/uploads\/2023\/11\/4_proveslogotipsfelicicatFINAL_Mesadetrabajo1.png","width":1500,"height":195,"caption":"Felicicat"},"image":{"@id":"https:\/\/www.felicicat.cat\/#\/schema\/logo\/image\/"}},{"@type":"Person","@id":"https:\/\/www.felicicat.cat\/#\/schema\/person\/b86d2cd5d0c959c4124f705bdab5b73b","name":"admin","image":{"@type":"ImageObject","inLanguage":"es","@id":"https:\/\/www.felicicat.cat\/#\/schema\/person\/image\/","url":"https:\/\/secure.gravatar.com\/avatar\/d44c1b493c211a5b76522ef4dfbc28f8?s=96&d=mm&r=g","contentUrl":"https:\/\/secure.gravatar.com\/avatar\/d44c1b493c211a5b76522ef4dfbc28f8?s=96&d=mm&r=g","caption":"admin"},"url":"https:\/\/www.felicicat.cat\/es\/author\/admin2\/"}]}},"uagb_featured_image_src":{"full":["https:\/\/www.felicicat.cat\/wp-content\/uploads\/2021\/03\/DKV-Bienestar-Article_ESP.jpg",1100,800,false],"thumbnail":["https:\/\/www.felicicat.cat\/wp-content\/uploads\/2021\/03\/DKV-Bienestar-Article_ESP-150x150.jpg",150,150,true],"medium":["https:\/\/www.felicicat.cat\/wp-content\/uploads\/2021\/03\/DKV-Bienestar-Article_ESP-300x218.jpg",300,218,true],"medium_large":["https:\/\/www.felicicat.cat\/wp-content\/uploads\/2021\/03\/DKV-Bienestar-Article_ESP-768x559.jpg",768,559,true],"large":["https:\/\/www.felicicat.cat\/wp-content\/uploads\/2021\/03\/DKV-Bienestar-Article_ESP-1024x745.jpg",980,713,true],"1536x1536":["https:\/\/www.felicicat.cat\/wp-content\/uploads\/2021\/03\/DKV-Bienestar-Article_ESP.jpg",1100,800,false],"2048x2048":["https:\/\/www.felicicat.cat\/wp-content\/uploads\/2021\/03\/DKV-Bienestar-Article_ESP.jpg",1100,800,false],"woocommerce_thumbnail":["https:\/\/www.felicicat.cat\/wp-content\/uploads\/2021\/03\/DKV-Bienestar-Article_ESP-center-top-60x60.jpg",60,60,true],"woocommerce_single":["https:\/\/www.felicicat.cat\/wp-content\/uploads\/2021\/03\/DKV-Bienestar-Article_ESP-700x509.jpg",700,509,true],"woocommerce_gallery_thumbnail":["https:\/\/www.felicicat.cat\/wp-content\/uploads\/2021\/03\/DKV-Bienestar-Article_ESP-100x100.jpg",100,100,true],"lightbox":["https:\/\/www.felicicat.cat\/wp-content\/uploads\/2021\/03\/DKV-Bienestar-Article_ESP.jpg",1100,800,false],"search_results":["https:\/\/www.felicicat.cat\/wp-content\/uploads\/2021\/03\/DKV-Bienestar-Article_ESP-125x125.jpg",125,125,true],"blog_entry":["https:\/\/www.felicicat.cat\/wp-content\/uploads\/2021\/03\/DKV-Bienestar-Article_ESP-680x380.jpg",680,380,true],"blog_post":["https:\/\/www.felicicat.cat\/wp-content\/uploads\/2021\/03\/DKV-Bienestar-Article_ESP-680x380.jpg",680,380,true],"blog_post_full":["https:\/\/www.felicicat.cat\/wp-content\/uploads\/2021\/03\/DKV-Bienestar-Article_ESP-980x713.jpg",980,713,true],"blog_related":["https:\/\/www.felicicat.cat\/wp-content\/uploads\/2021\/03\/DKV-Bienestar-Article_ESP.jpg",523,380,false],"portfolio_entry":["https:\/\/www.felicicat.cat\/wp-content\/uploads\/2021\/03\/DKV-Bienestar-Article_ESP.jpg",481,350,false],"portfolio_post":["https:\/\/www.felicicat.cat\/wp-content\/uploads\/2021\/03\/DKV-Bienestar-Article_ESP.jpg",1100,800,false],"portfolio_related":["https:\/\/www.felicicat.cat\/wp-content\/uploads\/2021\/03\/DKV-Bienestar-Article_ESP.jpg",481,350,false],"staff_entry":["https:\/\/www.felicicat.cat\/wp-content\/uploads\/2021\/03\/DKV-Bienestar-Article_ESP.jpg",500,364,false],"staff_post":["https:\/\/www.felicicat.cat\/wp-content\/uploads\/2021\/03\/DKV-Bienestar-Article_ESP.jpg",1100,800,false],"staff_related":["https:\/\/www.felicicat.cat\/wp-content\/uploads\/2021\/03\/DKV-Bienestar-Article_ESP.jpg",500,364,false],"testimonials_entry":["https:\/\/www.felicicat.cat\/wp-content\/uploads\/2021\/03\/DKV-Bienestar-Article_ESP.jpg",45,33,false],"shop_catalog":["https:\/\/www.felicicat.cat\/wp-content\/uploads\/2021\/03\/DKV-Bienestar-Article_ESP-350x255.jpg",350,255,true],"shop_single":["https:\/\/www.felicicat.cat\/wp-content\/uploads\/2021\/03\/DKV-Bienestar-Article_ESP-700x509.jpg",700,509,true],"shop_single_thumbnail":["https:\/\/www.felicicat.cat\/wp-content\/uploads\/2021\/03\/DKV-Bienestar-Article_ESP-140x140.jpg",140,140,true],"shop_category":["https:\/\/www.felicicat.cat\/wp-content\/uploads\/2021\/03\/DKV-Bienestar-Article_ESP.jpg",1100,800,false],"shop_thumbnail_cart":["https:\/\/www.felicicat.cat\/wp-content\/uploads\/2021\/03\/DKV-Bienestar-Article_ESP-center-top-60x60.jpg",60,60,true],"gallery":["https:\/\/www.felicicat.cat\/wp-content\/uploads\/2021\/03\/DKV-Bienestar-Article_ESP.jpg",500,364,false]},"uagb_author_info":{"display_name":"admin","author_link":"https:\/\/www.felicicat.cat\/es\/author\/admin2\/"},"uagb_comment_info":0,"uagb_excerpt":"En feliciCat estamos orgullosos de nuestros patrocinadores. Empresas que se alinean al 100% con nuestros valores. Con este art\u00edculo queremos que apreci\u00e9is el porqu\u00e9 DKV Salud es una empresa que aplica el bienestar organizacional.Nosotros ya nos hemos convertido en activistas de la salud. \u00bfY t\u00fa? Una empresa que apuesta por la sostenibilidad, la inclusi\u00f3n, la&hellip;","_links":{"self":[{"href":"https:\/\/www.felicicat.cat\/es\/wp-json\/wp\/v2\/posts\/7366"}],"collection":[{"href":"https:\/\/www.felicicat.cat\/es\/wp-json\/wp\/v2\/posts"}],"about":[{"href":"https:\/\/www.felicicat.cat\/es\/wp-json\/wp\/v2\/types\/post"}],"author":[{"embeddable":true,"href":"https:\/\/www.felicicat.cat\/es\/wp-json\/wp\/v2\/users\/1"}],"replies":[{"embeddable":true,"href":"https:\/\/www.felicicat.cat\/es\/wp-json\/wp\/v2\/comments?post=7366"}],"version-history":[{"count":3,"href":"https:\/\/www.felicicat.cat\/es\/wp-json\/wp\/v2\/posts\/7366\/revisions"}],"predecessor-version":[{"id":10441,"href":"https:\/\/www.felicicat.cat\/es\/wp-json\/wp\/v2\/posts\/7366\/revisions\/10441"}],"wp:featuredmedia":[{"embeddable":true,"href":"https:\/\/www.felicicat.cat\/es\/wp-json\/wp\/v2\/media\/7025"}],"wp:attachment":[{"href":"https:\/\/www.felicicat.cat\/es\/wp-json\/wp\/v2\/media?parent=7366"}],"wp:term":[{"taxonomy":"category","embeddable":true,"href":"https:\/\/www.felicicat.cat\/es\/wp-json\/wp\/v2\/categories?post=7366"},{"taxonomy":"post_tag","embeddable":true,"href":"https:\/\/www.felicicat.cat\/es\/wp-json\/wp\/v2\/tags?post=7366"},{"taxonomy":"post_series","embeddable":true,"href":"https:\/\/www.felicicat.cat\/es\/wp-json\/wp\/v2\/post_series?post=7366"}],"curies":[{"name":"wp","href":"https:\/\/api.w.org\/{rel}","templated":true}]}}