{"id":7363,"date":"2021-04-27T11:14:36","date_gmt":"2021-04-27T11:14:36","guid":{"rendered":"https:\/\/www.felicicat.cat\/2021\/04\/las-diferencias-entre-las-distintas-generaciones-se-acentan\/"},"modified":"2024-04-13T04:47:24","modified_gmt":"2024-04-13T04:47:24","slug":"las-diferencias-entre-las-distintas-generaciones-se-acentan","status":"publish","type":"post","link":"https:\/\/www.felicicat.cat\/es\/las-diferencias-entre-las-distintas-generaciones-se-acentan\/","title":{"rendered":"\u201cFelicidad en tiempo de confinamiento\u201d. Las diferencias entre las distintas generaciones se acent\u00faan"},"content":{"rendered":"<div class=\"sqs-html-content\">\n<p class=\"\" style=\"white-space: pre-wrap;\"><strong>Un estudio realizado por feliciCat (Institut Catal\u00e0 de la Felicitat) que lleva como nombre \u201cFelicidad en tiempos de confinamiento\u201d analiza a los diferentes grupos de edad bas\u00e1ndose en unos datos recogidos justo hace un a\u00f1o, en plena primera ola de la pandemia y que coincidi\u00f3 tambi\u00e9n en confinamiento domiciliario. Uno de los objetivos del estudio era valorar y comparar las actitudes positivas, tanto a nivel personal como a nivel laboral, de las diferentes generaciones. Este es un estudio que se realiz\u00f3 durante el mes de abril, en pleno confinamiento domiciliario y que const\u00f3 de una investigaci\u00f3n de car\u00e1cter cuantitativo y cualitativo a una muestra de 250 ciudadanos de la provincia de Barcelona.<\/strong><\/p>\n<p class=\"\" style=\"white-space: pre-wrap;\">\n<p class=\"\" style=\"white-space: pre-wrap;\">Como bien sabemos, actualmente en las empresas pueden llegar a estar formadas por <strong>diferentes generaciones<\/strong> (hasta cuatro), hecho que, en muchos casos, puede suponer un quebradero de cabeza para las organizaciones cuando hablamos de <strong>cohesionar y motivar equipos<\/strong>, as\u00ed como tratar la <strong>innovaci\u00f3n y la transformaci\u00f3n cultural de la empresa<\/strong>. Gracias a este estudio, hemos podido saber que <strong>las diferencias entre los distintos grupos se han acentuado tras los \u00faltimos meses<\/strong>, pudi\u00e9ndose trasladar esto al \u00e1mbito laboral.<\/p>\n<p class=\"\" style=\"white-space: pre-wrap;\">Varios aspectos son los que nos han ido marcando en los \u00faltimos tiempos, tanto en el \u00e1mbito personal como laboral. Entre ellos, podemos encontrar el auge de las aplicaciones con opci\u00f3n a videollamada para conectar con nuestro entorno, nuestra actitud frente a la pandemia, la incertidumbre de cara al futuro, nuevas maneras de trabajar y, en definitiva, nuevas maneras de vivir.<\/p>\n<p class=\"\" style=\"white-space: pre-wrap;\">En feliciCat hemos querido destacar cuatro datos para mostraros, relacionados la diversidad generacional en diversos aspectos cuotidianos y laborales:<\/p>\n<p class=\"\" style=\"white-space: pre-wrap;\">1. <strong>Durante el confinamiento,<\/strong> <strong>los grupos con mayor edad echaron m\u00e1s en falta noticias positivas en los medios de comunicaci\u00f3n que los grupos m\u00e1s j\u00f3venes<\/strong>.<\/p>\n<\/div>\n<div class=\" image-block-outer-wrapper layout-caption-below design-layout-inline combination-animation-site-default individual-animation-site-default individual-text-animation-site-default \" data-test=\"image-block-inline-outer-wrapper\">\n<figure class=\" sqs-block-image-figure intrinsic \" style=\"max-width: 961px;\">\n<div class=\"image-block-wrapper\" data-animation-role=\"image\">\n<div class=\"sqs-image-shape-container-element has-aspect-ratio \" style=\"position: relative; padding-bottom: 49.94797134399414%; overflow: hidden; -webkit-mask-image: -webkit-radial-gradient(white, black);\">\n<p><img loading=\"lazy\" decoding=\"async\" style=\"display: block; object-fit: cover; width: 100%; height: 100%; object-position: 50% 50%;\" src=\"https:\/\/www.felicicat.cat\/wp-content\/uploads\/2024\/04\/1cast.png\" sizes=\"(max-width: 640px) 100vw, (max-width: 767px) 100vw, 100vw\" srcset=\"https:\/\/www.felicicat.cat\/wp-content\/uploads\/2024\/04\/1cast.png?format=100w 100w, https:\/\/www.felicicat.cat\/wp-content\/uploads\/2024\/04\/1cast.png?format=300w 300w, https:\/\/www.felicicat.cat\/wp-content\/uploads\/2024\/04\/1cast.png?format=500w 500w, https:\/\/www.felicicat.cat\/wp-content\/uploads\/2024\/04\/1cast.png?format=750w 750w, https:\/\/www.felicicat.cat\/wp-content\/uploads\/2024\/04\/1cast.png?format=1000w 1000w, https:\/\/www.felicicat.cat\/wp-content\/uploads\/2024\/04\/1cast.png?format=1500w 1500w, https:\/\/www.felicicat.cat\/wp-content\/uploads\/2024\/04\/1cast.png?format=2500w 2500w\" alt=\"1cast.png\" width=\"961\" height=\"480\" data-stretch=\"false\" data-image=\"https:\/\/www.felicicat.cat\/wp-content\/uploads\/2024\/04\/1cast.png\" data-image-dimensions=\"961x480\" data-image-focal-point=\"0.5,0.5\" data-load=\"false\" data-loader=\"sqs\" \/><\/p>\n<\/div>\n<\/div>\n<\/figure>\n<\/div>\n<div class=\"sqs-html-content\">\n<p class=\"\" style=\"white-space: pre-wrap;\">Posiblemente, estos resultados obtenidos vengan dados por un mayor tiempo de exposici\u00f3n de los grupos de edad m\u00e1s mayores a los medios de comunicaci\u00f3n m\u00e1s convencionales, los cuales han comunicado una gran cantidad de noticias negativas en los \u00faltimos meses. En cambio, los j\u00f3venes cada vez m\u00e1s optan por otro tipos de plataformas para informarse y\/o entretenerse, de manera que se encuentran menos expuestos a contenido negativo. Estos n\u00fameros nos da que pensar, pues tal vez pudiera tener cabida alg\u00fan medio digital creado para ofrecer solamente contenido positivo. En feliciCat estamos muy orgullosos de formar parte de este segundo grupo, y de hecho, animamos a las empresas a comunicar \u201ccontenidos positivos\u201d sin necesidad de \u201cmaquillar\u201d ni esconder la realidad. La comunidad de usuarios necesita contenido veraz y positivo\/optimista.<\/p>\n<p class=\"\" style=\"white-space: pre-wrap;\">\n<p class=\"\" style=\"white-space: pre-wrap;\">2. <strong>Los grupos m\u00e1s j\u00f3venes de edad tienen una esperanza mayor en el futuro en cuanto a su felicidad. En cambio, los grupos de edad m\u00e1s mayores tienen m\u00e1s dudas e incerteza al respecto<\/strong>.<\/p>\n<\/div>\n<div class=\" image-block-outer-wrapper layout-caption-below design-layout-inline combination-animation-site-default individual-animation-site-default individual-text-animation-site-default \" data-test=\"image-block-inline-outer-wrapper\">\n<figure class=\" sqs-block-image-figure intrinsic \" style=\"max-width: 963px;\">\n<div class=\"image-block-wrapper\" data-animation-role=\"image\">\n<div class=\"sqs-image-shape-container-element has-aspect-ratio \" style=\"position: relative; padding-bottom: 49.94807815551758%; overflow: hidden; -webkit-mask-image: -webkit-radial-gradient(white, black);\">\n<p><img loading=\"lazy\" decoding=\"async\" style=\"display: block; object-fit: cover; width: 100%; height: 100%; object-position: 50% 50%;\" src=\"https:\/\/www.felicicat.cat\/wp-content\/uploads\/2024\/04\/2cast.png\" sizes=\"(max-width: 640px) 100vw, (max-width: 767px) 100vw, 100vw\" srcset=\"https:\/\/www.felicicat.cat\/wp-content\/uploads\/2024\/04\/2cast.png?format=100w 100w, https:\/\/www.felicicat.cat\/wp-content\/uploads\/2024\/04\/2cast.png?format=300w 300w, https:\/\/www.felicicat.cat\/wp-content\/uploads\/2024\/04\/2cast.png?format=500w 500w, https:\/\/www.felicicat.cat\/wp-content\/uploads\/2024\/04\/2cast.png?format=750w 750w, https:\/\/www.felicicat.cat\/wp-content\/uploads\/2024\/04\/2cast.png?format=1000w 1000w, https:\/\/www.felicicat.cat\/wp-content\/uploads\/2024\/04\/2cast.png?format=1500w 1500w, https:\/\/www.felicicat.cat\/wp-content\/uploads\/2024\/04\/2cast.png?format=2500w 2500w\" alt=\"2cast.png\" width=\"963\" height=\"481\" data-stretch=\"false\" data-image=\"https:\/\/www.felicicat.cat\/wp-content\/uploads\/2024\/04\/2cast.png\" data-image-dimensions=\"963x481\" data-image-focal-point=\"0.5,0.5\" data-load=\"false\" data-loader=\"sqs\" \/><\/p>\n<\/div>\n<\/div>\n<\/figure>\n<\/div>\n<div class=\"sqs-html-content\">\n<p class=\"\" style=\"white-space: pre-wrap;\">Continuando por la misma l\u00ednea que en el tema anterior, y teniendo el desapego cada vez m\u00e1s grande que tienen los j\u00f3venes hacia los medios convencionales, parece que los j\u00f3venes son los que se muestran m\u00e1s esperanzados de cara al futuro, siendo m\u00e1s pesimistas los grupos de edad mayores. \u00bfPuede estar relacionado con el tiempo de exposici\u00f3n a noticias negativas? Da que pensar, y m\u00e1s cuando nos encontramos con unas cifras muy alto en cuanto al desempleo juvenil en Espa\u00f1a. Parece ser que los j\u00f3venes de entre 18 y 40 a\u00f1os logran tener una mentalidad m\u00e1s positiva, en cambio, los mayores de 41 a\u00f1os se muestran m\u00e1s pesimistas de cara al futuro.<\/p>\n<p class=\"\" style=\"white-space: pre-wrap;\">3.<strong> El grupo de edad de entre 41 y 50 a\u00f1os fue el que m\u00e1s realiz\u00f3 deporte durante el confinamiento, mientras que la generaci\u00f3n formadas por las personas entre 26 y 40 a\u00f1os fue la que menos actividad deportiva tuvo<\/strong>.<\/p>\n<\/div>\n<div class=\" image-block-outer-wrapper layout-caption-below design-layout-inline combination-animation-site-default individual-animation-site-default individual-text-animation-site-default \" data-test=\"image-block-inline-outer-wrapper\">\n<figure class=\" sqs-block-image-figure intrinsic \" style=\"max-width: 959px;\">\n<div class=\"image-block-wrapper\" data-animation-role=\"image\">\n<div class=\"sqs-image-shape-container-element has-aspect-ratio \" style=\"position: relative; padding-bottom: 50.15641403198242%; overflow: hidden; -webkit-mask-image: -webkit-radial-gradient(white, black);\">\n<p><img loading=\"lazy\" decoding=\"async\" style=\"display: block; object-fit: cover; width: 100%; height: 100%; object-position: 50% 50%;\" src=\"https:\/\/www.felicicat.cat\/wp-content\/uploads\/2024\/04\/3cast.png\" sizes=\"(max-width: 640px) 100vw, (max-width: 767px) 100vw, 100vw\" srcset=\"https:\/\/www.felicicat.cat\/wp-content\/uploads\/2024\/04\/3cast.png?format=100w 100w, https:\/\/www.felicicat.cat\/wp-content\/uploads\/2024\/04\/3cast.png?format=300w 300w, https:\/\/www.felicicat.cat\/wp-content\/uploads\/2024\/04\/3cast.png?format=500w 500w, https:\/\/www.felicicat.cat\/wp-content\/uploads\/2024\/04\/3cast.png?format=750w 750w, https:\/\/www.felicicat.cat\/wp-content\/uploads\/2024\/04\/3cast.png?format=1000w 1000w, https:\/\/www.felicicat.cat\/wp-content\/uploads\/2024\/04\/3cast.png?format=1500w 1500w, https:\/\/www.felicicat.cat\/wp-content\/uploads\/2024\/04\/3cast.png?format=2500w 2500w\" alt=\"3cast.png\" width=\"959\" height=\"481\" data-stretch=\"false\" data-image=\"https:\/\/www.felicicat.cat\/wp-content\/uploads\/2024\/04\/3cast.png\" data-image-dimensions=\"959x481\" data-image-focal-point=\"0.5,0.5\" data-load=\"false\" data-loader=\"sqs\" \/><\/p>\n<\/div>\n<\/div>\n<\/figure>\n<\/div>\n<div class=\"sqs-html-content\">\n<p class=\"\" style=\"white-space: pre-wrap;\">Como bien es sabido por todos, el deporte influye positivamente en la felicidad y en la mentalidad de los individuos. Esto se acent\u00faa todav\u00eda m\u00e1s en situaciones como la que afrontamos hace justamente un a\u00f1o en el confinamiento domiciliario. La media de personas que realizaron deporte durante esa etapa se sit\u00faa entorno al 71,5%, por lo que podemos destacar que el grupo de 26-40 a\u00f1os es el que m\u00e1s se aleja de la media. Por otro lado, podemos destacar que los mayores de 65 a\u00f1os se situaban por encima de la media.<\/p>\n<p class=\"\" style=\"white-space: pre-wrap;\">\u00a0\u00a0\u00a0\u00a0\u00a0\u00a0\u00a0\u00a0\u00a0\u00a0\u00a0 4. <strong>Las personas que forman las generaciones m\u00e1s j\u00f3venes creen que no ser\u00edan felices si tuvieran que trabajar desde casa todos los d\u00edas de la semana<\/strong>.<\/p>\n<\/div>\n<div class=\" image-block-outer-wrapper layout-caption-below design-layout-inline combination-animation-site-default individual-animation-site-default individual-text-animation-site-default \" data-test=\"image-block-inline-outer-wrapper\">\n<figure class=\" sqs-block-image-figure intrinsic \" style=\"max-width: 961px;\">\n<div class=\"image-block-wrapper\" data-animation-role=\"image\">\n<div class=\"sqs-image-shape-container-element has-aspect-ratio \" style=\"position: relative; padding-bottom: 49.94797134399414%; overflow: hidden; -webkit-mask-image: -webkit-radial-gradient(white, black);\">\n<p><img loading=\"lazy\" decoding=\"async\" style=\"display: block; object-fit: cover; width: 100%; height: 100%; object-position: 50% 50%;\" src=\"https:\/\/www.felicicat.cat\/wp-content\/uploads\/2024\/04\/4cast.png\" sizes=\"(max-width: 640px) 100vw, (max-width: 767px) 100vw, 100vw\" srcset=\"https:\/\/www.felicicat.cat\/wp-content\/uploads\/2024\/04\/4cast.png?format=100w 100w, https:\/\/www.felicicat.cat\/wp-content\/uploads\/2024\/04\/4cast.png?format=300w 300w, https:\/\/www.felicicat.cat\/wp-content\/uploads\/2024\/04\/4cast.png?format=500w 500w, https:\/\/www.felicicat.cat\/wp-content\/uploads\/2024\/04\/4cast.png?format=750w 750w, https:\/\/www.felicicat.cat\/wp-content\/uploads\/2024\/04\/4cast.png?format=1000w 1000w, https:\/\/www.felicicat.cat\/wp-content\/uploads\/2024\/04\/4cast.png?format=1500w 1500w, https:\/\/www.felicicat.cat\/wp-content\/uploads\/2024\/04\/4cast.png?format=2500w 2500w\" alt=\"4cast.png\" width=\"961\" height=\"480\" data-stretch=\"false\" data-image=\"https:\/\/www.felicicat.cat\/wp-content\/uploads\/2024\/04\/4cast.png\" data-image-dimensions=\"961x480\" data-image-focal-point=\"0.5,0.5\" data-load=\"false\" data-loader=\"sqs\" \/><\/p>\n<\/div>\n<\/div>\n<\/figure>\n<\/div>\n<div class=\"sqs-html-content\">\n<p class=\"\" style=\"white-space: pre-wrap;\">Pero si anteriormente mencion\u00e1bamos que los j\u00f3venes son los que mejor se han adaptado a las nuevas herramientas y plataformas digitales, tambi\u00e9n debemos decir que son los que se muestran m\u00e1s contrariados a la posibilidad de tener que teletrabajar la mayor\u00eda de d\u00edas de la semana, no tanto as\u00ed los m\u00e1s adultos. Esto nos deja una conclusi\u00f3n clara: los j\u00f3venes son los que forman las generaciones que van subiendo y son los que menos quieren trabajar desde casa. Las caracter\u00edsticas de estos grupos en el \u00e1mbito laboral nos explican el porqu\u00e9: les gusta relacionarse, quieren ir a su puesto de trabajo, les encanta cooperar y trabajar en equipo, les gusta poder desarrollar su talento y creatividad en espacios de trabajo dise\u00f1ados para ello y necesitan estar en contacto con sus compa\u00f1eros para sentirse c\u00f3modos.<\/p>\n<p class=\"\" style=\"white-space: pre-wrap;\">A modo de conclusi\u00f3n, con tan solo cuatro datos podemos ver que <strong>las diferencias generacionales se est\u00e1n acentuando debido a la pandemia y a la constante transformaci\u00f3n digital que est\u00e1n teniendo las empresas<\/strong>. En manos de las organizaciones est\u00e1 <strong>gestionar correctamente esta diversidad generacional en aspectos tan importantes del \u00e1mbito laboral como el teletrabajo, las herramientas digitales, la motivaci\u00f3n o la mentalidad positiva<\/strong>.<\/p>\n<p class=\"\" style=\"white-space: pre-wrap;\" data-rte-preserve-empty=\"true\">\n<\/div>\n<figure class=\" sqs-block-image-figure image-block-outer-wrapper image-block-v2 design-layout-collage combination-animation-tilt-up individual-animation-site-default individual-text-animation-site-default image-position-right image-linked \" data-scrolled=\"\" data-test=\"image-block-v2-outer-wrapper\">\n<div class=\"intrinsic\">\n<div class=\" image-inset\" data-animation-role=\"image\" data-description=\"\" data-animation-override=\"\">\n<div class=\"sqs-image-shape-container-element content-fit \" style=\"position: relative; overflow: hidden; -webkit-mask-image: -webkit-radial-gradient(white, black);\">\n<p><img loading=\"lazy\" decoding=\"async\" style=\"display: block; object-fit: contain;\" src=\"https:\/\/www.felicicat.cat\/wp-content\/uploads\/2024\/04\/Felicitat-confinament.png\" sizes=\"(max-width: 640px) 100vw, (max-width: 767px) 100vw, 100vw\" srcset=\"https:\/\/www.felicicat.cat\/wp-content\/uploads\/2024\/04\/Felicitat-confinament.png?format=100w 100w, https:\/\/www.felicicat.cat\/wp-content\/uploads\/2024\/04\/Felicitat-confinament.png?format=300w 300w, https:\/\/www.felicicat.cat\/wp-content\/uploads\/2024\/04\/Felicitat-confinament.png?format=500w 500w, https:\/\/www.felicicat.cat\/wp-content\/uploads\/2024\/04\/Felicitat-confinament.png?format=750w 750w, https:\/\/www.felicicat.cat\/wp-content\/uploads\/2024\/04\/Felicitat-confinament.png?format=1000w 1000w, https:\/\/www.felicicat.cat\/wp-content\/uploads\/2024\/04\/Felicitat-confinament.png?format=1500w 1500w, https:\/\/www.felicicat.cat\/wp-content\/uploads\/2024\/04\/Felicitat-confinament.png?format=2500w 2500w\" alt=\"Felicitat-confinament.png\" width=\"600\" height=\"600\" data-stretch=\"false\" data-image=\"https:\/\/www.felicicat.cat\/wp-content\/uploads\/2024\/04\/Felicitat-confinament.png\" data-image-dimensions=\"600x600\" data-image-focal-point=\"0.5,0.5\" data-load=\"false\" data-loader=\"sqs\" \/><\/p>\n<div class=\"image-overlay\" style=\"overflow: hidden; -webkit-mask-image: -webkit-radial-gradient(white, black);\"><\/div>\n<\/div>\n<\/div>\n<\/div><figcaption class=\"image-card-wrapper\" data-width-ratio=\"\">\n<div class=\"image-card sqs-dynamic-text-container\">\n<div class=\"image-title-wrapper\">\n<div class=\"image-title sqs-dynamic-text\" data-animation-override=\"\">\n<h2 style=\"white-space: pre-wrap;\">\u00bfQuieres saber qu\u00e9 <strong>otros estudios<\/strong> tenemos en curso?<\/h2>\n<\/div>\n<\/div>\n<div class=\"image-subtitle-wrapper\">\n<div class=\"image-subtitle sqs-dynamic-text\" data-animation-override=\"\">\n<p class=\"\" style=\"white-space: pre-wrap;\">Ya puedes acceder a nuestra secci\u00f3n de estudios de manera gratuita.<\/p>\n<\/div>\n<\/div>\n<div class=\"image-button-wrapper\">\n<div class=\"image-button sqs-dynamic-text\">\n<div class=\"image-button-inner\"><a class=\"sqs-button-element--primary\" href=\"\/es\/estudis-catalunya\/\" target=\"_blank\" rel=\"noopener\">Accede a los estudios<\/a><\/div>\n<\/div>\n<\/div>\n<\/div>\n<\/figcaption><\/figure>\n","protected":false},"excerpt":{"rendered":"<p>Un estudio realizado por feliciCat (Institut Catal\u00e0 de la Felicitat) que lleva como nombre \u201cFelicidad en tiempos de confinamiento\u201d analiza a los diferentes grupos de edad bas\u00e1ndose en unos datos recogidos justo hace un a\u00f1o, en plena primera ola de la pandemia y que coincidi\u00f3 tambi\u00e9n en confinamiento domiciliario. Uno de los objetivos del estudio&hellip;<\/p>\n","protected":false},"author":1,"featured_media":7016,"comment_status":"closed","ping_status":"closed","sticky":false,"template":"","format":"standard","meta":{"_uag_custom_page_level_css":"","footnotes":""},"categories":[342],"tags":[],"post_series":[],"yoast_head":"<!-- This site is optimized with the Yoast SEO plugin v22.5 - https:\/\/yoast.com\/wordpress\/plugins\/seo\/ -->\n<title>\u201cFelicidad en tiempo de confinamiento\u201d. Las diferencias entre las distintas generaciones se acent\u00faan - Felicicat<\/title>\n<meta name=\"robots\" content=\"index, follow, max-snippet:-1, max-image-preview:large, max-video-preview:-1\" \/>\n<link rel=\"canonical\" href=\"https:\/\/www.felicicat.cat\/es\/las-diferencias-entre-las-distintas-generaciones-se-acentan\/\" \/>\n<meta property=\"og:locale\" content=\"es_ES\" \/>\n<meta property=\"og:type\" content=\"article\" \/>\n<meta property=\"og:title\" content=\"\u201cFelicidad en tiempo de confinamiento\u201d. Las diferencias entre las distintas generaciones se acent\u00faan - Felicicat\" \/>\n<meta property=\"og:description\" content=\"Un estudio realizado por feliciCat (Institut Catal\u00e0 de la Felicitat) que lleva como nombre \u201cFelicidad en tiempos de confinamiento\u201d analiza a los diferentes grupos de edad bas\u00e1ndose en unos datos recogidos justo hace un a\u00f1o, en plena primera ola de la pandemia y que coincidi\u00f3 tambi\u00e9n en confinamiento domiciliario. Uno de los objetivos del estudio&hellip;\" \/>\n<meta property=\"og:url\" content=\"https:\/\/www.felicicat.cat\/es\/las-diferencias-entre-las-distintas-generaciones-se-acentan\/\" \/>\n<meta property=\"og:site_name\" content=\"Felicicat\" \/>\n<meta property=\"article:published_time\" content=\"2021-04-27T11:14:36+00:00\" \/>\n<meta property=\"article:modified_time\" content=\"2024-04-13T04:47:24+00:00\" \/>\n<meta property=\"og:image\" content=\"https:\/\/www.felicicat.cat\/wp-content\/uploads\/2021\/04\/Felicicat-Estudi-2.jpg\" \/>\n\t<meta property=\"og:image:width\" content=\"800\" \/>\n\t<meta property=\"og:image:height\" content=\"800\" \/>\n\t<meta property=\"og:image:type\" content=\"image\/jpeg\" \/>\n<meta name=\"author\" content=\"admin\" \/>\n<meta name=\"twitter:card\" content=\"summary_large_image\" \/>\n<meta name=\"twitter:label1\" content=\"Escrito por\" \/>\n\t<meta name=\"twitter:data1\" content=\"admin\" \/>\n\t<meta name=\"twitter:label2\" content=\"Tiempo de lectura\" \/>\n\t<meta name=\"twitter:data2\" content=\"7 minutos\" \/>\n<script type=\"application\/ld+json\" class=\"yoast-schema-graph\">{\"@context\":\"https:\/\/schema.org\",\"@graph\":[{\"@type\":\"Article\",\"@id\":\"https:\/\/www.felicicat.cat\/es\/las-diferencias-entre-las-distintas-generaciones-se-acentan\/#article\",\"isPartOf\":{\"@id\":\"https:\/\/www.felicicat.cat\/es\/las-diferencias-entre-las-distintas-generaciones-se-acentan\/\"},\"author\":{\"name\":\"admin\",\"@id\":\"https:\/\/www.felicicat.cat\/#\/schema\/person\/b86d2cd5d0c959c4124f705bdab5b73b\"},\"headline\":\"\u201cFelicidad en tiempo de confinamiento\u201d. Las diferencias entre las distintas generaciones se acent\u00faan\",\"datePublished\":\"2021-04-27T11:14:36+00:00\",\"dateModified\":\"2024-04-13T04:47:24+00:00\",\"mainEntityOfPage\":{\"@id\":\"https:\/\/www.felicicat.cat\/es\/las-diferencias-entre-las-distintas-generaciones-se-acentan\/\"},\"wordCount\":1022,\"publisher\":{\"@id\":\"https:\/\/www.felicicat.cat\/#organization\"},\"image\":{\"@id\":\"https:\/\/www.felicicat.cat\/es\/las-diferencias-entre-las-distintas-generaciones-se-acentan\/#primaryimage\"},\"thumbnailUrl\":\"https:\/\/www.felicicat.cat\/wp-content\/uploads\/2021\/04\/Felicicat-Estudi-2.jpg\",\"articleSection\":[\"Actualidad y tendencias\"],\"inLanguage\":\"es\"},{\"@type\":\"WebPage\",\"@id\":\"https:\/\/www.felicicat.cat\/es\/las-diferencias-entre-las-distintas-generaciones-se-acentan\/\",\"url\":\"https:\/\/www.felicicat.cat\/es\/las-diferencias-entre-las-distintas-generaciones-se-acentan\/\",\"name\":\"\u201cFelicidad en tiempo de confinamiento\u201d. Las diferencias entre las distintas generaciones se acent\u00faan - Felicicat\",\"isPartOf\":{\"@id\":\"https:\/\/www.felicicat.cat\/#website\"},\"primaryImageOfPage\":{\"@id\":\"https:\/\/www.felicicat.cat\/es\/las-diferencias-entre-las-distintas-generaciones-se-acentan\/#primaryimage\"},\"image\":{\"@id\":\"https:\/\/www.felicicat.cat\/es\/las-diferencias-entre-las-distintas-generaciones-se-acentan\/#primaryimage\"},\"thumbnailUrl\":\"https:\/\/www.felicicat.cat\/wp-content\/uploads\/2021\/04\/Felicicat-Estudi-2.jpg\",\"datePublished\":\"2021-04-27T11:14:36+00:00\",\"dateModified\":\"2024-04-13T04:47:24+00:00\",\"breadcrumb\":{\"@id\":\"https:\/\/www.felicicat.cat\/es\/las-diferencias-entre-las-distintas-generaciones-se-acentan\/#breadcrumb\"},\"inLanguage\":\"es\",\"potentialAction\":[{\"@type\":\"ReadAction\",\"target\":[\"https:\/\/www.felicicat.cat\/es\/las-diferencias-entre-las-distintas-generaciones-se-acentan\/\"]}]},{\"@type\":\"ImageObject\",\"inLanguage\":\"es\",\"@id\":\"https:\/\/www.felicicat.cat\/es\/las-diferencias-entre-las-distintas-generaciones-se-acentan\/#primaryimage\",\"url\":\"https:\/\/www.felicicat.cat\/wp-content\/uploads\/2021\/04\/Felicicat-Estudi-2.jpg\",\"contentUrl\":\"https:\/\/www.felicicat.cat\/wp-content\/uploads\/2021\/04\/Felicicat-Estudi-2.jpg\",\"width\":800,\"height\":800,\"caption\":\"exc-608183172f22d3003ee3d0d6\"},{\"@type\":\"BreadcrumbList\",\"@id\":\"https:\/\/www.felicicat.cat\/es\/las-diferencias-entre-las-distintas-generaciones-se-acentan\/#breadcrumb\",\"itemListElement\":[{\"@type\":\"ListItem\",\"position\":1,\"name\":\"Home\",\"item\":\"https:\/\/www.felicicat.cat\/es\/\"},{\"@type\":\"ListItem\",\"position\":2,\"name\":\"\u201cFelicidad en tiempo de confinamiento\u201d. Las diferencias entre&hellip;\"}]},{\"@type\":\"WebSite\",\"@id\":\"https:\/\/www.felicicat.cat\/#website\",\"url\":\"https:\/\/www.felicicat.cat\/\",\"name\":\"Felicicat\",\"description\":\"Institut Catal\u00e0 de la felicitat\",\"publisher\":{\"@id\":\"https:\/\/www.felicicat.cat\/#organization\"},\"potentialAction\":[{\"@type\":\"SearchAction\",\"target\":{\"@type\":\"EntryPoint\",\"urlTemplate\":\"https:\/\/www.felicicat.cat\/?s={search_term_string}\"},\"query-input\":\"required name=search_term_string\"}],\"inLanguage\":\"es\"},{\"@type\":\"Organization\",\"@id\":\"https:\/\/www.felicicat.cat\/#organization\",\"name\":\"Felicicat\",\"url\":\"https:\/\/www.felicicat.cat\/\",\"logo\":{\"@type\":\"ImageObject\",\"inLanguage\":\"es\",\"@id\":\"https:\/\/www.felicicat.cat\/#\/schema\/logo\/image\/\",\"url\":\"https:\/\/www.felicicat.cat\/wp-content\/uploads\/2023\/11\/4_proveslogotipsfelicicatFINAL_Mesadetrabajo1.png\",\"contentUrl\":\"https:\/\/www.felicicat.cat\/wp-content\/uploads\/2023\/11\/4_proveslogotipsfelicicatFINAL_Mesadetrabajo1.png\",\"width\":1500,\"height\":195,\"caption\":\"Felicicat\"},\"image\":{\"@id\":\"https:\/\/www.felicicat.cat\/#\/schema\/logo\/image\/\"}},{\"@type\":\"Person\",\"@id\":\"https:\/\/www.felicicat.cat\/#\/schema\/person\/b86d2cd5d0c959c4124f705bdab5b73b\",\"name\":\"admin\",\"image\":{\"@type\":\"ImageObject\",\"inLanguage\":\"es\",\"@id\":\"https:\/\/www.felicicat.cat\/#\/schema\/person\/image\/\",\"url\":\"https:\/\/secure.gravatar.com\/avatar\/d44c1b493c211a5b76522ef4dfbc28f8?s=96&d=mm&r=g\",\"contentUrl\":\"https:\/\/secure.gravatar.com\/avatar\/d44c1b493c211a5b76522ef4dfbc28f8?s=96&d=mm&r=g\",\"caption\":\"admin\"},\"url\":\"https:\/\/www.felicicat.cat\/es\/author\/admin2\/\"}]}<\/script>\n<!-- \/ Yoast SEO plugin. -->","yoast_head_json":{"title":"\u201cFelicidad en tiempo de confinamiento\u201d. Las diferencias entre las distintas generaciones se acent\u00faan - Felicicat","robots":{"index":"index","follow":"follow","max-snippet":"max-snippet:-1","max-image-preview":"max-image-preview:large","max-video-preview":"max-video-preview:-1"},"canonical":"https:\/\/www.felicicat.cat\/es\/las-diferencias-entre-las-distintas-generaciones-se-acentan\/","og_locale":"es_ES","og_type":"article","og_title":"\u201cFelicidad en tiempo de confinamiento\u201d. Las diferencias entre las distintas generaciones se acent\u00faan - Felicicat","og_description":"Un estudio realizado por feliciCat (Institut Catal\u00e0 de la Felicitat) que lleva como nombre \u201cFelicidad en tiempos de confinamiento\u201d analiza a los diferentes grupos de edad bas\u00e1ndose en unos datos recogidos justo hace un a\u00f1o, en plena primera ola de la pandemia y que coincidi\u00f3 tambi\u00e9n en confinamiento domiciliario. Uno de los objetivos del estudio&hellip;","og_url":"https:\/\/www.felicicat.cat\/es\/las-diferencias-entre-las-distintas-generaciones-se-acentan\/","og_site_name":"Felicicat","article_published_time":"2021-04-27T11:14:36+00:00","article_modified_time":"2024-04-13T04:47:24+00:00","og_image":[{"width":800,"height":800,"url":"https:\/\/www.felicicat.cat\/wp-content\/uploads\/2021\/04\/Felicicat-Estudi-2.jpg","type":"image\/jpeg"}],"author":"admin","twitter_card":"summary_large_image","twitter_misc":{"Escrito por":"admin","Tiempo de lectura":"7 minutos"},"schema":{"@context":"https:\/\/schema.org","@graph":[{"@type":"Article","@id":"https:\/\/www.felicicat.cat\/es\/las-diferencias-entre-las-distintas-generaciones-se-acentan\/#article","isPartOf":{"@id":"https:\/\/www.felicicat.cat\/es\/las-diferencias-entre-las-distintas-generaciones-se-acentan\/"},"author":{"name":"admin","@id":"https:\/\/www.felicicat.cat\/#\/schema\/person\/b86d2cd5d0c959c4124f705bdab5b73b"},"headline":"\u201cFelicidad en tiempo de confinamiento\u201d. Las diferencias entre las distintas generaciones se acent\u00faan","datePublished":"2021-04-27T11:14:36+00:00","dateModified":"2024-04-13T04:47:24+00:00","mainEntityOfPage":{"@id":"https:\/\/www.felicicat.cat\/es\/las-diferencias-entre-las-distintas-generaciones-se-acentan\/"},"wordCount":1022,"publisher":{"@id":"https:\/\/www.felicicat.cat\/#organization"},"image":{"@id":"https:\/\/www.felicicat.cat\/es\/las-diferencias-entre-las-distintas-generaciones-se-acentan\/#primaryimage"},"thumbnailUrl":"https:\/\/www.felicicat.cat\/wp-content\/uploads\/2021\/04\/Felicicat-Estudi-2.jpg","articleSection":["Actualidad y tendencias"],"inLanguage":"es"},{"@type":"WebPage","@id":"https:\/\/www.felicicat.cat\/es\/las-diferencias-entre-las-distintas-generaciones-se-acentan\/","url":"https:\/\/www.felicicat.cat\/es\/las-diferencias-entre-las-distintas-generaciones-se-acentan\/","name":"\u201cFelicidad en tiempo de confinamiento\u201d. Las diferencias entre las distintas generaciones se acent\u00faan - Felicicat","isPartOf":{"@id":"https:\/\/www.felicicat.cat\/#website"},"primaryImageOfPage":{"@id":"https:\/\/www.felicicat.cat\/es\/las-diferencias-entre-las-distintas-generaciones-se-acentan\/#primaryimage"},"image":{"@id":"https:\/\/www.felicicat.cat\/es\/las-diferencias-entre-las-distintas-generaciones-se-acentan\/#primaryimage"},"thumbnailUrl":"https:\/\/www.felicicat.cat\/wp-content\/uploads\/2021\/04\/Felicicat-Estudi-2.jpg","datePublished":"2021-04-27T11:14:36+00:00","dateModified":"2024-04-13T04:47:24+00:00","breadcrumb":{"@id":"https:\/\/www.felicicat.cat\/es\/las-diferencias-entre-las-distintas-generaciones-se-acentan\/#breadcrumb"},"inLanguage":"es","potentialAction":[{"@type":"ReadAction","target":["https:\/\/www.felicicat.cat\/es\/las-diferencias-entre-las-distintas-generaciones-se-acentan\/"]}]},{"@type":"ImageObject","inLanguage":"es","@id":"https:\/\/www.felicicat.cat\/es\/las-diferencias-entre-las-distintas-generaciones-se-acentan\/#primaryimage","url":"https:\/\/www.felicicat.cat\/wp-content\/uploads\/2021\/04\/Felicicat-Estudi-2.jpg","contentUrl":"https:\/\/www.felicicat.cat\/wp-content\/uploads\/2021\/04\/Felicicat-Estudi-2.jpg","width":800,"height":800,"caption":"exc-608183172f22d3003ee3d0d6"},{"@type":"BreadcrumbList","@id":"https:\/\/www.felicicat.cat\/es\/las-diferencias-entre-las-distintas-generaciones-se-acentan\/#breadcrumb","itemListElement":[{"@type":"ListItem","position":1,"name":"Home","item":"https:\/\/www.felicicat.cat\/es\/"},{"@type":"ListItem","position":2,"name":"\u201cFelicidad en tiempo de confinamiento\u201d. Las diferencias entre&hellip;"}]},{"@type":"WebSite","@id":"https:\/\/www.felicicat.cat\/#website","url":"https:\/\/www.felicicat.cat\/","name":"Felicicat","description":"Institut Catal\u00e0 de la felicitat","publisher":{"@id":"https:\/\/www.felicicat.cat\/#organization"},"potentialAction":[{"@type":"SearchAction","target":{"@type":"EntryPoint","urlTemplate":"https:\/\/www.felicicat.cat\/?s={search_term_string}"},"query-input":"required name=search_term_string"}],"inLanguage":"es"},{"@type":"Organization","@id":"https:\/\/www.felicicat.cat\/#organization","name":"Felicicat","url":"https:\/\/www.felicicat.cat\/","logo":{"@type":"ImageObject","inLanguage":"es","@id":"https:\/\/www.felicicat.cat\/#\/schema\/logo\/image\/","url":"https:\/\/www.felicicat.cat\/wp-content\/uploads\/2023\/11\/4_proveslogotipsfelicicatFINAL_Mesadetrabajo1.png","contentUrl":"https:\/\/www.felicicat.cat\/wp-content\/uploads\/2023\/11\/4_proveslogotipsfelicicatFINAL_Mesadetrabajo1.png","width":1500,"height":195,"caption":"Felicicat"},"image":{"@id":"https:\/\/www.felicicat.cat\/#\/schema\/logo\/image\/"}},{"@type":"Person","@id":"https:\/\/www.felicicat.cat\/#\/schema\/person\/b86d2cd5d0c959c4124f705bdab5b73b","name":"admin","image":{"@type":"ImageObject","inLanguage":"es","@id":"https:\/\/www.felicicat.cat\/#\/schema\/person\/image\/","url":"https:\/\/secure.gravatar.com\/avatar\/d44c1b493c211a5b76522ef4dfbc28f8?s=96&d=mm&r=g","contentUrl":"https:\/\/secure.gravatar.com\/avatar\/d44c1b493c211a5b76522ef4dfbc28f8?s=96&d=mm&r=g","caption":"admin"},"url":"https:\/\/www.felicicat.cat\/es\/author\/admin2\/"}]}},"uagb_featured_image_src":{"full":["https:\/\/www.felicicat.cat\/wp-content\/uploads\/2021\/04\/Felicicat-Estudi-2.jpg",800,800,false],"thumbnail":["https:\/\/www.felicicat.cat\/wp-content\/uploads\/2021\/04\/Felicicat-Estudi-2-150x150.jpg",150,150,true],"medium":["https:\/\/www.felicicat.cat\/wp-content\/uploads\/2021\/04\/Felicicat-Estudi-2-300x300.jpg",300,300,true],"medium_large":["https:\/\/www.felicicat.cat\/wp-content\/uploads\/2021\/04\/Felicicat-Estudi-2-768x768.jpg",768,768,true],"large":["https:\/\/www.felicicat.cat\/wp-content\/uploads\/2021\/04\/Felicicat-Estudi-2.jpg",800,800,false],"1536x1536":["https:\/\/www.felicicat.cat\/wp-content\/uploads\/2021\/04\/Felicicat-Estudi-2.jpg",800,800,false],"2048x2048":["https:\/\/www.felicicat.cat\/wp-content\/uploads\/2021\/04\/Felicicat-Estudi-2.jpg",800,800,false],"woocommerce_thumbnail":["https:\/\/www.felicicat.cat\/wp-content\/uploads\/2021\/04\/Felicicat-Estudi-2-center-top-60x60.jpg",60,60,true],"woocommerce_single":["https:\/\/www.felicicat.cat\/wp-content\/uploads\/2021\/04\/Felicicat-Estudi-2-700x700.jpg",700,700,true],"woocommerce_gallery_thumbnail":["https:\/\/www.felicicat.cat\/wp-content\/uploads\/2021\/04\/Felicicat-Estudi-2-100x100.jpg",100,100,true],"lightbox":["https:\/\/www.felicicat.cat\/wp-content\/uploads\/2021\/04\/Felicicat-Estudi-2.jpg",800,800,false],"search_results":["https:\/\/www.felicicat.cat\/wp-content\/uploads\/2021\/04\/Felicicat-Estudi-2-125x125.jpg",125,125,true],"blog_entry":["https:\/\/www.felicicat.cat\/wp-content\/uploads\/2021\/04\/Felicicat-Estudi-2-680x380.jpg",680,380,true],"blog_post":["https:\/\/www.felicicat.cat\/wp-content\/uploads\/2021\/04\/Felicicat-Estudi-2-680x380.jpg",680,380,true],"blog_post_full":["https:\/\/www.felicicat.cat\/wp-content\/uploads\/2021\/04\/Felicicat-Estudi-2.jpg",800,800,false],"blog_related":["https:\/\/www.felicicat.cat\/wp-content\/uploads\/2021\/04\/Felicicat-Estudi-2.jpg",380,380,false],"portfolio_entry":["https:\/\/www.felicicat.cat\/wp-content\/uploads\/2021\/04\/Felicicat-Estudi-2.jpg",350,350,false],"portfolio_post":["https:\/\/www.felicicat.cat\/wp-content\/uploads\/2021\/04\/Felicicat-Estudi-2.jpg",800,800,false],"portfolio_related":["https:\/\/www.felicicat.cat\/wp-content\/uploads\/2021\/04\/Felicicat-Estudi-2.jpg",350,350,false],"staff_entry":["https:\/\/www.felicicat.cat\/wp-content\/uploads\/2021\/04\/Felicicat-Estudi-2.jpg",500,500,false],"staff_post":["https:\/\/www.felicicat.cat\/wp-content\/uploads\/2021\/04\/Felicicat-Estudi-2.jpg",800,800,false],"staff_related":["https:\/\/www.felicicat.cat\/wp-content\/uploads\/2021\/04\/Felicicat-Estudi-2.jpg",500,500,false],"testimonials_entry":["https:\/\/www.felicicat.cat\/wp-content\/uploads\/2021\/04\/Felicicat-Estudi-2.jpg",45,45,false],"shop_catalog":["https:\/\/www.felicicat.cat\/wp-content\/uploads\/2021\/04\/Felicicat-Estudi-2-350x350.jpg",350,350,true],"shop_single":["https:\/\/www.felicicat.cat\/wp-content\/uploads\/2021\/04\/Felicicat-Estudi-2-700x700.jpg",700,700,true],"shop_single_thumbnail":["https:\/\/www.felicicat.cat\/wp-content\/uploads\/2021\/04\/Felicicat-Estudi-2-140x140.jpg",140,140,true],"shop_category":["https:\/\/www.felicicat.cat\/wp-content\/uploads\/2021\/04\/Felicicat-Estudi-2.jpg",800,800,false],"shop_thumbnail_cart":["https:\/\/www.felicicat.cat\/wp-content\/uploads\/2021\/04\/Felicicat-Estudi-2-center-top-60x60.jpg",60,60,true],"gallery":["https:\/\/www.felicicat.cat\/wp-content\/uploads\/2021\/04\/Felicicat-Estudi-2.jpg",500,500,false]},"uagb_author_info":{"display_name":"admin","author_link":"https:\/\/www.felicicat.cat\/es\/author\/admin2\/"},"uagb_comment_info":0,"uagb_excerpt":"Un estudio realizado por feliciCat (Institut Catal\u00e0 de la Felicitat) que lleva como nombre \u201cFelicidad en tiempos de confinamiento\u201d analiza a los diferentes grupos de edad bas\u00e1ndose en unos datos recogidos justo hace un a\u00f1o, en plena primera ola de la pandemia y que coincidi\u00f3 tambi\u00e9n en confinamiento domiciliario. Uno de los objetivos del estudio&hellip;","_links":{"self":[{"href":"https:\/\/www.felicicat.cat\/es\/wp-json\/wp\/v2\/posts\/7363"}],"collection":[{"href":"https:\/\/www.felicicat.cat\/es\/wp-json\/wp\/v2\/posts"}],"about":[{"href":"https:\/\/www.felicicat.cat\/es\/wp-json\/wp\/v2\/types\/post"}],"author":[{"embeddable":true,"href":"https:\/\/www.felicicat.cat\/es\/wp-json\/wp\/v2\/users\/1"}],"replies":[{"embeddable":true,"href":"https:\/\/www.felicicat.cat\/es\/wp-json\/wp\/v2\/comments?post=7363"}],"version-history":[{"count":3,"href":"https:\/\/www.felicicat.cat\/es\/wp-json\/wp\/v2\/posts\/7363\/revisions"}],"predecessor-version":[{"id":10438,"href":"https:\/\/www.felicicat.cat\/es\/wp-json\/wp\/v2\/posts\/7363\/revisions\/10438"}],"wp:featuredmedia":[{"embeddable":true,"href":"https:\/\/www.felicicat.cat\/es\/wp-json\/wp\/v2\/media\/7016"}],"wp:attachment":[{"href":"https:\/\/www.felicicat.cat\/es\/wp-json\/wp\/v2\/media?parent=7363"}],"wp:term":[{"taxonomy":"category","embeddable":true,"href":"https:\/\/www.felicicat.cat\/es\/wp-json\/wp\/v2\/categories?post=7363"},{"taxonomy":"post_tag","embeddable":true,"href":"https:\/\/www.felicicat.cat\/es\/wp-json\/wp\/v2\/tags?post=7363"},{"taxonomy":"post_series","embeddable":true,"href":"https:\/\/www.felicicat.cat\/es\/wp-json\/wp\/v2\/post_series?post=7363"}],"curies":[{"name":"wp","href":"https:\/\/api.w.org\/{rel}","templated":true}]}}