{"id":7361,"date":"2021-05-12T12:38:46","date_gmt":"2021-05-12T12:38:46","guid":{"rendered":"https:\/\/www.felicicat.cat\/2021\/05\/pueden-las-teoras-de-la-neurociencia-del-aprendizaje-ayudar-en-el-bienestar-de-nuestros-empleados\/"},"modified":"2024-04-13T04:47:20","modified_gmt":"2024-04-13T04:47:20","slug":"pueden-las-teoras-de-la-neurociencia-del-aprendizaje-ayudar-en-el-bienestar-de-nuestros-empleados","status":"publish","type":"post","link":"https:\/\/www.felicicat.cat\/es\/pueden-las-teoras-de-la-neurociencia-del-aprendizaje-ayudar-en-el-bienestar-de-nuestros-empleados\/","title":{"rendered":"\u00bfPueden las teor\u00edas de la neurociencia del aprendizaje ayudar en el bienestar de nuestros empleados?"},"content":{"rendered":"<div class=\"sqs-html-content\">\n<p style=\"text-align:center;white-space:pre-wrap;\" class=\"sqsrte-large\"><em>Qu\u00e9date y en el siguiente art\u00edculo te lo contamos: nos preguntaremos qu\u00e9 relaci\u00f3n tienen los modelos neurocient\u00edficos con la felicidad para una empresa. <\/em><\/p>\n<p class=\"\" style=\"white-space:pre-wrap;\"><em>Art\u00edculo realizado por<\/em> <a href=\"https:\/\/www.linkedin.com\/in\/davidcarrilero\/\" target=\"_blank\" rel=\"noopener\">David Carrilero Tarragona<\/a>.<\/p>\n<p class=\"\" style=\"white-space:pre-wrap;\">Con frecuencia, el t\u00e9rmino de \u201c<strong>neurociencia del aprendizaje<\/strong>\u201d suele asociarse exclusivamente al campo educativo, sobre todo con docentes y ni\u00f1os, pero muchas de las investigaciones se han realizado con una muestra adulta e incluso de tercera edad, lo cual puede ser aplicable hacia todas las personas y, en este caso, llevarlo hacia el <strong>terreno empresarial<\/strong>. <\/p>\n<p class=\"\" style=\"white-space:pre-wrap;\">Para una empresa, aplicar un desarrollado plan estrat\u00e9gico de Marketing que est\u00e9 en consonancia con su filosof\u00eda es primordial, pero <strong>tener un buen plan pedag\u00f3gico es una inversi\u00f3n a largo plazo<\/strong>. La predisposici\u00f3n de nuestros empleados puede versar en distintos aspectos, uno de ellos, seg\u00fan los \u00faltimos estudios en neurociencia, es la \u201c<strong>mentalidad de crecimiento<\/strong>\u201d, en el cual se tiene la conciencia abierta a saber que puedes aprender cualquier cosa independientemente de la edad que se tenga.<\/p>\n<p class=\"\" style=\"white-space:pre-wrap;\">As\u00ed pues, para poder realizar una respuesta coherente, se ha hecho un an\u00e1lisis de algunas de las teor\u00edas m\u00e1s relevantes del campo neurocient\u00edfico del aprendizaje que pueden estar estrechamente vinculadas al correcto desarrollo del bienestar del trabajador para as\u00ed poder tratar de comprender c\u00f3mo influyen en la felicidad de las personas que forman parte de una empresa. <\/p>\n<p class=\"\" style=\"white-space:pre-wrap;\">En primer lugar, el impacto de los resultados de la investigaci\u00f3n de <strong>Rosenthal, R. y Jacobson, L.<\/strong> supone que el denominado \u201c<strong>Efecto Pigmali\u00f3n<\/strong> o Profec\u00eda Autocumplida\u201d se convierta en una herramienta psicol\u00f3gica formidable para influir en las personas y producir efectos trascendentales en nuestras expectativas. <\/p>\n<p class=\"\" style=\"white-space:pre-wrap;\">Este efecto, produce un condicionamiento en las otras personas si depositamos nuestras creencias personales sobre los dem\u00e1s. Si los trasladamos al bienestar organizacional, es un factor importante para tener presente, pues se detectan los pensamientos que se tienen sobre los distintos trabajadores.<\/p>\n<p class=\"\" style=\"white-space:pre-wrap;\"><\/p>\n<p class=\"\" style=\"white-space:pre-wrap;\"><em>Pero \u00bfde qu\u00e9 se trata la mentalidad de crecimiento? Y, \u00bfc\u00f3mo puede beneficiar esto en los trabajadores?<\/em><\/p>\n<p class=\"\" style=\"white-space:pre-wrap;\">Seg\u00fan la psic\u00f3loga estadounidense <strong>Carol Dweck<\/strong>, investigadora y profesora de la Universidad de Stanford, su principal aportaci\u00f3n al mundo educativo es que existen dos tipos de mentalidades:<\/p>\n<p style=\"margin-left:80px;white-space:pre-wrap;\" class=\"\">1.&nbsp;&nbsp;&nbsp;&nbsp; <strong>La mentalidad fija<\/strong>: se asocia a aquellas personas con creencias de que la inteligencia es algo innato, fijo y que no puede variar a lo largo de la vida.&nbsp; <\/p>\n<p style=\"margin-left:80px;white-space:pre-wrap;\" class=\"\">2.&nbsp;&nbsp;&nbsp;&nbsp; <strong>La mentalidad de crecimiento<\/strong>: significa que las personas creen que sus habilidades pueden mejorar y desarrollarse. As\u00ed pues, el cociente intelectual no define tus capacidades y aptitudes. <\/p>\n<p class=\"\" style=\"white-space:pre-wrap;\"><\/p>\n<p class=\"\" style=\"white-space:pre-wrap;\">Adem\u00e1s, la mentalidad de crecimiento se trata de aceptar la dificultad y el fracaso, adoptar un enfoque distinto de las barreras y verlas como una oportunidad de aprendizaje, porque <strong>\u00bfqui\u00e9n no se ha equivocado alguna vez en su trabajo o en la escuela?<\/strong> <\/p>\n<p class=\"\" style=\"white-space:pre-wrap;\">Tambi\u00e9n se trata de considerar a las personas que nos rodean con una mirada colaboradora, donde podemos crecer y aprender de ellos. Pero hace falta un aprendizaje adecuado y motivaci\u00f3n para poder tener una mentalidad de crecimiento. <\/p>\n<p class=\"\" style=\"white-space:pre-wrap;\">Adquirir este tipo de mentalidad supone \u201cdespertar\u201d a las personas hacia la curiosidad y se centren en su proceso de aprendizaje y descubrimiento donde <strong>aprender se convierte en una aventura para el desarrollo personal<\/strong>. <\/p>\n<p class=\"\" style=\"white-space:pre-wrap;\">En este sentido, se fomenta un esp\u00edritu denominado en educaci\u00f3n \u2018<em>formaci\u00f3n permanente\u2019<\/em>, ya que, tanto en el mundo laboral como en la vida cotidiana, aprendemos constantemente de las diversas circunstancias que se nos presentan y, por ello, <strong>formarnos para mejorar a lo largo de la vida juega un papel imprescindible en nuestra educaci\u00f3n<\/strong>.<\/p>\n<\/div>\n<div class=\"intrinsic\" style=\"max-width:100%\">\n<div class=\"embed-block-wrapper \" style=\"padding-bottom:56.20609%;\">\n<div class=\"sqs-video-wrapper\" data-provider-name=\"YouTube\" data-html=\"\n\n\n\n\n\n  <br \/>  &lt;iframe src=&quot;\/\/www.youtube.com\/embed\/bNL2g44dSdk?wmode=opaque&quot; height=&quot;480&quot; width=&quot;854&quot; scrolling=&quot;no&quot; frameborder=&quot;0&quot; allowfullscreen&gt;&lt;\/iframe&gt;<\/p>\n<p>\u00ab><\/p><\/div>\n<\/div>\n<\/div>\n<div class=\"sqs-html-content\">\n<p class=\"sqsrte-small\" style=\"white-space:pre-wrap;\"><em>Entrevista a Carol Dweck por el banco BBVA acerca de la \u201cMentalidad de crecimiento\u201d.<\/em><\/p>\n<p class=\"\" style=\"white-space:pre-wrap;\">Como podremos observar hay una <strong>sinton\u00eda entre el <em>efecto Pigmali\u00f3n<\/em> y la <em>mentalidad de crecimiento<\/em> que nos van a ayudar a beneficiar a mejorar el bienestar de las personas<\/strong>. Dicho esto, hay ciertas <strong>frases que deber\u00edamos evitar decir a los trabajadores y compa\u00f1eros<\/strong>:<\/p>\n<p style=\"margin-left:80px;white-space:pre-wrap;\" class=\"\">&#8211;&nbsp;&nbsp;&nbsp;&nbsp;&nbsp;&nbsp; \u201cYa te he dicho varias veces que hagas esto\u201d<\/p>\n<p style=\"margin-left:80px;white-space:pre-wrap;\" class=\"\">&#8211;&nbsp;&nbsp;&nbsp;&nbsp;&nbsp;&nbsp; \u201cTrabajas muy lento\u201d<\/p>\n<p style=\"margin-left:80px;white-space:pre-wrap;\" class=\"\">&#8211;&nbsp;&nbsp;&nbsp;&nbsp;&nbsp;&nbsp; \u201cLo has hecho muy mal, es demasiado complicado para ti\u201d<\/p>\n<p style=\"margin-left:80px;white-space:pre-wrap;\" class=\"\">&#8211;&nbsp;&nbsp;&nbsp;&nbsp;&nbsp;&nbsp; \u201cMe ha pasado esto, siempre nos tiene que pasar a nosotros\u201d<\/p>\n<p class=\"\" style=\"white-space:pre-wrap;\">En estas frases anteriores, vemos que existen <strong>expectativas negativa<\/strong>s sobre la otra persona, lo cual favorece la aparici\u00f3n de una <strong>baja autoestima, falta de motivaci\u00f3n y creencias perjudiciales<\/strong> sobre uno mismo. Se centra s\u00f3lo en el error. <\/p>\n<p class=\"\" style=\"white-space:pre-wrap;\">M\u00e1s bien <strong>se deber\u00eda decir algo as\u00ed<\/strong>:<\/p>\n<p style=\"margin-left:80px;white-space:pre-wrap;\" class=\"\">&#8211;&nbsp;&nbsp;&nbsp;&nbsp;&nbsp;&nbsp; \u201c\u00bfQu\u00e9 tal vais de trabajo? \u00bfOs ha dado tiempo a hacer lo que os he pedido?\u201d<\/p>\n<p style=\"margin-left:80px;white-space:pre-wrap;\" class=\"\">&#8211;&nbsp;&nbsp;&nbsp;&nbsp;&nbsp;&nbsp; \u201c\u00c1nimo, s\u00e9 que puedes hacerlo mejor\u201d<\/p>\n<p style=\"margin-left:80px;white-space:pre-wrap;\" class=\"\">&#8211;&nbsp;&nbsp;&nbsp;&nbsp;&nbsp;&nbsp; \u201cMe ha ocurrido esto, \u00bfqu\u00e9 podr\u00edamos hacer para solucionarlo?\u201d<\/p>\n<p style=\"margin-left:80px;white-space:pre-wrap;\" class=\"\">&#8211;&nbsp;&nbsp;&nbsp;&nbsp;&nbsp;&nbsp; \u201cA\u00fan no te sale, pero aprender\u00e1s a hacerlo\u201d <\/p>\n<p class=\"\" style=\"white-space:pre-wrap;\">En \u00e9stas, vemos que se destacan los <strong>aspectos positivos<\/strong> lo cual permiten aprender de los errores para mejorar. <strong>Se refuerza lo positivo para hacernos crecer<\/strong>. <\/p>\n<p class=\"\" style=\"white-space:pre-wrap;\">&nbsp;<\/p>\n<p class=\"\" style=\"white-space:pre-wrap;\">Por otra parte, a trav\u00e9s de los tipos de mentalidades, <strong>Jo Boaler<\/strong> trata en su libro \u201c<em>Mente sin l\u00edmites. Aprendizaje sin fronteras<\/em>\u201d diversos puntos que abordan, entre otros, la colaboraci\u00f3n entre individuos. En los resultados de diversos estudios se recalca <strong>la importancia de las relaciones interpersonales, reuniones y trabajos en grupo, pues son un espacio enriquecedor que favorece a un mayor rendimiento y creatividad, y por ende el bienestar organizacional<\/strong>. &nbsp;Del mismo modo, el conocido neurocient\u00edfico Daniel Siegel comparte que las relaciones con los dem\u00e1s desarrolla el cerebro si intercambiamos informaci\u00f3n e influimos en los dem\u00e1s de alguna manera. <\/p>\n<p class=\"\" data-rte-preserve-empty=\"true\" style=\"white-space:pre-wrap;\">\n<p class=\"\" style=\"white-space:pre-wrap;\"><em>Y, entonces \u00bfqu\u00e9 implica que exista colaboraci\u00f3n y bienestar para la empresa?&nbsp; <\/em><\/p>\n<p class=\"\" style=\"white-space:pre-wrap;\"><strong>Juan Carlos Cubeiro<\/strong> explica que <strong>si una empresa refuerza los v\u00ednculos emocionales de los trabajadores atrae a gente feliz y, por lo tanto, a clientes \u201cfelices\u201d<\/strong>. En suma, si una empresa no cuida el bienestar organizacional para que sus empleados sean felices, se pierde su atractivo y no capta personas felices. <\/p>\n<p class=\"\" style=\"white-space:pre-wrap;\">Muchas personas tienen la creencia de que si trabajasen m\u00e1s duro ser\u00edan m\u00e1s felices (aplicable a diversos objetivos personales), pero la realidad es que se trata de un pensamiento regresivo. Por el contrario, cuando se tiene la mentalidad de crecimiento, te conviertes en alguien positivo, cooperativo, comprometido y responsable en diversos \u00e1mbitos. &nbsp;<\/p>\n<p class=\"\" style=\"white-space:pre-wrap;\">En conclusi\u00f3n, <strong>los l\u00edderes de la actualidad deben pensar en la felicidad laboral y personal de sus trabajadores<\/strong>: la mentalidad de crecimiento y el efecto Pigmali\u00f3n, las relaciones interpersonales y la conciencia colaborativa son herramientas \u00fatiles para fomentar un esp\u00edritu alentador por la b\u00fasqueda incesante de la felicidad en las personas.<\/p>\n<p class=\"\" style=\"white-space:pre-wrap;\">&nbsp;<\/p>\n<p class=\"\" style=\"white-space:pre-wrap;\"><strong><em>Todos anhelamos ser felices en la vida y qu\u00e9 menos que serlo dentro de nuestra empresa.<\/em><\/strong><\/p>\n<\/div>\n<div\n        class=\"\n          image-block-outer-wrapper\n          layout-caption-below\n          design-layout-inline\n          combination-animation-site-default\n          individual-animation-site-default\n          individual-text-animation-site-default\n        \"\n        data-test=\"image-block-inline-outer-wrapper\"\n    ><\/p>\n<figure\n            class=\"\n              sqs-block-image-figure\n              intrinsic\n            \"\n            style=\"max-width:1024px;\"\n        ><\/p>\n<div\n              \n              \n              class=\"image-block-wrapper\"\n              data-animation-role=\"image\"\n              \n  \n\n          ><\/p>\n<div class=\"sqs-image-shape-container-element\n              \n          \n        \n              has-aspect-ratio\n            \" style=\"\n                position: relative;\n                \n                  padding-bottom:75%;\n                \n                overflow: hidden;-webkit-mask-image: -webkit-radial-gradient(white, black);\n              \"\n              ><\/p>\n<p>                <img data-stretch=\"false\" src=\"https:\/\/www.felicicat.cat\/wp-content\/uploads\/2024\/04\/info-mentalidad-crecimiento.png\" data-image=\"https:\/\/www.felicicat.cat\/wp-content\/uploads\/2024\/04\/info-mentalidad-crecimiento.png\" data-image-dimensions=\"1024x768\" data-image-focal-point=\"0.5,0.5\" alt=\"info-mentalidad-crecimiento.png\" data-load=\"false\" elementtiming=\"system-image-block\" src=\"https:\/\/www.felicicat.cat\/wp-content\/uploads\/2024\/04\/info-mentalidad-crecimiento.png\" width=\"1024\" height=\"768\" alt=\"\" sizes=\"(max-width: 640px) 100vw, (max-width: 767px) 100vw, 100vw\" style=\"display:block;object-fit: cover; width: 100%; height: 100%; object-position: 50% 50%\" onload=\"this.classList.add(&quot;loaded&quot;)\" srcset=\"https:\/\/www.felicicat.cat\/wp-content\/uploads\/2024\/04\/info-mentalidad-crecimiento.png?format=100w 100w, https:\/\/www.felicicat.cat\/wp-content\/uploads\/2024\/04\/info-mentalidad-crecimiento.png?format=300w 300w, https:\/\/www.felicicat.cat\/wp-content\/uploads\/2024\/04\/info-mentalidad-crecimiento.png?format=500w 500w, https:\/\/www.felicicat.cat\/wp-content\/uploads\/2024\/04\/info-mentalidad-crecimiento.png?format=750w 750w, https:\/\/www.felicicat.cat\/wp-content\/uploads\/2024\/04\/info-mentalidad-crecimiento.png?format=1000w 1000w, https:\/\/www.felicicat.cat\/wp-content\/uploads\/2024\/04\/info-mentalidad-crecimiento.png?format=1500w 1500w, https:\/\/www.felicicat.cat\/wp-content\/uploads\/2024\/04\/info-mentalidad-crecimiento.png?format=2500w 2500w\" loading=\"lazy\" decoding=\"async\" data-loader=\"sqs\"><\/p><\/div><\/div>\n<\/figure><\/div>\n","protected":false},"excerpt":{"rendered":"<p class=\"\" style=\"white-space:pre-wrap;\">Con frecuencia, el t\u00e9rmino de \u201cneurociencia del aprendizaje\u201d suele asociarse exclusivamente al campo educativo, sobre todo con docentes y ni\u00f1os, pero muchas de las investigaciones se han realizado con una muestra adulta e incluso de tercera edad, lo cual puede ser aplicable hacia todas las personas y, en este caso, llevarlo hacia el terreno empresarial. <\/p>\n","protected":false},"author":1,"featured_media":7010,"comment_status":"closed","ping_status":"closed","sticky":false,"template":"","format":"standard","meta":{"_uag_custom_page_level_css":"","footnotes":""},"categories":[342],"tags":[],"post_series":[],"yoast_head":"<!-- This site is optimized with the Yoast SEO plugin v22.5 - https:\/\/yoast.com\/wordpress\/plugins\/seo\/ -->\n<title>\u00bfPueden las teor\u00edas de la neurociencia del aprendizaje ayudar en el bienestar de nuestros empleados? - Felicicat<\/title>\n<meta name=\"robots\" content=\"index, follow, max-snippet:-1, max-image-preview:large, max-video-preview:-1\" \/>\n<link rel=\"canonical\" href=\"https:\/\/www.felicicat.cat\/es\/pueden-las-teoras-de-la-neurociencia-del-aprendizaje-ayudar-en-el-bienestar-de-nuestros-empleados\/\" \/>\n<meta property=\"og:locale\" content=\"es_ES\" \/>\n<meta property=\"og:type\" content=\"article\" \/>\n<meta property=\"og:title\" content=\"\u00bfPueden las teor\u00edas de la neurociencia del aprendizaje ayudar en el bienestar de nuestros empleados? - Felicicat\" \/>\n<meta property=\"og:description\" content=\"Con frecuencia, el t\u00e9rmino de \u201cneurociencia del aprendizaje\u201d suele asociarse exclusivamente al campo educativo, sobre todo con docentes y ni\u00f1os, pero muchas de las investigaciones se han realizado con una muestra adulta e incluso de tercera edad, lo cual puede ser aplicable hacia todas las personas y, en este caso, llevarlo hacia el terreno empresarial.\" \/>\n<meta property=\"og:url\" content=\"https:\/\/www.felicicat.cat\/es\/pueden-las-teoras-de-la-neurociencia-del-aprendizaje-ayudar-en-el-bienestar-de-nuestros-empleados\/\" \/>\n<meta property=\"og:site_name\" content=\"Felicicat\" \/>\n<meta property=\"article:published_time\" content=\"2021-05-12T12:38:46+00:00\" \/>\n<meta property=\"article:modified_time\" content=\"2024-04-13T04:47:20+00:00\" \/>\n<meta property=\"og:image\" content=\"https:\/\/www.felicicat.cat\/wp-content\/uploads\/2021\/05\/Neurociencia-Aprendiz.jpg\" \/>\n\t<meta property=\"og:image:width\" content=\"800\" \/>\n\t<meta property=\"og:image:height\" content=\"600\" \/>\n\t<meta property=\"og:image:type\" content=\"image\/jpeg\" \/>\n<meta name=\"author\" content=\"admin\" \/>\n<meta name=\"twitter:card\" content=\"summary_large_image\" \/>\n<meta name=\"twitter:label1\" content=\"Escrito por\" \/>\n\t<meta name=\"twitter:data1\" content=\"admin\" \/>\n\t<meta name=\"twitter:label2\" content=\"Tiempo de lectura\" \/>\n\t<meta name=\"twitter:data2\" content=\"6 minutos\" \/>\n<script type=\"application\/ld+json\" class=\"yoast-schema-graph\">{\"@context\":\"https:\/\/schema.org\",\"@graph\":[{\"@type\":\"Article\",\"@id\":\"https:\/\/www.felicicat.cat\/es\/pueden-las-teoras-de-la-neurociencia-del-aprendizaje-ayudar-en-el-bienestar-de-nuestros-empleados\/#article\",\"isPartOf\":{\"@id\":\"https:\/\/www.felicicat.cat\/es\/pueden-las-teoras-de-la-neurociencia-del-aprendizaje-ayudar-en-el-bienestar-de-nuestros-empleados\/\"},\"author\":{\"name\":\"admin\",\"@id\":\"https:\/\/www.felicicat.cat\/#\/schema\/person\/b86d2cd5d0c959c4124f705bdab5b73b\"},\"headline\":\"\u00bfPueden las teor\u00edas de la neurociencia del aprendizaje ayudar en el bienestar de nuestros empleados?\",\"datePublished\":\"2021-05-12T12:38:46+00:00\",\"dateModified\":\"2024-04-13T04:47:20+00:00\",\"mainEntityOfPage\":{\"@id\":\"https:\/\/www.felicicat.cat\/es\/pueden-las-teoras-de-la-neurociencia-del-aprendizaje-ayudar-en-el-bienestar-de-nuestros-empleados\/\"},\"wordCount\":1201,\"publisher\":{\"@id\":\"https:\/\/www.felicicat.cat\/#organization\"},\"image\":{\"@id\":\"https:\/\/www.felicicat.cat\/es\/pueden-las-teoras-de-la-neurociencia-del-aprendizaje-ayudar-en-el-bienestar-de-nuestros-empleados\/#primaryimage\"},\"thumbnailUrl\":\"https:\/\/www.felicicat.cat\/wp-content\/uploads\/2021\/05\/Neurociencia-Aprendiz.jpg\",\"articleSection\":[\"Actualidad y tendencias\"],\"inLanguage\":\"es\"},{\"@type\":\"WebPage\",\"@id\":\"https:\/\/www.felicicat.cat\/es\/pueden-las-teoras-de-la-neurociencia-del-aprendizaje-ayudar-en-el-bienestar-de-nuestros-empleados\/\",\"url\":\"https:\/\/www.felicicat.cat\/es\/pueden-las-teoras-de-la-neurociencia-del-aprendizaje-ayudar-en-el-bienestar-de-nuestros-empleados\/\",\"name\":\"\u00bfPueden las teor\u00edas de la neurociencia del aprendizaje ayudar en el bienestar de nuestros empleados? - Felicicat\",\"isPartOf\":{\"@id\":\"https:\/\/www.felicicat.cat\/#website\"},\"primaryImageOfPage\":{\"@id\":\"https:\/\/www.felicicat.cat\/es\/pueden-las-teoras-de-la-neurociencia-del-aprendizaje-ayudar-en-el-bienestar-de-nuestros-empleados\/#primaryimage\"},\"image\":{\"@id\":\"https:\/\/www.felicicat.cat\/es\/pueden-las-teoras-de-la-neurociencia-del-aprendizaje-ayudar-en-el-bienestar-de-nuestros-empleados\/#primaryimage\"},\"thumbnailUrl\":\"https:\/\/www.felicicat.cat\/wp-content\/uploads\/2021\/05\/Neurociencia-Aprendiz.jpg\",\"datePublished\":\"2021-05-12T12:38:46+00:00\",\"dateModified\":\"2024-04-13T04:47:20+00:00\",\"breadcrumb\":{\"@id\":\"https:\/\/www.felicicat.cat\/es\/pueden-las-teoras-de-la-neurociencia-del-aprendizaje-ayudar-en-el-bienestar-de-nuestros-empleados\/#breadcrumb\"},\"inLanguage\":\"es\",\"potentialAction\":[{\"@type\":\"ReadAction\",\"target\":[\"https:\/\/www.felicicat.cat\/es\/pueden-las-teoras-de-la-neurociencia-del-aprendizaje-ayudar-en-el-bienestar-de-nuestros-empleados\/\"]}]},{\"@type\":\"ImageObject\",\"inLanguage\":\"es\",\"@id\":\"https:\/\/www.felicicat.cat\/es\/pueden-las-teoras-de-la-neurociencia-del-aprendizaje-ayudar-en-el-bienestar-de-nuestros-empleados\/#primaryimage\",\"url\":\"https:\/\/www.felicicat.cat\/wp-content\/uploads\/2021\/05\/Neurociencia-Aprendiz.jpg\",\"contentUrl\":\"https:\/\/www.felicicat.cat\/wp-content\/uploads\/2021\/05\/Neurociencia-Aprendiz.jpg\",\"width\":800,\"height\":600,\"caption\":\"exc-609a8952f53ba81980c52e54\"},{\"@type\":\"BreadcrumbList\",\"@id\":\"https:\/\/www.felicicat.cat\/es\/pueden-las-teoras-de-la-neurociencia-del-aprendizaje-ayudar-en-el-bienestar-de-nuestros-empleados\/#breadcrumb\",\"itemListElement\":[{\"@type\":\"ListItem\",\"position\":1,\"name\":\"Home\",\"item\":\"https:\/\/www.felicicat.cat\/es\/\"},{\"@type\":\"ListItem\",\"position\":2,\"name\":\"\u00bfPueden las teor\u00edas de la neurociencia del aprendizaje&hellip;\"}]},{\"@type\":\"WebSite\",\"@id\":\"https:\/\/www.felicicat.cat\/#website\",\"url\":\"https:\/\/www.felicicat.cat\/\",\"name\":\"Felicicat\",\"description\":\"Institut Catal\u00e0 de la felicitat\",\"publisher\":{\"@id\":\"https:\/\/www.felicicat.cat\/#organization\"},\"potentialAction\":[{\"@type\":\"SearchAction\",\"target\":{\"@type\":\"EntryPoint\",\"urlTemplate\":\"https:\/\/www.felicicat.cat\/?s={search_term_string}\"},\"query-input\":\"required name=search_term_string\"}],\"inLanguage\":\"es\"},{\"@type\":\"Organization\",\"@id\":\"https:\/\/www.felicicat.cat\/#organization\",\"name\":\"Felicicat\",\"url\":\"https:\/\/www.felicicat.cat\/\",\"logo\":{\"@type\":\"ImageObject\",\"inLanguage\":\"es\",\"@id\":\"https:\/\/www.felicicat.cat\/#\/schema\/logo\/image\/\",\"url\":\"https:\/\/www.felicicat.cat\/wp-content\/uploads\/2023\/11\/4_proveslogotipsfelicicatFINAL_Mesadetrabajo1.png\",\"contentUrl\":\"https:\/\/www.felicicat.cat\/wp-content\/uploads\/2023\/11\/4_proveslogotipsfelicicatFINAL_Mesadetrabajo1.png\",\"width\":1500,\"height\":195,\"caption\":\"Felicicat\"},\"image\":{\"@id\":\"https:\/\/www.felicicat.cat\/#\/schema\/logo\/image\/\"}},{\"@type\":\"Person\",\"@id\":\"https:\/\/www.felicicat.cat\/#\/schema\/person\/b86d2cd5d0c959c4124f705bdab5b73b\",\"name\":\"admin\",\"image\":{\"@type\":\"ImageObject\",\"inLanguage\":\"es\",\"@id\":\"https:\/\/www.felicicat.cat\/#\/schema\/person\/image\/\",\"url\":\"https:\/\/secure.gravatar.com\/avatar\/d44c1b493c211a5b76522ef4dfbc28f8?s=96&d=mm&r=g\",\"contentUrl\":\"https:\/\/secure.gravatar.com\/avatar\/d44c1b493c211a5b76522ef4dfbc28f8?s=96&d=mm&r=g\",\"caption\":\"admin\"},\"url\":\"https:\/\/www.felicicat.cat\/es\/author\/admin2\/\"}]}<\/script>\n<!-- \/ Yoast SEO plugin. -->","yoast_head_json":{"title":"\u00bfPueden las teor\u00edas de la neurociencia del aprendizaje ayudar en el bienestar de nuestros empleados? - Felicicat","robots":{"index":"index","follow":"follow","max-snippet":"max-snippet:-1","max-image-preview":"max-image-preview:large","max-video-preview":"max-video-preview:-1"},"canonical":"https:\/\/www.felicicat.cat\/es\/pueden-las-teoras-de-la-neurociencia-del-aprendizaje-ayudar-en-el-bienestar-de-nuestros-empleados\/","og_locale":"es_ES","og_type":"article","og_title":"\u00bfPueden las teor\u00edas de la neurociencia del aprendizaje ayudar en el bienestar de nuestros empleados? - Felicicat","og_description":"Con frecuencia, el t\u00e9rmino de \u201cneurociencia del aprendizaje\u201d suele asociarse exclusivamente al campo educativo, sobre todo con docentes y ni\u00f1os, pero muchas de las investigaciones se han realizado con una muestra adulta e incluso de tercera edad, lo cual puede ser aplicable hacia todas las personas y, en este caso, llevarlo hacia el terreno empresarial.","og_url":"https:\/\/www.felicicat.cat\/es\/pueden-las-teoras-de-la-neurociencia-del-aprendizaje-ayudar-en-el-bienestar-de-nuestros-empleados\/","og_site_name":"Felicicat","article_published_time":"2021-05-12T12:38:46+00:00","article_modified_time":"2024-04-13T04:47:20+00:00","og_image":[{"width":800,"height":600,"url":"https:\/\/www.felicicat.cat\/wp-content\/uploads\/2021\/05\/Neurociencia-Aprendiz.jpg","type":"image\/jpeg"}],"author":"admin","twitter_card":"summary_large_image","twitter_misc":{"Escrito por":"admin","Tiempo de lectura":"6 minutos"},"schema":{"@context":"https:\/\/schema.org","@graph":[{"@type":"Article","@id":"https:\/\/www.felicicat.cat\/es\/pueden-las-teoras-de-la-neurociencia-del-aprendizaje-ayudar-en-el-bienestar-de-nuestros-empleados\/#article","isPartOf":{"@id":"https:\/\/www.felicicat.cat\/es\/pueden-las-teoras-de-la-neurociencia-del-aprendizaje-ayudar-en-el-bienestar-de-nuestros-empleados\/"},"author":{"name":"admin","@id":"https:\/\/www.felicicat.cat\/#\/schema\/person\/b86d2cd5d0c959c4124f705bdab5b73b"},"headline":"\u00bfPueden las teor\u00edas de la neurociencia del aprendizaje ayudar en el bienestar de nuestros empleados?","datePublished":"2021-05-12T12:38:46+00:00","dateModified":"2024-04-13T04:47:20+00:00","mainEntityOfPage":{"@id":"https:\/\/www.felicicat.cat\/es\/pueden-las-teoras-de-la-neurociencia-del-aprendizaje-ayudar-en-el-bienestar-de-nuestros-empleados\/"},"wordCount":1201,"publisher":{"@id":"https:\/\/www.felicicat.cat\/#organization"},"image":{"@id":"https:\/\/www.felicicat.cat\/es\/pueden-las-teoras-de-la-neurociencia-del-aprendizaje-ayudar-en-el-bienestar-de-nuestros-empleados\/#primaryimage"},"thumbnailUrl":"https:\/\/www.felicicat.cat\/wp-content\/uploads\/2021\/05\/Neurociencia-Aprendiz.jpg","articleSection":["Actualidad y tendencias"],"inLanguage":"es"},{"@type":"WebPage","@id":"https:\/\/www.felicicat.cat\/es\/pueden-las-teoras-de-la-neurociencia-del-aprendizaje-ayudar-en-el-bienestar-de-nuestros-empleados\/","url":"https:\/\/www.felicicat.cat\/es\/pueden-las-teoras-de-la-neurociencia-del-aprendizaje-ayudar-en-el-bienestar-de-nuestros-empleados\/","name":"\u00bfPueden las teor\u00edas de la neurociencia del aprendizaje ayudar en el bienestar de nuestros empleados? - Felicicat","isPartOf":{"@id":"https:\/\/www.felicicat.cat\/#website"},"primaryImageOfPage":{"@id":"https:\/\/www.felicicat.cat\/es\/pueden-las-teoras-de-la-neurociencia-del-aprendizaje-ayudar-en-el-bienestar-de-nuestros-empleados\/#primaryimage"},"image":{"@id":"https:\/\/www.felicicat.cat\/es\/pueden-las-teoras-de-la-neurociencia-del-aprendizaje-ayudar-en-el-bienestar-de-nuestros-empleados\/#primaryimage"},"thumbnailUrl":"https:\/\/www.felicicat.cat\/wp-content\/uploads\/2021\/05\/Neurociencia-Aprendiz.jpg","datePublished":"2021-05-12T12:38:46+00:00","dateModified":"2024-04-13T04:47:20+00:00","breadcrumb":{"@id":"https:\/\/www.felicicat.cat\/es\/pueden-las-teoras-de-la-neurociencia-del-aprendizaje-ayudar-en-el-bienestar-de-nuestros-empleados\/#breadcrumb"},"inLanguage":"es","potentialAction":[{"@type":"ReadAction","target":["https:\/\/www.felicicat.cat\/es\/pueden-las-teoras-de-la-neurociencia-del-aprendizaje-ayudar-en-el-bienestar-de-nuestros-empleados\/"]}]},{"@type":"ImageObject","inLanguage":"es","@id":"https:\/\/www.felicicat.cat\/es\/pueden-las-teoras-de-la-neurociencia-del-aprendizaje-ayudar-en-el-bienestar-de-nuestros-empleados\/#primaryimage","url":"https:\/\/www.felicicat.cat\/wp-content\/uploads\/2021\/05\/Neurociencia-Aprendiz.jpg","contentUrl":"https:\/\/www.felicicat.cat\/wp-content\/uploads\/2021\/05\/Neurociencia-Aprendiz.jpg","width":800,"height":600,"caption":"exc-609a8952f53ba81980c52e54"},{"@type":"BreadcrumbList","@id":"https:\/\/www.felicicat.cat\/es\/pueden-las-teoras-de-la-neurociencia-del-aprendizaje-ayudar-en-el-bienestar-de-nuestros-empleados\/#breadcrumb","itemListElement":[{"@type":"ListItem","position":1,"name":"Home","item":"https:\/\/www.felicicat.cat\/es\/"},{"@type":"ListItem","position":2,"name":"\u00bfPueden las teor\u00edas de la neurociencia del aprendizaje&hellip;"}]},{"@type":"WebSite","@id":"https:\/\/www.felicicat.cat\/#website","url":"https:\/\/www.felicicat.cat\/","name":"Felicicat","description":"Institut Catal\u00e0 de la felicitat","publisher":{"@id":"https:\/\/www.felicicat.cat\/#organization"},"potentialAction":[{"@type":"SearchAction","target":{"@type":"EntryPoint","urlTemplate":"https:\/\/www.felicicat.cat\/?s={search_term_string}"},"query-input":"required name=search_term_string"}],"inLanguage":"es"},{"@type":"Organization","@id":"https:\/\/www.felicicat.cat\/#organization","name":"Felicicat","url":"https:\/\/www.felicicat.cat\/","logo":{"@type":"ImageObject","inLanguage":"es","@id":"https:\/\/www.felicicat.cat\/#\/schema\/logo\/image\/","url":"https:\/\/www.felicicat.cat\/wp-content\/uploads\/2023\/11\/4_proveslogotipsfelicicatFINAL_Mesadetrabajo1.png","contentUrl":"https:\/\/www.felicicat.cat\/wp-content\/uploads\/2023\/11\/4_proveslogotipsfelicicatFINAL_Mesadetrabajo1.png","width":1500,"height":195,"caption":"Felicicat"},"image":{"@id":"https:\/\/www.felicicat.cat\/#\/schema\/logo\/image\/"}},{"@type":"Person","@id":"https:\/\/www.felicicat.cat\/#\/schema\/person\/b86d2cd5d0c959c4124f705bdab5b73b","name":"admin","image":{"@type":"ImageObject","inLanguage":"es","@id":"https:\/\/www.felicicat.cat\/#\/schema\/person\/image\/","url":"https:\/\/secure.gravatar.com\/avatar\/d44c1b493c211a5b76522ef4dfbc28f8?s=96&d=mm&r=g","contentUrl":"https:\/\/secure.gravatar.com\/avatar\/d44c1b493c211a5b76522ef4dfbc28f8?s=96&d=mm&r=g","caption":"admin"},"url":"https:\/\/www.felicicat.cat\/es\/author\/admin2\/"}]}},"uagb_featured_image_src":{"full":["https:\/\/www.felicicat.cat\/wp-content\/uploads\/2021\/05\/Neurociencia-Aprendiz.jpg",800,600,false],"thumbnail":["https:\/\/www.felicicat.cat\/wp-content\/uploads\/2021\/05\/Neurociencia-Aprendiz-150x150.jpg",150,150,true],"medium":["https:\/\/www.felicicat.cat\/wp-content\/uploads\/2021\/05\/Neurociencia-Aprendiz-300x225.jpg",300,225,true],"medium_large":["https:\/\/www.felicicat.cat\/wp-content\/uploads\/2021\/05\/Neurociencia-Aprendiz-768x576.jpg",768,576,true],"large":["https:\/\/www.felicicat.cat\/wp-content\/uploads\/2021\/05\/Neurociencia-Aprendiz.jpg",800,600,false],"1536x1536":["https:\/\/www.felicicat.cat\/wp-content\/uploads\/2021\/05\/Neurociencia-Aprendiz.jpg",800,600,false],"2048x2048":["https:\/\/www.felicicat.cat\/wp-content\/uploads\/2021\/05\/Neurociencia-Aprendiz.jpg",800,600,false],"woocommerce_thumbnail":["https:\/\/www.felicicat.cat\/wp-content\/uploads\/2021\/05\/Neurociencia-Aprendiz-center-top-60x60.jpg",60,60,true],"woocommerce_single":["https:\/\/www.felicicat.cat\/wp-content\/uploads\/2021\/05\/Neurociencia-Aprendiz-700x525.jpg",700,525,true],"woocommerce_gallery_thumbnail":["https:\/\/www.felicicat.cat\/wp-content\/uploads\/2021\/05\/Neurociencia-Aprendiz-100x100.jpg",100,100,true],"lightbox":["https:\/\/www.felicicat.cat\/wp-content\/uploads\/2021\/05\/Neurociencia-Aprendiz.jpg",800,600,false],"search_results":["https:\/\/www.felicicat.cat\/wp-content\/uploads\/2021\/05\/Neurociencia-Aprendiz-125x125.jpg",125,125,true],"blog_entry":["https:\/\/www.felicicat.cat\/wp-content\/uploads\/2021\/05\/Neurociencia-Aprendiz-680x380.jpg",680,380,true],"blog_post":["https:\/\/www.felicicat.cat\/wp-content\/uploads\/2021\/05\/Neurociencia-Aprendiz-680x380.jpg",680,380,true],"blog_post_full":["https:\/\/www.felicicat.cat\/wp-content\/uploads\/2021\/05\/Neurociencia-Aprendiz.jpg",800,600,false],"blog_related":["https:\/\/www.felicicat.cat\/wp-content\/uploads\/2021\/05\/Neurociencia-Aprendiz.jpg",507,380,false],"portfolio_entry":["https:\/\/www.felicicat.cat\/wp-content\/uploads\/2021\/05\/Neurociencia-Aprendiz.jpg",467,350,false],"portfolio_post":["https:\/\/www.felicicat.cat\/wp-content\/uploads\/2021\/05\/Neurociencia-Aprendiz.jpg",800,600,false],"portfolio_related":["https:\/\/www.felicicat.cat\/wp-content\/uploads\/2021\/05\/Neurociencia-Aprendiz.jpg",467,350,false],"staff_entry":["https:\/\/www.felicicat.cat\/wp-content\/uploads\/2021\/05\/Neurociencia-Aprendiz.jpg",500,375,false],"staff_post":["https:\/\/www.felicicat.cat\/wp-content\/uploads\/2021\/05\/Neurociencia-Aprendiz.jpg",800,600,false],"staff_related":["https:\/\/www.felicicat.cat\/wp-content\/uploads\/2021\/05\/Neurociencia-Aprendiz.jpg",500,375,false],"testimonials_entry":["https:\/\/www.felicicat.cat\/wp-content\/uploads\/2021\/05\/Neurociencia-Aprendiz.jpg",45,34,false],"shop_catalog":["https:\/\/www.felicicat.cat\/wp-content\/uploads\/2021\/05\/Neurociencia-Aprendiz-350x263.jpg",350,263,true],"shop_single":["https:\/\/www.felicicat.cat\/wp-content\/uploads\/2021\/05\/Neurociencia-Aprendiz-700x525.jpg",700,525,true],"shop_single_thumbnail":["https:\/\/www.felicicat.cat\/wp-content\/uploads\/2021\/05\/Neurociencia-Aprendiz-140x140.jpg",140,140,true],"shop_category":["https:\/\/www.felicicat.cat\/wp-content\/uploads\/2021\/05\/Neurociencia-Aprendiz.jpg",800,600,false],"shop_thumbnail_cart":["https:\/\/www.felicicat.cat\/wp-content\/uploads\/2021\/05\/Neurociencia-Aprendiz-center-top-60x60.jpg",60,60,true],"gallery":["https:\/\/www.felicicat.cat\/wp-content\/uploads\/2021\/05\/Neurociencia-Aprendiz.jpg",500,375,false]},"uagb_author_info":{"display_name":"admin","author_link":"https:\/\/www.felicicat.cat\/es\/author\/admin2\/"},"uagb_comment_info":0,"uagb_excerpt":"Con frecuencia, el t\u00e9rmino de \u201cneurociencia del aprendizaje\u201d suele asociarse exclusivamente al campo educativo, sobre todo con docentes y ni\u00f1os, pero muchas de las investigaciones se han realizado con una muestra adulta e incluso de tercera edad, lo cual puede ser aplicable hacia todas las personas y, en este caso, llevarlo hacia el terreno empresarial.","_links":{"self":[{"href":"https:\/\/www.felicicat.cat\/es\/wp-json\/wp\/v2\/posts\/7361"}],"collection":[{"href":"https:\/\/www.felicicat.cat\/es\/wp-json\/wp\/v2\/posts"}],"about":[{"href":"https:\/\/www.felicicat.cat\/es\/wp-json\/wp\/v2\/types\/post"}],"author":[{"embeddable":true,"href":"https:\/\/www.felicicat.cat\/es\/wp-json\/wp\/v2\/users\/1"}],"replies":[{"embeddable":true,"href":"https:\/\/www.felicicat.cat\/es\/wp-json\/wp\/v2\/comments?post=7361"}],"version-history":[{"count":2,"href":"https:\/\/www.felicicat.cat\/es\/wp-json\/wp\/v2\/posts\/7361\/revisions"}],"predecessor-version":[{"id":10436,"href":"https:\/\/www.felicicat.cat\/es\/wp-json\/wp\/v2\/posts\/7361\/revisions\/10436"}],"wp:featuredmedia":[{"embeddable":true,"href":"https:\/\/www.felicicat.cat\/es\/wp-json\/wp\/v2\/media\/7010"}],"wp:attachment":[{"href":"https:\/\/www.felicicat.cat\/es\/wp-json\/wp\/v2\/media?parent=7361"}],"wp:term":[{"taxonomy":"category","embeddable":true,"href":"https:\/\/www.felicicat.cat\/es\/wp-json\/wp\/v2\/categories?post=7361"},{"taxonomy":"post_tag","embeddable":true,"href":"https:\/\/www.felicicat.cat\/es\/wp-json\/wp\/v2\/tags?post=7361"},{"taxonomy":"post_series","embeddable":true,"href":"https:\/\/www.felicicat.cat\/es\/wp-json\/wp\/v2\/post_series?post=7361"}],"curies":[{"name":"wp","href":"https:\/\/api.w.org\/{rel}","templated":true}]}}