{"id":7338,"date":"2022-03-29T16:02:15","date_gmt":"2022-03-29T16:02:15","guid":{"rendered":"https:\/\/www.felicicat.cat\/2022\/03\/cambra-barcelona-indicadores-progreso-bienestar-social\/"},"modified":"2024-04-13T04:44:20","modified_gmt":"2024-04-13T04:44:20","slug":"cambra-barcelona-indicadores-progreso-bienestar-social","status":"publish","type":"post","link":"https:\/\/www.felicicat.cat\/es\/cambra-barcelona-indicadores-progreso-bienestar-social\/","title":{"rendered":"La Cambra de Barcelona actualiza los Indicadores de Progreso y Bienestar social."},"content":{"rendered":"<div class=\"sqs-html-content\">\n<h4 style=\"text-align: center; white-space: pre-wrap;\">La actualizaci\u00f3n de los IPB (Indicadores de Progreso y Bienestar Social), concluye que Catalu\u00f1a tiene varias asignaturas pendientes si quiere converger con la UE.<\/h4>\n<ul data-rte-list=\"default\">\n<li>\n<p class=\"\" style=\"white-space: pre-wrap;\"><strong>El d\u00e9ficit de implementaci\u00f3n de las renovables y el bajo nivel de soberan\u00eda energ\u00e9tica de Catalu\u00f1a la sit\u00faa en una posici\u00f3n especialmente vulnerable ante choques energ\u00e9ticos como el actual.<\/strong><\/p>\n<\/li>\n<li>\n<p class=\"\" style=\"white-space: pre-wrap;\"><strong>La desigualdad econ\u00f3mica en Catalu\u00f1a en t\u00e9rminos relativos con la UE-5 no ha aumentado desde el inicio de la pandemia, pero s\u00ed que hay un aumento moderado de la pobreza durante el 2020, a pesar del despliegue de ayudas econ\u00f3micas.<\/strong><\/p>\n<\/li>\n<li>\n<p class=\"\" style=\"white-space: pre-wrap;\"><strong>Catalu\u00f1a mantiene la distancia en inversi\u00f3n en R+D sobre el PIB con los pa\u00edses europeos de referencia en 2020.<\/strong><\/p>\n<\/li>\n<\/ul>\n<\/div>\n<p>&nbsp;<\/p>\n<div class=\"sqs-html-content\">\n<p class=\"\" style=\"white-space: pre-wrap;\"><strong>Barcelona 16 de marzo de 2022, <\/strong><\/p>\n<p class=\"\" style=\"white-space: pre-wrap;\">Con el objetivo de disponer de una visi\u00f3n m\u00e1s hol\u00edstica del bienestar (sostenibilidad ambiental, equidad de g\u00e9nero, progreso tecnol\u00f3gico, etc.) en Catalu\u00f1a, m\u00e1s all\u00e1 del PIB, se crearon los Indicadores de Progreso y Bienestar (IPB), que se presentaron por primera vez en septiembre de 2021 y que se actualizan trimestralmente. El prop\u00f3sito es complementar la valoraci\u00f3n de la evoluci\u00f3n del bienestar social, generalmente focalizadas en el PIB, con los IPB. Los indicadores eval\u00faan el bienestar en Catalu\u00f1a desde dos perspectivas complementarias. La primera, comparando anualmente su posici\u00f3n relativa con la UE-5 (Alemania, Francia, Italia, Pa\u00edses Bajos y B\u00e9lgica), es decir, la distancia que separa en Catalu\u00f1a del n\u00facleo europeo. Y la segunda, analizando si Catalu\u00f1a empeora o mejora respecto a s\u00ed misma a lo largo del tiempo (a partir de indicadores trimestrales).<\/p>\n<p class=\"\" style=\"white-space: pre-wrap;\">A continuaci\u00f3n, se resumen las principales novedades de los diferentes \u00e1mbitos del bienestar: progreso, bienestar, sostenibilidad y calidad del crecimiento.<\/p>\n<p class=\"\" style=\"white-space: pre-wrap;\"><strong>Progreso<\/strong><\/p>\n<p class=\"\" style=\"white-space: pre-wrap;\">En el \u00e1mbito del progreso, dividido a la vez en tres subgrupos (econ\u00f3mico, social y tecnol\u00f3gico), hay que enfatizar la fuerte recuperaci\u00f3n del PIB per c\u00e1pita de la econom\u00eda catalana en los \u00faltimos tres trimestres de 2021. De esta forma, el PIB por habitante el 1T de 2021 se situaba un 9,2% inferior al nivel previo a la Covid-19 (4T 2019) y en el 4T de 2021 el diferencial se ha reducido a solo el 2,9%.<\/p>\n<p class=\"\" style=\"white-space: pre-wrap;\">En cuanto al progreso social, Catalu\u00f1a ha reducido el diferencial (a pesar de seguir siendo considerable) con la UE-5 en relaci\u00f3n con el porcentaje de activos de baja formaci\u00f3n (de 13,9 puntos porcentuales el 2019 a 12,9 p.p. el 2020).<\/p>\n<p class=\"\" style=\"white-space: pre-wrap;\">Finalmente, en el \u00e1mbito tecnol\u00f3gico, Catalu\u00f1a no habr\u00eda convergido con la UE-5 de acuerdo con los indicadores disponibles. El peso del gasto en R+D (p\u00fablica y privada) en relaci\u00f3n con el PIB se mantiene constante con la UE-5 entre el 2019 y 2020. Adem\u00e1s, el peso de los trabajadores en actividades d\u2018R+D e investigadores sobre el total de ocupados ha aumentado m\u00e1s en la UE-5 el 2020 en comparaci\u00f3n con Catalu\u00f1a.<\/p>\n<p class=\"sqsrte-small\" style=\"text-align: center; white-space: pre-wrap;\"><strong>Despesa en R+D. Empresas.<\/strong><\/p>\n<p class=\"sqsrte-small\" style=\"text-align: center; white-space: pre-wrap;\"><strong>En % del PIB. Anual<\/strong><\/p>\n<\/div>\n<div class=\" image-block-outer-wrapper layout-caption-below design-layout-inline combination-animation-site-default individual-animation-site-default individual-text-animation-site-default \" data-test=\"image-block-inline-outer-wrapper\">\n<figure class=\" sqs-block-image-figure intrinsic \" style=\"max-width: 1106px;\">\n<div class=\"image-block-wrapper\" data-animation-role=\"image\">\n<div class=\"sqs-image-shape-container-element has-aspect-ratio \" style=\"position: relative; padding-bottom: 72.4353256225586%; overflow: hidden; -webkit-mask-image: -webkit-radial-gradient(white, black);\">\n<p><img loading=\"lazy\" decoding=\"async\" style=\"display: block; object-fit: cover; width: 100%; height: 100%; object-position: 50% 50%;\" src=\"https:\/\/www.felicicat.cat\/wp-content\/uploads\/2024\/04\/Despesa-R2BD-Empreses.png\" sizes=\"(max-width: 640px) 100vw, (max-width: 767px) 100vw, 100vw\" srcset=\"https:\/\/www.felicicat.cat\/wp-content\/uploads\/2024\/04\/Despesa-R2BD-Empreses.png?format=100w 100w, https:\/\/www.felicicat.cat\/wp-content\/uploads\/2024\/04\/Despesa-R2BD-Empreses.png?format=300w 300w, https:\/\/www.felicicat.cat\/wp-content\/uploads\/2024\/04\/Despesa-R2BD-Empreses.png?format=500w 500w, https:\/\/www.felicicat.cat\/wp-content\/uploads\/2024\/04\/Despesa-R2BD-Empreses.png?format=750w 750w, https:\/\/www.felicicat.cat\/wp-content\/uploads\/2024\/04\/Despesa-R2BD-Empreses.png?format=1000w 1000w, https:\/\/www.felicicat.cat\/wp-content\/uploads\/2024\/04\/Despesa-R2BD-Empreses.png?format=1500w 1500w, https:\/\/www.felicicat.cat\/wp-content\/uploads\/2024\/04\/Despesa-R2BD-Empreses.png?format=2500w 2500w\" alt=\"\" width=\"1106\" height=\"701\" data-stretch=\"false\" data-image=\"https:\/\/www.felicicat.cat\/wp-content\/uploads\/2024\/04\/Despesa-R2BD-Empreses.png\" data-image-dimensions=\"1106x701\" data-image-focal-point=\"0.5,0.5\" data-load=\"false\" data-loader=\"sqs\" \/><\/p>\n<\/div>\n<\/div><figcaption class=\"image-caption-wrapper\">\n<div class=\"image-caption\">\n<p class=\"sqsrte-small\" style=\"text-align: center; white-space: pre-wrap;\">Fuente: La Cambra de Barcelona a partir d&#8217;Eurostat y el INE (2019)<\/p>\n<\/div>\n<\/figcaption><\/figure>\n<\/div>\n<div class=\"sqs-html-content\">\n<p class=\"\" style=\"white-space: pre-wrap;\"><strong>Bienestar<\/strong><\/p>\n<p class=\"\" style=\"white-space: pre-wrap;\">En relaci\u00f3n con el bienestar -f\u00edsico, social y econ\u00f3mico-, el impacto m\u00e1s intenso de la Covid-19 en Catalu\u00f1a ha provocado una fuerte regresi\u00f3n (se espera que devuelva gradualmente a los niveles previos de la Covid-19 en los pr\u00f3ximos a\u00f1os) de la esperanza de vida al nacer en comparaci\u00f3n con la UE-5 en 2020 (a pesar de que en Catalu\u00f1a contin\u00faa siendo m\u00e1s elevada). As\u00ed, mientras que el 2019 los catalanes viv\u00edan (en media) 1,3 a\u00f1os m\u00e1s que sus hom\u00f3logos europeos, en 2020 esta diferencia se acort\u00f3 hasta los seis meses. Aun as\u00ed, el n\u00famero de defunciones en Catalu\u00f1a el 2021 ha disminuido un 13,9% en comparaci\u00f3n con el a\u00f1o anterior.<\/p>\n<p class=\"\" style=\"white-space: pre-wrap;\">En cuanto al bienestar social, Catalu\u00f1a consigui\u00f3 recortar diferencias con la UE-5 el 2020 (el porcentaje del gasto p\u00fablico por habitante se situ\u00f3 en el 73,4%, 1,9 p.p. inferior al 2019). Sin embargo, el impacto m\u00e1s grande de la pandemia sobre la econom\u00eda catalana ha provocado que el nivel de consumo privado per c\u00e1pita (indicador que captura el grado de bienestar econ\u00f3mico) haya retrocedido el 2020 en comparaci\u00f3n con el n\u00facleo europeo, del 92,1% el 2019 al 86,9% del 2020. Adem\u00e1s, si bien el consumo privado por habitante en Catalu\u00f1a est\u00e1 siendo uno de los motores de la recuperaci\u00f3n, todav\u00eda se situaba un 5,0% inferior lo 3T de 2021 (\u00faltimo dato disponible) en comparaci\u00f3n con el 4T de 2019.<\/p>\n<p class=\"\" style=\"white-space: pre-wrap;\"><strong>Sostenibilidad<\/strong><\/p>\n<p class=\"\" style=\"white-space: pre-wrap;\">En relaci\u00f3n con el bienestar -f\u00edsico, social y econ\u00f3mico-, el impacto m\u00e1s intenso de la Covid-19 en Catalu\u00f1a ha provocado una fuerte regresi\u00f3n (se espera que devuelva gradualmente a los niveles previos de la Covid-19 en los pr\u00f3ximos a\u00f1os) de la esperanza de vida al nacer en comparaci\u00f3n con la UE-5 en 2020 (a pesar de que en Catalu\u00f1a contin\u00faa siendo m\u00e1s elevada). As\u00ed, mientras que el 2019 los catalanes viv\u00edan (en media) 1,3 a\u00f1os m\u00e1s que sus hom\u00f3logos europeos, en 2020 esta diferencia se acort\u00f3 hasta los seis meses. Aun as\u00ed, el n\u00famero de defunciones en Catalu\u00f1a el 2021 ha disminuido un 13,9% en comparaci\u00f3n con el a\u00f1o anterior.<\/p>\n<\/div>\n<p>&nbsp;<\/p>\n<div class=\"sqs-html-content\">\n<p class=\"sqsrte-small\" style=\"text-align: center; white-space: pre-wrap;\"><strong>Producci\u00f3n bruta de energ\u00eda el\u00e9ctrica con fuentes renovables. Anual.<\/strong><\/p>\n<p class=\"sqsrte-small\" style=\"text-align: center; white-space: pre-wrap;\"><strong>%, sobre el total de la producci\u00f3n el\u00e9ctrica bruta.<\/strong><\/p>\n<\/div>\n<div class=\" image-block-outer-wrapper layout-caption-below design-layout-inline combination-animation-site-default individual-animation-site-default individual-text-animation-site-default \" data-test=\"image-block-inline-outer-wrapper\">\n<figure class=\" sqs-block-image-figure intrinsic \" style=\"max-width: 1149px;\">\n<div class=\"image-block-wrapper\" data-animation-role=\"image\">\n<div class=\"sqs-image-shape-container-element has-aspect-ratio \" style=\"position: relative; padding-bottom: 50.47867965698242%; overflow: hidden; -webkit-mask-image: -webkit-radial-gradient(white, black);\">\n<p><img loading=\"lazy\" decoding=\"async\" style=\"display: block; object-fit: cover; width: 100%; height: 100%; object-position: 50% 50%;\" src=\"https:\/\/www.felicicat.cat\/wp-content\/uploads\/2024\/04\/Produccio-Energia-Bruna-Renovable.png\" sizes=\"(max-width: 640px) 100vw, (max-width: 767px) 100vw, 100vw\" srcset=\"https:\/\/www.felicicat.cat\/wp-content\/uploads\/2024\/04\/Produccio-Energia-Bruna-Renovable.png?format=100w 100w, https:\/\/www.felicicat.cat\/wp-content\/uploads\/2024\/04\/Produccio-Energia-Bruna-Renovable.png?format=300w 300w, https:\/\/www.felicicat.cat\/wp-content\/uploads\/2024\/04\/Produccio-Energia-Bruna-Renovable.png?format=500w 500w, https:\/\/www.felicicat.cat\/wp-content\/uploads\/2024\/04\/Produccio-Energia-Bruna-Renovable.png?format=750w 750w, https:\/\/www.felicicat.cat\/wp-content\/uploads\/2024\/04\/Produccio-Energia-Bruna-Renovable.png?format=1000w 1000w, https:\/\/www.felicicat.cat\/wp-content\/uploads\/2024\/04\/Produccio-Energia-Bruna-Renovable.png?format=1500w 1500w, https:\/\/www.felicicat.cat\/wp-content\/uploads\/2024\/04\/Produccio-Energia-Bruna-Renovable.png?format=2500w 2500w\" alt=\"Producci\u00f3n bruta de energ\u00eda el\u00e9ctrica con fuentes renovables. Anual.\" width=\"1149\" height=\"580\" data-stretch=\"false\" data-image=\"https:\/\/www.felicicat.cat\/wp-content\/uploads\/2024\/04\/Produccio-Energia-Bruna-Renovable.png\" data-image-dimensions=\"1149x580\" data-image-focal-point=\"0.5,0.5\" data-load=\"false\" data-loader=\"sqs\" \/><\/p>\n<\/div>\n<\/div><figcaption class=\"image-caption-wrapper\">\n<div class=\"image-caption\">\n<p class=\"sqsrte-small\" style=\"text-align: center; white-space: pre-wrap;\">Fuente: La Cambra de Barcelona a partir del Instituto Catal\u00e1n de Energ\u00eda y Eurostat.<\/p>\n<\/div>\n<\/figcaption><\/figure>\n<\/div>\n<div class=\"sqs-html-content\">\n<p class=\"\" style=\"white-space: pre-wrap;\">Esta situaci\u00f3n provoca una fuerte dependencia de importaciones energ\u00e9ticas del exterior, el que representa una posible fuente de vulnerabilidad para la econom\u00eda catalana (en un contexto de fuerte aumento de los costes energ\u00e9ticos, tal como sucede en la actualidad). En particular, el grado de soberan\u00eda energ\u00e9tica (porcentaje de producci\u00f3n energ\u00e9tica respecto al consumo total de energ\u00eda) de Catalu\u00f1a fue del 33,9% el 2019, muy lejos del 40,5% en la UE-5. Es decir, a pesar de que esta diferencia es sustancial, Catalu\u00f1a consigui\u00f3 recortar distancias con el n\u00facleo europeo en comparaci\u00f3n con el 2018.<\/p>\n<p class=\"\" style=\"white-space: pre-wrap;\">En relaci\u00f3n con la sostenibilidad social, los indicadores de desigualdad econ\u00f3mica apuntan que Catalu\u00f1a no ha divergido respecto a la UE-5 el 2020 (es decir, no ha acontecido m\u00e1s desigual si se compara con Europa, el que no quiere decir que la desigualdad no haya aumentado en Catalu\u00f1a a ra\u00edz de la Covid-19). As\u00ed, si se analiza el grado de pobreza en Catalu\u00f1a (capturada por el porcentaje de hogares con todos los activos desocupados), s\u00ed que se puede constatar que aument\u00f3 (moderadamente en comparaci\u00f3n con la crisis del 2008, gracias a la aprobaci\u00f3n de los ERTE, ayudas a aut\u00f3nomos, etc.).<\/p>\n<p class=\"\" style=\"white-space: pre-wrap;\">Finalmente, el impacto de la crisis fue asim\u00e9trico seg\u00fan los grupos sociales. En particular, el diferencial entre la tasa de paro juvenil catalana y la del n\u00facleo europeo pas\u00f3 de los 10,1 p.p. el 2019 a los 16,6 p.p. el 2020. Adem\u00e1s, la tasa de ocupaci\u00f3n femenina (a pesar de mantenerse por encima de la UE-5) en Catalu\u00f1a cay\u00f3 con m\u00e1s intensidad entre el 2019 y el 2020 (-2,4 p.p., muy superior a los -0,3 p.p. del n\u00facleo de Europa).<\/p>\n<p class=\"sqsrte-small\" style=\"text-align: center; white-space: pre-wrap;\"><strong>Hogares con todos sus activos desocupados. Catalu\u00f1a<\/strong><\/p>\n<p class=\"sqsrte-small\" style=\"text-align: center; white-space: pre-wrap;\"><strong>% total. Trimestral.<\/strong><\/p>\n<\/div>\n<div class=\" image-block-outer-wrapper layout-caption-below design-layout-inline combination-animation-site-default individual-animation-site-default individual-text-animation-site-default \" data-test=\"image-block-inline-outer-wrapper\">\n<figure class=\" sqs-block-image-figure intrinsic \" style=\"max-width: 1291px;\">\n<div class=\"image-block-wrapper\" data-animation-role=\"image\">\n<div class=\"sqs-image-shape-container-element has-aspect-ratio \" style=\"position: relative; padding-bottom: 55.53834533691406%; overflow: hidden; -webkit-mask-image: -webkit-radial-gradient(white, black);\">\n<p><img loading=\"lazy\" decoding=\"async\" style=\"display: block; object-fit: cover; width: 100%; height: 100%; object-position: 50% 50%;\" src=\"https:\/\/www.felicicat.cat\/wp-content\/uploads\/2024\/04\/Llars-Actius-Desocupats.png\" sizes=\"(max-width: 640px) 100vw, (max-width: 767px) 100vw, 100vw\" srcset=\"https:\/\/www.felicicat.cat\/wp-content\/uploads\/2024\/04\/Llars-Actius-Desocupats.png?format=100w 100w, https:\/\/www.felicicat.cat\/wp-content\/uploads\/2024\/04\/Llars-Actius-Desocupats.png?format=300w 300w, https:\/\/www.felicicat.cat\/wp-content\/uploads\/2024\/04\/Llars-Actius-Desocupats.png?format=500w 500w, https:\/\/www.felicicat.cat\/wp-content\/uploads\/2024\/04\/Llars-Actius-Desocupats.png?format=750w 750w, https:\/\/www.felicicat.cat\/wp-content\/uploads\/2024\/04\/Llars-Actius-Desocupats.png?format=1000w 1000w, https:\/\/www.felicicat.cat\/wp-content\/uploads\/2024\/04\/Llars-Actius-Desocupats.png?format=1500w 1500w, https:\/\/www.felicicat.cat\/wp-content\/uploads\/2024\/04\/Llars-Actius-Desocupats.png?format=2500w 2500w\" alt=\"\" width=\"1291\" height=\"717\" data-stretch=\"false\" data-image=\"https:\/\/www.felicicat.cat\/wp-content\/uploads\/2024\/04\/Llars-Actius-Desocupats.png\" data-image-dimensions=\"1291x717\" data-image-focal-point=\"0.5,0.5\" data-load=\"false\" data-loader=\"sqs\" \/><\/p>\n<\/div>\n<\/div><figcaption class=\"image-caption-wrapper\">\n<div class=\"image-caption\">\n<p class=\"sqsrte-small\" style=\"text-align: center; white-space: pre-wrap;\">Fuente: La Cambra de Barcelona a partir de Idescat.<\/p>\n<\/div>\n<\/figcaption><\/figure>\n<\/div>\n<div class=\"sqs-html-content\">\n<p class=\"\" style=\"white-space: pre-wrap;\"><strong>Cualidad del crecimiento<\/strong><\/p>\n<p class=\"\" style=\"white-space: pre-wrap;\">Dos indicadores complementarios que permiten valorar si el crecimiento econ\u00f3mico es de calidad a medio y largo plazo son que los aumentos de los salarios vayan acompa\u00f1ados de incrementos proporcionales de la productividad. En t\u00e9rminos relativos con la UE-5, el salario mediano por hora trabajada en Catalu\u00f1a convergi\u00f3 entre el 2018 y 2019 (73,7% y 74,4%, respectivamente), rompiendo con la din\u00e1mica observada a partir de la crisis inmobiliaria (el salario por hora en Catalu\u00f1a era un 82,9% en comparaci\u00f3n con el n\u00facleo europeo el 2009). En t\u00e9rminos absolutos, el aumento del salario real por hora en Catalu\u00f1a durante el 2020 se explica por una reducci\u00f3n de las horas trabajadas de los sectores con salarios m\u00e1s bajos (hosteler\u00eda, restauraci\u00f3n, peque\u00f1os comercios, etc.). A medida que avanzaba el 2021 se ha revertido este proceso, dado que estas actividades han podido recuperar (parcialmente) su actividad econ\u00f3mica.<\/p>\n<p class=\"\" style=\"white-space: pre-wrap;\">En relaci\u00f3n con la productividad (PIB por hora trabajada), el diferencial de Catalu\u00f1a con el n\u00facleo de Europa se ha mantenido estable en t\u00e9rminos relativos (78,9% el 2018 y 79,0% el 2019). En t\u00e9rminos absolutos, durante el 2021 Catalu\u00f1a ha conseguido recuperar unos niveles de productividad similares a los de antes del inicio de la pandemia (46,1\u20ac por hora trabajada lo 4T de 2021 y 44,9\u20ac lo 3T 2021).<\/p>\n<p class=\"\" style=\"white-space: pre-wrap;\">Finalmente, un indicador que sintetiza ambas variables son los costes laborales unitarios (ratio entre el salario\/hora y PIB\/hora). Esta variable nos muestra que los costes laborales por unidad de producci\u00f3n increment\u00f3 de forma desacompasada con los pa\u00edses de la UE-5 hasta la burbuja inmobiliaria, tendencia que se revirti\u00f3 hasta el 2016. A partir del 2017 los costes laborales unitarios han evolucionado de forma similar en Catalu\u00f1a en comparaci\u00f3n con el n\u00facleo europeo, el que nos indica que el modelo de crecimiento de la econom\u00eda catalana ha estado m\u00e1s equilibrado en los \u00faltimos a\u00f1os.<\/p>\n<p class=\"\" style=\"white-space: pre-wrap;\"><strong>Indicadores analizados en el informe de los IPB<\/strong><\/p>\n<\/div>\n<div class=\" image-block-outer-wrapper layout-caption-below design-layout-inline combination-animation-site-default individual-animation-site-default individual-text-animation-site-default \" data-test=\"image-block-inline-outer-wrapper\">\n<figure class=\" sqs-block-image-figure intrinsic \" style=\"max-width: 1417px;\">\n<div class=\"image-block-wrapper\" data-animation-role=\"image\">\n<div class=\"sqs-image-shape-container-element has-aspect-ratio \" style=\"position: relative; padding-bottom: 51.51728820800781%; overflow: hidden; -webkit-mask-image: -webkit-radial-gradient(white, black);\">\n<p><img loading=\"lazy\" decoding=\"async\" style=\"display: block; object-fit: cover; width: 100%; height: 100%; object-position: 50% 50%;\" src=\"https:\/\/www.felicicat.cat\/wp-content\/uploads\/2024\/04\/Indicadors-IPB-1.png\" sizes=\"(max-width: 640px) 100vw, (max-width: 767px) 100vw, 100vw\" srcset=\"https:\/\/www.felicicat.cat\/wp-content\/uploads\/2024\/04\/Indicadors-IPB-1.png?format=100w 100w, https:\/\/www.felicicat.cat\/wp-content\/uploads\/2024\/04\/Indicadors-IPB-1.png?format=300w 300w, https:\/\/www.felicicat.cat\/wp-content\/uploads\/2024\/04\/Indicadors-IPB-1.png?format=500w 500w, https:\/\/www.felicicat.cat\/wp-content\/uploads\/2024\/04\/Indicadors-IPB-1.png?format=750w 750w, https:\/\/www.felicicat.cat\/wp-content\/uploads\/2024\/04\/Indicadors-IPB-1.png?format=1000w 1000w, https:\/\/www.felicicat.cat\/wp-content\/uploads\/2024\/04\/Indicadors-IPB-1.png?format=1500w 1500w, https:\/\/www.felicicat.cat\/wp-content\/uploads\/2024\/04\/Indicadors-IPB-1.png?format=2500w 2500w\" alt=\"\" width=\"1417\" height=\"730\" data-stretch=\"false\" data-image=\"https:\/\/www.felicicat.cat\/wp-content\/uploads\/2024\/04\/Indicadors-IPB-1.png\" data-image-dimensions=\"1417x730\" data-image-focal-point=\"0.5,0.5\" data-load=\"false\" data-loader=\"sqs\" \/><\/p>\n<\/div>\n<\/div>\n<\/figure>\n<\/div>\n<div class=\" image-block-outer-wrapper layout-caption-below design-layout-inline combination-animation-site-default individual-animation-site-default individual-text-animation-site-default \" data-test=\"image-block-inline-outer-wrapper\">\n<figure class=\" sqs-block-image-figure intrinsic \" style=\"max-width: 1418px;\">\n<div class=\"image-block-wrapper\" data-animation-role=\"image\">\n<div class=\"sqs-image-shape-container-element has-aspect-ratio \" style=\"position: relative; padding-bottom: 53.032440185546875%; overflow: hidden; -webkit-mask-image: -webkit-radial-gradient(white, black);\">\n<p><img loading=\"lazy\" decoding=\"async\" style=\"display: block; object-fit: cover; width: 100%; height: 100%; object-position: 50% 50%;\" src=\"https:\/\/www.felicicat.cat\/wp-content\/uploads\/2024\/04\/Indicadors-IPB-2.png\" sizes=\"(max-width: 640px) 100vw, (max-width: 767px) 100vw, 100vw\" srcset=\"https:\/\/www.felicicat.cat\/wp-content\/uploads\/2024\/04\/Indicadors-IPB-2.png?format=100w 100w, https:\/\/www.felicicat.cat\/wp-content\/uploads\/2024\/04\/Indicadors-IPB-2.png?format=300w 300w, https:\/\/www.felicicat.cat\/wp-content\/uploads\/2024\/04\/Indicadors-IPB-2.png?format=500w 500w, https:\/\/www.felicicat.cat\/wp-content\/uploads\/2024\/04\/Indicadors-IPB-2.png?format=750w 750w, https:\/\/www.felicicat.cat\/wp-content\/uploads\/2024\/04\/Indicadors-IPB-2.png?format=1000w 1000w, https:\/\/www.felicicat.cat\/wp-content\/uploads\/2024\/04\/Indicadors-IPB-2.png?format=1500w 1500w, https:\/\/www.felicicat.cat\/wp-content\/uploads\/2024\/04\/Indicadors-IPB-2.png?format=2500w 2500w\" alt=\"\" width=\"1418\" height=\"752\" data-stretch=\"false\" data-image=\"https:\/\/www.felicicat.cat\/wp-content\/uploads\/2024\/04\/Indicadors-IPB-2.png\" data-image-dimensions=\"1418x752\" data-image-focal-point=\"0.5,0.5\" data-load=\"false\" data-loader=\"sqs\" \/><\/p>\n<\/div>\n<\/div>\n<\/figure>\n<\/div>\n<div class=\"sqs-html-content\">\n<p class=\"sqsrte-small\" style=\"text-align: center; white-space: pre-wrap;\">Fuente tabla: La Cambra de Barcelona a partir de Idescat.<\/p>\n<\/div>\n<div class=\"sqs-html-content\">\n<p class=\"\" style=\"white-space: pre-wrap;\"><strong>Accede al informe<\/strong><\/p>\n<\/div>\n<div class=\" image-block-outer-wrapper layout-caption-below design-layout-inline combination-animation-site-default individual-animation-site-default individual-text-animation-site-default \" data-test=\"image-block-inline-outer-wrapper\">\n<figure class=\" sqs-block-image-figure intrinsic \" style=\"max-width: 1586px;\">&nbsp;<\/p>\n<div class=\"image-block-wrapper\" data-animation-role=\"image\">\n<div class=\"sqs-image-shape-container-element has-aspect-ratio \" style=\"position: relative; padding-bottom: 55.92686080932617%; overflow: hidden; -webkit-mask-image: -webkit-radial-gradient(white, black);\">\n<p><img loading=\"lazy\" decoding=\"async\" style=\"display: block; object-fit: cover; width: 100%; height: 100%; object-position: 50% 50%;\" src=\"https:\/\/www.felicicat.cat\/wp-content\/uploads\/2024\/04\/IPB-Cambra.png\" sizes=\"(max-width: 640px) 100vw, (max-width: 767px) 100vw, 100vw\" srcset=\"https:\/\/www.felicicat.cat\/wp-content\/uploads\/2024\/04\/IPB-Cambra.png?format=100w 100w, https:\/\/www.felicicat.cat\/wp-content\/uploads\/2024\/04\/IPB-Cambra.png?format=300w 300w, https:\/\/www.felicicat.cat\/wp-content\/uploads\/2024\/04\/IPB-Cambra.png?format=500w 500w, https:\/\/www.felicicat.cat\/wp-content\/uploads\/2024\/04\/IPB-Cambra.png?format=750w 750w, https:\/\/www.felicicat.cat\/wp-content\/uploads\/2024\/04\/IPB-Cambra.png?format=1000w 1000w, https:\/\/www.felicicat.cat\/wp-content\/uploads\/2024\/04\/IPB-Cambra.png?format=1500w 1500w, https:\/\/www.felicicat.cat\/wp-content\/uploads\/2024\/04\/IPB-Cambra.png?format=2500w 2500w\" alt=\"\" width=\"1586\" height=\"887\" data-stretch=\"false\" data-image=\"https:\/\/www.felicicat.cat\/wp-content\/uploads\/2024\/04\/IPB-Cambra.png\" data-image-dimensions=\"1586x887\" data-image-focal-point=\"0.5,0.5\" data-load=\"false\" data-loader=\"sqs\" \/><\/p>\n<\/div>\n<\/div>\n<p>&nbsp;<\/figure>\n<\/div>\n<div class=\"sqs-html-content\">\n<p class=\"\" style=\"white-space: pre-wrap;\"><strong>Gracias por tu tiempo e inter\u00e9s . Nos gustar\u00eda que te unieses a la comunidad feliciCat.<\/strong> \u00a1Te esperamos!<\/p>\n<ul data-rte-list=\"default\">\n<li>\n<p class=\"\" style=\"white-space: pre-wrap;\"><a href=\"https:\/\/www.linkedin.com\/company\/felicicat-institut-catal%C3%A0-de-la-felicitat\/\" target=\"_blank\" rel=\"noopener\"><span class=\"sqsrte-text-color--black\">LinkedIn<\/span><\/a><\/p>\n<\/li>\n<\/ul>\n<ul data-rte-list=\"default\">\n<li>\n<p class=\"\" style=\"white-space: pre-wrap;\"><a href=\"https:\/\/www.instagram.com\/felicicat_oficial\/\" target=\"_blank\" rel=\"noopener\"><span class=\"sqsrte-text-color--black\">Instagram<\/span><\/a><\/p>\n<\/li>\n<li>\n<p class=\"\" style=\"white-space: pre-wrap;\"><a href=\"https:\/\/www.youtube.com\/channel\/UCd1mx1xZ0u9sodAk2u_Q5Mg\" target=\"_blank\" rel=\"noopener\"><span class=\"sqsrte-text-color--black\">Youtube<\/span><\/a><\/p>\n<\/li>\n<li>\n<p class=\"\" style=\"white-space: pre-wrap;\"><a href=\"https:\/\/www.pinterest.es\/felicicatoficial\/pins\/\" target=\"_blank\" rel=\"noopener\"><span class=\"sqsrte-text-color--black\">Pinterest<\/span><\/a><\/p>\n<\/li>\n<\/ul>\n<\/div>\n","protected":false},"excerpt":{"rendered":"<p class=\"\" style=\"white-space:pre-wrap;\">Con el objetivo de disponer de una visi\u00f3n m\u00e1s hol\u00edstica del bienestar (sostenibilidad ambiental, equidad de g\u00e9nero, progreso tecnol\u00f3gico, etc.) en Catalu\u00f1a, m\u00e1s all\u00e1 del PIB, se crearon los Indicadores de Progreso y Bienestar (IPB), que se presentaron por primera vez en septiembre de 2021 y que se actualizan trimestralmente. El prop\u00f3sito es complementar la valoraci\u00f3n de la evoluci\u00f3n del bienestar social, generalmente focalizadas en el PIB, con los IPB.<\/p>\n","protected":false},"author":1,"featured_media":6941,"comment_status":"closed","ping_status":"closed","sticky":false,"template":"","format":"standard","meta":{"_uag_custom_page_level_css":"","footnotes":""},"categories":[342],"tags":[142,219,220,120,221,223,121,222,224,218],"post_series":[],"yoast_head":"<!-- This site is optimized with the Yoast SEO plugin v22.5 - https:\/\/yoast.com\/wordpress\/plugins\/seo\/ -->\n<title>La Cambra de Barcelona actualiza los Indicadores de Progreso y Bienestar social. - Felicicat<\/title>\n<meta name=\"robots\" content=\"index, follow, max-snippet:-1, max-image-preview:large, max-video-preview:-1\" \/>\n<link rel=\"canonical\" href=\"https:\/\/www.felicicat.cat\/es\/cambra-barcelona-indicadores-progreso-bienestar-social\/\" \/>\n<meta property=\"og:locale\" content=\"es_ES\" \/>\n<meta property=\"og:type\" content=\"article\" \/>\n<meta property=\"og:title\" content=\"La Cambra de Barcelona actualiza los Indicadores de Progreso y Bienestar social. - Felicicat\" \/>\n<meta property=\"og:description\" content=\"Con el objetivo de disponer de una visi\u00f3n m\u00e1s hol\u00edstica del bienestar (sostenibilidad ambiental, equidad de g\u00e9nero, progreso tecnol\u00f3gico, etc.) en Catalu\u00f1a, m\u00e1s all\u00e1 del PIB, se crearon los Indicadores de Progreso y Bienestar (IPB), que se presentaron por primera vez en septiembre de 2021 y que se actualizan trimestralmente. El prop\u00f3sito es complementar la valoraci\u00f3n de la evoluci\u00f3n del bienestar social, generalmente focalizadas en el PIB, con los IPB.\" \/>\n<meta property=\"og:url\" content=\"https:\/\/www.felicicat.cat\/es\/cambra-barcelona-indicadores-progreso-bienestar-social\/\" \/>\n<meta property=\"og:site_name\" content=\"Felicicat\" \/>\n<meta property=\"article:published_time\" content=\"2022-03-29T16:02:15+00:00\" \/>\n<meta property=\"article:modified_time\" content=\"2024-04-13T04:44:20+00:00\" \/>\n<meta property=\"og:image\" content=\"https:\/\/www.felicicat.cat\/wp-content\/uploads\/2022\/03\/IPB-Cambra.jpg\" \/>\n\t<meta property=\"og:image:width\" content=\"1586\" \/>\n\t<meta property=\"og:image:height\" content=\"887\" \/>\n\t<meta property=\"og:image:type\" content=\"image\/jpeg\" \/>\n<meta name=\"author\" content=\"admin\" \/>\n<meta name=\"twitter:card\" content=\"summary_large_image\" \/>\n<meta name=\"twitter:label1\" content=\"Escrito por\" \/>\n\t<meta name=\"twitter:data1\" content=\"admin\" \/>\n\t<meta name=\"twitter:label2\" content=\"Tiempo de lectura\" \/>\n\t<meta name=\"twitter:data2\" content=\"10 minutos\" \/>\n<script type=\"application\/ld+json\" class=\"yoast-schema-graph\">{\"@context\":\"https:\/\/schema.org\",\"@graph\":[{\"@type\":\"Article\",\"@id\":\"https:\/\/www.felicicat.cat\/es\/cambra-barcelona-indicadores-progreso-bienestar-social\/#article\",\"isPartOf\":{\"@id\":\"https:\/\/www.felicicat.cat\/es\/cambra-barcelona-indicadores-progreso-bienestar-social\/\"},\"author\":{\"name\":\"admin\",\"@id\":\"https:\/\/www.felicicat.cat\/#\/schema\/person\/b86d2cd5d0c959c4124f705bdab5b73b\"},\"headline\":\"La Cambra de Barcelona actualiza los Indicadores de Progreso y Bienestar social.\",\"datePublished\":\"2022-03-29T16:02:15+00:00\",\"dateModified\":\"2024-04-13T04:44:20+00:00\",\"mainEntityOfPage\":{\"@id\":\"https:\/\/www.felicicat.cat\/es\/cambra-barcelona-indicadores-progreso-bienestar-social\/\"},\"wordCount\":1624,\"publisher\":{\"@id\":\"https:\/\/www.felicicat.cat\/#organization\"},\"image\":{\"@id\":\"https:\/\/www.felicicat.cat\/es\/cambra-barcelona-indicadores-progreso-bienestar-social\/#primaryimage\"},\"thumbnailUrl\":\"https:\/\/www.felicicat.cat\/wp-content\/uploads\/2022\/03\/IPB-Cambra.jpg\",\"keywords\":[\"Bienestar social\",\"Cambra de Comer\u00e7\",\"Estudio\",\"feliciCat\",\"Indicadores de Progreso\",\"Indicadores de Progreso y Bienestar Social\",\"Institut Catala de la Felicitat\",\"IPB\",\"IPBCambra\",\"La Cambra de Barcelona\"],\"articleSection\":[\"Actualidad y tendencias\"],\"inLanguage\":\"es\"},{\"@type\":\"WebPage\",\"@id\":\"https:\/\/www.felicicat.cat\/es\/cambra-barcelona-indicadores-progreso-bienestar-social\/\",\"url\":\"https:\/\/www.felicicat.cat\/es\/cambra-barcelona-indicadores-progreso-bienestar-social\/\",\"name\":\"La Cambra de Barcelona actualiza los Indicadores de Progreso y Bienestar social. - Felicicat\",\"isPartOf\":{\"@id\":\"https:\/\/www.felicicat.cat\/#website\"},\"primaryImageOfPage\":{\"@id\":\"https:\/\/www.felicicat.cat\/es\/cambra-barcelona-indicadores-progreso-bienestar-social\/#primaryimage\"},\"image\":{\"@id\":\"https:\/\/www.felicicat.cat\/es\/cambra-barcelona-indicadores-progreso-bienestar-social\/#primaryimage\"},\"thumbnailUrl\":\"https:\/\/www.felicicat.cat\/wp-content\/uploads\/2022\/03\/IPB-Cambra.jpg\",\"datePublished\":\"2022-03-29T16:02:15+00:00\",\"dateModified\":\"2024-04-13T04:44:20+00:00\",\"breadcrumb\":{\"@id\":\"https:\/\/www.felicicat.cat\/es\/cambra-barcelona-indicadores-progreso-bienestar-social\/#breadcrumb\"},\"inLanguage\":\"es\",\"potentialAction\":[{\"@type\":\"ReadAction\",\"target\":[\"https:\/\/www.felicicat.cat\/es\/cambra-barcelona-indicadores-progreso-bienestar-social\/\"]}]},{\"@type\":\"ImageObject\",\"inLanguage\":\"es\",\"@id\":\"https:\/\/www.felicicat.cat\/es\/cambra-barcelona-indicadores-progreso-bienestar-social\/#primaryimage\",\"url\":\"https:\/\/www.felicicat.cat\/wp-content\/uploads\/2022\/03\/IPB-Cambra.jpg\",\"contentUrl\":\"https:\/\/www.felicicat.cat\/wp-content\/uploads\/2022\/03\/IPB-Cambra.jpg\",\"width\":1586,\"height\":887,\"caption\":\"exc-62432215e0f38d46e2f856d1\"},{\"@type\":\"BreadcrumbList\",\"@id\":\"https:\/\/www.felicicat.cat\/es\/cambra-barcelona-indicadores-progreso-bienestar-social\/#breadcrumb\",\"itemListElement\":[{\"@type\":\"ListItem\",\"position\":1,\"name\":\"Home\",\"item\":\"https:\/\/www.felicicat.cat\/es\/\"},{\"@type\":\"ListItem\",\"position\":2,\"name\":\"La Cambra de Barcelona actualiza los Indicadores de&hellip;\"}]},{\"@type\":\"WebSite\",\"@id\":\"https:\/\/www.felicicat.cat\/#website\",\"url\":\"https:\/\/www.felicicat.cat\/\",\"name\":\"Felicicat\",\"description\":\"Institut Catal\u00e0 de la felicitat\",\"publisher\":{\"@id\":\"https:\/\/www.felicicat.cat\/#organization\"},\"potentialAction\":[{\"@type\":\"SearchAction\",\"target\":{\"@type\":\"EntryPoint\",\"urlTemplate\":\"https:\/\/www.felicicat.cat\/?s={search_term_string}\"},\"query-input\":\"required name=search_term_string\"}],\"inLanguage\":\"es\"},{\"@type\":\"Organization\",\"@id\":\"https:\/\/www.felicicat.cat\/#organization\",\"name\":\"Felicicat\",\"url\":\"https:\/\/www.felicicat.cat\/\",\"logo\":{\"@type\":\"ImageObject\",\"inLanguage\":\"es\",\"@id\":\"https:\/\/www.felicicat.cat\/#\/schema\/logo\/image\/\",\"url\":\"https:\/\/www.felicicat.cat\/wp-content\/uploads\/2023\/11\/4_proveslogotipsfelicicatFINAL_Mesadetrabajo1.png\",\"contentUrl\":\"https:\/\/www.felicicat.cat\/wp-content\/uploads\/2023\/11\/4_proveslogotipsfelicicatFINAL_Mesadetrabajo1.png\",\"width\":1500,\"height\":195,\"caption\":\"Felicicat\"},\"image\":{\"@id\":\"https:\/\/www.felicicat.cat\/#\/schema\/logo\/image\/\"}},{\"@type\":\"Person\",\"@id\":\"https:\/\/www.felicicat.cat\/#\/schema\/person\/b86d2cd5d0c959c4124f705bdab5b73b\",\"name\":\"admin\",\"image\":{\"@type\":\"ImageObject\",\"inLanguage\":\"es\",\"@id\":\"https:\/\/www.felicicat.cat\/#\/schema\/person\/image\/\",\"url\":\"https:\/\/secure.gravatar.com\/avatar\/d44c1b493c211a5b76522ef4dfbc28f8?s=96&d=mm&r=g\",\"contentUrl\":\"https:\/\/secure.gravatar.com\/avatar\/d44c1b493c211a5b76522ef4dfbc28f8?s=96&d=mm&r=g\",\"caption\":\"admin\"},\"url\":\"https:\/\/www.felicicat.cat\/es\/author\/admin2\/\"}]}<\/script>\n<!-- \/ Yoast SEO plugin. -->","yoast_head_json":{"title":"La Cambra de Barcelona actualiza los Indicadores de Progreso y Bienestar social. - Felicicat","robots":{"index":"index","follow":"follow","max-snippet":"max-snippet:-1","max-image-preview":"max-image-preview:large","max-video-preview":"max-video-preview:-1"},"canonical":"https:\/\/www.felicicat.cat\/es\/cambra-barcelona-indicadores-progreso-bienestar-social\/","og_locale":"es_ES","og_type":"article","og_title":"La Cambra de Barcelona actualiza los Indicadores de Progreso y Bienestar social. - Felicicat","og_description":"Con el objetivo de disponer de una visi\u00f3n m\u00e1s hol\u00edstica del bienestar (sostenibilidad ambiental, equidad de g\u00e9nero, progreso tecnol\u00f3gico, etc.) en Catalu\u00f1a, m\u00e1s all\u00e1 del PIB, se crearon los Indicadores de Progreso y Bienestar (IPB), que se presentaron por primera vez en septiembre de 2021 y que se actualizan trimestralmente. El prop\u00f3sito es complementar la valoraci\u00f3n de la evoluci\u00f3n del bienestar social, generalmente focalizadas en el PIB, con los IPB.","og_url":"https:\/\/www.felicicat.cat\/es\/cambra-barcelona-indicadores-progreso-bienestar-social\/","og_site_name":"Felicicat","article_published_time":"2022-03-29T16:02:15+00:00","article_modified_time":"2024-04-13T04:44:20+00:00","og_image":[{"width":1586,"height":887,"url":"https:\/\/www.felicicat.cat\/wp-content\/uploads\/2022\/03\/IPB-Cambra.jpg","type":"image\/jpeg"}],"author":"admin","twitter_card":"summary_large_image","twitter_misc":{"Escrito por":"admin","Tiempo de lectura":"10 minutos"},"schema":{"@context":"https:\/\/schema.org","@graph":[{"@type":"Article","@id":"https:\/\/www.felicicat.cat\/es\/cambra-barcelona-indicadores-progreso-bienestar-social\/#article","isPartOf":{"@id":"https:\/\/www.felicicat.cat\/es\/cambra-barcelona-indicadores-progreso-bienestar-social\/"},"author":{"name":"admin","@id":"https:\/\/www.felicicat.cat\/#\/schema\/person\/b86d2cd5d0c959c4124f705bdab5b73b"},"headline":"La Cambra de Barcelona actualiza los Indicadores de Progreso y Bienestar social.","datePublished":"2022-03-29T16:02:15+00:00","dateModified":"2024-04-13T04:44:20+00:00","mainEntityOfPage":{"@id":"https:\/\/www.felicicat.cat\/es\/cambra-barcelona-indicadores-progreso-bienestar-social\/"},"wordCount":1624,"publisher":{"@id":"https:\/\/www.felicicat.cat\/#organization"},"image":{"@id":"https:\/\/www.felicicat.cat\/es\/cambra-barcelona-indicadores-progreso-bienestar-social\/#primaryimage"},"thumbnailUrl":"https:\/\/www.felicicat.cat\/wp-content\/uploads\/2022\/03\/IPB-Cambra.jpg","keywords":["Bienestar social","Cambra de Comer\u00e7","Estudio","feliciCat","Indicadores de Progreso","Indicadores de Progreso y Bienestar Social","Institut Catala de la Felicitat","IPB","IPBCambra","La Cambra de Barcelona"],"articleSection":["Actualidad y tendencias"],"inLanguage":"es"},{"@type":"WebPage","@id":"https:\/\/www.felicicat.cat\/es\/cambra-barcelona-indicadores-progreso-bienestar-social\/","url":"https:\/\/www.felicicat.cat\/es\/cambra-barcelona-indicadores-progreso-bienestar-social\/","name":"La Cambra de Barcelona actualiza los Indicadores de Progreso y Bienestar social. - Felicicat","isPartOf":{"@id":"https:\/\/www.felicicat.cat\/#website"},"primaryImageOfPage":{"@id":"https:\/\/www.felicicat.cat\/es\/cambra-barcelona-indicadores-progreso-bienestar-social\/#primaryimage"},"image":{"@id":"https:\/\/www.felicicat.cat\/es\/cambra-barcelona-indicadores-progreso-bienestar-social\/#primaryimage"},"thumbnailUrl":"https:\/\/www.felicicat.cat\/wp-content\/uploads\/2022\/03\/IPB-Cambra.jpg","datePublished":"2022-03-29T16:02:15+00:00","dateModified":"2024-04-13T04:44:20+00:00","breadcrumb":{"@id":"https:\/\/www.felicicat.cat\/es\/cambra-barcelona-indicadores-progreso-bienestar-social\/#breadcrumb"},"inLanguage":"es","potentialAction":[{"@type":"ReadAction","target":["https:\/\/www.felicicat.cat\/es\/cambra-barcelona-indicadores-progreso-bienestar-social\/"]}]},{"@type":"ImageObject","inLanguage":"es","@id":"https:\/\/www.felicicat.cat\/es\/cambra-barcelona-indicadores-progreso-bienestar-social\/#primaryimage","url":"https:\/\/www.felicicat.cat\/wp-content\/uploads\/2022\/03\/IPB-Cambra.jpg","contentUrl":"https:\/\/www.felicicat.cat\/wp-content\/uploads\/2022\/03\/IPB-Cambra.jpg","width":1586,"height":887,"caption":"exc-62432215e0f38d46e2f856d1"},{"@type":"BreadcrumbList","@id":"https:\/\/www.felicicat.cat\/es\/cambra-barcelona-indicadores-progreso-bienestar-social\/#breadcrumb","itemListElement":[{"@type":"ListItem","position":1,"name":"Home","item":"https:\/\/www.felicicat.cat\/es\/"},{"@type":"ListItem","position":2,"name":"La Cambra de Barcelona actualiza los Indicadores de&hellip;"}]},{"@type":"WebSite","@id":"https:\/\/www.felicicat.cat\/#website","url":"https:\/\/www.felicicat.cat\/","name":"Felicicat","description":"Institut Catal\u00e0 de la felicitat","publisher":{"@id":"https:\/\/www.felicicat.cat\/#organization"},"potentialAction":[{"@type":"SearchAction","target":{"@type":"EntryPoint","urlTemplate":"https:\/\/www.felicicat.cat\/?s={search_term_string}"},"query-input":"required name=search_term_string"}],"inLanguage":"es"},{"@type":"Organization","@id":"https:\/\/www.felicicat.cat\/#organization","name":"Felicicat","url":"https:\/\/www.felicicat.cat\/","logo":{"@type":"ImageObject","inLanguage":"es","@id":"https:\/\/www.felicicat.cat\/#\/schema\/logo\/image\/","url":"https:\/\/www.felicicat.cat\/wp-content\/uploads\/2023\/11\/4_proveslogotipsfelicicatFINAL_Mesadetrabajo1.png","contentUrl":"https:\/\/www.felicicat.cat\/wp-content\/uploads\/2023\/11\/4_proveslogotipsfelicicatFINAL_Mesadetrabajo1.png","width":1500,"height":195,"caption":"Felicicat"},"image":{"@id":"https:\/\/www.felicicat.cat\/#\/schema\/logo\/image\/"}},{"@type":"Person","@id":"https:\/\/www.felicicat.cat\/#\/schema\/person\/b86d2cd5d0c959c4124f705bdab5b73b","name":"admin","image":{"@type":"ImageObject","inLanguage":"es","@id":"https:\/\/www.felicicat.cat\/#\/schema\/person\/image\/","url":"https:\/\/secure.gravatar.com\/avatar\/d44c1b493c211a5b76522ef4dfbc28f8?s=96&d=mm&r=g","contentUrl":"https:\/\/secure.gravatar.com\/avatar\/d44c1b493c211a5b76522ef4dfbc28f8?s=96&d=mm&r=g","caption":"admin"},"url":"https:\/\/www.felicicat.cat\/es\/author\/admin2\/"}]}},"uagb_featured_image_src":{"full":["https:\/\/www.felicicat.cat\/wp-content\/uploads\/2022\/03\/IPB-Cambra.jpg",1586,887,false],"thumbnail":["https:\/\/www.felicicat.cat\/wp-content\/uploads\/2022\/03\/IPB-Cambra-150x150.jpg",150,150,true],"medium":["https:\/\/www.felicicat.cat\/wp-content\/uploads\/2022\/03\/IPB-Cambra-300x168.jpg",300,168,true],"medium_large":["https:\/\/www.felicicat.cat\/wp-content\/uploads\/2022\/03\/IPB-Cambra-768x430.jpg",768,430,true],"large":["https:\/\/www.felicicat.cat\/wp-content\/uploads\/2022\/03\/IPB-Cambra-1024x573.jpg",980,548,true],"1536x1536":["https:\/\/www.felicicat.cat\/wp-content\/uploads\/2022\/03\/IPB-Cambra-1536x859.jpg",1536,859,true],"2048x2048":["https:\/\/www.felicicat.cat\/wp-content\/uploads\/2022\/03\/IPB-Cambra.jpg",1586,887,false],"woocommerce_thumbnail":["https:\/\/www.felicicat.cat\/wp-content\/uploads\/2022\/03\/IPB-Cambra-center-top-60x60.jpg",60,60,true],"woocommerce_single":["https:\/\/www.felicicat.cat\/wp-content\/uploads\/2022\/03\/IPB-Cambra-700x391.jpg",700,391,true],"woocommerce_gallery_thumbnail":["https:\/\/www.felicicat.cat\/wp-content\/uploads\/2022\/03\/IPB-Cambra-100x100.jpg",100,100,true],"lightbox":["https:\/\/www.felicicat.cat\/wp-content\/uploads\/2022\/03\/IPB-Cambra.jpg",1500,839,false],"search_results":["https:\/\/www.felicicat.cat\/wp-content\/uploads\/2022\/03\/IPB-Cambra-125x125.jpg",125,125,true],"blog_entry":["https:\/\/www.felicicat.cat\/wp-content\/uploads\/2022\/03\/IPB-Cambra-680x380.jpg",680,380,true],"blog_post":["https:\/\/www.felicicat.cat\/wp-content\/uploads\/2022\/03\/IPB-Cambra-680x380.jpg",680,380,true],"blog_post_full":["https:\/\/www.felicicat.cat\/wp-content\/uploads\/2022\/03\/IPB-Cambra-980x548.jpg",980,548,true],"blog_related":["https:\/\/www.felicicat.cat\/wp-content\/uploads\/2022\/03\/IPB-Cambra.jpg",680,380,false],"portfolio_entry":["https:\/\/www.felicicat.cat\/wp-content\/uploads\/2022\/03\/IPB-Cambra.jpg",500,280,false],"portfolio_post":["https:\/\/www.felicicat.cat\/wp-content\/uploads\/2022\/03\/IPB-Cambra.jpg",1586,887,false],"portfolio_related":["https:\/\/www.felicicat.cat\/wp-content\/uploads\/2022\/03\/IPB-Cambra.jpg",500,280,false],"staff_entry":["https:\/\/www.felicicat.cat\/wp-content\/uploads\/2022\/03\/IPB-Cambra.jpg",500,280,false],"staff_post":["https:\/\/www.felicicat.cat\/wp-content\/uploads\/2022\/03\/IPB-Cambra.jpg",1586,887,false],"staff_related":["https:\/\/www.felicicat.cat\/wp-content\/uploads\/2022\/03\/IPB-Cambra.jpg",500,280,false],"testimonials_entry":["https:\/\/www.felicicat.cat\/wp-content\/uploads\/2022\/03\/IPB-Cambra.jpg",45,25,false],"shop_catalog":["https:\/\/www.felicicat.cat\/wp-content\/uploads\/2022\/03\/IPB-Cambra-350x196.jpg",350,196,true],"shop_single":["https:\/\/www.felicicat.cat\/wp-content\/uploads\/2022\/03\/IPB-Cambra-700x391.jpg",700,391,true],"shop_single_thumbnail":["https:\/\/www.felicicat.cat\/wp-content\/uploads\/2022\/03\/IPB-Cambra-140x140.jpg",140,140,true],"shop_category":["https:\/\/www.felicicat.cat\/wp-content\/uploads\/2022\/03\/IPB-Cambra.jpg",1586,887,false],"shop_thumbnail_cart":["https:\/\/www.felicicat.cat\/wp-content\/uploads\/2022\/03\/IPB-Cambra-center-top-60x60.jpg",60,60,true],"gallery":["https:\/\/www.felicicat.cat\/wp-content\/uploads\/2022\/03\/IPB-Cambra.jpg",500,280,false]},"uagb_author_info":{"display_name":"admin","author_link":"https:\/\/www.felicicat.cat\/es\/author\/admin2\/"},"uagb_comment_info":0,"uagb_excerpt":"Con el objetivo de disponer de una visi\u00f3n m\u00e1s hol\u00edstica del bienestar (sostenibilidad ambiental, equidad de g\u00e9nero, progreso tecnol\u00f3gico, etc.) en Catalu\u00f1a, m\u00e1s all\u00e1 del PIB, se crearon los Indicadores de Progreso y Bienestar (IPB), que se presentaron por primera vez en septiembre de 2021 y que se actualizan trimestralmente. El prop\u00f3sito es complementar la&hellip;","_links":{"self":[{"href":"https:\/\/www.felicicat.cat\/es\/wp-json\/wp\/v2\/posts\/7338"}],"collection":[{"href":"https:\/\/www.felicicat.cat\/es\/wp-json\/wp\/v2\/posts"}],"about":[{"href":"https:\/\/www.felicicat.cat\/es\/wp-json\/wp\/v2\/types\/post"}],"author":[{"embeddable":true,"href":"https:\/\/www.felicicat.cat\/es\/wp-json\/wp\/v2\/users\/1"}],"replies":[{"embeddable":true,"href":"https:\/\/www.felicicat.cat\/es\/wp-json\/wp\/v2\/comments?post=7338"}],"version-history":[{"count":3,"href":"https:\/\/www.felicicat.cat\/es\/wp-json\/wp\/v2\/posts\/7338\/revisions"}],"predecessor-version":[{"id":10413,"href":"https:\/\/www.felicicat.cat\/es\/wp-json\/wp\/v2\/posts\/7338\/revisions\/10413"}],"wp:featuredmedia":[{"embeddable":true,"href":"https:\/\/www.felicicat.cat\/es\/wp-json\/wp\/v2\/media\/6941"}],"wp:attachment":[{"href":"https:\/\/www.felicicat.cat\/es\/wp-json\/wp\/v2\/media?parent=7338"}],"wp:term":[{"taxonomy":"category","embeddable":true,"href":"https:\/\/www.felicicat.cat\/es\/wp-json\/wp\/v2\/categories?post=7338"},{"taxonomy":"post_tag","embeddable":true,"href":"https:\/\/www.felicicat.cat\/es\/wp-json\/wp\/v2\/tags?post=7338"},{"taxonomy":"post_series","embeddable":true,"href":"https:\/\/www.felicicat.cat\/es\/wp-json\/wp\/v2\/post_series?post=7338"}],"curies":[{"name":"wp","href":"https:\/\/api.w.org\/{rel}","templated":true}]}}