{"id":15907,"date":"2026-03-11T09:04:30","date_gmt":"2026-03-11T09:04:30","guid":{"rendered":"https:\/\/www.felicicat.cat\/?p=15907"},"modified":"2026-03-11T09:11:31","modified_gmt":"2026-03-11T09:11:31","slug":"empresas-con-alma-como-los-ods-refuerzan-el-vinculo-con-los-clientes-y-empleados","status":"publish","type":"post","link":"https:\/\/www.felicicat.cat\/es\/empresas-con-alma-como-los-ods-refuerzan-el-vinculo-con-los-clientes-y-empleados\/","title":{"rendered":"Empresas con alma: C\u00f3mo los ODS refuerzan el v\u00ednculo con los clientes y empleados"},"content":{"rendered":"<div class=\"wpb-content-wrapper\">[vc_row][vc_column][vc_column_text]\n<p data-path-to-node=\"2\"><b data-path-to-node=\"2\" data-index-in-node=\"0\">Martes 10 de marzo a las 16h (4PM CET Barcelona).<\/b><\/p>\n<p data-path-to-node=\"2\"><b data-path-to-node=\"2\" data-index-in-node=\"50\">Idioma del webinar:<\/b> Catal\u00e1n.<\/p>\n<p data-path-to-node=\"3\">\u00bfSon los Objetivos de Desarrollo Sostenible (ODS) una simple lista de deberes o el c\u00f3digo definitivo para conectar con las personas? En un mercado cada vez m\u00e1s exigente, integrar la sostenibilidad no es una cuesti\u00f3n de marketing, sino de supervivencia y prop\u00f3sito. Te invitamos a una sesi\u00f3n donde exploraremos c\u00f3mo humanizar las organizaciones y transformar el cumplimiento administrativo en el ADN de la estrategia empresarial.<\/p>\n<h3 data-path-to-node=\"4\">\u00bfQu\u00e9 trataremos?<\/h3>\n<ul>\n<li data-path-to-node=\"5,0,0\"><b data-path-to-node=\"5,0,0\" data-index-in-node=\"0\">Lenguaje de conexi\u00f3n:<\/b> C\u00f3mo los ODS crean un marco com\u00fan entre la direcci\u00f3n y los equipos.<\/li>\n<li data-path-to-node=\"5,0,0\"><b data-path-to-node=\"5,1,0\" data-index-in-node=\"0\">Impacto real:<\/b> La traducci\u00f3n de la sostenibilidad en fidelidad de los clientes y compromiso de los trabajadores.<\/li>\n<li data-path-to-node=\"5,0,0\"><b data-path-to-node=\"5,2,0\" data-index-in-node=\"0\">El gran mito:<\/b> Analizaremos si realmente existe un conflicto entre la rentabilidad y el bienestar social y medioambiental.<\/li>\n<li data-path-to-node=\"5,0,0\"><b data-path-to-node=\"5,3,0\" data-index-in-node=\"0\">Comunicaci\u00f3n aut\u00e9ntica:<\/b> C\u00f3mo evitar el <i data-path-to-node=\"5,3,0\" data-index-in-node=\"39\">greenwashing<\/i> y comunicar el impacto de manera natural.<\/li>\n<\/ul>\n<h3 data-path-to-node=\"6\">Facilitadores\/as que intervienen:<\/h3>\n<ul>\n<li data-path-to-node=\"7,0,0\"><span style=\"color: #000000;\"><a style=\"color: #000000;\" href=\"https:\/\/www.felicicat.cat\/es\/portfolio-item\/montserrat-llobet-abizanda\/\" target=\"_blank\" rel=\"noopener\">Montserrat Llobet<\/a> (Directora de CitizensQ).<\/span><\/li>\n<li data-path-to-node=\"7,0,0\"><span style=\"color: #000000;\"><a style=\"color: #000000;\" href=\"http:\/\/linkedin.com\/in\/nestor-ramirez-medina?originalSubdomain=es\" target=\"_blank\" rel=\"noopener\">Nestor Ramirez<\/a> (CEO de ABC Global Solutions).<\/span><\/li>\n<li data-path-to-node=\"7,0,0\"><span style=\"color: #000000;\"><a style=\"color: #000000;\" href=\"https:\/\/www.felicicat.cat\/es\/portfolio-item\/eduard-alcaraz-2\/\" target=\"_blank\" rel=\"noopener\">Eduard Alcaraz<\/a> (Director y Fundador de feliciCat (Institut Catal\u00e0 de la Felicitat).<\/span><\/li>\n<\/ul>\n[\/vc_column_text][\/vc_column][\/vc_row]\n<\/div>","protected":false},"excerpt":{"rendered":"<p>[vc_row][vc_column][vc_column_text] Martes 10 de marzo a las 16h (4PM CET Barcelona). Idioma del webinar: Catal\u00e1n. \u00bfSon los Objetivos de Desarrollo Sostenible (ODS) una simple lista de deberes o el c\u00f3digo definitivo para conectar con las personas? En un mercado cada vez m\u00e1s exigente, integrar la sostenibilidad no es una cuesti\u00f3n de marketing, sino de supervivencia&hellip;<\/p>\n","protected":false},"author":2,"featured_media":15909,"comment_status":"open","ping_status":"closed","sticky":false,"template":"","format":"video","meta":{"_uag_custom_page_level_css":"","footnotes":""},"categories":[344,691],"tags":[],"post_series":[],"yoast_head":"<!-- This site is optimized with the Yoast SEO plugin v22.5 - https:\/\/yoast.com\/wordpress\/plugins\/seo\/ -->\n<title>Empresas con alma: C\u00f3mo los ODS refuerzan el v\u00ednculo con los clientes y empleados - Felicicat<\/title>\n<meta name=\"description\" content=\"En un mercado cada vez m\u00e1s exigente, integrar la sostenibilidad no es una cuesti\u00f3n de marketing, sino de supervivencia y prop\u00f3sito. Te invitamos a una sesi\u00f3n donde exploraremos c\u00f3mo humanizar las organizaciones y transformar el cumplimiento administrativo en el ADN de la estrategia empresarial.\" \/>\n<meta name=\"robots\" content=\"index, follow, max-snippet:-1, max-image-preview:large, max-video-preview:-1\" \/>\n<link rel=\"canonical\" href=\"https:\/\/www.felicicat.cat\/es\/empresas-con-alma-como-los-ods-refuerzan-el-vinculo-con-los-clientes-y-empleados\/\" \/>\n<meta property=\"og:locale\" content=\"es_ES\" \/>\n<meta property=\"og:type\" content=\"article\" \/>\n<meta property=\"og:title\" content=\"Empresas con alma: C\u00f3mo los ODS refuerzan el v\u00ednculo con los clientes y empleados - Felicicat\" \/>\n<meta property=\"og:description\" content=\"En un mercado cada vez m\u00e1s exigente, integrar la sostenibilidad no es una cuesti\u00f3n de marketing, sino de supervivencia y prop\u00f3sito. Te invitamos a una sesi\u00f3n donde exploraremos c\u00f3mo humanizar las organizaciones y transformar el cumplimiento administrativo en el ADN de la estrategia empresarial.\" \/>\n<meta property=\"og:url\" content=\"https:\/\/www.felicicat.cat\/es\/empresas-con-alma-como-los-ods-refuerzan-el-vinculo-con-los-clientes-y-empleados\/\" \/>\n<meta property=\"og:site_name\" content=\"Felicicat\" \/>\n<meta property=\"article:published_time\" content=\"2026-03-11T09:04:30+00:00\" \/>\n<meta property=\"article:modified_time\" content=\"2026-03-11T09:11:31+00:00\" \/>\n<meta property=\"og:image\" content=\"https:\/\/www.felicicat.cat\/wp-content\/uploads\/2026\/03\/Webinar-FeliciCat-10-mar-YT.png\" \/>\n\t<meta property=\"og:image:width\" content=\"1920\" \/>\n\t<meta property=\"og:image:height\" content=\"1080\" \/>\n\t<meta property=\"og:image:type\" content=\"image\/png\" \/>\n<meta name=\"author\" content=\"edu\" \/>\n<meta name=\"twitter:card\" content=\"summary_large_image\" \/>\n<meta name=\"twitter:label1\" content=\"Escrito por\" \/>\n\t<meta name=\"twitter:data1\" content=\"edu\" \/>\n\t<meta name=\"twitter:label2\" content=\"Tiempo de lectura\" \/>\n\t<meta name=\"twitter:data2\" content=\"2 minutos\" \/>\n<script type=\"application\/ld+json\" class=\"yoast-schema-graph\">{\"@context\":\"https:\/\/schema.org\",\"@graph\":[{\"@type\":\"Article\",\"@id\":\"https:\/\/www.felicicat.cat\/es\/empresas-con-alma-como-los-ods-refuerzan-el-vinculo-con-los-clientes-y-empleados\/#article\",\"isPartOf\":{\"@id\":\"https:\/\/www.felicicat.cat\/es\/empresas-con-alma-como-los-ods-refuerzan-el-vinculo-con-los-clientes-y-empleados\/\"},\"author\":{\"name\":\"edu\",\"@id\":\"https:\/\/www.felicicat.cat\/#\/schema\/person\/53cc36ea322123eb24f43676c759311d\"},\"headline\":\"Empresas con alma: C\u00f3mo los ODS refuerzan el v\u00ednculo con los clientes y empleados\",\"datePublished\":\"2026-03-11T09:04:30+00:00\",\"dateModified\":\"2026-03-11T09:11:31+00:00\",\"mainEntityOfPage\":{\"@id\":\"https:\/\/www.felicicat.cat\/es\/empresas-con-alma-como-los-ods-refuerzan-el-vinculo-con-los-clientes-y-empleados\/\"},\"wordCount\":217,\"commentCount\":0,\"publisher\":{\"@id\":\"https:\/\/www.felicicat.cat\/#organization\"},\"image\":{\"@id\":\"https:\/\/www.felicicat.cat\/es\/empresas-con-alma-como-los-ods-refuerzan-el-vinculo-con-los-clientes-y-empleados\/#primaryimage\"},\"thumbnailUrl\":\"https:\/\/www.felicicat.cat\/wp-content\/uploads\/2026\/03\/Webinar-FeliciCat-10-mar-YT.png\",\"articleSection\":[\"Conversas (vblog)\",\"Converses (vlog)\"],\"inLanguage\":\"es\",\"potentialAction\":[{\"@type\":\"CommentAction\",\"name\":\"Comment\",\"target\":[\"https:\/\/www.felicicat.cat\/es\/empresas-con-alma-como-los-ods-refuerzan-el-vinculo-con-los-clientes-y-empleados\/#respond\"]}]},{\"@type\":\"WebPage\",\"@id\":\"https:\/\/www.felicicat.cat\/es\/empresas-con-alma-como-los-ods-refuerzan-el-vinculo-con-los-clientes-y-empleados\/\",\"url\":\"https:\/\/www.felicicat.cat\/es\/empresas-con-alma-como-los-ods-refuerzan-el-vinculo-con-los-clientes-y-empleados\/\",\"name\":\"Empresas con alma: C\u00f3mo los ODS refuerzan el v\u00ednculo con los clientes y empleados - Felicicat\",\"isPartOf\":{\"@id\":\"https:\/\/www.felicicat.cat\/#website\"},\"primaryImageOfPage\":{\"@id\":\"https:\/\/www.felicicat.cat\/es\/empresas-con-alma-como-los-ods-refuerzan-el-vinculo-con-los-clientes-y-empleados\/#primaryimage\"},\"image\":{\"@id\":\"https:\/\/www.felicicat.cat\/es\/empresas-con-alma-como-los-ods-refuerzan-el-vinculo-con-los-clientes-y-empleados\/#primaryimage\"},\"thumbnailUrl\":\"https:\/\/www.felicicat.cat\/wp-content\/uploads\/2026\/03\/Webinar-FeliciCat-10-mar-YT.png\",\"datePublished\":\"2026-03-11T09:04:30+00:00\",\"dateModified\":\"2026-03-11T09:11:31+00:00\",\"description\":\"En un mercado cada vez m\u00e1s exigente, integrar la sostenibilidad no es una cuesti\u00f3n de marketing, sino de supervivencia y prop\u00f3sito. Te invitamos a una sesi\u00f3n donde exploraremos c\u00f3mo humanizar las organizaciones y transformar el cumplimiento administrativo en el ADN de la estrategia empresarial.\",\"breadcrumb\":{\"@id\":\"https:\/\/www.felicicat.cat\/es\/empresas-con-alma-como-los-ods-refuerzan-el-vinculo-con-los-clientes-y-empleados\/#breadcrumb\"},\"inLanguage\":\"es\",\"potentialAction\":[{\"@type\":\"ReadAction\",\"target\":[\"https:\/\/www.felicicat.cat\/es\/empresas-con-alma-como-los-ods-refuerzan-el-vinculo-con-los-clientes-y-empleados\/\"]}]},{\"@type\":\"ImageObject\",\"inLanguage\":\"es\",\"@id\":\"https:\/\/www.felicicat.cat\/es\/empresas-con-alma-como-los-ods-refuerzan-el-vinculo-con-los-clientes-y-empleados\/#primaryimage\",\"url\":\"https:\/\/www.felicicat.cat\/wp-content\/uploads\/2026\/03\/Webinar-FeliciCat-10-mar-YT.png\",\"contentUrl\":\"https:\/\/www.felicicat.cat\/wp-content\/uploads\/2026\/03\/Webinar-FeliciCat-10-mar-YT.png\",\"width\":1920,\"height\":1080,\"caption\":\"Portada webinar sobre els ODS de FeliciCat\"},{\"@type\":\"BreadcrumbList\",\"@id\":\"https:\/\/www.felicicat.cat\/es\/empresas-con-alma-como-los-ods-refuerzan-el-vinculo-con-los-clientes-y-empleados\/#breadcrumb\",\"itemListElement\":[{\"@type\":\"ListItem\",\"position\":1,\"name\":\"Home\",\"item\":\"https:\/\/www.felicicat.cat\/es\/\"},{\"@type\":\"ListItem\",\"position\":2,\"name\":\"Empresas con alma: C\u00f3mo los ODS refuerzan el&hellip;\"}]},{\"@type\":\"WebSite\",\"@id\":\"https:\/\/www.felicicat.cat\/#website\",\"url\":\"https:\/\/www.felicicat.cat\/\",\"name\":\"Felicicat\",\"description\":\"Institut Catal\u00e0 de la felicitat\",\"publisher\":{\"@id\":\"https:\/\/www.felicicat.cat\/#organization\"},\"potentialAction\":[{\"@type\":\"SearchAction\",\"target\":{\"@type\":\"EntryPoint\",\"urlTemplate\":\"https:\/\/www.felicicat.cat\/?s={search_term_string}\"},\"query-input\":\"required name=search_term_string\"}],\"inLanguage\":\"es\"},{\"@type\":\"Organization\",\"@id\":\"https:\/\/www.felicicat.cat\/#organization\",\"name\":\"Felicicat\",\"url\":\"https:\/\/www.felicicat.cat\/\",\"logo\":{\"@type\":\"ImageObject\",\"inLanguage\":\"es\",\"@id\":\"https:\/\/www.felicicat.cat\/#\/schema\/logo\/image\/\",\"url\":\"https:\/\/www.felicicat.cat\/wp-content\/uploads\/2023\/11\/4_proveslogotipsfelicicatFINAL_Mesadetrabajo1.png\",\"contentUrl\":\"https:\/\/www.felicicat.cat\/wp-content\/uploads\/2023\/11\/4_proveslogotipsfelicicatFINAL_Mesadetrabajo1.png\",\"width\":1500,\"height\":195,\"caption\":\"Felicicat\"},\"image\":{\"@id\":\"https:\/\/www.felicicat.cat\/#\/schema\/logo\/image\/\"}},{\"@type\":\"Person\",\"@id\":\"https:\/\/www.felicicat.cat\/#\/schema\/person\/53cc36ea322123eb24f43676c759311d\",\"name\":\"edu\",\"image\":{\"@type\":\"ImageObject\",\"inLanguage\":\"es\",\"@id\":\"https:\/\/www.felicicat.cat\/#\/schema\/person\/image\/\",\"url\":\"https:\/\/secure.gravatar.com\/avatar\/6fd3494648cb9e038992d31be80d2047?s=96&d=mm&r=g\",\"contentUrl\":\"https:\/\/secure.gravatar.com\/avatar\/6fd3494648cb9e038992d31be80d2047?s=96&d=mm&r=g\",\"caption\":\"edu\"},\"url\":\"https:\/\/www.felicicat.cat\/es\/author\/edu\/\"}]}<\/script>\n<!-- \/ Yoast SEO plugin. -->","yoast_head_json":{"title":"Empresas con alma: C\u00f3mo los ODS refuerzan el v\u00ednculo con los clientes y empleados - Felicicat","description":"En un mercado cada vez m\u00e1s exigente, integrar la sostenibilidad no es una cuesti\u00f3n de marketing, sino de supervivencia y prop\u00f3sito. Te invitamos a una sesi\u00f3n donde exploraremos c\u00f3mo humanizar las organizaciones y transformar el cumplimiento administrativo en el ADN de la estrategia empresarial.","robots":{"index":"index","follow":"follow","max-snippet":"max-snippet:-1","max-image-preview":"max-image-preview:large","max-video-preview":"max-video-preview:-1"},"canonical":"https:\/\/www.felicicat.cat\/es\/empresas-con-alma-como-los-ods-refuerzan-el-vinculo-con-los-clientes-y-empleados\/","og_locale":"es_ES","og_type":"article","og_title":"Empresas con alma: C\u00f3mo los ODS refuerzan el v\u00ednculo con los clientes y empleados - Felicicat","og_description":"En un mercado cada vez m\u00e1s exigente, integrar la sostenibilidad no es una cuesti\u00f3n de marketing, sino de supervivencia y prop\u00f3sito. Te invitamos a una sesi\u00f3n donde exploraremos c\u00f3mo humanizar las organizaciones y transformar el cumplimiento administrativo en el ADN de la estrategia empresarial.","og_url":"https:\/\/www.felicicat.cat\/es\/empresas-con-alma-como-los-ods-refuerzan-el-vinculo-con-los-clientes-y-empleados\/","og_site_name":"Felicicat","article_published_time":"2026-03-11T09:04:30+00:00","article_modified_time":"2026-03-11T09:11:31+00:00","og_image":[{"width":1920,"height":1080,"url":"https:\/\/www.felicicat.cat\/wp-content\/uploads\/2026\/03\/Webinar-FeliciCat-10-mar-YT.png","type":"image\/png"}],"author":"edu","twitter_card":"summary_large_image","twitter_misc":{"Escrito por":"edu","Tiempo de lectura":"2 minutos"},"schema":{"@context":"https:\/\/schema.org","@graph":[{"@type":"Article","@id":"https:\/\/www.felicicat.cat\/es\/empresas-con-alma-como-los-ods-refuerzan-el-vinculo-con-los-clientes-y-empleados\/#article","isPartOf":{"@id":"https:\/\/www.felicicat.cat\/es\/empresas-con-alma-como-los-ods-refuerzan-el-vinculo-con-los-clientes-y-empleados\/"},"author":{"name":"edu","@id":"https:\/\/www.felicicat.cat\/#\/schema\/person\/53cc36ea322123eb24f43676c759311d"},"headline":"Empresas con alma: C\u00f3mo los ODS refuerzan el v\u00ednculo con los clientes y empleados","datePublished":"2026-03-11T09:04:30+00:00","dateModified":"2026-03-11T09:11:31+00:00","mainEntityOfPage":{"@id":"https:\/\/www.felicicat.cat\/es\/empresas-con-alma-como-los-ods-refuerzan-el-vinculo-con-los-clientes-y-empleados\/"},"wordCount":217,"commentCount":0,"publisher":{"@id":"https:\/\/www.felicicat.cat\/#organization"},"image":{"@id":"https:\/\/www.felicicat.cat\/es\/empresas-con-alma-como-los-ods-refuerzan-el-vinculo-con-los-clientes-y-empleados\/#primaryimage"},"thumbnailUrl":"https:\/\/www.felicicat.cat\/wp-content\/uploads\/2026\/03\/Webinar-FeliciCat-10-mar-YT.png","articleSection":["Conversas (vblog)","Converses (vlog)"],"inLanguage":"es","potentialAction":[{"@type":"CommentAction","name":"Comment","target":["https:\/\/www.felicicat.cat\/es\/empresas-con-alma-como-los-ods-refuerzan-el-vinculo-con-los-clientes-y-empleados\/#respond"]}]},{"@type":"WebPage","@id":"https:\/\/www.felicicat.cat\/es\/empresas-con-alma-como-los-ods-refuerzan-el-vinculo-con-los-clientes-y-empleados\/","url":"https:\/\/www.felicicat.cat\/es\/empresas-con-alma-como-los-ods-refuerzan-el-vinculo-con-los-clientes-y-empleados\/","name":"Empresas con alma: C\u00f3mo los ODS refuerzan el v\u00ednculo con los clientes y empleados - Felicicat","isPartOf":{"@id":"https:\/\/www.felicicat.cat\/#website"},"primaryImageOfPage":{"@id":"https:\/\/www.felicicat.cat\/es\/empresas-con-alma-como-los-ods-refuerzan-el-vinculo-con-los-clientes-y-empleados\/#primaryimage"},"image":{"@id":"https:\/\/www.felicicat.cat\/es\/empresas-con-alma-como-los-ods-refuerzan-el-vinculo-con-los-clientes-y-empleados\/#primaryimage"},"thumbnailUrl":"https:\/\/www.felicicat.cat\/wp-content\/uploads\/2026\/03\/Webinar-FeliciCat-10-mar-YT.png","datePublished":"2026-03-11T09:04:30+00:00","dateModified":"2026-03-11T09:11:31+00:00","description":"En un mercado cada vez m\u00e1s exigente, integrar la sostenibilidad no es una cuesti\u00f3n de marketing, sino de supervivencia y prop\u00f3sito. Te invitamos a una sesi\u00f3n donde exploraremos c\u00f3mo humanizar las organizaciones y transformar el cumplimiento administrativo en el ADN de la estrategia empresarial.","breadcrumb":{"@id":"https:\/\/www.felicicat.cat\/es\/empresas-con-alma-como-los-ods-refuerzan-el-vinculo-con-los-clientes-y-empleados\/#breadcrumb"},"inLanguage":"es","potentialAction":[{"@type":"ReadAction","target":["https:\/\/www.felicicat.cat\/es\/empresas-con-alma-como-los-ods-refuerzan-el-vinculo-con-los-clientes-y-empleados\/"]}]},{"@type":"ImageObject","inLanguage":"es","@id":"https:\/\/www.felicicat.cat\/es\/empresas-con-alma-como-los-ods-refuerzan-el-vinculo-con-los-clientes-y-empleados\/#primaryimage","url":"https:\/\/www.felicicat.cat\/wp-content\/uploads\/2026\/03\/Webinar-FeliciCat-10-mar-YT.png","contentUrl":"https:\/\/www.felicicat.cat\/wp-content\/uploads\/2026\/03\/Webinar-FeliciCat-10-mar-YT.png","width":1920,"height":1080,"caption":"Portada webinar sobre els ODS de FeliciCat"},{"@type":"BreadcrumbList","@id":"https:\/\/www.felicicat.cat\/es\/empresas-con-alma-como-los-ods-refuerzan-el-vinculo-con-los-clientes-y-empleados\/#breadcrumb","itemListElement":[{"@type":"ListItem","position":1,"name":"Home","item":"https:\/\/www.felicicat.cat\/es\/"},{"@type":"ListItem","position":2,"name":"Empresas con alma: C\u00f3mo los ODS refuerzan el&hellip;"}]},{"@type":"WebSite","@id":"https:\/\/www.felicicat.cat\/#website","url":"https:\/\/www.felicicat.cat\/","name":"Felicicat","description":"Institut Catal\u00e0 de la felicitat","publisher":{"@id":"https:\/\/www.felicicat.cat\/#organization"},"potentialAction":[{"@type":"SearchAction","target":{"@type":"EntryPoint","urlTemplate":"https:\/\/www.felicicat.cat\/?s={search_term_string}"},"query-input":"required name=search_term_string"}],"inLanguage":"es"},{"@type":"Organization","@id":"https:\/\/www.felicicat.cat\/#organization","name":"Felicicat","url":"https:\/\/www.felicicat.cat\/","logo":{"@type":"ImageObject","inLanguage":"es","@id":"https:\/\/www.felicicat.cat\/#\/schema\/logo\/image\/","url":"https:\/\/www.felicicat.cat\/wp-content\/uploads\/2023\/11\/4_proveslogotipsfelicicatFINAL_Mesadetrabajo1.png","contentUrl":"https:\/\/www.felicicat.cat\/wp-content\/uploads\/2023\/11\/4_proveslogotipsfelicicatFINAL_Mesadetrabajo1.png","width":1500,"height":195,"caption":"Felicicat"},"image":{"@id":"https:\/\/www.felicicat.cat\/#\/schema\/logo\/image\/"}},{"@type":"Person","@id":"https:\/\/www.felicicat.cat\/#\/schema\/person\/53cc36ea322123eb24f43676c759311d","name":"edu","image":{"@type":"ImageObject","inLanguage":"es","@id":"https:\/\/www.felicicat.cat\/#\/schema\/person\/image\/","url":"https:\/\/secure.gravatar.com\/avatar\/6fd3494648cb9e038992d31be80d2047?s=96&d=mm&r=g","contentUrl":"https:\/\/secure.gravatar.com\/avatar\/6fd3494648cb9e038992d31be80d2047?s=96&d=mm&r=g","caption":"edu"},"url":"https:\/\/www.felicicat.cat\/es\/author\/edu\/"}]}},"uagb_featured_image_src":{"full":["https:\/\/www.felicicat.cat\/wp-content\/uploads\/2026\/03\/Webinar-FeliciCat-10-mar-YT.png",1920,1080,false],"thumbnail":["https:\/\/www.felicicat.cat\/wp-content\/uploads\/2026\/03\/Webinar-FeliciCat-10-mar-YT-150x150.png",150,150,true],"medium":["https:\/\/www.felicicat.cat\/wp-content\/uploads\/2026\/03\/Webinar-FeliciCat-10-mar-YT-300x169.png",300,169,true],"medium_large":["https:\/\/www.felicicat.cat\/wp-content\/uploads\/2026\/03\/Webinar-FeliciCat-10-mar-YT-768x432.png",768,432,true],"large":["https:\/\/www.felicicat.cat\/wp-content\/uploads\/2026\/03\/Webinar-FeliciCat-10-mar-YT-1024x576.png",980,551,true],"1536x1536":["https:\/\/www.felicicat.cat\/wp-content\/uploads\/2026\/03\/Webinar-FeliciCat-10-mar-YT-1536x864.png",1536,864,true],"2048x2048":["https:\/\/www.felicicat.cat\/wp-content\/uploads\/2026\/03\/Webinar-FeliciCat-10-mar-YT.png",1920,1080,false],"woocommerce_thumbnail":["https:\/\/www.felicicat.cat\/wp-content\/uploads\/2026\/03\/Webinar-FeliciCat-10-mar-YT-center-top-60x60.png",60,60,true],"woocommerce_single":["https:\/\/www.felicicat.cat\/wp-content\/uploads\/2026\/03\/Webinar-FeliciCat-10-mar-YT-700x394.png",700,394,true],"woocommerce_gallery_thumbnail":["https:\/\/www.felicicat.cat\/wp-content\/uploads\/2026\/03\/Webinar-FeliciCat-10-mar-YT-100x100.png",100,100,true],"lightbox":["https:\/\/www.felicicat.cat\/wp-content\/uploads\/2026\/03\/Webinar-FeliciCat-10-mar-YT.png",1500,844,false],"search_results":["https:\/\/www.felicicat.cat\/wp-content\/uploads\/2026\/03\/Webinar-FeliciCat-10-mar-YT-125x125.png",125,125,true],"blog_entry":["https:\/\/www.felicicat.cat\/wp-content\/uploads\/2026\/03\/Webinar-FeliciCat-10-mar-YT.png",676,380,false],"blog_post":["https:\/\/www.felicicat.cat\/wp-content\/uploads\/2026\/03\/Webinar-FeliciCat-10-mar-YT.png",676,380,false],"blog_post_full":["https:\/\/www.felicicat.cat\/wp-content\/uploads\/2026\/03\/Webinar-FeliciCat-10-mar-YT.png",980,551,false],"blog_related":["https:\/\/www.felicicat.cat\/wp-content\/uploads\/2026\/03\/Webinar-FeliciCat-10-mar-YT.png",676,380,false],"portfolio_entry":["https:\/\/www.felicicat.cat\/wp-content\/uploads\/2026\/03\/Webinar-FeliciCat-10-mar-YT.png",500,281,false],"portfolio_post":["https:\/\/www.felicicat.cat\/wp-content\/uploads\/2026\/03\/Webinar-FeliciCat-10-mar-YT.png",1920,1080,false],"portfolio_related":["https:\/\/www.felicicat.cat\/wp-content\/uploads\/2026\/03\/Webinar-FeliciCat-10-mar-YT.png",500,281,false],"staff_entry":["https:\/\/www.felicicat.cat\/wp-content\/uploads\/2026\/03\/Webinar-FeliciCat-10-mar-YT.png",500,281,false],"staff_post":["https:\/\/www.felicicat.cat\/wp-content\/uploads\/2026\/03\/Webinar-FeliciCat-10-mar-YT.png",1920,1080,false],"staff_related":["https:\/\/www.felicicat.cat\/wp-content\/uploads\/2026\/03\/Webinar-FeliciCat-10-mar-YT.png",500,281,false],"testimonials_entry":["https:\/\/www.felicicat.cat\/wp-content\/uploads\/2026\/03\/Webinar-FeliciCat-10-mar-YT.png",45,25,false],"shop_catalog":["https:\/\/www.felicicat.cat\/wp-content\/uploads\/2026\/03\/Webinar-FeliciCat-10-mar-YT-350x197.png",350,197,true],"shop_single":["https:\/\/www.felicicat.cat\/wp-content\/uploads\/2026\/03\/Webinar-FeliciCat-10-mar-YT-700x394.png",700,394,true],"shop_single_thumbnail":["https:\/\/www.felicicat.cat\/wp-content\/uploads\/2026\/03\/Webinar-FeliciCat-10-mar-YT-140x140.png",140,140,true],"shop_category":["https:\/\/www.felicicat.cat\/wp-content\/uploads\/2026\/03\/Webinar-FeliciCat-10-mar-YT.png",1920,1080,false],"shop_thumbnail_cart":["https:\/\/www.felicicat.cat\/wp-content\/uploads\/2026\/03\/Webinar-FeliciCat-10-mar-YT-center-top-60x60.png",60,60,true],"gallery":["https:\/\/www.felicicat.cat\/wp-content\/uploads\/2026\/03\/Webinar-FeliciCat-10-mar-YT.png",500,281,false]},"uagb_author_info":{"display_name":"edu","author_link":"https:\/\/www.felicicat.cat\/es\/author\/edu\/"},"uagb_comment_info":0,"uagb_excerpt":"[vc_row][vc_column][vc_column_text] Martes 10 de marzo a las 16h (4PM CET Barcelona). Idioma del webinar: Catal\u00e1n. \u00bfSon los Objetivos de Desarrollo Sostenible (ODS) una simple lista de deberes o el c\u00f3digo definitivo para conectar con las personas? En un mercado cada vez m\u00e1s exigente, integrar la sostenibilidad no es una cuesti\u00f3n de marketing, sino de supervivencia&hellip;","_links":{"self":[{"href":"https:\/\/www.felicicat.cat\/es\/wp-json\/wp\/v2\/posts\/15907"}],"collection":[{"href":"https:\/\/www.felicicat.cat\/es\/wp-json\/wp\/v2\/posts"}],"about":[{"href":"https:\/\/www.felicicat.cat\/es\/wp-json\/wp\/v2\/types\/post"}],"author":[{"embeddable":true,"href":"https:\/\/www.felicicat.cat\/es\/wp-json\/wp\/v2\/users\/2"}],"replies":[{"embeddable":true,"href":"https:\/\/www.felicicat.cat\/es\/wp-json\/wp\/v2\/comments?post=15907"}],"version-history":[{"count":4,"href":"https:\/\/www.felicicat.cat\/es\/wp-json\/wp\/v2\/posts\/15907\/revisions"}],"predecessor-version":[{"id":15914,"href":"https:\/\/www.felicicat.cat\/es\/wp-json\/wp\/v2\/posts\/15907\/revisions\/15914"}],"wp:featuredmedia":[{"embeddable":true,"href":"https:\/\/www.felicicat.cat\/es\/wp-json\/wp\/v2\/media\/15909"}],"wp:attachment":[{"href":"https:\/\/www.felicicat.cat\/es\/wp-json\/wp\/v2\/media?parent=15907"}],"wp:term":[{"taxonomy":"category","embeddable":true,"href":"https:\/\/www.felicicat.cat\/es\/wp-json\/wp\/v2\/categories?post=15907"},{"taxonomy":"post_tag","embeddable":true,"href":"https:\/\/www.felicicat.cat\/es\/wp-json\/wp\/v2\/tags?post=15907"},{"taxonomy":"post_series","embeddable":true,"href":"https:\/\/www.felicicat.cat\/es\/wp-json\/wp\/v2\/post_series?post=15907"}],"curies":[{"name":"wp","href":"https:\/\/api.w.org\/{rel}","templated":true}]}}