{"id":15610,"date":"2026-01-19T12:21:30","date_gmt":"2026-01-19T12:21:30","guid":{"rendered":"https:\/\/www.felicicat.cat\/?p=15610"},"modified":"2026-01-19T12:38:57","modified_gmt":"2026-01-19T12:38:57","slug":"la-innovacion-no-es-solo-cosa-de-jefes-el-reto-de-la-participacion-transversal-en-la-empresa-2","status":"publish","type":"post","link":"https:\/\/www.felicicat.cat\/es\/la-innovacion-no-es-solo-cosa-de-jefes-el-reto-de-la-participacion-transversal-en-la-empresa-2\/","title":{"rendered":"FeliciCat y ESIC: Una sesi\u00f3n sobre bienestar integral para el alumnado de Digital Talent Management"},"content":{"rendered":"<p>En el marco del Grado en <strong>Digital Talent Management<\/strong>, los alumnos de 5\u00ba curso de <span style=\"color: #000000;\"><a style=\"color: #000000;\" href=\"https:\/\/www.esic.edu\/\" target=\"_blank\" rel=\"noopener\"><strong>ESIC Business &amp; Marketing School<\/strong><\/a><\/span> participaron recientemente en una sesi\u00f3n te\u00f3rico-pr\u00e1ctica sobre la gesti\u00f3n de la felicidad en el entorno laboral. La jornada cont\u00f3 con la intervenci\u00f3n de <span style=\"color: #000000;\"><strong>Eduard Alcaraz<\/strong><\/span>, Director y Fundador de <strong>FeliciCat (Institut Catal\u00e0 de la Felicitat)<\/strong>, quien comparti\u00f3 su visi\u00f3n sobre los retos actuales de los recursos humanos.<\/p>\n<p>El objetivo de esta sesi\u00f3n de tres horas fue dotar a los futuros profesionales \u2014muchos de los cuales ya est\u00e1n trabajando o a punto de dar sus primeros pasos en el mercado laboral\u2014 de una visi\u00f3n clara sobre los elementos que componen un entorno corporativo saludable, especialmente en ecosistemas complejos marcados por una gran diversidad de intereses y caracteres.<\/p>\n<h3><strong>El Modelo de los 8 bienestares: Un enfoque integral<\/strong><\/h3>\n<p>El eje central de la sesi\u00f3n fue la presentaci\u00f3n del modelo de bienestar que promueve FeliciCat. Eduard Alcaraz desgran\u00f3 las ocho dimensiones fundamentales que deben equilibrarse para alcanzar una plenitud tanto personal como profesional. Seg\u00fan este modelo, el bienestar se construye a trav\u00e9s de los siguientes pilares:<\/p>\n<ol>\n<li><strong>Bienestar emocional:<\/strong> Gesti\u00f3n de las emociones, y por lo tanto, de expectativas y capacidad para ser resiliente.<\/li>\n<li><strong>Bienestar f\u00edsico:<\/strong> El cuerpo como soporte de la actividad diaria (hacer deporte, higiene postural y del sue\u00f1o).<\/li>\n<li><strong>Bienestar nutricional:<\/strong> Planificaci\u00f3n de las comidas y alimentaci\u00f3n consciente para el rendimiento y la salud.<\/li>\n<li><strong>Bienestar tecnol\u00f3gico:<\/strong> Uso responsable y desconexi\u00f3n digital. Tambi\u00e9n, ser capaces de trabajar en las nuevas tecnolog\u00edas (por ejemplo la IA) porqu\u00e9 act\u00faen como a aliados de nuestro bienestar.<\/li>\n<li><strong>Bienestar espiritual:<\/strong> Conexi\u00f3n con el prop\u00f3sito y los valores personales. Saber crear este espacio para respirar y ser consciente.<\/li>\n<li><strong>Bienestar social:<\/strong> Calidad en las relaciones y sentido de pertenencia.<\/li>\n<li><strong>Bienestar econ\u00f3mico:<\/strong> Seguridad y tranquilidad financiera. Tambi\u00e9n ser conocedores de c\u00f3mo administrar el dinero.<\/li>\n<li><strong>Bienestar ambiental:<\/strong> Espacios de trabajo saludables y sostenibles.<\/li>\n<\/ol>\n<p>Este esquema permiti\u00f3 al alumnado entender que la gesti\u00f3n del talento moderno debe atender a todas estas facetas para ser realmente efectiva y humana.<\/p>\n<p style=\"text-align: center;\"><img loading=\"lazy\" decoding=\"async\" class=\"aligncenter size-large wp-image-15036\" src=\"https:\/\/www.felicicat.cat\/wp-content\/uploads\/2025\/06\/Presentacio-feliciCat-ESP-1024x576.jpg\" alt=\"Infografia de los 8 bienestares de feliciCat\" width=\"980\" height=\"551\" srcset=\"https:\/\/www.felicicat.cat\/wp-content\/uploads\/2025\/06\/Presentacio-feliciCat-ESP-1024x576.jpg 1024w, https:\/\/www.felicicat.cat\/wp-content\/uploads\/2025\/06\/Presentacio-feliciCat-ESP-300x169.jpg 300w, https:\/\/www.felicicat.cat\/wp-content\/uploads\/2025\/06\/Presentacio-feliciCat-ESP-768x432.jpg 768w, https:\/\/www.felicicat.cat\/wp-content\/uploads\/2025\/06\/Presentacio-feliciCat-ESP-1536x864.jpg 1536w, https:\/\/www.felicicat.cat\/wp-content\/uploads\/2025\/06\/Presentacio-feliciCat-ESP-600x338.jpg 600w, https:\/\/www.felicicat.cat\/wp-content\/uploads\/2025\/06\/Presentacio-feliciCat-ESP.jpg 1920w\" sizes=\"(max-width: 980px) 100vw, 980px\" \/>Fuente imagen: FeliciCat (Institut Catal\u00e0 de la Felicitat)<\/p>\n<h3><strong>Autocura: El punto de partida del liderazgo<\/strong><\/h3>\n<p>Uno de los mensajes clave que Alcaraz transmiti\u00f3 a los estudiantes es que el bienestar organizacional es imposible sin el bienestar individual. En este sentido, se puso especial \u00e9nfasis en el concepto de la <strong>autocura<\/strong>.<\/p>\n<p>Se record\u00f3 al alumnado que priorizar la salud de uno mismo no es, en absoluto, un acto ego\u00edsta; al contrario, es un ejercicio de responsabilidad profesional. Un l\u00edder que no goza de bienestar dif\u00edcilmente podr\u00e1 sostener el rendimiento de su equipo a largo plazo. Por el contrario, cuando un profesional apuesta por su propia salud y equilibrio:<\/p>\n<ul>\n<li><strong>Lidera con mayor claridad:<\/strong> Toma decisiones m\u00e1s acertadas y serenas.<\/li>\n<li><strong>Inspira a su entorno:<\/strong> Se convierte en un referente de coherencia y vitalidad.<\/li>\n<li><strong>Aporta valor real:<\/strong> Su capacidad de ejecuci\u00f3n y creatividad se potencia significativamente.<\/li>\n<\/ul>\n<p>La sesi\u00f3n incluy\u00f3 herramientas y ejercicios pr\u00e1cticos de autocuidado para que los estudiantes aprendan a mantener su propio bienestar individual, entendiendo que esta es la base para poder ayudar y liderar a otros en el futuro.<\/p>\n<h3><strong>Conclusi\u00f3n: El bienestar como pilar formativo<\/strong><\/h3>\n<p>Sesiones como la impartida por FeliciCat en ESIC demuestran que hablar de bienestar no debe ser una excepci\u00f3n o un evento puntual, sino una necesidad urgente en la formaci\u00f3n acad\u00e9mica. Es fundamental que los temarios de cualquier grado o ciclo formativo empiecen a incluir de manera estructural sesiones sobre <strong>bienestar organizacional<\/strong>.<\/p>\n<p>Independientemente de la especializaci\u00f3n t\u00e9cnica, el futuro laboral exige profesionales que no solo dominen su \u00e1rea, sino que sepan navegar la complejidad humana y emocional de las organizaciones. Integrar estas competencias en la educaci\u00f3n formal es el \u00fanico camino para garantizar que las pr\u00f3ximas generaciones de trabajadores y directivos construyan empresas m\u00e1s sanas, productivas y, sobre todo, m\u00e1s humanas.<\/p>\n<p>A continuaci\u00f3n, se muestra la imagen del grupo, una vez finaliz\u00f3 la sesi\u00f3n.<\/p>\n<p style=\"text-align: center;\"><img loading=\"lazy\" decoding=\"async\" class=\"aligncenter size-large wp-image-15612\" src=\"https:\/\/www.felicicat.cat\/wp-content\/uploads\/2026\/01\/ESIC-FeliciCat-Xerrada-1024x768.jpg\" alt=\"Fotografia de grup - Alumnat ESIC i Eduard Alcaraz (FeliciCat)\" width=\"980\" height=\"735\" srcset=\"https:\/\/www.felicicat.cat\/wp-content\/uploads\/2026\/01\/ESIC-FeliciCat-Xerrada-1024x768.jpg 1024w, https:\/\/www.felicicat.cat\/wp-content\/uploads\/2026\/01\/ESIC-FeliciCat-Xerrada-300x225.jpg 300w, https:\/\/www.felicicat.cat\/wp-content\/uploads\/2026\/01\/ESIC-FeliciCat-Xerrada-768x576.jpg 768w, https:\/\/www.felicicat.cat\/wp-content\/uploads\/2026\/01\/ESIC-FeliciCat-Xerrada-1536x1152.jpg 1536w, https:\/\/www.felicicat.cat\/wp-content\/uploads\/2026\/01\/ESIC-FeliciCat-Xerrada-2048x1536.jpg 2048w, https:\/\/www.felicicat.cat\/wp-content\/uploads\/2026\/01\/ESIC-FeliciCat-Xerrada-600x450.jpg 600w, https:\/\/www.felicicat.cat\/wp-content\/uploads\/2026\/01\/ESIC-FeliciCat-Xerrada-scaled-980x735.jpg 980w, https:\/\/www.felicicat.cat\/wp-content\/uploads\/2026\/01\/ESIC-FeliciCat-Xerrada-scaled-980x735@2x.jpg 1960w, https:\/\/www.felicicat.cat\/wp-content\/uploads\/2026\/01\/ESIC-FeliciCat-Xerrada-scaled-700x525.jpg 700w, https:\/\/www.felicicat.cat\/wp-content\/uploads\/2026\/01\/ESIC-FeliciCat-Xerrada-scaled-350x263.jpg 350w\" sizes=\"(max-width: 980px) 100vw, 980px\" \/>Fuente imagen: ESIC<\/p>\n<p data-path-to-node=\"2\"><span style=\"color: #000000;\">Te gustar\u00eda que feliciCat interviniera en el dise\u00f1o y ejecuci\u00f3n de formaciones relacionadas con el bienestar del alumnado y\/o el profesorado de escuelas y otras entidades entidades educativas como universidades, centros de FP o escuelas de negocios? Cont\u00e1ctanos completando el siguiente formulario<\/span> y estaremos encantados de poderos ayudar.<\/p>\n<div class=\"wpforms-container wpforms-container-full wpforms-render-modern\" id=\"wpforms-15519\"><form id=\"wpforms-form-15519\" class=\"wpforms-validate wpforms-form wpforms-ajax-form\" data-formid=\"15519\" method=\"post\" enctype=\"multipart\/form-data\" action=\"\/es\/wp-json\/wp\/v2\/posts\/15610\" data-token=\"f624f1fca0853f7f4056faf2f9eb8d50\"><noscript class=\"wpforms-error-noscript\">Por favor, activa JavaScript en tu navegador para completar este formulario.<\/noscript><div class=\"wpforms-hidden\" id=\"wpforms-error-noscript\">Por favor, activa JavaScript en tu navegador para completar este formulario.<\/div><div class=\"wpforms-field-container\"><div id=\"wpforms-15519-field_0-container\" class=\"wpforms-field wpforms-field-name\" data-field-id=\"0\"><fieldset><legend class=\"wpforms-field-label wpforms-label-hide\" aria-hidden=\"false\">Nombres y Apellidos <span class=\"wpforms-required-label\" aria-hidden=\"true\">*<\/span><\/legend><div class=\"wpforms-field-row wpforms-field-large\"><div class=\"wpforms-field-row-block wpforms-first wpforms-one-half\"><input type=\"text\" id=\"wpforms-15519-field_0\" class=\"wpforms-field-name-first wpforms-field-required\" name=\"wpforms[fields][0][first]\" placeholder=\"Nombre *\" aria-errormessage=\"wpforms-15519-field_0-error\" required><label for=\"wpforms-15519-field_0\" class=\"wpforms-field-sublabel after wpforms-sublabel-hide\">Nombre<\/label><\/div><div class=\"wpforms-field-row-block wpforms-one-half\"><input type=\"text\" id=\"wpforms-15519-field_0-last\" class=\"wpforms-field-name-last wpforms-field-required\" name=\"wpforms[fields][0][last]\" placeholder=\"Apellidos *\" aria-errormessage=\"wpforms-15519-field_0-last-error\" required><label for=\"wpforms-15519-field_0-last\" class=\"wpforms-field-sublabel after wpforms-sublabel-hide\">Apellidos<\/label><\/div><\/div><\/fieldset><\/div><div id=\"wpforms-15519-field_1-container\" class=\"wpforms-field wpforms-field-email\" data-field-id=\"1\"><label class=\"wpforms-field-label wpforms-label-hide\" for=\"wpforms-15519-field_1\" aria-hidden=\"false\">Correo electr\u00f3nico <span class=\"wpforms-required-label\" aria-hidden=\"true\">*<\/span><\/label><input type=\"email\" id=\"wpforms-15519-field_1\" class=\"wpforms-field-large wpforms-field-required\" name=\"wpforms[fields][1]\" placeholder=\"Email *\" spellcheck=\"false\" aria-errormessage=\"wpforms-15519-field_1-error\" required><\/div><div id=\"wpforms-15519-field_7-container\" class=\"wpforms-field wpforms-field-text\" data-field-id=\"7\"><label class=\"wpforms-field-label wpforms-label-hide\" for=\"wpforms-15519-field_7\" aria-hidden=\"false\">Ind\u00edcanos tu n\u00famero de contacto (m\u00f3vil o fijo)<\/label><input type=\"text\" id=\"wpforms-15519-field_7\" class=\"wpforms-field-medium\" name=\"wpforms[fields][7]\" placeholder=\"Ind\u00edcanos tu n\u00famero de contacto (m\u00f3vil o fijo)\" aria-errormessage=\"wpforms-15519-field_7-error\" ><\/div><div id=\"wpforms-15519-field_5-container\" class=\"wpforms-field wpforms-field-text\" data-field-id=\"5\"><label class=\"wpforms-field-label wpforms-label-hide\" for=\"wpforms-15519-field_5\" aria-hidden=\"false\">Poblaci\u00f3n <span class=\"wpforms-required-label\" aria-hidden=\"true\">*<\/span><\/label><input type=\"text\" id=\"wpforms-15519-field_5\" class=\"wpforms-field-large wpforms-field-required\" name=\"wpforms[fields][5]\" placeholder=\"Poblaci\u00f3n\" aria-errormessage=\"wpforms-15519-field_5-error\" required><\/div><div id=\"wpforms-15519-field_3-container\" class=\"wpforms-field wpforms-field-payment-select wpforms-field-select-style-modern\" data-field-id=\"3\"><label class=\"wpforms-field-label\" for=\"wpforms-15519-field_3\">Tipo de usuario <span class=\"wpforms-required-label\" aria-hidden=\"true\">*<\/span><\/label><select id=\"wpforms-15519-field_3\" class=\"wpforms-payment-price wpforms-field-large wpforms-field-required choicesjs-select\" data-size-class=\"wpforms-field-row wpforms-field-large\" data-search-enabled=\"\" name=\"wpforms[fields][3]\" required=\"required\"><option value=\"\" class=\"placeholder\" disabled  selected='selected'>Empresa privada<\/option><option value=\"1\" data-amount=\"0.00\" data-custom-properties=\"0.00\" >Empresa privada<\/option><option value=\"4\" data-amount=\"0.00\" data-custom-properties=\"0.00\" >Centro educativo<\/option><option value=\"3\" data-amount=\"0.00\" data-custom-properties=\"0.00\" >Instituci\u00f3n p\u00fablica<\/option><option value=\"5\" data-amount=\"0.00\" data-custom-properties=\"0.00\" >Profesional independiente<\/option><option value=\"2\" data-amount=\"0.00\" data-custom-properties=\"0.00\" >Particular<\/option><\/select><\/div><div id=\"wpforms-15519-field_2-container\" class=\"wpforms-field wpforms-field-textarea\" data-field-id=\"2\"><label class=\"wpforms-field-label wpforms-label-hide\" for=\"wpforms-15519-field_2\" aria-hidden=\"false\">Tienes algo que contarnos? C\u00f3mo podemos ayudarte?<\/label><textarea id=\"wpforms-15519-field_2\" class=\"wpforms-field-large\" name=\"wpforms[fields][2]\" placeholder=\"Escribe lo que consideres para hacernos entender tu inter\u00e9s en contactar con feliciCat.\" aria-errormessage=\"wpforms-15519-field_2-error\" ><\/textarea><\/div><div id=\"wpforms-15519-field_4-container\" class=\"wpforms-field wpforms-field-checkbox\" data-field-id=\"4\"><fieldset><legend class=\"wpforms-field-label wpforms-label-hide\" aria-hidden=\"false\">Casillas de verificaci\u00f3n <span class=\"wpforms-required-label\" aria-hidden=\"true\">*<\/span><\/legend><ul id=\"wpforms-15519-field_4\" class=\"wpforms-field-required\"><li class=\"choice-1 depth-1\"><input type=\"checkbox\" id=\"wpforms-15519-field_4_1\" name=\"wpforms[fields][4][]\" value=\"He le\u00eddo y acepto el&lt;a href=&quot;\/avis-legal\/&quot; rel=&quot;nofollow noopener noreferrer&quot; target=&quot;_blank&quot;&gt;Aviso Legal&lt;\/a&gt; y la &lt;a target=&quot;_blank&quot; rel=&quot;nofollow noopener noreferrer&quot; href=&quot;\/politica-de-privacitat\/&quot;&gt;Pol\u00edtica de Privacidad&lt;\/a&gt; de este sitio web.\" aria-errormessage=\"wpforms-15519-field_4_1-error\" required ><label class=\"wpforms-field-label-inline\" for=\"wpforms-15519-field_4_1\">He le\u00eddo y acepto el<a href=\"\/avis-legal\/\" rel=\"nofollow noopener noreferrer\" target=\"_blank\">Aviso Legal<\/a> y la <a target=\"_blank\" rel=\"nofollow noopener noreferrer\" href=\"\/politica-de-privacitat\/\">Pol\u00edtica de Privacidad<\/a> de este sitio web.<\/label><\/li><\/ul><\/fieldset><\/div><\/div><!-- .wpforms-field-container --><div class=\"wpforms-recaptcha-container wpforms-is-recaptcha wpforms-is-recaptcha-type-v3\" ><input type=\"hidden\" name=\"wpforms[recaptcha]\" value=\"\"><\/div><div class=\"wpforms-submit-container\" ><input type=\"hidden\" name=\"wpforms[id]\" value=\"15519\"><input type=\"hidden\" name=\"wpforms[author]\" value=\"2\"><button type=\"submit\" name=\"wpforms[submit]\" id=\"wpforms-submit-15519\" class=\"wpforms-submit\" data-alt-text=\"Enviando...\" data-submit-text=\"Enviar formulario\" aria-live=\"assertive\" value=\"wpforms-submit\">Enviar formulario<\/button><img src=\"https:\/\/www.felicicat.cat\/wp-content\/plugins\/wpforms-lite\/assets\/images\/submit-spin.svg\" class=\"wpforms-submit-spinner\" style=\"display: none;\" width=\"26\" height=\"26\" alt=\"Cargando\"><\/div><\/form><\/div>  <!-- .wpforms-container -->\n<p data-path-to-node=\"3\">Tambi\u00e9n puedes seguirnos en nuestras redes sociales para estar al d\u00eda de nuestra actividad<span style=\"color: #000000;\">; <a style=\"color: #000000;\" href=\"https:\/\/www.linkedin.com\/company\/felicicat-institut-catal%C3%A0-de-la-felicitat\/?viewAsMember=true\" target=\"_blank\" rel=\"noopener\">LinkedIn<\/a> &amp; <a style=\"color: #000000;\" href=\"https:\/\/www.instagram.com\/felicicat_oficial\/#\" target=\"_blank\" rel=\"noopener\">Instagram<\/a>.<\/span><\/p>\n","protected":false},"excerpt":{"rendered":"<p>En el marco del Grado en Digital Talent Management, los alumnos de 5\u00ba curso de ESIC Business &amp; Marketing School participaron recientemente en una sesi\u00f3n te\u00f3rico-pr\u00e1ctica sobre la gesti\u00f3n de la felicidad en el entorno laboral. La jornada cont\u00f3 con la intervenci\u00f3n de Eduard Alcaraz, Director y Fundador de FeliciCat (Institut Catal\u00e0 de la Felicitat),&hellip;<\/p>\n","protected":false},"author":2,"featured_media":15612,"comment_status":"open","ping_status":"closed","sticky":false,"template":"","format":"standard","meta":{"_uag_custom_page_level_css":"","footnotes":""},"categories":[342],"tags":[],"post_series":[],"yoast_head":"<!-- This site is optimized with the Yoast SEO plugin v22.5 - https:\/\/yoast.com\/wordpress\/plugins\/seo\/ -->\n<title>FeliciCat y ESIC: Una sesi\u00f3n sobre bienestar integral para el alumnado de Digital Talent Management - Felicicat<\/title>\n<meta name=\"description\" content=\"En el marco del Grado en Digital Talent Management, los alumnos de 5\u00ba curso de ESIC Business &amp; Marketing School participaron recientemente en una sesi\u00f3n te\u00f3rico-pr\u00e1ctica sobre la gesti\u00f3n de la felicidad en el entorno laboral. La jornada cont\u00f3 con la intervenci\u00f3n de Eduard Alcaraz, Director y Fundador de FeliciCat (Institut Catal\u00e0 de la Felicitat), quien comparti\u00f3 su visi\u00f3n sobre los retos actuales de los recursos humanos.\" \/>\n<meta name=\"robots\" content=\"index, follow, max-snippet:-1, max-image-preview:large, max-video-preview:-1\" \/>\n<link rel=\"canonical\" href=\"https:\/\/www.felicicat.cat\/es\/la-innovacion-no-es-solo-cosa-de-jefes-el-reto-de-la-participacion-transversal-en-la-empresa-2\/\" \/>\n<meta property=\"og:locale\" content=\"es_ES\" \/>\n<meta property=\"og:type\" content=\"article\" \/>\n<meta property=\"og:title\" content=\"FeliciCat y ESIC: Una sesi\u00f3n sobre bienestar integral para el alumnado de Digital Talent Management - Felicicat\" \/>\n<meta property=\"og:description\" content=\"En el marco del Grado en Digital Talent Management, los alumnos de 5\u00ba curso de ESIC Business &amp; Marketing School participaron recientemente en una sesi\u00f3n te\u00f3rico-pr\u00e1ctica sobre la gesti\u00f3n de la felicidad en el entorno laboral. La jornada cont\u00f3 con la intervenci\u00f3n de Eduard Alcaraz, Director y Fundador de FeliciCat (Institut Catal\u00e0 de la Felicitat), quien comparti\u00f3 su visi\u00f3n sobre los retos actuales de los recursos humanos.\" \/>\n<meta property=\"og:url\" content=\"https:\/\/www.felicicat.cat\/es\/la-innovacion-no-es-solo-cosa-de-jefes-el-reto-de-la-participacion-transversal-en-la-empresa-2\/\" \/>\n<meta property=\"og:site_name\" content=\"Felicicat\" \/>\n<meta property=\"article:published_time\" content=\"2026-01-19T12:21:30+00:00\" \/>\n<meta property=\"article:modified_time\" content=\"2026-01-19T12:38:57+00:00\" \/>\n<meta property=\"og:image\" content=\"https:\/\/www.felicicat.cat\/wp-content\/uploads\/2026\/01\/ESIC-FeliciCat-Xerrada-scaled.jpg\" \/>\n\t<meta property=\"og:image:width\" content=\"2560\" \/>\n\t<meta property=\"og:image:height\" content=\"1920\" \/>\n\t<meta property=\"og:image:type\" content=\"image\/jpeg\" \/>\n<meta name=\"author\" content=\"edu\" \/>\n<meta name=\"twitter:card\" content=\"summary_large_image\" \/>\n<meta name=\"twitter:label1\" content=\"Escrito por\" \/>\n\t<meta name=\"twitter:data1\" content=\"edu\" \/>\n\t<meta name=\"twitter:label2\" content=\"Tiempo de lectura\" \/>\n\t<meta name=\"twitter:data2\" content=\"5 minutos\" \/>\n<script type=\"application\/ld+json\" class=\"yoast-schema-graph\">{\"@context\":\"https:\/\/schema.org\",\"@graph\":[{\"@type\":\"Article\",\"@id\":\"https:\/\/www.felicicat.cat\/es\/la-innovacion-no-es-solo-cosa-de-jefes-el-reto-de-la-participacion-transversal-en-la-empresa-2\/#article\",\"isPartOf\":{\"@id\":\"https:\/\/www.felicicat.cat\/es\/la-innovacion-no-es-solo-cosa-de-jefes-el-reto-de-la-participacion-transversal-en-la-empresa-2\/\"},\"author\":{\"name\":\"edu\",\"@id\":\"https:\/\/www.felicicat.cat\/#\/schema\/person\/53cc36ea322123eb24f43676c759311d\"},\"headline\":\"FeliciCat y ESIC: Una sesi\u00f3n sobre bienestar integral para el alumnado de Digital Talent Management\",\"datePublished\":\"2026-01-19T12:21:30+00:00\",\"dateModified\":\"2026-01-19T12:38:57+00:00\",\"mainEntityOfPage\":{\"@id\":\"https:\/\/www.felicicat.cat\/es\/la-innovacion-no-es-solo-cosa-de-jefes-el-reto-de-la-participacion-transversal-en-la-empresa-2\/\"},\"wordCount\":780,\"commentCount\":0,\"publisher\":{\"@id\":\"https:\/\/www.felicicat.cat\/#organization\"},\"image\":{\"@id\":\"https:\/\/www.felicicat.cat\/es\/la-innovacion-no-es-solo-cosa-de-jefes-el-reto-de-la-participacion-transversal-en-la-empresa-2\/#primaryimage\"},\"thumbnailUrl\":\"https:\/\/www.felicicat.cat\/wp-content\/uploads\/2026\/01\/ESIC-FeliciCat-Xerrada-scaled.jpg\",\"articleSection\":[\"Actualidad y tendencias\"],\"inLanguage\":\"es\",\"potentialAction\":[{\"@type\":\"CommentAction\",\"name\":\"Comment\",\"target\":[\"https:\/\/www.felicicat.cat\/es\/la-innovacion-no-es-solo-cosa-de-jefes-el-reto-de-la-participacion-transversal-en-la-empresa-2\/#respond\"]}]},{\"@type\":\"WebPage\",\"@id\":\"https:\/\/www.felicicat.cat\/es\/la-innovacion-no-es-solo-cosa-de-jefes-el-reto-de-la-participacion-transversal-en-la-empresa-2\/\",\"url\":\"https:\/\/www.felicicat.cat\/es\/la-innovacion-no-es-solo-cosa-de-jefes-el-reto-de-la-participacion-transversal-en-la-empresa-2\/\",\"name\":\"FeliciCat y ESIC: Una sesi\u00f3n sobre bienestar integral para el alumnado de Digital Talent Management - Felicicat\",\"isPartOf\":{\"@id\":\"https:\/\/www.felicicat.cat\/#website\"},\"primaryImageOfPage\":{\"@id\":\"https:\/\/www.felicicat.cat\/es\/la-innovacion-no-es-solo-cosa-de-jefes-el-reto-de-la-participacion-transversal-en-la-empresa-2\/#primaryimage\"},\"image\":{\"@id\":\"https:\/\/www.felicicat.cat\/es\/la-innovacion-no-es-solo-cosa-de-jefes-el-reto-de-la-participacion-transversal-en-la-empresa-2\/#primaryimage\"},\"thumbnailUrl\":\"https:\/\/www.felicicat.cat\/wp-content\/uploads\/2026\/01\/ESIC-FeliciCat-Xerrada-scaled.jpg\",\"datePublished\":\"2026-01-19T12:21:30+00:00\",\"dateModified\":\"2026-01-19T12:38:57+00:00\",\"description\":\"En el marco del Grado en Digital Talent Management, los alumnos de 5\u00ba curso de ESIC Business & Marketing School participaron recientemente en una sesi\u00f3n te\u00f3rico-pr\u00e1ctica sobre la gesti\u00f3n de la felicidad en el entorno laboral. La jornada cont\u00f3 con la intervenci\u00f3n de Eduard Alcaraz, Director y Fundador de FeliciCat (Institut Catal\u00e0 de la Felicitat), quien comparti\u00f3 su visi\u00f3n sobre los retos actuales de los recursos humanos.\",\"breadcrumb\":{\"@id\":\"https:\/\/www.felicicat.cat\/es\/la-innovacion-no-es-solo-cosa-de-jefes-el-reto-de-la-participacion-transversal-en-la-empresa-2\/#breadcrumb\"},\"inLanguage\":\"es\",\"potentialAction\":[{\"@type\":\"ReadAction\",\"target\":[\"https:\/\/www.felicicat.cat\/es\/la-innovacion-no-es-solo-cosa-de-jefes-el-reto-de-la-participacion-transversal-en-la-empresa-2\/\"]}]},{\"@type\":\"ImageObject\",\"inLanguage\":\"es\",\"@id\":\"https:\/\/www.felicicat.cat\/es\/la-innovacion-no-es-solo-cosa-de-jefes-el-reto-de-la-participacion-transversal-en-la-empresa-2\/#primaryimage\",\"url\":\"https:\/\/www.felicicat.cat\/wp-content\/uploads\/2026\/01\/ESIC-FeliciCat-Xerrada-scaled.jpg\",\"contentUrl\":\"https:\/\/www.felicicat.cat\/wp-content\/uploads\/2026\/01\/ESIC-FeliciCat-Xerrada-scaled.jpg\",\"width\":2560,\"height\":1920,\"caption\":\"Fotografia de grup - Alumnat ESIC i Eduard Alcaraz (FeliciCat)\"},{\"@type\":\"BreadcrumbList\",\"@id\":\"https:\/\/www.felicicat.cat\/es\/la-innovacion-no-es-solo-cosa-de-jefes-el-reto-de-la-participacion-transversal-en-la-empresa-2\/#breadcrumb\",\"itemListElement\":[{\"@type\":\"ListItem\",\"position\":1,\"name\":\"Home\",\"item\":\"https:\/\/www.felicicat.cat\/es\/\"},{\"@type\":\"ListItem\",\"position\":2,\"name\":\"FeliciCat y ESIC: Una sesi\u00f3n sobre bienestar integral&hellip;\"}]},{\"@type\":\"WebSite\",\"@id\":\"https:\/\/www.felicicat.cat\/#website\",\"url\":\"https:\/\/www.felicicat.cat\/\",\"name\":\"Felicicat\",\"description\":\"Institut Catal\u00e0 de la felicitat\",\"publisher\":{\"@id\":\"https:\/\/www.felicicat.cat\/#organization\"},\"potentialAction\":[{\"@type\":\"SearchAction\",\"target\":{\"@type\":\"EntryPoint\",\"urlTemplate\":\"https:\/\/www.felicicat.cat\/?s={search_term_string}\"},\"query-input\":\"required name=search_term_string\"}],\"inLanguage\":\"es\"},{\"@type\":\"Organization\",\"@id\":\"https:\/\/www.felicicat.cat\/#organization\",\"name\":\"Felicicat\",\"url\":\"https:\/\/www.felicicat.cat\/\",\"logo\":{\"@type\":\"ImageObject\",\"inLanguage\":\"es\",\"@id\":\"https:\/\/www.felicicat.cat\/#\/schema\/logo\/image\/\",\"url\":\"https:\/\/www.felicicat.cat\/wp-content\/uploads\/2023\/11\/4_proveslogotipsfelicicatFINAL_Mesadetrabajo1.png\",\"contentUrl\":\"https:\/\/www.felicicat.cat\/wp-content\/uploads\/2023\/11\/4_proveslogotipsfelicicatFINAL_Mesadetrabajo1.png\",\"width\":1500,\"height\":195,\"caption\":\"Felicicat\"},\"image\":{\"@id\":\"https:\/\/www.felicicat.cat\/#\/schema\/logo\/image\/\"}},{\"@type\":\"Person\",\"@id\":\"https:\/\/www.felicicat.cat\/#\/schema\/person\/53cc36ea322123eb24f43676c759311d\",\"name\":\"edu\",\"image\":{\"@type\":\"ImageObject\",\"inLanguage\":\"es\",\"@id\":\"https:\/\/www.felicicat.cat\/#\/schema\/person\/image\/\",\"url\":\"https:\/\/secure.gravatar.com\/avatar\/6fd3494648cb9e038992d31be80d2047?s=96&d=mm&r=g\",\"contentUrl\":\"https:\/\/secure.gravatar.com\/avatar\/6fd3494648cb9e038992d31be80d2047?s=96&d=mm&r=g\",\"caption\":\"edu\"},\"url\":\"https:\/\/www.felicicat.cat\/es\/author\/edu\/\"}]}<\/script>\n<!-- \/ Yoast SEO plugin. -->","yoast_head_json":{"title":"FeliciCat y ESIC: Una sesi\u00f3n sobre bienestar integral para el alumnado de Digital Talent Management - Felicicat","description":"En el marco del Grado en Digital Talent Management, los alumnos de 5\u00ba curso de ESIC Business & Marketing School participaron recientemente en una sesi\u00f3n te\u00f3rico-pr\u00e1ctica sobre la gesti\u00f3n de la felicidad en el entorno laboral. La jornada cont\u00f3 con la intervenci\u00f3n de Eduard Alcaraz, Director y Fundador de FeliciCat (Institut Catal\u00e0 de la Felicitat), quien comparti\u00f3 su visi\u00f3n sobre los retos actuales de los recursos humanos.","robots":{"index":"index","follow":"follow","max-snippet":"max-snippet:-1","max-image-preview":"max-image-preview:large","max-video-preview":"max-video-preview:-1"},"canonical":"https:\/\/www.felicicat.cat\/es\/la-innovacion-no-es-solo-cosa-de-jefes-el-reto-de-la-participacion-transversal-en-la-empresa-2\/","og_locale":"es_ES","og_type":"article","og_title":"FeliciCat y ESIC: Una sesi\u00f3n sobre bienestar integral para el alumnado de Digital Talent Management - Felicicat","og_description":"En el marco del Grado en Digital Talent Management, los alumnos de 5\u00ba curso de ESIC Business & Marketing School participaron recientemente en una sesi\u00f3n te\u00f3rico-pr\u00e1ctica sobre la gesti\u00f3n de la felicidad en el entorno laboral. La jornada cont\u00f3 con la intervenci\u00f3n de Eduard Alcaraz, Director y Fundador de FeliciCat (Institut Catal\u00e0 de la Felicitat), quien comparti\u00f3 su visi\u00f3n sobre los retos actuales de los recursos humanos.","og_url":"https:\/\/www.felicicat.cat\/es\/la-innovacion-no-es-solo-cosa-de-jefes-el-reto-de-la-participacion-transversal-en-la-empresa-2\/","og_site_name":"Felicicat","article_published_time":"2026-01-19T12:21:30+00:00","article_modified_time":"2026-01-19T12:38:57+00:00","og_image":[{"width":2560,"height":1920,"url":"https:\/\/www.felicicat.cat\/wp-content\/uploads\/2026\/01\/ESIC-FeliciCat-Xerrada-scaled.jpg","type":"image\/jpeg"}],"author":"edu","twitter_card":"summary_large_image","twitter_misc":{"Escrito por":"edu","Tiempo de lectura":"5 minutos"},"schema":{"@context":"https:\/\/schema.org","@graph":[{"@type":"Article","@id":"https:\/\/www.felicicat.cat\/es\/la-innovacion-no-es-solo-cosa-de-jefes-el-reto-de-la-participacion-transversal-en-la-empresa-2\/#article","isPartOf":{"@id":"https:\/\/www.felicicat.cat\/es\/la-innovacion-no-es-solo-cosa-de-jefes-el-reto-de-la-participacion-transversal-en-la-empresa-2\/"},"author":{"name":"edu","@id":"https:\/\/www.felicicat.cat\/#\/schema\/person\/53cc36ea322123eb24f43676c759311d"},"headline":"FeliciCat y ESIC: Una sesi\u00f3n sobre bienestar integral para el alumnado de Digital Talent Management","datePublished":"2026-01-19T12:21:30+00:00","dateModified":"2026-01-19T12:38:57+00:00","mainEntityOfPage":{"@id":"https:\/\/www.felicicat.cat\/es\/la-innovacion-no-es-solo-cosa-de-jefes-el-reto-de-la-participacion-transversal-en-la-empresa-2\/"},"wordCount":780,"commentCount":0,"publisher":{"@id":"https:\/\/www.felicicat.cat\/#organization"},"image":{"@id":"https:\/\/www.felicicat.cat\/es\/la-innovacion-no-es-solo-cosa-de-jefes-el-reto-de-la-participacion-transversal-en-la-empresa-2\/#primaryimage"},"thumbnailUrl":"https:\/\/www.felicicat.cat\/wp-content\/uploads\/2026\/01\/ESIC-FeliciCat-Xerrada-scaled.jpg","articleSection":["Actualidad y tendencias"],"inLanguage":"es","potentialAction":[{"@type":"CommentAction","name":"Comment","target":["https:\/\/www.felicicat.cat\/es\/la-innovacion-no-es-solo-cosa-de-jefes-el-reto-de-la-participacion-transversal-en-la-empresa-2\/#respond"]}]},{"@type":"WebPage","@id":"https:\/\/www.felicicat.cat\/es\/la-innovacion-no-es-solo-cosa-de-jefes-el-reto-de-la-participacion-transversal-en-la-empresa-2\/","url":"https:\/\/www.felicicat.cat\/es\/la-innovacion-no-es-solo-cosa-de-jefes-el-reto-de-la-participacion-transversal-en-la-empresa-2\/","name":"FeliciCat y ESIC: Una sesi\u00f3n sobre bienestar integral para el alumnado de Digital Talent Management - Felicicat","isPartOf":{"@id":"https:\/\/www.felicicat.cat\/#website"},"primaryImageOfPage":{"@id":"https:\/\/www.felicicat.cat\/es\/la-innovacion-no-es-solo-cosa-de-jefes-el-reto-de-la-participacion-transversal-en-la-empresa-2\/#primaryimage"},"image":{"@id":"https:\/\/www.felicicat.cat\/es\/la-innovacion-no-es-solo-cosa-de-jefes-el-reto-de-la-participacion-transversal-en-la-empresa-2\/#primaryimage"},"thumbnailUrl":"https:\/\/www.felicicat.cat\/wp-content\/uploads\/2026\/01\/ESIC-FeliciCat-Xerrada-scaled.jpg","datePublished":"2026-01-19T12:21:30+00:00","dateModified":"2026-01-19T12:38:57+00:00","description":"En el marco del Grado en Digital Talent Management, los alumnos de 5\u00ba curso de ESIC Business & Marketing School participaron recientemente en una sesi\u00f3n te\u00f3rico-pr\u00e1ctica sobre la gesti\u00f3n de la felicidad en el entorno laboral. La jornada cont\u00f3 con la intervenci\u00f3n de Eduard Alcaraz, Director y Fundador de FeliciCat (Institut Catal\u00e0 de la Felicitat), quien comparti\u00f3 su visi\u00f3n sobre los retos actuales de los recursos humanos.","breadcrumb":{"@id":"https:\/\/www.felicicat.cat\/es\/la-innovacion-no-es-solo-cosa-de-jefes-el-reto-de-la-participacion-transversal-en-la-empresa-2\/#breadcrumb"},"inLanguage":"es","potentialAction":[{"@type":"ReadAction","target":["https:\/\/www.felicicat.cat\/es\/la-innovacion-no-es-solo-cosa-de-jefes-el-reto-de-la-participacion-transversal-en-la-empresa-2\/"]}]},{"@type":"ImageObject","inLanguage":"es","@id":"https:\/\/www.felicicat.cat\/es\/la-innovacion-no-es-solo-cosa-de-jefes-el-reto-de-la-participacion-transversal-en-la-empresa-2\/#primaryimage","url":"https:\/\/www.felicicat.cat\/wp-content\/uploads\/2026\/01\/ESIC-FeliciCat-Xerrada-scaled.jpg","contentUrl":"https:\/\/www.felicicat.cat\/wp-content\/uploads\/2026\/01\/ESIC-FeliciCat-Xerrada-scaled.jpg","width":2560,"height":1920,"caption":"Fotografia de grup - Alumnat ESIC i Eduard Alcaraz (FeliciCat)"},{"@type":"BreadcrumbList","@id":"https:\/\/www.felicicat.cat\/es\/la-innovacion-no-es-solo-cosa-de-jefes-el-reto-de-la-participacion-transversal-en-la-empresa-2\/#breadcrumb","itemListElement":[{"@type":"ListItem","position":1,"name":"Home","item":"https:\/\/www.felicicat.cat\/es\/"},{"@type":"ListItem","position":2,"name":"FeliciCat y ESIC: Una sesi\u00f3n sobre bienestar integral&hellip;"}]},{"@type":"WebSite","@id":"https:\/\/www.felicicat.cat\/#website","url":"https:\/\/www.felicicat.cat\/","name":"Felicicat","description":"Institut Catal\u00e0 de la felicitat","publisher":{"@id":"https:\/\/www.felicicat.cat\/#organization"},"potentialAction":[{"@type":"SearchAction","target":{"@type":"EntryPoint","urlTemplate":"https:\/\/www.felicicat.cat\/?s={search_term_string}"},"query-input":"required name=search_term_string"}],"inLanguage":"es"},{"@type":"Organization","@id":"https:\/\/www.felicicat.cat\/#organization","name":"Felicicat","url":"https:\/\/www.felicicat.cat\/","logo":{"@type":"ImageObject","inLanguage":"es","@id":"https:\/\/www.felicicat.cat\/#\/schema\/logo\/image\/","url":"https:\/\/www.felicicat.cat\/wp-content\/uploads\/2023\/11\/4_proveslogotipsfelicicatFINAL_Mesadetrabajo1.png","contentUrl":"https:\/\/www.felicicat.cat\/wp-content\/uploads\/2023\/11\/4_proveslogotipsfelicicatFINAL_Mesadetrabajo1.png","width":1500,"height":195,"caption":"Felicicat"},"image":{"@id":"https:\/\/www.felicicat.cat\/#\/schema\/logo\/image\/"}},{"@type":"Person","@id":"https:\/\/www.felicicat.cat\/#\/schema\/person\/53cc36ea322123eb24f43676c759311d","name":"edu","image":{"@type":"ImageObject","inLanguage":"es","@id":"https:\/\/www.felicicat.cat\/#\/schema\/person\/image\/","url":"https:\/\/secure.gravatar.com\/avatar\/6fd3494648cb9e038992d31be80d2047?s=96&d=mm&r=g","contentUrl":"https:\/\/secure.gravatar.com\/avatar\/6fd3494648cb9e038992d31be80d2047?s=96&d=mm&r=g","caption":"edu"},"url":"https:\/\/www.felicicat.cat\/es\/author\/edu\/"}]}},"uagb_featured_image_src":{"full":["https:\/\/www.felicicat.cat\/wp-content\/uploads\/2026\/01\/ESIC-FeliciCat-Xerrada-scaled.jpg",2560,1920,false],"thumbnail":["https:\/\/www.felicicat.cat\/wp-content\/uploads\/2026\/01\/ESIC-FeliciCat-Xerrada-150x150.jpg",150,150,true],"medium":["https:\/\/www.felicicat.cat\/wp-content\/uploads\/2026\/01\/ESIC-FeliciCat-Xerrada-300x225.jpg",300,225,true],"medium_large":["https:\/\/www.felicicat.cat\/wp-content\/uploads\/2026\/01\/ESIC-FeliciCat-Xerrada-768x576.jpg",768,576,true],"large":["https:\/\/www.felicicat.cat\/wp-content\/uploads\/2026\/01\/ESIC-FeliciCat-Xerrada-1024x768.jpg",980,735,true],"1536x1536":["https:\/\/www.felicicat.cat\/wp-content\/uploads\/2026\/01\/ESIC-FeliciCat-Xerrada-1536x1152.jpg",1536,1152,true],"2048x2048":["https:\/\/www.felicicat.cat\/wp-content\/uploads\/2026\/01\/ESIC-FeliciCat-Xerrada-2048x1536.jpg",2048,1536,true],"woocommerce_thumbnail":["https:\/\/www.felicicat.cat\/wp-content\/uploads\/2026\/01\/ESIC-FeliciCat-Xerrada-scaled-center-top-60x60.jpg",60,60,true],"woocommerce_single":["https:\/\/www.felicicat.cat\/wp-content\/uploads\/2026\/01\/ESIC-FeliciCat-Xerrada-scaled-700x525.jpg",700,525,true],"woocommerce_gallery_thumbnail":["https:\/\/www.felicicat.cat\/wp-content\/uploads\/2026\/01\/ESIC-FeliciCat-Xerrada-100x100.jpg",100,100,true],"lightbox":["https:\/\/www.felicicat.cat\/wp-content\/uploads\/2026\/01\/ESIC-FeliciCat-Xerrada-scaled.jpg",1500,1125,false],"search_results":["https:\/\/www.felicicat.cat\/wp-content\/uploads\/2026\/01\/ESIC-FeliciCat-Xerrada-scaled-125x125.jpg",125,125,true],"blog_entry":["https:\/\/www.felicicat.cat\/wp-content\/uploads\/2026\/01\/ESIC-FeliciCat-Xerrada-scaled-680x380.jpg",680,380,true],"blog_post":["https:\/\/www.felicicat.cat\/wp-content\/uploads\/2026\/01\/ESIC-FeliciCat-Xerrada-scaled.jpg",507,380,false],"blog_post_full":["https:\/\/www.felicicat.cat\/wp-content\/uploads\/2026\/01\/ESIC-FeliciCat-Xerrada-scaled-980x735.jpg",980,735,true],"blog_related":["https:\/\/www.felicicat.cat\/wp-content\/uploads\/2026\/01\/ESIC-FeliciCat-Xerrada-scaled.jpg",507,380,false],"portfolio_entry":["https:\/\/www.felicicat.cat\/wp-content\/uploads\/2026\/01\/ESIC-FeliciCat-Xerrada-scaled.jpg",467,350,false],"portfolio_post":["https:\/\/www.felicicat.cat\/wp-content\/uploads\/2026\/01\/ESIC-FeliciCat-Xerrada-scaled.jpg",2560,1920,false],"portfolio_related":["https:\/\/www.felicicat.cat\/wp-content\/uploads\/2026\/01\/ESIC-FeliciCat-Xerrada-scaled.jpg",467,350,false],"staff_entry":["https:\/\/www.felicicat.cat\/wp-content\/uploads\/2026\/01\/ESIC-FeliciCat-Xerrada-scaled.jpg",500,375,false],"staff_post":["https:\/\/www.felicicat.cat\/wp-content\/uploads\/2026\/01\/ESIC-FeliciCat-Xerrada-scaled.jpg",2560,1920,false],"staff_related":["https:\/\/www.felicicat.cat\/wp-content\/uploads\/2026\/01\/ESIC-FeliciCat-Xerrada-scaled.jpg",500,375,false],"testimonials_entry":["https:\/\/www.felicicat.cat\/wp-content\/uploads\/2026\/01\/ESIC-FeliciCat-Xerrada-scaled.jpg",45,34,false],"shop_catalog":["https:\/\/www.felicicat.cat\/wp-content\/uploads\/2026\/01\/ESIC-FeliciCat-Xerrada-scaled-350x263.jpg",350,263,true],"shop_single":["https:\/\/www.felicicat.cat\/wp-content\/uploads\/2026\/01\/ESIC-FeliciCat-Xerrada-scaled-700x525.jpg",700,525,true],"shop_single_thumbnail":["https:\/\/www.felicicat.cat\/wp-content\/uploads\/2026\/01\/ESIC-FeliciCat-Xerrada-scaled-140x140.jpg",140,140,true],"shop_category":["https:\/\/www.felicicat.cat\/wp-content\/uploads\/2026\/01\/ESIC-FeliciCat-Xerrada-scaled.jpg",2560,1920,false],"shop_thumbnail_cart":["https:\/\/www.felicicat.cat\/wp-content\/uploads\/2026\/01\/ESIC-FeliciCat-Xerrada-scaled-center-top-60x60.jpg",60,60,true],"gallery":["https:\/\/www.felicicat.cat\/wp-content\/uploads\/2026\/01\/ESIC-FeliciCat-Xerrada-scaled.jpg",500,375,false]},"uagb_author_info":{"display_name":"edu","author_link":"https:\/\/www.felicicat.cat\/es\/author\/edu\/"},"uagb_comment_info":0,"uagb_excerpt":"En el marco del Grado en Digital Talent Management, los alumnos de 5\u00ba curso de ESIC Business &amp; Marketing School participaron recientemente en una sesi\u00f3n te\u00f3rico-pr\u00e1ctica sobre la gesti\u00f3n de la felicidad en el entorno laboral. La jornada cont\u00f3 con la intervenci\u00f3n de Eduard Alcaraz, Director y Fundador de FeliciCat (Institut Catal\u00e0 de la Felicitat),&hellip;","_links":{"self":[{"href":"https:\/\/www.felicicat.cat\/es\/wp-json\/wp\/v2\/posts\/15610"}],"collection":[{"href":"https:\/\/www.felicicat.cat\/es\/wp-json\/wp\/v2\/posts"}],"about":[{"href":"https:\/\/www.felicicat.cat\/es\/wp-json\/wp\/v2\/types\/post"}],"author":[{"embeddable":true,"href":"https:\/\/www.felicicat.cat\/es\/wp-json\/wp\/v2\/users\/2"}],"replies":[{"embeddable":true,"href":"https:\/\/www.felicicat.cat\/es\/wp-json\/wp\/v2\/comments?post=15610"}],"version-history":[{"count":3,"href":"https:\/\/www.felicicat.cat\/es\/wp-json\/wp\/v2\/posts\/15610\/revisions"}],"predecessor-version":[{"id":15617,"href":"https:\/\/www.felicicat.cat\/es\/wp-json\/wp\/v2\/posts\/15610\/revisions\/15617"}],"wp:featuredmedia":[{"embeddable":true,"href":"https:\/\/www.felicicat.cat\/es\/wp-json\/wp\/v2\/media\/15612"}],"wp:attachment":[{"href":"https:\/\/www.felicicat.cat\/es\/wp-json\/wp\/v2\/media?parent=15610"}],"wp:term":[{"taxonomy":"category","embeddable":true,"href":"https:\/\/www.felicicat.cat\/es\/wp-json\/wp\/v2\/categories?post=15610"},{"taxonomy":"post_tag","embeddable":true,"href":"https:\/\/www.felicicat.cat\/es\/wp-json\/wp\/v2\/tags?post=15610"},{"taxonomy":"post_series","embeddable":true,"href":"https:\/\/www.felicicat.cat\/es\/wp-json\/wp\/v2\/post_series?post=15610"}],"curies":[{"name":"wp","href":"https:\/\/api.w.org\/{rel}","templated":true}]}}