{"id":15566,"date":"2026-01-09T12:25:58","date_gmt":"2026-01-09T12:25:58","guid":{"rendered":"https:\/\/www.felicicat.cat\/?p=15566"},"modified":"2026-01-09T12:36:30","modified_gmt":"2026-01-09T12:36:30","slug":"monday-oficines-pensades-a-catalunya-per-convertir-el-dilluns-en-oportunitats","status":"publish","type":"post","link":"https:\/\/www.felicicat.cat\/es\/monday-oficines-pensades-a-catalunya-per-convertir-el-dilluns-en-oportunitats\/","title":{"rendered":"Monday, oficinas pensadas en Catalunya para convertir el lunes en oportunidades"},"content":{"rendered":"<p data-start=\"56\" data-end=\"234\"><strong>La empresa da servicio a unos 5.000 usuarios en sus 13 oficinas flexibles de toda la pen\u00ednsula Ib\u00e9rica<\/strong><\/p>\n<p>Art\u00edculo escrito por Bernat Bella extra\u00eddo de <a href=\"https:\/\/www.viaempresa.cat\/\" target=\"_blank\" rel=\"noopener\"><span class=\"sqsrte-text-color--black\"><strong>Viaempresa.cat. <\/strong><\/span><\/a><em data-start=\"236\" data-end=\"327\">Barcelona. 5 de enero de 2026<\/em><\/p>\n<p>Lo que empez\u00f3 en 2018 como un proyecto de emprendimiento \u00abde libro\u00bb basado en un plan de negocio y la b\u00fasqueda de financiaci\u00f3n, se ha convertido hoy en una de las principales redes de oficinas flexibles de la Pen\u00ednsula Ib\u00e9rica.\u00a0<span style=\"color: #000000;\"><a style=\"color: #000000;\" href=\"https:\/\/mymonday.es\/\" target=\"_blank\" rel=\"noopener\"><strong>Monday<\/strong><\/a>,<\/span> cofundada en Barcelona por\u00a0<strong>Xavier Bassons<\/strong>, gestiona cerca de 40.000 metros cuadrados, da servicio a unos 5.000 usuarios y prepara nuevas aperturas que la llevar\u00e1n hasta los 20 centros a finales de 2026. Un crecimiento acelerado basado en la expansi\u00f3n territorial y con el foco en el cliente y las personas.<\/p>\n<h3>Una idea con barreras de entrada altas<\/h3>\n<p>A diferencia de otros proyectos de emprendimiento, Monday nace con una dificultad evidente: el capital. \u201cLa primera piedra ya es un espacio de 2.000 metros cuadrados. Y el primer a\u00f1o ya abrimos dos espacios en\u00a0<strong>Barcelona<\/strong>\u201d, explica Bassons, actual CEO. El\u00a0<em>coworking\u00a0<\/em>no permite prototipos peque\u00f1os ni pruebas a escala reducida. Hay que apostar fuerte desde el primer d\u00eda. Aun as\u00ed, la idea surgi\u00f3 de manera org\u00e1nica: \u00abNo cogimos un negocio que ya funcionaba, aunque despu\u00e9s vimos que hab\u00eda marcas similares en otros lugares del mundo\u00bb.<\/p>\n<blockquote><p>Bassons: \u00abEs un negocio de personas para personas\u00bb.<\/p><\/blockquote>\n<p>Bassons ven\u00eda del marketing y, posteriormente, del real estate y el retail. De estos sectores extrae dos pilares que acabar\u00e1n definiendo Monday: la atenci\u00f3n al cliente y la importancia del espacio. Est\u00e1 convencido de que \u201ces un negocio de personas para personas\u201d, resume. En un modelo donde los usuarios van cada d\u00eda a trabajar y necesitan llenar para asegurar la rentabilidad, \u00abel margen de error es m\u00ednimo\u00bb. Por eso, tienen claro que el \u00abcliente debe estar bien atendido\u00bb. \u00abVengo de un sector donde la repetici\u00f3n del usuario es fundamental\u00bb, insiste.<\/p>\n<h3>Rompiendo fronteras de Barcelona<\/h3>\n<p>En 2018 abren los dos primeros centros Monday en Barcelona. A partir de aqu\u00ed, el crecimiento es progresivo pero constante: de uno a cuatro nuevos espacios cada a\u00f1o, en funci\u00f3n de las oportunidades y de las ciudades. Barcelona acoge hasta seis centros. En 2021 aterrizan en Madrid, en 2022 en M\u00e1laga, en 2023 en Andorra, en 2024 en\u00a0<strong>Lisboa<\/strong>\u00a0y en 2025 en\u00a0<strong>Zaragoza<\/strong>. Una estrategia de \u00abconsolidaci\u00f3n\u00bb territorial y, tambi\u00e9n, de creaci\u00f3n de red: \u00abCualquier usuario de un Monday puede ir a otro Monday\u00bb.<\/p>\n<figure id=\"attachment_15573\" aria-describedby=\"caption-attachment-15573\" style=\"width: 980px\" class=\"wp-caption aligncenter\"><img loading=\"lazy\" decoding=\"async\" class=\"size-large wp-image-15573\" src=\"https:\/\/www.felicicat.cat\/wp-content\/uploads\/2026\/01\/monday-fleming-4_52_1216x684-1024x576.jpg\" alt=\"Uno de los espacios de Monday en Barcelona | Cedida\" width=\"980\" height=\"551\" srcset=\"https:\/\/www.felicicat.cat\/wp-content\/uploads\/2026\/01\/monday-fleming-4_52_1216x684-1024x576.jpg 1024w, https:\/\/www.felicicat.cat\/wp-content\/uploads\/2026\/01\/monday-fleming-4_52_1216x684-300x169.jpg 300w, https:\/\/www.felicicat.cat\/wp-content\/uploads\/2026\/01\/monday-fleming-4_52_1216x684-768x432.jpg 768w, https:\/\/www.felicicat.cat\/wp-content\/uploads\/2026\/01\/monday-fleming-4_52_1216x684-600x338.jpg 600w, https:\/\/www.felicicat.cat\/wp-content\/uploads\/2026\/01\/monday-fleming-4_52_1216x684.jpg 1216w\" sizes=\"(max-width: 980px) 100vw, 980px\" \/><figcaption id=\"caption-attachment-15573\" class=\"wp-caption-text\">Uno de los espacios de Monday en Barcelona | Cedida<\/figcaption><\/figure>\n<p>Bassons destaca que el mercado de los espacios de oficinas compartidos todav\u00eda est\u00e1 en maduraci\u00f3n y hay muchas oportunidades en ciudades medianas y grandes: \u00abEl territorio ib\u00e9rico es todav\u00eda muy grande, con mucha capital de provincia donde podemos abrir\u00bb. Una prueba de que el mercado demanda productos como Monday es el \u00e9xito casi inmediato de todas sus aperturas. Y un perfil de usuario muy diverso: desde profesionales independientes hasta grandes equipos de 150 personas que utilizan Monday como su oficina principal durante un per\u00edodo de tiempo. Un cambio relevante respecto al\u00a0<em>coworking\u00a0<\/em>m\u00e1s tradicional, a menudo asociado a estancias cortas y temporales.<\/p>\n<h3>La pandemia como acelerador<\/h3>\n<p>La covid-19 supone un punto de inflexi\u00f3n para el sector. El paso repentino del trabajo de oficina al\u00a0teletrabajo total sit\u00faa el modelo flexible en el centro del debate. Monday se convierte en una soluci\u00f3n intermedia entre casa y oficina corporativa: espacios bien conectados, cercanos al domicilio y con comunidad. \u201cCog\u00edamos lo mejor de los dos mundos\u201d, recuerda Bassons.<\/p>\n<p>Este contexto acelera el conocimiento del modelo y ayuda a las empresas a repensar c\u00f3mo y d\u00f3nde trabajan sus equipos. \u00abMonday contribuye, incluso, a facilitar el regreso a la oficina despu\u00e9s del teletrabajo masivo\u00bb, enfatiza el cofundador. Adem\u00e1s, se\u00f1ala que con la pandemia vieron c\u00f3mo su modelo de negocio se dio a conocer al momento, ya no ten\u00edan que explicarlo.<\/p>\n<figure id=\"attachment_15577\" aria-describedby=\"caption-attachment-15577\" style=\"width: 980px\" class=\"wp-caption aligncenter\"><img loading=\"lazy\" decoding=\"async\" class=\"wp-image-15577 size-large\" src=\"https:\/\/www.felicicat.cat\/wp-content\/uploads\/2026\/01\/monday-fleming-fachada_52_1216x684-1-1024x576.jpg\" alt=\"Monday de Fleming a Barcelona | Cedida\" width=\"980\" height=\"551\" srcset=\"https:\/\/www.felicicat.cat\/wp-content\/uploads\/2026\/01\/monday-fleming-fachada_52_1216x684-1-1024x576.jpg 1024w, https:\/\/www.felicicat.cat\/wp-content\/uploads\/2026\/01\/monday-fleming-fachada_52_1216x684-1-300x169.jpg 300w, https:\/\/www.felicicat.cat\/wp-content\/uploads\/2026\/01\/monday-fleming-fachada_52_1216x684-1-768x432.jpg 768w, https:\/\/www.felicicat.cat\/wp-content\/uploads\/2026\/01\/monday-fleming-fachada_52_1216x684-1-600x338.jpg 600w, https:\/\/www.felicicat.cat\/wp-content\/uploads\/2026\/01\/monday-fleming-fachada_52_1216x684-1.jpg 1216w\" sizes=\"(max-width: 980px) 100vw, 980px\" \/><figcaption id=\"caption-attachment-15577\" class=\"wp-caption-text\">Monday de Fleming a Barcelona | Cedida<\/figcaption><\/figure>\n<h3>M\u00e1s de 17 millones de euros<\/h3>\n<p>Los resultados econ\u00f3micos avalan el modelo. En 2024, Monday factur\u00f3 cerca de 14 millones de euros, y en 2025 prev\u00e9 superar los 17,5 millones, con un\u00a0<strong>ebitda\u00a0de 4 millones<\/strong>. \u00abNo se trata de un crecimiento exponencial, sino ligado a una realidad muy concreta: para facturar m\u00e1s, hay que abrir m\u00e1s espacios\u00bb, expone Bassons. La hoja de ruta pasa por llegar a los 20 centros y a los 60.000 metros cuadrados a finales de 2026, explorando nuevas ciudades de la pen\u00ednsula Ib\u00e9rica.<\/p>\n<p>Al final, Monday es tambi\u00e9n una declaraci\u00f3n de intenciones. \u201cEl lunes llegar\u00e1 siempre\u201d, dice Bassons, que concluye: \u00abLa diferencia es c\u00f3mo se afronta. Y, como m\u00ednimo, que el espacio donde se trabaja no sea parte del problema, sino de la soluci\u00f3n\u00bb.<\/p>\n<p>El producto es la experiencia del usuario y, por ello, el espacio cobra especial importancia y se cuida desde los detalles de mobiliario hasta servicios como gimnasios o restaurantes. \u00abCuidamos al usuario desde el servicio hasta el producto, que es el espacio\u00bb, resume Bassons.<\/p>\n","protected":false},"excerpt":{"rendered":"<p>La empresa da servicio a unos 5.000 usuarios en sus 13 oficinas flexibles de toda la pen\u00ednsula Ib\u00e9rica Art\u00edculo escrito por Bernat Bella extra\u00eddo de Viaempresa.cat. Barcelona. 5 de enero de 2026 Lo que empez\u00f3 en 2018 como un proyecto de emprendimiento \u00abde libro\u00bb basado en un plan de negocio y la b\u00fasqueda de financiaci\u00f3n,&hellip;<\/p>\n","protected":false},"author":2,"featured_media":15569,"comment_status":"open","ping_status":"closed","sticky":false,"template":"","format":"standard","meta":{"_uag_custom_page_level_css":"","footnotes":""},"categories":[343],"tags":[],"post_series":[],"yoast_head":"<!-- This site is optimized with the Yoast SEO plugin v22.5 - https:\/\/yoast.com\/wordpress\/plugins\/seo\/ -->\n<title>Monday, oficinas pensadas en Catalunya para convertir el lunes en oportunidades - Felicicat<\/title>\n<meta name=\"description\" content=\"Monday, cofundada en Barcelona por\u00a0Xavier Bassons, gestiona cerca de 40.000 metros cuadrados, da servicio a unos 5.000 usuarios y prepara nuevas aperturas que la llevar\u00e1n hasta los 20 centros a finales de 2026. Un crecimiento acelerado basado en la expansi\u00f3n territorial y con el foco en el cliente y las personas.\" \/>\n<meta name=\"robots\" content=\"index, follow, max-snippet:-1, max-image-preview:large, max-video-preview:-1\" \/>\n<link rel=\"canonical\" href=\"https:\/\/www.felicicat.cat\/es\/monday-oficines-pensades-a-catalunya-per-convertir-el-dilluns-en-oportunitats\/\" \/>\n<meta property=\"og:locale\" content=\"es_ES\" \/>\n<meta property=\"og:type\" content=\"article\" \/>\n<meta property=\"og:title\" content=\"Monday, oficinas pensadas en Catalunya para convertir el lunes en oportunidades - Felicicat\" \/>\n<meta property=\"og:description\" content=\"Monday, cofundada en Barcelona por\u00a0Xavier Bassons, gestiona cerca de 40.000 metros cuadrados, da servicio a unos 5.000 usuarios y prepara nuevas aperturas que la llevar\u00e1n hasta los 20 centros a finales de 2026. Un crecimiento acelerado basado en la expansi\u00f3n territorial y con el foco en el cliente y las personas.\" \/>\n<meta property=\"og:url\" content=\"https:\/\/www.felicicat.cat\/es\/monday-oficines-pensades-a-catalunya-per-convertir-el-dilluns-en-oportunitats\/\" \/>\n<meta property=\"og:site_name\" content=\"Felicicat\" \/>\n<meta property=\"article:published_time\" content=\"2026-01-09T12:25:58+00:00\" \/>\n<meta property=\"article:modified_time\" content=\"2026-01-09T12:36:30+00:00\" \/>\n<meta property=\"og:image\" content=\"https:\/\/www.felicicat.cat\/wp-content\/uploads\/2026\/01\/xavi-bassons-cofundador-y-ceo-de-monday-Via-Empresa.jpg\" \/>\n\t<meta property=\"og:image:width\" content=\"800\" \/>\n\t<meta property=\"og:image:height\" content=\"450\" \/>\n\t<meta property=\"og:image:type\" content=\"image\/jpeg\" \/>\n<meta name=\"author\" content=\"edu\" \/>\n<meta name=\"twitter:card\" content=\"summary_large_image\" \/>\n<meta name=\"twitter:label1\" content=\"Escrito por\" \/>\n\t<meta name=\"twitter:data1\" content=\"edu\" \/>\n\t<meta name=\"twitter:label2\" content=\"Tiempo de lectura\" \/>\n\t<meta name=\"twitter:data2\" content=\"6 minutos\" \/>\n<script type=\"application\/ld+json\" class=\"yoast-schema-graph\">{\"@context\":\"https:\/\/schema.org\",\"@graph\":[{\"@type\":\"Article\",\"@id\":\"https:\/\/www.felicicat.cat\/es\/monday-oficines-pensades-a-catalunya-per-convertir-el-dilluns-en-oportunitats\/#article\",\"isPartOf\":{\"@id\":\"https:\/\/www.felicicat.cat\/es\/monday-oficines-pensades-a-catalunya-per-convertir-el-dilluns-en-oportunitats\/\"},\"author\":{\"name\":\"edu\",\"@id\":\"https:\/\/www.felicicat.cat\/#\/schema\/person\/53cc36ea322123eb24f43676c759311d\"},\"headline\":\"Monday, oficinas pensadas en Catalunya para convertir el lunes en oportunidades\",\"datePublished\":\"2026-01-09T12:25:58+00:00\",\"dateModified\":\"2026-01-09T12:36:30+00:00\",\"mainEntityOfPage\":{\"@id\":\"https:\/\/www.felicicat.cat\/es\/monday-oficines-pensades-a-catalunya-per-convertir-el-dilluns-en-oportunitats\/\"},\"wordCount\":873,\"commentCount\":0,\"publisher\":{\"@id\":\"https:\/\/www.felicicat.cat\/#organization\"},\"image\":{\"@id\":\"https:\/\/www.felicicat.cat\/es\/monday-oficines-pensades-a-catalunya-per-convertir-el-dilluns-en-oportunitats\/#primaryimage\"},\"thumbnailUrl\":\"https:\/\/www.felicicat.cat\/wp-content\/uploads\/2026\/01\/xavi-bassons-cofundador-y-ceo-de-monday-Via-Empresa.jpg\",\"articleSection\":[\"Empresa y bienestar\"],\"inLanguage\":\"es\",\"potentialAction\":[{\"@type\":\"CommentAction\",\"name\":\"Comment\",\"target\":[\"https:\/\/www.felicicat.cat\/es\/monday-oficines-pensades-a-catalunya-per-convertir-el-dilluns-en-oportunitats\/#respond\"]}]},{\"@type\":\"WebPage\",\"@id\":\"https:\/\/www.felicicat.cat\/es\/monday-oficines-pensades-a-catalunya-per-convertir-el-dilluns-en-oportunitats\/\",\"url\":\"https:\/\/www.felicicat.cat\/es\/monday-oficines-pensades-a-catalunya-per-convertir-el-dilluns-en-oportunitats\/\",\"name\":\"Monday, oficinas pensadas en Catalunya para convertir el lunes en oportunidades - Felicicat\",\"isPartOf\":{\"@id\":\"https:\/\/www.felicicat.cat\/#website\"},\"primaryImageOfPage\":{\"@id\":\"https:\/\/www.felicicat.cat\/es\/monday-oficines-pensades-a-catalunya-per-convertir-el-dilluns-en-oportunitats\/#primaryimage\"},\"image\":{\"@id\":\"https:\/\/www.felicicat.cat\/es\/monday-oficines-pensades-a-catalunya-per-convertir-el-dilluns-en-oportunitats\/#primaryimage\"},\"thumbnailUrl\":\"https:\/\/www.felicicat.cat\/wp-content\/uploads\/2026\/01\/xavi-bassons-cofundador-y-ceo-de-monday-Via-Empresa.jpg\",\"datePublished\":\"2026-01-09T12:25:58+00:00\",\"dateModified\":\"2026-01-09T12:36:30+00:00\",\"description\":\"Monday, cofundada en Barcelona por\u00a0Xavier Bassons, gestiona cerca de 40.000 metros cuadrados, da servicio a unos 5.000 usuarios y prepara nuevas aperturas que la llevar\u00e1n hasta los 20 centros a finales de 2026. Un crecimiento acelerado basado en la expansi\u00f3n territorial y con el foco en el cliente y las personas.\",\"breadcrumb\":{\"@id\":\"https:\/\/www.felicicat.cat\/es\/monday-oficines-pensades-a-catalunya-per-convertir-el-dilluns-en-oportunitats\/#breadcrumb\"},\"inLanguage\":\"es\",\"potentialAction\":[{\"@type\":\"ReadAction\",\"target\":[\"https:\/\/www.felicicat.cat\/es\/monday-oficines-pensades-a-catalunya-per-convertir-el-dilluns-en-oportunitats\/\"]}]},{\"@type\":\"ImageObject\",\"inLanguage\":\"es\",\"@id\":\"https:\/\/www.felicicat.cat\/es\/monday-oficines-pensades-a-catalunya-per-convertir-el-dilluns-en-oportunitats\/#primaryimage\",\"url\":\"https:\/\/www.felicicat.cat\/wp-content\/uploads\/2026\/01\/xavi-bassons-cofundador-y-ceo-de-monday-Via-Empresa.jpg\",\"contentUrl\":\"https:\/\/www.felicicat.cat\/wp-content\/uploads\/2026\/01\/xavi-bassons-cofundador-y-ceo-de-monday-Via-Empresa.jpg\",\"width\":800,\"height\":450,\"caption\":\"Imatge del fundador de Monday, Xavi Bassons\"},{\"@type\":\"BreadcrumbList\",\"@id\":\"https:\/\/www.felicicat.cat\/es\/monday-oficines-pensades-a-catalunya-per-convertir-el-dilluns-en-oportunitats\/#breadcrumb\",\"itemListElement\":[{\"@type\":\"ListItem\",\"position\":1,\"name\":\"Home\",\"item\":\"https:\/\/www.felicicat.cat\/es\/\"},{\"@type\":\"ListItem\",\"position\":2,\"name\":\"Monday, oficinas pensadas en Catalunya para convertir el&hellip;\"}]},{\"@type\":\"WebSite\",\"@id\":\"https:\/\/www.felicicat.cat\/#website\",\"url\":\"https:\/\/www.felicicat.cat\/\",\"name\":\"Felicicat\",\"description\":\"Institut Catal\u00e0 de la felicitat\",\"publisher\":{\"@id\":\"https:\/\/www.felicicat.cat\/#organization\"},\"potentialAction\":[{\"@type\":\"SearchAction\",\"target\":{\"@type\":\"EntryPoint\",\"urlTemplate\":\"https:\/\/www.felicicat.cat\/?s={search_term_string}\"},\"query-input\":\"required name=search_term_string\"}],\"inLanguage\":\"es\"},{\"@type\":\"Organization\",\"@id\":\"https:\/\/www.felicicat.cat\/#organization\",\"name\":\"Felicicat\",\"url\":\"https:\/\/www.felicicat.cat\/\",\"logo\":{\"@type\":\"ImageObject\",\"inLanguage\":\"es\",\"@id\":\"https:\/\/www.felicicat.cat\/#\/schema\/logo\/image\/\",\"url\":\"https:\/\/www.felicicat.cat\/wp-content\/uploads\/2023\/11\/4_proveslogotipsfelicicatFINAL_Mesadetrabajo1.png\",\"contentUrl\":\"https:\/\/www.felicicat.cat\/wp-content\/uploads\/2023\/11\/4_proveslogotipsfelicicatFINAL_Mesadetrabajo1.png\",\"width\":1500,\"height\":195,\"caption\":\"Felicicat\"},\"image\":{\"@id\":\"https:\/\/www.felicicat.cat\/#\/schema\/logo\/image\/\"}},{\"@type\":\"Person\",\"@id\":\"https:\/\/www.felicicat.cat\/#\/schema\/person\/53cc36ea322123eb24f43676c759311d\",\"name\":\"edu\",\"image\":{\"@type\":\"ImageObject\",\"inLanguage\":\"es\",\"@id\":\"https:\/\/www.felicicat.cat\/#\/schema\/person\/image\/\",\"url\":\"https:\/\/secure.gravatar.com\/avatar\/6fd3494648cb9e038992d31be80d2047?s=96&d=mm&r=g\",\"contentUrl\":\"https:\/\/secure.gravatar.com\/avatar\/6fd3494648cb9e038992d31be80d2047?s=96&d=mm&r=g\",\"caption\":\"edu\"},\"url\":\"https:\/\/www.felicicat.cat\/es\/author\/edu\/\"}]}<\/script>\n<!-- \/ Yoast SEO plugin. -->","yoast_head_json":{"title":"Monday, oficinas pensadas en Catalunya para convertir el lunes en oportunidades - Felicicat","description":"Monday, cofundada en Barcelona por\u00a0Xavier Bassons, gestiona cerca de 40.000 metros cuadrados, da servicio a unos 5.000 usuarios y prepara nuevas aperturas que la llevar\u00e1n hasta los 20 centros a finales de 2026. Un crecimiento acelerado basado en la expansi\u00f3n territorial y con el foco en el cliente y las personas.","robots":{"index":"index","follow":"follow","max-snippet":"max-snippet:-1","max-image-preview":"max-image-preview:large","max-video-preview":"max-video-preview:-1"},"canonical":"https:\/\/www.felicicat.cat\/es\/monday-oficines-pensades-a-catalunya-per-convertir-el-dilluns-en-oportunitats\/","og_locale":"es_ES","og_type":"article","og_title":"Monday, oficinas pensadas en Catalunya para convertir el lunes en oportunidades - Felicicat","og_description":"Monday, cofundada en Barcelona por\u00a0Xavier Bassons, gestiona cerca de 40.000 metros cuadrados, da servicio a unos 5.000 usuarios y prepara nuevas aperturas que la llevar\u00e1n hasta los 20 centros a finales de 2026. Un crecimiento acelerado basado en la expansi\u00f3n territorial y con el foco en el cliente y las personas.","og_url":"https:\/\/www.felicicat.cat\/es\/monday-oficines-pensades-a-catalunya-per-convertir-el-dilluns-en-oportunitats\/","og_site_name":"Felicicat","article_published_time":"2026-01-09T12:25:58+00:00","article_modified_time":"2026-01-09T12:36:30+00:00","og_image":[{"width":800,"height":450,"url":"https:\/\/www.felicicat.cat\/wp-content\/uploads\/2026\/01\/xavi-bassons-cofundador-y-ceo-de-monday-Via-Empresa.jpg","type":"image\/jpeg"}],"author":"edu","twitter_card":"summary_large_image","twitter_misc":{"Escrito por":"edu","Tiempo de lectura":"6 minutos"},"schema":{"@context":"https:\/\/schema.org","@graph":[{"@type":"Article","@id":"https:\/\/www.felicicat.cat\/es\/monday-oficines-pensades-a-catalunya-per-convertir-el-dilluns-en-oportunitats\/#article","isPartOf":{"@id":"https:\/\/www.felicicat.cat\/es\/monday-oficines-pensades-a-catalunya-per-convertir-el-dilluns-en-oportunitats\/"},"author":{"name":"edu","@id":"https:\/\/www.felicicat.cat\/#\/schema\/person\/53cc36ea322123eb24f43676c759311d"},"headline":"Monday, oficinas pensadas en Catalunya para convertir el lunes en oportunidades","datePublished":"2026-01-09T12:25:58+00:00","dateModified":"2026-01-09T12:36:30+00:00","mainEntityOfPage":{"@id":"https:\/\/www.felicicat.cat\/es\/monday-oficines-pensades-a-catalunya-per-convertir-el-dilluns-en-oportunitats\/"},"wordCount":873,"commentCount":0,"publisher":{"@id":"https:\/\/www.felicicat.cat\/#organization"},"image":{"@id":"https:\/\/www.felicicat.cat\/es\/monday-oficines-pensades-a-catalunya-per-convertir-el-dilluns-en-oportunitats\/#primaryimage"},"thumbnailUrl":"https:\/\/www.felicicat.cat\/wp-content\/uploads\/2026\/01\/xavi-bassons-cofundador-y-ceo-de-monday-Via-Empresa.jpg","articleSection":["Empresa y bienestar"],"inLanguage":"es","potentialAction":[{"@type":"CommentAction","name":"Comment","target":["https:\/\/www.felicicat.cat\/es\/monday-oficines-pensades-a-catalunya-per-convertir-el-dilluns-en-oportunitats\/#respond"]}]},{"@type":"WebPage","@id":"https:\/\/www.felicicat.cat\/es\/monday-oficines-pensades-a-catalunya-per-convertir-el-dilluns-en-oportunitats\/","url":"https:\/\/www.felicicat.cat\/es\/monday-oficines-pensades-a-catalunya-per-convertir-el-dilluns-en-oportunitats\/","name":"Monday, oficinas pensadas en Catalunya para convertir el lunes en oportunidades - Felicicat","isPartOf":{"@id":"https:\/\/www.felicicat.cat\/#website"},"primaryImageOfPage":{"@id":"https:\/\/www.felicicat.cat\/es\/monday-oficines-pensades-a-catalunya-per-convertir-el-dilluns-en-oportunitats\/#primaryimage"},"image":{"@id":"https:\/\/www.felicicat.cat\/es\/monday-oficines-pensades-a-catalunya-per-convertir-el-dilluns-en-oportunitats\/#primaryimage"},"thumbnailUrl":"https:\/\/www.felicicat.cat\/wp-content\/uploads\/2026\/01\/xavi-bassons-cofundador-y-ceo-de-monday-Via-Empresa.jpg","datePublished":"2026-01-09T12:25:58+00:00","dateModified":"2026-01-09T12:36:30+00:00","description":"Monday, cofundada en Barcelona por\u00a0Xavier Bassons, gestiona cerca de 40.000 metros cuadrados, da servicio a unos 5.000 usuarios y prepara nuevas aperturas que la llevar\u00e1n hasta los 20 centros a finales de 2026. Un crecimiento acelerado basado en la expansi\u00f3n territorial y con el foco en el cliente y las personas.","breadcrumb":{"@id":"https:\/\/www.felicicat.cat\/es\/monday-oficines-pensades-a-catalunya-per-convertir-el-dilluns-en-oportunitats\/#breadcrumb"},"inLanguage":"es","potentialAction":[{"@type":"ReadAction","target":["https:\/\/www.felicicat.cat\/es\/monday-oficines-pensades-a-catalunya-per-convertir-el-dilluns-en-oportunitats\/"]}]},{"@type":"ImageObject","inLanguage":"es","@id":"https:\/\/www.felicicat.cat\/es\/monday-oficines-pensades-a-catalunya-per-convertir-el-dilluns-en-oportunitats\/#primaryimage","url":"https:\/\/www.felicicat.cat\/wp-content\/uploads\/2026\/01\/xavi-bassons-cofundador-y-ceo-de-monday-Via-Empresa.jpg","contentUrl":"https:\/\/www.felicicat.cat\/wp-content\/uploads\/2026\/01\/xavi-bassons-cofundador-y-ceo-de-monday-Via-Empresa.jpg","width":800,"height":450,"caption":"Imatge del fundador de Monday, Xavi Bassons"},{"@type":"BreadcrumbList","@id":"https:\/\/www.felicicat.cat\/es\/monday-oficines-pensades-a-catalunya-per-convertir-el-dilluns-en-oportunitats\/#breadcrumb","itemListElement":[{"@type":"ListItem","position":1,"name":"Home","item":"https:\/\/www.felicicat.cat\/es\/"},{"@type":"ListItem","position":2,"name":"Monday, oficinas pensadas en Catalunya para convertir el&hellip;"}]},{"@type":"WebSite","@id":"https:\/\/www.felicicat.cat\/#website","url":"https:\/\/www.felicicat.cat\/","name":"Felicicat","description":"Institut Catal\u00e0 de la felicitat","publisher":{"@id":"https:\/\/www.felicicat.cat\/#organization"},"potentialAction":[{"@type":"SearchAction","target":{"@type":"EntryPoint","urlTemplate":"https:\/\/www.felicicat.cat\/?s={search_term_string}"},"query-input":"required name=search_term_string"}],"inLanguage":"es"},{"@type":"Organization","@id":"https:\/\/www.felicicat.cat\/#organization","name":"Felicicat","url":"https:\/\/www.felicicat.cat\/","logo":{"@type":"ImageObject","inLanguage":"es","@id":"https:\/\/www.felicicat.cat\/#\/schema\/logo\/image\/","url":"https:\/\/www.felicicat.cat\/wp-content\/uploads\/2023\/11\/4_proveslogotipsfelicicatFINAL_Mesadetrabajo1.png","contentUrl":"https:\/\/www.felicicat.cat\/wp-content\/uploads\/2023\/11\/4_proveslogotipsfelicicatFINAL_Mesadetrabajo1.png","width":1500,"height":195,"caption":"Felicicat"},"image":{"@id":"https:\/\/www.felicicat.cat\/#\/schema\/logo\/image\/"}},{"@type":"Person","@id":"https:\/\/www.felicicat.cat\/#\/schema\/person\/53cc36ea322123eb24f43676c759311d","name":"edu","image":{"@type":"ImageObject","inLanguage":"es","@id":"https:\/\/www.felicicat.cat\/#\/schema\/person\/image\/","url":"https:\/\/secure.gravatar.com\/avatar\/6fd3494648cb9e038992d31be80d2047?s=96&d=mm&r=g","contentUrl":"https:\/\/secure.gravatar.com\/avatar\/6fd3494648cb9e038992d31be80d2047?s=96&d=mm&r=g","caption":"edu"},"url":"https:\/\/www.felicicat.cat\/es\/author\/edu\/"}]}},"uagb_featured_image_src":{"full":["https:\/\/www.felicicat.cat\/wp-content\/uploads\/2026\/01\/xavi-bassons-cofundador-y-ceo-de-monday-Via-Empresa.jpg",800,450,false],"thumbnail":["https:\/\/www.felicicat.cat\/wp-content\/uploads\/2026\/01\/xavi-bassons-cofundador-y-ceo-de-monday-Via-Empresa-150x150.jpg",150,150,true],"medium":["https:\/\/www.felicicat.cat\/wp-content\/uploads\/2026\/01\/xavi-bassons-cofundador-y-ceo-de-monday-Via-Empresa-300x169.jpg",300,169,true],"medium_large":["https:\/\/www.felicicat.cat\/wp-content\/uploads\/2026\/01\/xavi-bassons-cofundador-y-ceo-de-monday-Via-Empresa-768x432.jpg",768,432,true],"large":["https:\/\/www.felicicat.cat\/wp-content\/uploads\/2026\/01\/xavi-bassons-cofundador-y-ceo-de-monday-Via-Empresa.jpg",800,450,false],"1536x1536":["https:\/\/www.felicicat.cat\/wp-content\/uploads\/2026\/01\/xavi-bassons-cofundador-y-ceo-de-monday-Via-Empresa.jpg",800,450,false],"2048x2048":["https:\/\/www.felicicat.cat\/wp-content\/uploads\/2026\/01\/xavi-bassons-cofundador-y-ceo-de-monday-Via-Empresa.jpg",800,450,false],"woocommerce_thumbnail":["https:\/\/www.felicicat.cat\/wp-content\/uploads\/2026\/01\/xavi-bassons-cofundador-y-ceo-de-monday-Via-Empresa-center-top-60x60.jpg",60,60,true],"woocommerce_single":["https:\/\/www.felicicat.cat\/wp-content\/uploads\/2026\/01\/xavi-bassons-cofundador-y-ceo-de-monday-Via-Empresa-700x394.jpg",700,394,true],"woocommerce_gallery_thumbnail":["https:\/\/www.felicicat.cat\/wp-content\/uploads\/2026\/01\/xavi-bassons-cofundador-y-ceo-de-monday-Via-Empresa-100x100.jpg",100,100,true],"lightbox":["https:\/\/www.felicicat.cat\/wp-content\/uploads\/2026\/01\/xavi-bassons-cofundador-y-ceo-de-monday-Via-Empresa.jpg",800,450,false],"search_results":["https:\/\/www.felicicat.cat\/wp-content\/uploads\/2026\/01\/xavi-bassons-cofundador-y-ceo-de-monday-Via-Empresa-125x125.jpg",125,125,true],"blog_entry":["https:\/\/www.felicicat.cat\/wp-content\/uploads\/2026\/01\/xavi-bassons-cofundador-y-ceo-de-monday-Via-Empresa-680x380.jpg",680,380,true],"blog_post":["https:\/\/www.felicicat.cat\/wp-content\/uploads\/2026\/01\/xavi-bassons-cofundador-y-ceo-de-monday-Via-Empresa.jpg",676,380,false],"blog_post_full":["https:\/\/www.felicicat.cat\/wp-content\/uploads\/2026\/01\/xavi-bassons-cofundador-y-ceo-de-monday-Via-Empresa.jpg",800,450,false],"blog_related":["https:\/\/www.felicicat.cat\/wp-content\/uploads\/2026\/01\/xavi-bassons-cofundador-y-ceo-de-monday-Via-Empresa.jpg",676,380,false],"portfolio_entry":["https:\/\/www.felicicat.cat\/wp-content\/uploads\/2026\/01\/xavi-bassons-cofundador-y-ceo-de-monday-Via-Empresa.jpg",500,281,false],"portfolio_post":["https:\/\/www.felicicat.cat\/wp-content\/uploads\/2026\/01\/xavi-bassons-cofundador-y-ceo-de-monday-Via-Empresa.jpg",800,450,false],"portfolio_related":["https:\/\/www.felicicat.cat\/wp-content\/uploads\/2026\/01\/xavi-bassons-cofundador-y-ceo-de-monday-Via-Empresa.jpg",500,281,false],"staff_entry":["https:\/\/www.felicicat.cat\/wp-content\/uploads\/2026\/01\/xavi-bassons-cofundador-y-ceo-de-monday-Via-Empresa.jpg",500,281,false],"staff_post":["https:\/\/www.felicicat.cat\/wp-content\/uploads\/2026\/01\/xavi-bassons-cofundador-y-ceo-de-monday-Via-Empresa.jpg",800,450,false],"staff_related":["https:\/\/www.felicicat.cat\/wp-content\/uploads\/2026\/01\/xavi-bassons-cofundador-y-ceo-de-monday-Via-Empresa.jpg",500,281,false],"testimonials_entry":["https:\/\/www.felicicat.cat\/wp-content\/uploads\/2026\/01\/xavi-bassons-cofundador-y-ceo-de-monday-Via-Empresa.jpg",45,25,false],"shop_catalog":["https:\/\/www.felicicat.cat\/wp-content\/uploads\/2026\/01\/xavi-bassons-cofundador-y-ceo-de-monday-Via-Empresa-350x197.jpg",350,197,true],"shop_single":["https:\/\/www.felicicat.cat\/wp-content\/uploads\/2026\/01\/xavi-bassons-cofundador-y-ceo-de-monday-Via-Empresa-700x394.jpg",700,394,true],"shop_single_thumbnail":["https:\/\/www.felicicat.cat\/wp-content\/uploads\/2026\/01\/xavi-bassons-cofundador-y-ceo-de-monday-Via-Empresa-140x140.jpg",140,140,true],"shop_category":["https:\/\/www.felicicat.cat\/wp-content\/uploads\/2026\/01\/xavi-bassons-cofundador-y-ceo-de-monday-Via-Empresa.jpg",800,450,false],"shop_thumbnail_cart":["https:\/\/www.felicicat.cat\/wp-content\/uploads\/2026\/01\/xavi-bassons-cofundador-y-ceo-de-monday-Via-Empresa-center-top-60x60.jpg",60,60,true],"gallery":["https:\/\/www.felicicat.cat\/wp-content\/uploads\/2026\/01\/xavi-bassons-cofundador-y-ceo-de-monday-Via-Empresa.jpg",500,281,false]},"uagb_author_info":{"display_name":"edu","author_link":"https:\/\/www.felicicat.cat\/es\/author\/edu\/"},"uagb_comment_info":0,"uagb_excerpt":"La empresa da servicio a unos 5.000 usuarios en sus 13 oficinas flexibles de toda la pen\u00ednsula Ib\u00e9rica Art\u00edculo escrito por Bernat Bella extra\u00eddo de Viaempresa.cat. Barcelona. 5 de enero de 2026 Lo que empez\u00f3 en 2018 como un proyecto de emprendimiento \u00abde libro\u00bb basado en un plan de negocio y la b\u00fasqueda de financiaci\u00f3n,&hellip;","_links":{"self":[{"href":"https:\/\/www.felicicat.cat\/es\/wp-json\/wp\/v2\/posts\/15566"}],"collection":[{"href":"https:\/\/www.felicicat.cat\/es\/wp-json\/wp\/v2\/posts"}],"about":[{"href":"https:\/\/www.felicicat.cat\/es\/wp-json\/wp\/v2\/types\/post"}],"author":[{"embeddable":true,"href":"https:\/\/www.felicicat.cat\/es\/wp-json\/wp\/v2\/users\/2"}],"replies":[{"embeddable":true,"href":"https:\/\/www.felicicat.cat\/es\/wp-json\/wp\/v2\/comments?post=15566"}],"version-history":[{"count":4,"href":"https:\/\/www.felicicat.cat\/es\/wp-json\/wp\/v2\/posts\/15566\/revisions"}],"predecessor-version":[{"id":15581,"href":"https:\/\/www.felicicat.cat\/es\/wp-json\/wp\/v2\/posts\/15566\/revisions\/15581"}],"wp:featuredmedia":[{"embeddable":true,"href":"https:\/\/www.felicicat.cat\/es\/wp-json\/wp\/v2\/media\/15569"}],"wp:attachment":[{"href":"https:\/\/www.felicicat.cat\/es\/wp-json\/wp\/v2\/media?parent=15566"}],"wp:term":[{"taxonomy":"category","embeddable":true,"href":"https:\/\/www.felicicat.cat\/es\/wp-json\/wp\/v2\/categories?post=15566"},{"taxonomy":"post_tag","embeddable":true,"href":"https:\/\/www.felicicat.cat\/es\/wp-json\/wp\/v2\/tags?post=15566"},{"taxonomy":"post_series","embeddable":true,"href":"https:\/\/www.felicicat.cat\/es\/wp-json\/wp\/v2\/post_series?post=15566"}],"curies":[{"name":"wp","href":"https:\/\/api.w.org\/{rel}","templated":true}]}}