{"id":15268,"date":"2025-10-30T09:23:25","date_gmt":"2025-10-30T09:23:25","guid":{"rendered":"https:\/\/www.felicicat.cat\/?p=15268"},"modified":"2025-10-30T09:36:10","modified_gmt":"2025-10-30T09:36:10","slug":"la-ambicion-de-awayter-de-ofrecer-cantinas-saludables-a-sacudir-el-sector-industrial-catalan","status":"publish","type":"post","link":"https:\/\/www.felicicat.cat\/es\/la-ambicion-de-awayter-de-ofrecer-cantinas-saludables-a-sacudir-el-sector-industrial-catalan\/","title":{"rendered":"Fundaci\u00f3 Leitat, M\u00fatuaTerrassa y la Cambra de Terrassa lanzan el programa RHIA-VO"},"content":{"rendered":"<p data-start=\"56\" data-end=\"234\"><strong>El objetivo del programa es impulsar la integraci\u00f3n efectiva de soluciones de inteligencia artificial (IA) en entornos hospitalarios de la comarca<\/strong><\/p>\n<p>Art\u00edculo extra\u00eddo de <a href=\"https:\/\/www.viaempresa.cat\/\" target=\"_blank\" rel=\"noopener\"><span class=\"sqsrte-text-color--black\"><strong>Viaempresa.cat. <\/strong><\/span><\/a><em data-start=\"236\" data-end=\"327\">Barcelona. 27 d&#8217;octubre de 2025<\/em><\/p>\n<p>La\u00a0<span style=\"color: #000000;\"><a style=\"color: #000000;\" href=\"https:\/\/leitat.org\/\" target=\"_blank\" rel=\"noopener\"><strong>Fundaci\u00f3 Leitat<\/strong><\/a><\/span>, la\u00a0<strong>Fundaci\u00f3 Recerca<\/strong> y\u00a0<strong>Doc\u00e8ncia M\u00fatuaTerrassa<\/strong>, en colaboraci\u00f3n amb la <strong>Cambra de Terrassa\u00a0<\/strong>(Barcelona), han lanzado el programa\u00a0<em>Reto Hospitalario de Inteligencia Artificial en el Vall\u00e8s Occidental (RHIA-VO)<\/em>, informan en un comunicado conjunto este lunes.<\/p>\n<p>El objetivo del programa es impulsar la integraci\u00f3n efectiva de soluciones de inteligencia artificial (IA) en entornos hospitalarios de la comarca. La voluntad es resolver retos prioritarios identificados por profesionales y expertos sanitarios, y promoviendo la colaboraci\u00f3n entre centros de salud, empresas emergentes y el ecosistema tecnol\u00f3gico.<\/p>\n<blockquote><p>El objetivo del programa es impulsar la integraci\u00f3n efectiva de soluciones de inteligencia artificial (IA) en entornos hospitalarios de la comarca.<\/p><\/blockquote>\n<p>La iniciativa se enmarca dentro el programa Xarxes territorials d&#8217;especialitzaci\u00f3 tecnol\u00f2gica (RETECH) del Plan de Recuperaci\u00f3n, Transformaci\u00f3n y Resiliencia, y tiene un presupuesto de 250.000 euros.<\/p>\n<p>El impacto esperado debe \u00abpermitir mejoras tangibles en los procesos asistenciales, la eficiencia operativa y la satisfacci\u00f3n de pacientes y profesionales\u00bb, as\u00ed como la consolidaci\u00f3n del Vall\u00e8s Occidental como polo de innovaci\u00f3n en salud digital.<\/p>\n<p style=\"text-align: left;\">A continuaci\u00f3n, te ofrecemos la posibilidad de acceder al documento .PDF en el que se explican las bases del programa, extra\u00eddo del site de la Fundaci\u00f3 Leitat.<\/p>\n<hr \/>\n<p style=\"text-align: center;\"><a href=\"http:\/\/https:\/\/www.felicicat.cat\/wp-content\/uploads\/2025\/10\/Bases-reguladores_RHIA-VO.pdf\"><img loading=\"lazy\" decoding=\"async\" class=\"aligncenter wp-image-15272 size-full\" src=\"https:\/\/www.felicicat.cat\/wp-content\/uploads\/2025\/10\/Portada-Programa-RHIA-VO.png\" alt=\"\" width=\"631\" height=\"890\" srcset=\"https:\/\/www.felicicat.cat\/wp-content\/uploads\/2025\/10\/Portada-Programa-RHIA-VO.png 631w, https:\/\/www.felicicat.cat\/wp-content\/uploads\/2025\/10\/Portada-Programa-RHIA-VO-213x300.png 213w, https:\/\/www.felicicat.cat\/wp-content\/uploads\/2025\/10\/Portada-Programa-RHIA-VO-600x846.png 600w\" sizes=\"(max-width: 631px) 100vw, 631px\" \/><\/a><\/p>\n<hr \/>\n<p>&nbsp;<\/p>\n","protected":false},"excerpt":{"rendered":"<p>El objetivo del programa es impulsar la integraci\u00f3n efectiva de soluciones de inteligencia artificial (IA) en entornos hospitalarios de la comarca Art\u00edculo extra\u00eddo de Viaempresa.cat. Barcelona. 27 d&#8217;octubre de 2025 La\u00a0Fundaci\u00f3 Leitat, la\u00a0Fundaci\u00f3 Recerca y\u00a0Doc\u00e8ncia M\u00fatuaTerrassa, en colaboraci\u00f3n amb la Cambra de Terrassa\u00a0(Barcelona), han lanzado el programa\u00a0Reto Hospitalario de Inteligencia Artificial en el Vall\u00e8s Occidental&hellip;<\/p>\n","protected":false},"author":2,"featured_media":15274,"comment_status":"open","ping_status":"closed","sticky":false,"template":"","format":"standard","meta":{"_uag_custom_page_level_css":"","footnotes":""},"categories":[343],"tags":[],"post_series":[],"yoast_head":"<!-- This site is optimized with the Yoast SEO plugin v22.5 - https:\/\/yoast.com\/wordpress\/plugins\/seo\/ -->\n<title>Fundaci\u00f3 Leitat, M\u00fatuaTerrassa y la Cambra de Terrassa lanzan el programa RHIA-VO - Felicicat<\/title>\n<meta name=\"description\" content=\"La\u00a0Fundaci\u00f3 Leitat, la\u00a0Fundaci\u00f3 Recerca y\u00a0Doc\u00e8ncia M\u00fatuaTerrassa, en colaboraci\u00f3n amb la Cambra de Terrassa\u00a0(Barcelona), han lanzado el programa\u00a0Reto Hospitalario de Inteligencia Artificial en el Vall\u00e8s Occidental (RHIA-VO).\" \/>\n<meta name=\"robots\" content=\"index, follow, max-snippet:-1, max-image-preview:large, max-video-preview:-1\" \/>\n<link rel=\"canonical\" href=\"https:\/\/www.felicicat.cat\/es\/la-ambicion-de-awayter-de-ofrecer-cantinas-saludables-a-sacudir-el-sector-industrial-catalan\/\" \/>\n<meta property=\"og:locale\" content=\"es_ES\" \/>\n<meta property=\"og:type\" content=\"article\" \/>\n<meta property=\"og:title\" content=\"Fundaci\u00f3 Leitat, M\u00fatuaTerrassa y la Cambra de Terrassa lanzan el programa RHIA-VO - Felicicat\" \/>\n<meta property=\"og:description\" content=\"La\u00a0Fundaci\u00f3 Leitat, la\u00a0Fundaci\u00f3 Recerca y\u00a0Doc\u00e8ncia M\u00fatuaTerrassa, en colaboraci\u00f3n amb la Cambra de Terrassa\u00a0(Barcelona), han lanzado el programa\u00a0Reto Hospitalario de Inteligencia Artificial en el Vall\u00e8s Occidental (RHIA-VO).\" \/>\n<meta property=\"og:url\" content=\"https:\/\/www.felicicat.cat\/es\/la-ambicion-de-awayter-de-ofrecer-cantinas-saludables-a-sacudir-el-sector-industrial-catalan\/\" \/>\n<meta property=\"og:site_name\" content=\"Felicicat\" \/>\n<meta property=\"article:published_time\" content=\"2025-10-30T09:23:25+00:00\" \/>\n<meta property=\"article:modified_time\" content=\"2025-10-30T09:36:10+00:00\" \/>\n<meta property=\"og:image\" content=\"https:\/\/www.felicicat.cat\/wp-content\/uploads\/2025\/10\/LHospital-Universitari-MutuaTerrassa-MutuaTerrassa.jpg\" \/>\n\t<meta property=\"og:image:width\" content=\"775\" \/>\n\t<meta property=\"og:image:height\" content=\"560\" \/>\n\t<meta property=\"og:image:type\" content=\"image\/jpeg\" \/>\n<meta name=\"author\" content=\"edu\" \/>\n<meta name=\"twitter:card\" content=\"summary_large_image\" \/>\n<meta name=\"twitter:label1\" content=\"Escrito por\" \/>\n\t<meta name=\"twitter:data1\" content=\"edu\" \/>\n\t<meta name=\"twitter:label2\" content=\"Tiempo de lectura\" \/>\n\t<meta name=\"twitter:data2\" content=\"2 minutos\" \/>\n<script type=\"application\/ld+json\" class=\"yoast-schema-graph\">{\"@context\":\"https:\/\/schema.org\",\"@graph\":[{\"@type\":\"Article\",\"@id\":\"https:\/\/www.felicicat.cat\/es\/la-ambicion-de-awayter-de-ofrecer-cantinas-saludables-a-sacudir-el-sector-industrial-catalan\/#article\",\"isPartOf\":{\"@id\":\"https:\/\/www.felicicat.cat\/es\/la-ambicion-de-awayter-de-ofrecer-cantinas-saludables-a-sacudir-el-sector-industrial-catalan\/\"},\"author\":{\"name\":\"edu\",\"@id\":\"https:\/\/www.felicicat.cat\/#\/schema\/person\/53cc36ea322123eb24f43676c759311d\"},\"headline\":\"Fundaci\u00f3 Leitat, M\u00fatuaTerrassa y la Cambra de Terrassa lanzan el programa RHIA-VO\",\"datePublished\":\"2025-10-30T09:23:25+00:00\",\"dateModified\":\"2025-10-30T09:36:10+00:00\",\"mainEntityOfPage\":{\"@id\":\"https:\/\/www.felicicat.cat\/es\/la-ambicion-de-awayter-de-ofrecer-cantinas-saludables-a-sacudir-el-sector-industrial-catalan\/\"},\"wordCount\":258,\"commentCount\":0,\"publisher\":{\"@id\":\"https:\/\/www.felicicat.cat\/#organization\"},\"image\":{\"@id\":\"https:\/\/www.felicicat.cat\/es\/la-ambicion-de-awayter-de-ofrecer-cantinas-saludables-a-sacudir-el-sector-industrial-catalan\/#primaryimage\"},\"thumbnailUrl\":\"https:\/\/www.felicicat.cat\/wp-content\/uploads\/2025\/10\/LHospital-Universitari-MutuaTerrassa-MutuaTerrassa.jpg\",\"articleSection\":[\"Empresa y bienestar\"],\"inLanguage\":\"es\",\"potentialAction\":[{\"@type\":\"CommentAction\",\"name\":\"Comment\",\"target\":[\"https:\/\/www.felicicat.cat\/es\/la-ambicion-de-awayter-de-ofrecer-cantinas-saludables-a-sacudir-el-sector-industrial-catalan\/#respond\"]}]},{\"@type\":\"WebPage\",\"@id\":\"https:\/\/www.felicicat.cat\/es\/la-ambicion-de-awayter-de-ofrecer-cantinas-saludables-a-sacudir-el-sector-industrial-catalan\/\",\"url\":\"https:\/\/www.felicicat.cat\/es\/la-ambicion-de-awayter-de-ofrecer-cantinas-saludables-a-sacudir-el-sector-industrial-catalan\/\",\"name\":\"Fundaci\u00f3 Leitat, M\u00fatuaTerrassa y la Cambra de Terrassa lanzan el programa RHIA-VO - Felicicat\",\"isPartOf\":{\"@id\":\"https:\/\/www.felicicat.cat\/#website\"},\"primaryImageOfPage\":{\"@id\":\"https:\/\/www.felicicat.cat\/es\/la-ambicion-de-awayter-de-ofrecer-cantinas-saludables-a-sacudir-el-sector-industrial-catalan\/#primaryimage\"},\"image\":{\"@id\":\"https:\/\/www.felicicat.cat\/es\/la-ambicion-de-awayter-de-ofrecer-cantinas-saludables-a-sacudir-el-sector-industrial-catalan\/#primaryimage\"},\"thumbnailUrl\":\"https:\/\/www.felicicat.cat\/wp-content\/uploads\/2025\/10\/LHospital-Universitari-MutuaTerrassa-MutuaTerrassa.jpg\",\"datePublished\":\"2025-10-30T09:23:25+00:00\",\"dateModified\":\"2025-10-30T09:36:10+00:00\",\"description\":\"La\u00a0Fundaci\u00f3 Leitat, la\u00a0Fundaci\u00f3 Recerca y\u00a0Doc\u00e8ncia M\u00fatuaTerrassa, en colaboraci\u00f3n amb la Cambra de Terrassa\u00a0(Barcelona), han lanzado el programa\u00a0Reto Hospitalario de Inteligencia Artificial en el Vall\u00e8s Occidental (RHIA-VO).\",\"breadcrumb\":{\"@id\":\"https:\/\/www.felicicat.cat\/es\/la-ambicion-de-awayter-de-ofrecer-cantinas-saludables-a-sacudir-el-sector-industrial-catalan\/#breadcrumb\"},\"inLanguage\":\"es\",\"potentialAction\":[{\"@type\":\"ReadAction\",\"target\":[\"https:\/\/www.felicicat.cat\/es\/la-ambicion-de-awayter-de-ofrecer-cantinas-saludables-a-sacudir-el-sector-industrial-catalan\/\"]}]},{\"@type\":\"ImageObject\",\"inLanguage\":\"es\",\"@id\":\"https:\/\/www.felicicat.cat\/es\/la-ambicion-de-awayter-de-ofrecer-cantinas-saludables-a-sacudir-el-sector-industrial-catalan\/#primaryimage\",\"url\":\"https:\/\/www.felicicat.cat\/wp-content\/uploads\/2025\/10\/LHospital-Universitari-MutuaTerrassa-MutuaTerrassa.jpg\",\"contentUrl\":\"https:\/\/www.felicicat.cat\/wp-content\/uploads\/2025\/10\/LHospital-Universitari-MutuaTerrassa-MutuaTerrassa.jpg\",\"width\":775,\"height\":560,\"caption\":\"L'Hospital Universitari M\u00fatuaTerrassa | M\u00fatuaTerrassa\"},{\"@type\":\"BreadcrumbList\",\"@id\":\"https:\/\/www.felicicat.cat\/es\/la-ambicion-de-awayter-de-ofrecer-cantinas-saludables-a-sacudir-el-sector-industrial-catalan\/#breadcrumb\",\"itemListElement\":[{\"@type\":\"ListItem\",\"position\":1,\"name\":\"Home\",\"item\":\"https:\/\/www.felicicat.cat\/es\/\"},{\"@type\":\"ListItem\",\"position\":2,\"name\":\"Fundaci\u00f3 Leitat, M\u00fatuaTerrassa y la Cambra de Terrassa&hellip;\"}]},{\"@type\":\"WebSite\",\"@id\":\"https:\/\/www.felicicat.cat\/#website\",\"url\":\"https:\/\/www.felicicat.cat\/\",\"name\":\"Felicicat\",\"description\":\"Institut Catal\u00e0 de la felicitat\",\"publisher\":{\"@id\":\"https:\/\/www.felicicat.cat\/#organization\"},\"potentialAction\":[{\"@type\":\"SearchAction\",\"target\":{\"@type\":\"EntryPoint\",\"urlTemplate\":\"https:\/\/www.felicicat.cat\/?s={search_term_string}\"},\"query-input\":\"required name=search_term_string\"}],\"inLanguage\":\"es\"},{\"@type\":\"Organization\",\"@id\":\"https:\/\/www.felicicat.cat\/#organization\",\"name\":\"Felicicat\",\"url\":\"https:\/\/www.felicicat.cat\/\",\"logo\":{\"@type\":\"ImageObject\",\"inLanguage\":\"es\",\"@id\":\"https:\/\/www.felicicat.cat\/#\/schema\/logo\/image\/\",\"url\":\"https:\/\/www.felicicat.cat\/wp-content\/uploads\/2023\/11\/4_proveslogotipsfelicicatFINAL_Mesadetrabajo1.png\",\"contentUrl\":\"https:\/\/www.felicicat.cat\/wp-content\/uploads\/2023\/11\/4_proveslogotipsfelicicatFINAL_Mesadetrabajo1.png\",\"width\":1500,\"height\":195,\"caption\":\"Felicicat\"},\"image\":{\"@id\":\"https:\/\/www.felicicat.cat\/#\/schema\/logo\/image\/\"}},{\"@type\":\"Person\",\"@id\":\"https:\/\/www.felicicat.cat\/#\/schema\/person\/53cc36ea322123eb24f43676c759311d\",\"name\":\"edu\",\"image\":{\"@type\":\"ImageObject\",\"inLanguage\":\"es\",\"@id\":\"https:\/\/www.felicicat.cat\/#\/schema\/person\/image\/\",\"url\":\"https:\/\/secure.gravatar.com\/avatar\/6fd3494648cb9e038992d31be80d2047?s=96&d=mm&r=g\",\"contentUrl\":\"https:\/\/secure.gravatar.com\/avatar\/6fd3494648cb9e038992d31be80d2047?s=96&d=mm&r=g\",\"caption\":\"edu\"},\"url\":\"https:\/\/www.felicicat.cat\/es\/author\/edu\/\"}]}<\/script>\n<!-- \/ Yoast SEO plugin. -->","yoast_head_json":{"title":"Fundaci\u00f3 Leitat, M\u00fatuaTerrassa y la Cambra de Terrassa lanzan el programa RHIA-VO - Felicicat","description":"La\u00a0Fundaci\u00f3 Leitat, la\u00a0Fundaci\u00f3 Recerca y\u00a0Doc\u00e8ncia M\u00fatuaTerrassa, en colaboraci\u00f3n amb la Cambra de Terrassa\u00a0(Barcelona), han lanzado el programa\u00a0Reto Hospitalario de Inteligencia Artificial en el Vall\u00e8s Occidental (RHIA-VO).","robots":{"index":"index","follow":"follow","max-snippet":"max-snippet:-1","max-image-preview":"max-image-preview:large","max-video-preview":"max-video-preview:-1"},"canonical":"https:\/\/www.felicicat.cat\/es\/la-ambicion-de-awayter-de-ofrecer-cantinas-saludables-a-sacudir-el-sector-industrial-catalan\/","og_locale":"es_ES","og_type":"article","og_title":"Fundaci\u00f3 Leitat, M\u00fatuaTerrassa y la Cambra de Terrassa lanzan el programa RHIA-VO - Felicicat","og_description":"La\u00a0Fundaci\u00f3 Leitat, la\u00a0Fundaci\u00f3 Recerca y\u00a0Doc\u00e8ncia M\u00fatuaTerrassa, en colaboraci\u00f3n amb la Cambra de Terrassa\u00a0(Barcelona), han lanzado el programa\u00a0Reto Hospitalario de Inteligencia Artificial en el Vall\u00e8s Occidental (RHIA-VO).","og_url":"https:\/\/www.felicicat.cat\/es\/la-ambicion-de-awayter-de-ofrecer-cantinas-saludables-a-sacudir-el-sector-industrial-catalan\/","og_site_name":"Felicicat","article_published_time":"2025-10-30T09:23:25+00:00","article_modified_time":"2025-10-30T09:36:10+00:00","og_image":[{"width":775,"height":560,"url":"https:\/\/www.felicicat.cat\/wp-content\/uploads\/2025\/10\/LHospital-Universitari-MutuaTerrassa-MutuaTerrassa.jpg","type":"image\/jpeg"}],"author":"edu","twitter_card":"summary_large_image","twitter_misc":{"Escrito por":"edu","Tiempo de lectura":"2 minutos"},"schema":{"@context":"https:\/\/schema.org","@graph":[{"@type":"Article","@id":"https:\/\/www.felicicat.cat\/es\/la-ambicion-de-awayter-de-ofrecer-cantinas-saludables-a-sacudir-el-sector-industrial-catalan\/#article","isPartOf":{"@id":"https:\/\/www.felicicat.cat\/es\/la-ambicion-de-awayter-de-ofrecer-cantinas-saludables-a-sacudir-el-sector-industrial-catalan\/"},"author":{"name":"edu","@id":"https:\/\/www.felicicat.cat\/#\/schema\/person\/53cc36ea322123eb24f43676c759311d"},"headline":"Fundaci\u00f3 Leitat, M\u00fatuaTerrassa y la Cambra de Terrassa lanzan el programa RHIA-VO","datePublished":"2025-10-30T09:23:25+00:00","dateModified":"2025-10-30T09:36:10+00:00","mainEntityOfPage":{"@id":"https:\/\/www.felicicat.cat\/es\/la-ambicion-de-awayter-de-ofrecer-cantinas-saludables-a-sacudir-el-sector-industrial-catalan\/"},"wordCount":258,"commentCount":0,"publisher":{"@id":"https:\/\/www.felicicat.cat\/#organization"},"image":{"@id":"https:\/\/www.felicicat.cat\/es\/la-ambicion-de-awayter-de-ofrecer-cantinas-saludables-a-sacudir-el-sector-industrial-catalan\/#primaryimage"},"thumbnailUrl":"https:\/\/www.felicicat.cat\/wp-content\/uploads\/2025\/10\/LHospital-Universitari-MutuaTerrassa-MutuaTerrassa.jpg","articleSection":["Empresa y bienestar"],"inLanguage":"es","potentialAction":[{"@type":"CommentAction","name":"Comment","target":["https:\/\/www.felicicat.cat\/es\/la-ambicion-de-awayter-de-ofrecer-cantinas-saludables-a-sacudir-el-sector-industrial-catalan\/#respond"]}]},{"@type":"WebPage","@id":"https:\/\/www.felicicat.cat\/es\/la-ambicion-de-awayter-de-ofrecer-cantinas-saludables-a-sacudir-el-sector-industrial-catalan\/","url":"https:\/\/www.felicicat.cat\/es\/la-ambicion-de-awayter-de-ofrecer-cantinas-saludables-a-sacudir-el-sector-industrial-catalan\/","name":"Fundaci\u00f3 Leitat, M\u00fatuaTerrassa y la Cambra de Terrassa lanzan el programa RHIA-VO - Felicicat","isPartOf":{"@id":"https:\/\/www.felicicat.cat\/#website"},"primaryImageOfPage":{"@id":"https:\/\/www.felicicat.cat\/es\/la-ambicion-de-awayter-de-ofrecer-cantinas-saludables-a-sacudir-el-sector-industrial-catalan\/#primaryimage"},"image":{"@id":"https:\/\/www.felicicat.cat\/es\/la-ambicion-de-awayter-de-ofrecer-cantinas-saludables-a-sacudir-el-sector-industrial-catalan\/#primaryimage"},"thumbnailUrl":"https:\/\/www.felicicat.cat\/wp-content\/uploads\/2025\/10\/LHospital-Universitari-MutuaTerrassa-MutuaTerrassa.jpg","datePublished":"2025-10-30T09:23:25+00:00","dateModified":"2025-10-30T09:36:10+00:00","description":"La\u00a0Fundaci\u00f3 Leitat, la\u00a0Fundaci\u00f3 Recerca y\u00a0Doc\u00e8ncia M\u00fatuaTerrassa, en colaboraci\u00f3n amb la Cambra de Terrassa\u00a0(Barcelona), han lanzado el programa\u00a0Reto Hospitalario de Inteligencia Artificial en el Vall\u00e8s Occidental (RHIA-VO).","breadcrumb":{"@id":"https:\/\/www.felicicat.cat\/es\/la-ambicion-de-awayter-de-ofrecer-cantinas-saludables-a-sacudir-el-sector-industrial-catalan\/#breadcrumb"},"inLanguage":"es","potentialAction":[{"@type":"ReadAction","target":["https:\/\/www.felicicat.cat\/es\/la-ambicion-de-awayter-de-ofrecer-cantinas-saludables-a-sacudir-el-sector-industrial-catalan\/"]}]},{"@type":"ImageObject","inLanguage":"es","@id":"https:\/\/www.felicicat.cat\/es\/la-ambicion-de-awayter-de-ofrecer-cantinas-saludables-a-sacudir-el-sector-industrial-catalan\/#primaryimage","url":"https:\/\/www.felicicat.cat\/wp-content\/uploads\/2025\/10\/LHospital-Universitari-MutuaTerrassa-MutuaTerrassa.jpg","contentUrl":"https:\/\/www.felicicat.cat\/wp-content\/uploads\/2025\/10\/LHospital-Universitari-MutuaTerrassa-MutuaTerrassa.jpg","width":775,"height":560,"caption":"L'Hospital Universitari M\u00fatuaTerrassa | M\u00fatuaTerrassa"},{"@type":"BreadcrumbList","@id":"https:\/\/www.felicicat.cat\/es\/la-ambicion-de-awayter-de-ofrecer-cantinas-saludables-a-sacudir-el-sector-industrial-catalan\/#breadcrumb","itemListElement":[{"@type":"ListItem","position":1,"name":"Home","item":"https:\/\/www.felicicat.cat\/es\/"},{"@type":"ListItem","position":2,"name":"Fundaci\u00f3 Leitat, M\u00fatuaTerrassa y la Cambra de Terrassa&hellip;"}]},{"@type":"WebSite","@id":"https:\/\/www.felicicat.cat\/#website","url":"https:\/\/www.felicicat.cat\/","name":"Felicicat","description":"Institut Catal\u00e0 de la felicitat","publisher":{"@id":"https:\/\/www.felicicat.cat\/#organization"},"potentialAction":[{"@type":"SearchAction","target":{"@type":"EntryPoint","urlTemplate":"https:\/\/www.felicicat.cat\/?s={search_term_string}"},"query-input":"required name=search_term_string"}],"inLanguage":"es"},{"@type":"Organization","@id":"https:\/\/www.felicicat.cat\/#organization","name":"Felicicat","url":"https:\/\/www.felicicat.cat\/","logo":{"@type":"ImageObject","inLanguage":"es","@id":"https:\/\/www.felicicat.cat\/#\/schema\/logo\/image\/","url":"https:\/\/www.felicicat.cat\/wp-content\/uploads\/2023\/11\/4_proveslogotipsfelicicatFINAL_Mesadetrabajo1.png","contentUrl":"https:\/\/www.felicicat.cat\/wp-content\/uploads\/2023\/11\/4_proveslogotipsfelicicatFINAL_Mesadetrabajo1.png","width":1500,"height":195,"caption":"Felicicat"},"image":{"@id":"https:\/\/www.felicicat.cat\/#\/schema\/logo\/image\/"}},{"@type":"Person","@id":"https:\/\/www.felicicat.cat\/#\/schema\/person\/53cc36ea322123eb24f43676c759311d","name":"edu","image":{"@type":"ImageObject","inLanguage":"es","@id":"https:\/\/www.felicicat.cat\/#\/schema\/person\/image\/","url":"https:\/\/secure.gravatar.com\/avatar\/6fd3494648cb9e038992d31be80d2047?s=96&d=mm&r=g","contentUrl":"https:\/\/secure.gravatar.com\/avatar\/6fd3494648cb9e038992d31be80d2047?s=96&d=mm&r=g","caption":"edu"},"url":"https:\/\/www.felicicat.cat\/es\/author\/edu\/"}]}},"uagb_featured_image_src":{"full":["https:\/\/www.felicicat.cat\/wp-content\/uploads\/2025\/10\/LHospital-Universitari-MutuaTerrassa-MutuaTerrassa.jpg",775,560,false],"thumbnail":["https:\/\/www.felicicat.cat\/wp-content\/uploads\/2025\/10\/LHospital-Universitari-MutuaTerrassa-MutuaTerrassa-150x150.jpg",150,150,true],"medium":["https:\/\/www.felicicat.cat\/wp-content\/uploads\/2025\/10\/LHospital-Universitari-MutuaTerrassa-MutuaTerrassa-300x217.jpg",300,217,true],"medium_large":["https:\/\/www.felicicat.cat\/wp-content\/uploads\/2025\/10\/LHospital-Universitari-MutuaTerrassa-MutuaTerrassa-768x555.jpg",768,555,true],"large":["https:\/\/www.felicicat.cat\/wp-content\/uploads\/2025\/10\/LHospital-Universitari-MutuaTerrassa-MutuaTerrassa.jpg",775,560,false],"1536x1536":["https:\/\/www.felicicat.cat\/wp-content\/uploads\/2025\/10\/LHospital-Universitari-MutuaTerrassa-MutuaTerrassa.jpg",775,560,false],"2048x2048":["https:\/\/www.felicicat.cat\/wp-content\/uploads\/2025\/10\/LHospital-Universitari-MutuaTerrassa-MutuaTerrassa.jpg",775,560,false],"woocommerce_thumbnail":["https:\/\/www.felicicat.cat\/wp-content\/uploads\/2025\/10\/LHospital-Universitari-MutuaTerrassa-MutuaTerrassa-center-top-60x60.jpg",60,60,true],"woocommerce_single":["https:\/\/www.felicicat.cat\/wp-content\/uploads\/2025\/10\/LHospital-Universitari-MutuaTerrassa-MutuaTerrassa-700x506.jpg",700,506,true],"woocommerce_gallery_thumbnail":["https:\/\/www.felicicat.cat\/wp-content\/uploads\/2025\/10\/LHospital-Universitari-MutuaTerrassa-MutuaTerrassa-100x100.jpg",100,100,true],"lightbox":["https:\/\/www.felicicat.cat\/wp-content\/uploads\/2025\/10\/LHospital-Universitari-MutuaTerrassa-MutuaTerrassa.jpg",775,560,false],"search_results":["https:\/\/www.felicicat.cat\/wp-content\/uploads\/2025\/10\/LHospital-Universitari-MutuaTerrassa-MutuaTerrassa-125x125.jpg",125,125,true],"blog_entry":["https:\/\/www.felicicat.cat\/wp-content\/uploads\/2025\/10\/LHospital-Universitari-MutuaTerrassa-MutuaTerrassa-680x380.jpg",680,380,true],"blog_post":["https:\/\/www.felicicat.cat\/wp-content\/uploads\/2025\/10\/LHospital-Universitari-MutuaTerrassa-MutuaTerrassa.jpg",526,380,false],"blog_post_full":["https:\/\/www.felicicat.cat\/wp-content\/uploads\/2025\/10\/LHospital-Universitari-MutuaTerrassa-MutuaTerrassa.jpg",775,560,false],"blog_related":["https:\/\/www.felicicat.cat\/wp-content\/uploads\/2025\/10\/LHospital-Universitari-MutuaTerrassa-MutuaTerrassa.jpg",526,380,false],"portfolio_entry":["https:\/\/www.felicicat.cat\/wp-content\/uploads\/2025\/10\/LHospital-Universitari-MutuaTerrassa-MutuaTerrassa.jpg",484,350,false],"portfolio_post":["https:\/\/www.felicicat.cat\/wp-content\/uploads\/2025\/10\/LHospital-Universitari-MutuaTerrassa-MutuaTerrassa.jpg",775,560,false],"portfolio_related":["https:\/\/www.felicicat.cat\/wp-content\/uploads\/2025\/10\/LHospital-Universitari-MutuaTerrassa-MutuaTerrassa.jpg",484,350,false],"staff_entry":["https:\/\/www.felicicat.cat\/wp-content\/uploads\/2025\/10\/LHospital-Universitari-MutuaTerrassa-MutuaTerrassa.jpg",500,361,false],"staff_post":["https:\/\/www.felicicat.cat\/wp-content\/uploads\/2025\/10\/LHospital-Universitari-MutuaTerrassa-MutuaTerrassa.jpg",775,560,false],"staff_related":["https:\/\/www.felicicat.cat\/wp-content\/uploads\/2025\/10\/LHospital-Universitari-MutuaTerrassa-MutuaTerrassa.jpg",500,361,false],"testimonials_entry":["https:\/\/www.felicicat.cat\/wp-content\/uploads\/2025\/10\/LHospital-Universitari-MutuaTerrassa-MutuaTerrassa.jpg",45,33,false],"shop_catalog":["https:\/\/www.felicicat.cat\/wp-content\/uploads\/2025\/10\/LHospital-Universitari-MutuaTerrassa-MutuaTerrassa-350x253.jpg",350,253,true],"shop_single":["https:\/\/www.felicicat.cat\/wp-content\/uploads\/2025\/10\/LHospital-Universitari-MutuaTerrassa-MutuaTerrassa-700x506.jpg",700,506,true],"shop_single_thumbnail":["https:\/\/www.felicicat.cat\/wp-content\/uploads\/2025\/10\/LHospital-Universitari-MutuaTerrassa-MutuaTerrassa-140x140.jpg",140,140,true],"shop_category":["https:\/\/www.felicicat.cat\/wp-content\/uploads\/2025\/10\/LHospital-Universitari-MutuaTerrassa-MutuaTerrassa.jpg",775,560,false],"shop_thumbnail_cart":["https:\/\/www.felicicat.cat\/wp-content\/uploads\/2025\/10\/LHospital-Universitari-MutuaTerrassa-MutuaTerrassa-center-top-60x60.jpg",60,60,true],"gallery":["https:\/\/www.felicicat.cat\/wp-content\/uploads\/2025\/10\/LHospital-Universitari-MutuaTerrassa-MutuaTerrassa.jpg",500,361,false]},"uagb_author_info":{"display_name":"edu","author_link":"https:\/\/www.felicicat.cat\/es\/author\/edu\/"},"uagb_comment_info":0,"uagb_excerpt":"El objetivo del programa es impulsar la integraci\u00f3n efectiva de soluciones de inteligencia artificial (IA) en entornos hospitalarios de la comarca Art\u00edculo extra\u00eddo de Viaempresa.cat. Barcelona. 27 d&#8217;octubre de 2025 La\u00a0Fundaci\u00f3 Leitat, la\u00a0Fundaci\u00f3 Recerca y\u00a0Doc\u00e8ncia M\u00fatuaTerrassa, en colaboraci\u00f3n amb la Cambra de Terrassa\u00a0(Barcelona), han lanzado el programa\u00a0Reto Hospitalario de Inteligencia Artificial en el Vall\u00e8s Occidental&hellip;","_links":{"self":[{"href":"https:\/\/www.felicicat.cat\/es\/wp-json\/wp\/v2\/posts\/15268"}],"collection":[{"href":"https:\/\/www.felicicat.cat\/es\/wp-json\/wp\/v2\/posts"}],"about":[{"href":"https:\/\/www.felicicat.cat\/es\/wp-json\/wp\/v2\/types\/post"}],"author":[{"embeddable":true,"href":"https:\/\/www.felicicat.cat\/es\/wp-json\/wp\/v2\/users\/2"}],"replies":[{"embeddable":true,"href":"https:\/\/www.felicicat.cat\/es\/wp-json\/wp\/v2\/comments?post=15268"}],"version-history":[{"count":3,"href":"https:\/\/www.felicicat.cat\/es\/wp-json\/wp\/v2\/posts\/15268\/revisions"}],"predecessor-version":[{"id":15277,"href":"https:\/\/www.felicicat.cat\/es\/wp-json\/wp\/v2\/posts\/15268\/revisions\/15277"}],"wp:featuredmedia":[{"embeddable":true,"href":"https:\/\/www.felicicat.cat\/es\/wp-json\/wp\/v2\/media\/15274"}],"wp:attachment":[{"href":"https:\/\/www.felicicat.cat\/es\/wp-json\/wp\/v2\/media?parent=15268"}],"wp:term":[{"taxonomy":"category","embeddable":true,"href":"https:\/\/www.felicicat.cat\/es\/wp-json\/wp\/v2\/categories?post=15268"},{"taxonomy":"post_tag","embeddable":true,"href":"https:\/\/www.felicicat.cat\/es\/wp-json\/wp\/v2\/tags?post=15268"},{"taxonomy":"post_series","embeddable":true,"href":"https:\/\/www.felicicat.cat\/es\/wp-json\/wp\/v2\/post_series?post=15268"}],"curies":[{"name":"wp","href":"https:\/\/api.w.org\/{rel}","templated":true}]}}