{"id":15049,"date":"2025-09-02T09:41:33","date_gmt":"2025-09-02T09:41:33","guid":{"rendered":"https:\/\/www.felicicat.cat\/?p=15049"},"modified":"2025-09-02T09:58:23","modified_gmt":"2025-09-02T09:58:23","slug":"el-papel-de-la-organizadora-professional-y-la-magia-de-vivir-y-trabajar-en-orden","status":"publish","type":"post","link":"https:\/\/www.felicicat.cat\/es\/el-papel-de-la-organizadora-professional-y-la-magia-de-vivir-y-trabajar-en-orden\/","title":{"rendered":"El papel de la organizadora professional y la magia de vivir y trabajar en orden."},"content":{"rendered":"<p><strong>El orden es mucho m\u00e1s que tener cada cosa en su sitio.<\/strong> Es una poderosa herramienta para mejorar tu bienestar f\u00edsico y emocional, tanto en casa como en la oficina. La verdad es que, si todo el mundo supiera mantener el orden de forma efectiva, no habr\u00eda tantos hogares (y oficinas) donde la acumulaci\u00f3n, el caos y el estr\u00e9s se han instalado. Quiz\u00e1s eres de esas personas que, por m\u00e1s que ordenan una y otra vez, siempre acaban con cosas fuera de lugar. Cosas que ocupan espacios que deber\u00edan tener otra funci\u00f3n, que te hacen perder tiempo, dinero&#8230; y paz mental.<\/p>\n<h3><strong>La figura de la Organizadora profesional<\/strong><\/h3>\n<p>Ante esta realidad, la figura de la <strong>Profesional de la Organizaci\u00f3n<\/strong> se vuelve crucial. En <strong>feliciCat<\/strong>, nos enorgullece presentar a nuestra nueva incorporaci\u00f3n: <span style=\"color: #000000;\"><a style=\"color: #000000;\" href=\"https:\/\/www.felicicat.cat\/es\/portfolio-item\/marta-vilamajo-navarro\/\" target=\"_blank\" rel=\"noopener\"><strong>Marta Vilamaj\u00f3<\/strong><\/a><\/span>, una aut\u00e9ntica profesional de la organizaci\u00f3n y el orden. Cuando explicamos a qu\u00e9 se dedica, a menudo recibimos miradas de sorpresa e incluso incredulidad. \u00ab\u00bfPero de verdad hace falta contratar a alguien para ordenar tu casa? \u00a1Si eso lo sabe hacer cualquiera!\u00bb, nos dicen.<\/p>\n<p>En <strong>feliciCat<\/strong>, y con Marta a la cabeza, sabemos que nuestro trabajo va mucho m\u00e1s all\u00e1 de doblar camisetas en vertical o poner etiquetas en cajas bonitas. Nuestro prop\u00f3sito es ayudarte a transformar espacios y h\u00e1bitos. El objetivo es acompa\u00f1arte en un proceso de toma de decisiones, desprenderte de lo que ya no necesitas y recuperar la funcionalidad y la armon\u00eda de tu entorno. No se trata solo de llegar, ordenar, cobrar e irse.<\/p>\n<h3><strong>Un proceso en dos fases: revisar y decidir<\/strong><\/h3>\n<p>El primer paso es <strong>revisar y decidir<\/strong>. Vivimos en una sociedad consumista donde acumulamos cosas que no necesitamos, que no nos gustan o que ya no nos sirven. Y muchas veces no somos conscientes del peso que todo eso supone. El primer paso para poner orden es justamente parar, observar y preguntarte: \u00ab\u00bfRealmente necesito esto? \u00bfMe gusta? \u00bfLo volver\u00eda a comprar hoy?\u00bb. Si la respuesta es no, quiz\u00e1s ya no tiene sentido que forme parte de tu presente.<\/p>\n<p>Una vez que has decidido con qu\u00e9 te quieres quedar, llega el segundo paso: <strong>encontrar un lugar adecuado para cada objeto<\/strong>. Y no cualquier sitio, sino uno que sea funcional, c\u00f3modo y l\u00f3gico para ti y para quienes comparten ese espacio. Aqu\u00ed es donde ocurre la magia: cuando cada cosa tiene su lugar, el orden se mantiene solo. Solo tienes que devolver cada objeto a su sitio una vez lo hayas usado. El cl\u00e1sico \u00ablo dejo aqu\u00ed de momento\u00bb es el primer paso hacia el desorden.<\/p>\n<h3><strong> \u00bfPor qu\u00e9 nos cuesta desprendernos de las cosas?<\/strong><\/h3>\n<p>El problema, muchas veces, no es el espacio. Somos nosotros. Nos cuesta tomar decisiones porque muchos objetos nos conectan emocionalmente con personas, momentos o etapas de nuestra vida. Tambi\u00e9n repetimos patrones familiares que aprendimos por imitaci\u00f3n. Nadie nos ense\u00f1\u00f3 a organizar, y ni siquiera nos planteamos que podr\u00eda haber una manera mejor y m\u00e1s saludable de vivir el orden.<\/p>\n<p>Marta, desde su infancia, ya mostraba esta habilidad natural. Su madre la describ\u00eda como una hormiguita: silenciosa y ordenada, que guardaba los colores en su orden original, colocaba los libros por tama\u00f1o y organizaba el armario de las mu\u00f1ecas. Esta pasi\u00f3n, que Marta define como <strong>la b\u00fasqueda de su \u00abIkigai\u00bb (el prop\u00f3sito de la vida)<\/strong>, es lo que la ha llevado a encontrar un sentido a su vida: ayudar a mejorar el bienestar de las personas. Su misi\u00f3n es acompa\u00f1arte para encontrar tu sistema ideal, ya que no existe uno perfecto para todo el mundo. Con sus soluciones, te ayudar\u00e1 a ahorrar tiempo, dinero y dolores de cabeza , pero, sobre todo, a vivir mejor.<\/p>\n<p><strong>Cuando el espacio f\u00edsico est\u00e1 en orden, tambi\u00e9n lo est\u00e1 tu espacio mental. Y eso se nota en tu salud, en tus relaciones, en tu trabajo y en tu autoestima.<\/strong> Cada proyecto es una oportunidad para aprender, compartir y transformar , y nos fascina ver las caras de sorpresa e incredulidad cuando el trabajo est\u00e1 terminado.<\/p>\n<p>En <strong>feliciCat<\/strong>, el cambio siempre se nota&#8230; y se siente, tanto si eres un particular como una empresa. Si quieres empezar a vivir con menos caos y m\u00e1s bienestar, te invitamos a descubrir c\u00f3mo podemos ayudarte.<\/p>\n<p>A continuaci\u00f3n, se expone una galeria de diferentes trabajos de organizaci\u00f3n y orden realizadas por Marta Vilamaj\u00f3.<\/p>\n<div id=\"gallery-1\" class=\"wpex-gallery wpex-grid wpex-grid-cols-4 wpex-gap-20 wpex-lightbox-group wpex-mb-20\"><figure class=\"gallery-item\"><a href=\"https:\/\/www.felicicat.cat\/wp-content\/uploads\/2025\/09\/Organitzadora-Professional-FeliciCat-Rudalia-6.png\" class=\"wpex-lightbox-group-item\" data-title=\"Organitzaci\u00f3 i ordre professional per a particulars i empreses - Treballs pel benestar de les persones. \"><img loading=\"lazy\" alt=\"Organitzaci\u00f3 I Ordre Professional Per A Particulars I Empreses - Treballs Pel Benestar De Les Persones.\" decoding=\"async\" src=\"https:\/\/www.felicicat.cat\/wp-content\/uploads\/2025\/09\/Organitzadora-Professional-FeliciCat-Rudalia-6-500x500.png\" srcset=\"https:\/\/www.felicicat.cat\/wp-content\/uploads\/2025\/09\/Organitzadora-Professional-FeliciCat-Rudalia-6-500x500.png 500w, https:\/\/www.felicicat.cat\/wp-content\/uploads\/2025\/09\/Organitzadora-Professional-FeliciCat-Rudalia-6-150x150.png 150w, https:\/\/www.felicicat.cat\/wp-content\/uploads\/2025\/09\/Organitzadora-Professional-FeliciCat-Rudalia-6-300x300.png 300w, https:\/\/www.felicicat.cat\/wp-content\/uploads\/2025\/09\/Organitzadora-Professional-FeliciCat-Rudalia-6-100x100.png 100w, https:\/\/www.felicicat.cat\/wp-content\/uploads\/2025\/09\/Organitzadora-Professional-FeliciCat-Rudalia-6-500x500@2x.png 1000w, https:\/\/www.felicicat.cat\/wp-content\/uploads\/2025\/09\/Organitzadora-Professional-FeliciCat-Rudalia-6-500x500@2x.png 2x\" width=\"500\" height=\"500\"><\/a><\/figure><figure class=\"gallery-item\"><a href=\"https:\/\/www.felicicat.cat\/wp-content\/uploads\/2025\/09\/Organitzadora-Professional-FeliciCat-Rudalia-5.png\" class=\"wpex-lightbox-group-item\" data-title=\"Organitzaci\u00f3 i ordre professional per a particulars i empreses - Treballs pel benestar de les persones. \"><img loading=\"lazy\" alt=\"Organitzaci\u00f3 I Ordre Professional Per A Particulars I Empreses - Treballs Pel Benestar De Les Persones.\" decoding=\"async\" src=\"https:\/\/www.felicicat.cat\/wp-content\/uploads\/2025\/09\/Organitzadora-Professional-FeliciCat-Rudalia-5-500x500.png\" srcset=\"https:\/\/www.felicicat.cat\/wp-content\/uploads\/2025\/09\/Organitzadora-Professional-FeliciCat-Rudalia-5-500x500.png 500w, https:\/\/www.felicicat.cat\/wp-content\/uploads\/2025\/09\/Organitzadora-Professional-FeliciCat-Rudalia-5-150x150.png 150w, https:\/\/www.felicicat.cat\/wp-content\/uploads\/2025\/09\/Organitzadora-Professional-FeliciCat-Rudalia-5-300x300.png 300w, https:\/\/www.felicicat.cat\/wp-content\/uploads\/2025\/09\/Organitzadora-Professional-FeliciCat-Rudalia-5-100x100.png 100w, https:\/\/www.felicicat.cat\/wp-content\/uploads\/2025\/09\/Organitzadora-Professional-FeliciCat-Rudalia-5-500x500@2x.png 1000w, https:\/\/www.felicicat.cat\/wp-content\/uploads\/2025\/09\/Organitzadora-Professional-FeliciCat-Rudalia-5-500x500@2x.png 2x\" width=\"500\" height=\"500\"><\/a><\/figure><figure class=\"gallery-item\"><a href=\"https:\/\/www.felicicat.cat\/wp-content\/uploads\/2025\/09\/Organitzadora-Professional-FeliciCat-Rudalia-4.png\" class=\"wpex-lightbox-group-item\" data-title=\"Organitzaci\u00f3 i ordre professional per a particulars i empreses - Treballs pel benestar de les persones. \"><img loading=\"lazy\" alt=\"Organitzaci\u00f3 I Ordre Professional Per A Particulars I Empreses - Treballs Pel Benestar De Les Persones.\" decoding=\"async\" src=\"https:\/\/www.felicicat.cat\/wp-content\/uploads\/2025\/09\/Organitzadora-Professional-FeliciCat-Rudalia-4-500x500.png\" srcset=\"https:\/\/www.felicicat.cat\/wp-content\/uploads\/2025\/09\/Organitzadora-Professional-FeliciCat-Rudalia-4-500x500.png 500w, https:\/\/www.felicicat.cat\/wp-content\/uploads\/2025\/09\/Organitzadora-Professional-FeliciCat-Rudalia-4-150x150.png 150w, https:\/\/www.felicicat.cat\/wp-content\/uploads\/2025\/09\/Organitzadora-Professional-FeliciCat-Rudalia-4-300x300.png 300w, https:\/\/www.felicicat.cat\/wp-content\/uploads\/2025\/09\/Organitzadora-Professional-FeliciCat-Rudalia-4-100x100.png 100w, https:\/\/www.felicicat.cat\/wp-content\/uploads\/2025\/09\/Organitzadora-Professional-FeliciCat-Rudalia-4-500x500@2x.png 1000w, https:\/\/www.felicicat.cat\/wp-content\/uploads\/2025\/09\/Organitzadora-Professional-FeliciCat-Rudalia-4-500x500@2x.png 2x\" width=\"500\" height=\"500\"><\/a><\/figure><figure class=\"gallery-item\"><a href=\"https:\/\/www.felicicat.cat\/wp-content\/uploads\/2025\/09\/Organitzadora-Professional-FeliciCat-Rudalia-3.png\" class=\"wpex-lightbox-group-item\" data-title=\"Organitzaci\u00f3 i ordre professional per a particulars i empreses - Treballs pel benestar de les persones. \"><img loading=\"lazy\" alt=\"Organitzaci\u00f3 I Ordre Professional Per A Particulars I Empreses - Treballs Pel Benestar De Les Persones.\" decoding=\"async\" src=\"https:\/\/www.felicicat.cat\/wp-content\/uploads\/2025\/09\/Organitzadora-Professional-FeliciCat-Rudalia-3-500x500.png\" srcset=\"https:\/\/www.felicicat.cat\/wp-content\/uploads\/2025\/09\/Organitzadora-Professional-FeliciCat-Rudalia-3-500x500.png 500w, https:\/\/www.felicicat.cat\/wp-content\/uploads\/2025\/09\/Organitzadora-Professional-FeliciCat-Rudalia-3-150x150.png 150w, https:\/\/www.felicicat.cat\/wp-content\/uploads\/2025\/09\/Organitzadora-Professional-FeliciCat-Rudalia-3-300x300.png 300w, https:\/\/www.felicicat.cat\/wp-content\/uploads\/2025\/09\/Organitzadora-Professional-FeliciCat-Rudalia-3-100x100.png 100w, https:\/\/www.felicicat.cat\/wp-content\/uploads\/2025\/09\/Organitzadora-Professional-FeliciCat-Rudalia-3-500x500@2x.png 1000w, https:\/\/www.felicicat.cat\/wp-content\/uploads\/2025\/09\/Organitzadora-Professional-FeliciCat-Rudalia-3-500x500@2x.png 2x\" width=\"500\" height=\"500\"><\/a><\/figure><figure class=\"gallery-item\"><a href=\"https:\/\/www.felicicat.cat\/wp-content\/uploads\/2025\/09\/Organitzadora-Professional-FeliciCat-Rudalia-2.png\" class=\"wpex-lightbox-group-item\" data-title=\"Organitzaci\u00f3 i ordre professional per a particulars i empreses - Treballs pel benestar de les persones. \"><img loading=\"lazy\" alt=\"Organitzaci\u00f3 I Ordre Professional Per A Particulars I Empreses - Treballs Pel Benestar De Les Persones.\" decoding=\"async\" src=\"https:\/\/www.felicicat.cat\/wp-content\/uploads\/2025\/09\/Organitzadora-Professional-FeliciCat-Rudalia-2-500x500.png\" srcset=\"https:\/\/www.felicicat.cat\/wp-content\/uploads\/2025\/09\/Organitzadora-Professional-FeliciCat-Rudalia-2-500x500.png 500w, https:\/\/www.felicicat.cat\/wp-content\/uploads\/2025\/09\/Organitzadora-Professional-FeliciCat-Rudalia-2-150x150.png 150w, https:\/\/www.felicicat.cat\/wp-content\/uploads\/2025\/09\/Organitzadora-Professional-FeliciCat-Rudalia-2-300x300.png 300w, https:\/\/www.felicicat.cat\/wp-content\/uploads\/2025\/09\/Organitzadora-Professional-FeliciCat-Rudalia-2-100x100.png 100w, https:\/\/www.felicicat.cat\/wp-content\/uploads\/2025\/09\/Organitzadora-Professional-FeliciCat-Rudalia-2-500x500@2x.png 1000w, https:\/\/www.felicicat.cat\/wp-content\/uploads\/2025\/09\/Organitzadora-Professional-FeliciCat-Rudalia-2-500x500@2x.png 2x\" width=\"500\" height=\"500\"><\/a><\/figure><figure class=\"gallery-item\"><a href=\"https:\/\/www.felicicat.cat\/wp-content\/uploads\/2025\/09\/Organitzadora-Professional-FeliciCat-Rudalia-8.png\" class=\"wpex-lightbox-group-item\" data-title=\"Organitzaci\u00f3 i ordre professional per a particulars i empreses - Treballs pel benestar de les persones. \"><img loading=\"lazy\" alt=\"Organitzaci\u00f3 I Ordre Professional Per A Particulars I Empreses - Treballs Pel Benestar De Les Persones.\" decoding=\"async\" src=\"https:\/\/www.felicicat.cat\/wp-content\/uploads\/2025\/09\/Organitzadora-Professional-FeliciCat-Rudalia-8-500x500.png\" srcset=\"https:\/\/www.felicicat.cat\/wp-content\/uploads\/2025\/09\/Organitzadora-Professional-FeliciCat-Rudalia-8-500x500.png 500w, https:\/\/www.felicicat.cat\/wp-content\/uploads\/2025\/09\/Organitzadora-Professional-FeliciCat-Rudalia-8-150x150.png 150w, https:\/\/www.felicicat.cat\/wp-content\/uploads\/2025\/09\/Organitzadora-Professional-FeliciCat-Rudalia-8-300x300.png 300w, https:\/\/www.felicicat.cat\/wp-content\/uploads\/2025\/09\/Organitzadora-Professional-FeliciCat-Rudalia-8-100x100.png 100w, https:\/\/www.felicicat.cat\/wp-content\/uploads\/2025\/09\/Organitzadora-Professional-FeliciCat-Rudalia-8-500x500@2x.png 1000w, https:\/\/www.felicicat.cat\/wp-content\/uploads\/2025\/09\/Organitzadora-Professional-FeliciCat-Rudalia-8-500x500@2x.png 2x\" width=\"500\" height=\"500\"><\/a><\/figure><figure class=\"gallery-item\"><a href=\"https:\/\/www.felicicat.cat\/wp-content\/uploads\/2025\/09\/Organitzadora-Professional-FeliciCat-Rudalia-7.png\" class=\"wpex-lightbox-group-item\" data-title=\"Organitzaci\u00f3 i ordre professional per a particulars i empreses - Treballs pel benestar de les persones. \"><img loading=\"lazy\" alt=\"Organitzaci\u00f3 I Ordre Professional Per A Particulars I Empreses - Treballs Pel Benestar De Les Persones.\" decoding=\"async\" src=\"https:\/\/www.felicicat.cat\/wp-content\/uploads\/2025\/09\/Organitzadora-Professional-FeliciCat-Rudalia-7-500x500.png\" srcset=\"https:\/\/www.felicicat.cat\/wp-content\/uploads\/2025\/09\/Organitzadora-Professional-FeliciCat-Rudalia-7-500x500.png 500w, https:\/\/www.felicicat.cat\/wp-content\/uploads\/2025\/09\/Organitzadora-Professional-FeliciCat-Rudalia-7-150x150.png 150w, https:\/\/www.felicicat.cat\/wp-content\/uploads\/2025\/09\/Organitzadora-Professional-FeliciCat-Rudalia-7-300x300.png 300w, https:\/\/www.felicicat.cat\/wp-content\/uploads\/2025\/09\/Organitzadora-Professional-FeliciCat-Rudalia-7-100x100.png 100w, https:\/\/www.felicicat.cat\/wp-content\/uploads\/2025\/09\/Organitzadora-Professional-FeliciCat-Rudalia-7-500x500@2x.png 1000w, https:\/\/www.felicicat.cat\/wp-content\/uploads\/2025\/09\/Organitzadora-Professional-FeliciCat-Rudalia-7-500x500@2x.png 2x\" width=\"500\" height=\"500\"><\/a><\/figure><figure class=\"gallery-item\"><a href=\"https:\/\/www.felicicat.cat\/wp-content\/uploads\/2025\/09\/Organitzadora-Professional-FeliciCat-Rudalia-1.png\" class=\"wpex-lightbox-group-item\" data-title=\"Organitzaci\u00f3 i ordre professional per a particulars i empreses - Treballs pel benestar de les persones. \"><img loading=\"lazy\" alt=\"Organitzaci\u00f3 I Ordre Professional Per A Particulars I Empreses - Treballs Pel Benestar De Les Persones.\" decoding=\"async\" src=\"https:\/\/www.felicicat.cat\/wp-content\/uploads\/2025\/09\/Organitzadora-Professional-FeliciCat-Rudalia-1-500x500.png\" srcset=\"https:\/\/www.felicicat.cat\/wp-content\/uploads\/2025\/09\/Organitzadora-Professional-FeliciCat-Rudalia-1-500x500.png 500w, https:\/\/www.felicicat.cat\/wp-content\/uploads\/2025\/09\/Organitzadora-Professional-FeliciCat-Rudalia-1-150x150.png 150w, https:\/\/www.felicicat.cat\/wp-content\/uploads\/2025\/09\/Organitzadora-Professional-FeliciCat-Rudalia-1-300x300.png 300w, https:\/\/www.felicicat.cat\/wp-content\/uploads\/2025\/09\/Organitzadora-Professional-FeliciCat-Rudalia-1-100x100.png 100w, https:\/\/www.felicicat.cat\/wp-content\/uploads\/2025\/09\/Organitzadora-Professional-FeliciCat-Rudalia-1-500x500@2x.png 1000w, https:\/\/www.felicicat.cat\/wp-content\/uploads\/2025\/09\/Organitzadora-Professional-FeliciCat-Rudalia-1-500x500@2x.png 2x\" width=\"500\" height=\"500\"><\/a><\/figure><\/div>\n\n<h3><strong>\u00bfQuieres comenzar tu viaje hacia un espacio m\u00e1s ordenado y una vida m\u00e1s tranquila?<\/strong><\/h3>\n<p>Si sientes la necesidad de profundizar en la organizaci\u00f3n de espacios tanto en el \u00e1mbito particular o en el trabajo, no dudes a <strong>contactarnos<\/strong>. Estamos aqu\u00ed para ayudarte. Puedes hacerlo f\u00e1cilmente a <strong>trav\u00e9s del siguiente formulario<\/strong>. Hagamos del bienestar una prioridad pasando a la acci\u00f3n!<\/p>\n<div class=\"wpforms-container wpforms-container-full wpforms-render-modern\" id=\"wpforms-15055\"><form id=\"wpforms-form-15055\" class=\"wpforms-validate wpforms-form wpforms-ajax-form\" data-formid=\"15055\" method=\"post\" enctype=\"multipart\/form-data\" action=\"\/es\/wp-json\/wp\/v2\/posts\/15049\" data-token=\"dd7d999fc07093b1079d4123c240c986\"><noscript class=\"wpforms-error-noscript\">Por favor, activa JavaScript en tu navegador para completar este formulario.<\/noscript><div class=\"wpforms-hidden\" id=\"wpforms-error-noscript\">Por favor, activa JavaScript en tu navegador para completar este formulario.<\/div><div class=\"wpforms-field-container\"><div id=\"wpforms-15055-field_0-container\" class=\"wpforms-field wpforms-field-name\" data-field-id=\"0\"><fieldset><legend class=\"wpforms-field-label wpforms-label-hide\" aria-hidden=\"false\">Nombre <span class=\"wpforms-required-label\" aria-hidden=\"true\">*<\/span><\/legend><div class=\"wpforms-field-row wpforms-field-large\"><div class=\"wpforms-field-row-block wpforms-first wpforms-one-half\"><input type=\"text\" id=\"wpforms-15055-field_0\" class=\"wpforms-field-name-first wpforms-field-required\" name=\"wpforms[fields][0][first]\" placeholder=\"Nombre *\" aria-errormessage=\"wpforms-15055-field_0-error\" required><label for=\"wpforms-15055-field_0\" class=\"wpforms-field-sublabel after wpforms-sublabel-hide\">Nombre<\/label><\/div><div class=\"wpforms-field-row-block wpforms-one-half\"><input type=\"text\" id=\"wpforms-15055-field_0-last\" class=\"wpforms-field-name-last wpforms-field-required\" name=\"wpforms[fields][0][last]\" placeholder=\"Apellidos *\" aria-errormessage=\"wpforms-15055-field_0-last-error\" required><label for=\"wpforms-15055-field_0-last\" class=\"wpforms-field-sublabel after wpforms-sublabel-hide\">Apellidos<\/label><\/div><\/div><\/fieldset><\/div><div id=\"wpforms-15055-field_1-container\" class=\"wpforms-field wpforms-field-email\" data-field-id=\"1\"><label class=\"wpforms-field-label wpforms-label-hide\" for=\"wpforms-15055-field_1\" aria-hidden=\"false\">Correo electr\u00f3nico <span class=\"wpforms-required-label\" aria-hidden=\"true\">*<\/span><\/label><input type=\"email\" id=\"wpforms-15055-field_1\" class=\"wpforms-field-large wpforms-field-required\" name=\"wpforms[fields][1]\" placeholder=\"Email *\" spellcheck=\"false\" aria-errormessage=\"wpforms-15055-field_1-error\" required><\/div><div id=\"wpforms-15055-field_8-container\" class=\"wpforms-field wpforms-field-email\" data-field-id=\"8\"><label class=\"wpforms-field-label wpforms-label-hide\" for=\"wpforms-15055-field_8\" aria-hidden=\"false\">Tel\u00e9fono<\/label><input type=\"email\" id=\"wpforms-15055-field_8\" class=\"wpforms-field-large\" name=\"wpforms[fields][8]\" placeholder=\"Ind\u00edcanos por favor tu n\u00famero de contacto\" spellcheck=\"false\" aria-errormessage=\"wpforms-15055-field_8-error\" ><\/div><div id=\"wpforms-15055-field_6-container\" class=\"wpforms-field wpforms-field-payment-select wpforms-field-select-style-modern\" data-field-id=\"6\"><label class=\"wpforms-field-label\" for=\"wpforms-15055-field_6\">\u00bfEres empresa o particular? <span class=\"wpforms-required-label\" aria-hidden=\"true\">*<\/span><\/label><select id=\"wpforms-15055-field_6\" class=\"wpforms-payment-price wpforms-field-large wpforms-field-required choicesjs-select\" data-size-class=\"wpforms-field-row wpforms-field-large\" data-search-enabled=\"\" name=\"wpforms[fields][6]\" required=\"required\"><option value=\"\" class=\"placeholder\" disabled  selected='selected'>Empresa<\/option><option value=\"1\" data-amount=\"0.00\" data-custom-properties=\"0.00\" >Empresa<\/option><option value=\"2\" data-amount=\"0.00\" data-custom-properties=\"0.00\" >Particular<\/option><\/select><\/div><div id=\"wpforms-15055-field_2-container\" class=\"wpforms-field wpforms-field-textarea\" data-field-id=\"2\"><label class=\"wpforms-field-label wpforms-label-hide\" for=\"wpforms-15055-field_2\" aria-hidden=\"false\">\u00bfTienes algo que contarnos?<\/label><textarea id=\"wpforms-15055-field_2\" class=\"wpforms-field-large\" name=\"wpforms[fields][2]\" placeholder=\"Deja un comentario\" aria-errormessage=\"wpforms-15055-field_2-error\" ><\/textarea><\/div><div id=\"wpforms-15055-field_4-container\" class=\"wpforms-field wpforms-field-checkbox\" data-field-id=\"4\"><fieldset><legend class=\"wpforms-field-label wpforms-label-hide\" aria-hidden=\"false\">Verificaci\u00f3n <span class=\"wpforms-required-label\" aria-hidden=\"true\">*<\/span><\/legend><ul id=\"wpforms-15055-field_4\" class=\"wpforms-field-required\"><li class=\"choice-1 depth-1\"><input type=\"checkbox\" id=\"wpforms-15055-field_4_1\" name=\"wpforms[fields][4][]\" value=\"He le\u00eddo y acepto el &lt;a target=&quot;_blank&quot; rel=&quot;nofollow noopener noreferrer&quot; href=&quot;\/avis-legal\/&quot;&gt;Aviso Legal&lt;\/a&gt; i la &lt;a href=&quot;\/politica-de-privacitat\/&quot; rel=&quot;nofollow noopener noreferrer&quot; target=&quot;_blank&quot;&gt;Pol\u00edtica de Privacidad&lt;\/a&gt; de feliciCat.cat\" aria-errormessage=\"wpforms-15055-field_4_1-error\" required ><label class=\"wpforms-field-label-inline\" for=\"wpforms-15055-field_4_1\">He le\u00eddo y acepto el <a target=\"_blank\" rel=\"nofollow noopener noreferrer\" href=\"\/avis-legal\/\">Aviso Legal<\/a> i la <a href=\"\/politica-de-privacitat\/\" rel=\"nofollow noopener noreferrer\" target=\"_blank\">Pol\u00edtica de Privacidad<\/a> de feliciCat.cat<\/label><\/li><\/ul><\/fieldset><\/div><\/div><!-- .wpforms-field-container --><div class=\"wpforms-recaptcha-container wpforms-is-recaptcha wpforms-is-recaptcha-type-v3\" ><input type=\"hidden\" name=\"wpforms[recaptcha]\" value=\"\"><\/div><div class=\"wpforms-submit-container\" ><input type=\"hidden\" name=\"wpforms[id]\" value=\"15055\"><input type=\"hidden\" name=\"wpforms[author]\" value=\"2\"><button type=\"submit\" name=\"wpforms[submit]\" id=\"wpforms-submit-15055\" class=\"wpforms-submit\" data-alt-text=\"Enviar formulario\" data-submit-text=\"Enviar formulario\" aria-live=\"assertive\" value=\"wpforms-submit\">Enviar formulario<\/button><img src=\"https:\/\/www.felicicat.cat\/wp-content\/plugins\/wpforms-lite\/assets\/images\/submit-spin.svg\" class=\"wpforms-submit-spinner\" style=\"display: none;\" width=\"26\" height=\"26\" alt=\"Cargando\"><\/div><\/form><\/div>  <!-- .wpforms-container -->\n<p>(Fuente imagen: pikisuperstar)<\/p>\n","protected":false},"excerpt":{"rendered":"<p>El orden es mucho m\u00e1s que tener cada cosa en su sitio. Es una poderosa herramienta para mejorar tu bienestar f\u00edsico y emocional, tanto en casa como en la oficina. La verdad es que, si todo el mundo supiera mantener el orden de forma efectiva, no habr\u00eda tantos hogares (y oficinas) donde la acumulaci\u00f3n, el&hellip;<\/p>\n","protected":false},"author":2,"featured_media":15051,"comment_status":"open","ping_status":"closed","sticky":false,"template":"","format":"standard","meta":{"_uag_custom_page_level_css":"","footnotes":""},"categories":[342],"tags":[],"post_series":[],"yoast_head":"<!-- This site is optimized with the Yoast SEO plugin v22.5 - https:\/\/yoast.com\/wordpress\/plugins\/seo\/ -->\n<title>El papel de la organizadora professional y la magia de vivir y trabajar en orden. - Felicicat<\/title>\n<meta name=\"description\" content=\"El orden es mucho m\u00e1s que tener cada cosa en su sitio. Es una herramienta poderosa para mejorar tu bienestar f\u00edsico y emocional, tanto en casa como en la oficina. En este contexto, la figura de la Professional de la organizaci\u00f3n resulta crucial.\" \/>\n<meta name=\"robots\" content=\"index, follow, max-snippet:-1, max-image-preview:large, max-video-preview:-1\" \/>\n<link rel=\"canonical\" href=\"https:\/\/www.felicicat.cat\/es\/el-papel-de-la-organizadora-professional-y-la-magia-de-vivir-y-trabajar-en-orden\/\" \/>\n<meta property=\"og:locale\" content=\"es_ES\" \/>\n<meta property=\"og:type\" content=\"article\" \/>\n<meta property=\"og:title\" content=\"El papel de la organizadora professional y la magia de vivir y trabajar en orden. - Felicicat\" \/>\n<meta property=\"og:description\" content=\"El orden es mucho m\u00e1s que tener cada cosa en su sitio. Es una herramienta poderosa para mejorar tu bienestar f\u00edsico y emocional, tanto en casa como en la oficina. En este contexto, la figura de la Professional de la organizaci\u00f3n resulta crucial.\" \/>\n<meta property=\"og:url\" content=\"https:\/\/www.felicicat.cat\/es\/el-papel-de-la-organizadora-professional-y-la-magia-de-vivir-y-trabajar-en-orden\/\" \/>\n<meta property=\"og:site_name\" content=\"Felicicat\" \/>\n<meta property=\"article:published_time\" content=\"2025-09-02T09:41:33+00:00\" \/>\n<meta property=\"article:modified_time\" content=\"2025-09-02T09:58:23+00:00\" \/>\n<meta property=\"og:image\" content=\"https:\/\/www.felicicat.cat\/wp-content\/uploads\/2025\/09\/Ordre-Benestar-FeliciCat-scaled.jpg\" \/>\n\t<meta property=\"og:image:width\" content=\"2560\" \/>\n\t<meta property=\"og:image:height\" content=\"1707\" \/>\n\t<meta property=\"og:image:type\" content=\"image\/jpeg\" \/>\n<meta name=\"author\" content=\"edu\" \/>\n<meta name=\"twitter:card\" content=\"summary_large_image\" \/>\n<meta name=\"twitter:label1\" content=\"Escrito por\" \/>\n\t<meta name=\"twitter:data1\" content=\"edu\" \/>\n\t<meta name=\"twitter:label2\" content=\"Tiempo de lectura\" \/>\n\t<meta name=\"twitter:data2\" content=\"5 minutos\" \/>\n<script type=\"application\/ld+json\" class=\"yoast-schema-graph\">{\"@context\":\"https:\/\/schema.org\",\"@graph\":[{\"@type\":\"Article\",\"@id\":\"https:\/\/www.felicicat.cat\/es\/el-papel-de-la-organizadora-professional-y-la-magia-de-vivir-y-trabajar-en-orden\/#article\",\"isPartOf\":{\"@id\":\"https:\/\/www.felicicat.cat\/es\/el-papel-de-la-organizadora-professional-y-la-magia-de-vivir-y-trabajar-en-orden\/\"},\"author\":{\"name\":\"edu\",\"@id\":\"https:\/\/www.felicicat.cat\/#\/schema\/person\/53cc36ea322123eb24f43676c759311d\"},\"headline\":\"El papel de la organizadora professional y la magia de vivir y trabajar en orden.\",\"datePublished\":\"2025-09-02T09:41:33+00:00\",\"dateModified\":\"2025-09-02T09:58:23+00:00\",\"mainEntityOfPage\":{\"@id\":\"https:\/\/www.felicicat.cat\/es\/el-papel-de-la-organizadora-professional-y-la-magia-de-vivir-y-trabajar-en-orden\/\"},\"wordCount\":842,\"commentCount\":0,\"publisher\":{\"@id\":\"https:\/\/www.felicicat.cat\/#organization\"},\"image\":{\"@id\":\"https:\/\/www.felicicat.cat\/es\/el-papel-de-la-organizadora-professional-y-la-magia-de-vivir-y-trabajar-en-orden\/#primaryimage\"},\"thumbnailUrl\":\"https:\/\/www.felicicat.cat\/wp-content\/uploads\/2025\/09\/Ordre-Benestar-FeliciCat-scaled.jpg\",\"articleSection\":[\"Actualidad y tendencias\"],\"inLanguage\":\"es\",\"potentialAction\":[{\"@type\":\"CommentAction\",\"name\":\"Comment\",\"target\":[\"https:\/\/www.felicicat.cat\/es\/el-papel-de-la-organizadora-professional-y-la-magia-de-vivir-y-trabajar-en-orden\/#respond\"]}]},{\"@type\":\"WebPage\",\"@id\":\"https:\/\/www.felicicat.cat\/es\/el-papel-de-la-organizadora-professional-y-la-magia-de-vivir-y-trabajar-en-orden\/\",\"url\":\"https:\/\/www.felicicat.cat\/es\/el-papel-de-la-organizadora-professional-y-la-magia-de-vivir-y-trabajar-en-orden\/\",\"name\":\"El papel de la organizadora professional y la magia de vivir y trabajar en orden. - Felicicat\",\"isPartOf\":{\"@id\":\"https:\/\/www.felicicat.cat\/#website\"},\"primaryImageOfPage\":{\"@id\":\"https:\/\/www.felicicat.cat\/es\/el-papel-de-la-organizadora-professional-y-la-magia-de-vivir-y-trabajar-en-orden\/#primaryimage\"},\"image\":{\"@id\":\"https:\/\/www.felicicat.cat\/es\/el-papel-de-la-organizadora-professional-y-la-magia-de-vivir-y-trabajar-en-orden\/#primaryimage\"},\"thumbnailUrl\":\"https:\/\/www.felicicat.cat\/wp-content\/uploads\/2025\/09\/Ordre-Benestar-FeliciCat-scaled.jpg\",\"datePublished\":\"2025-09-02T09:41:33+00:00\",\"dateModified\":\"2025-09-02T09:58:23+00:00\",\"description\":\"El orden es mucho m\u00e1s que tener cada cosa en su sitio. Es una herramienta poderosa para mejorar tu bienestar f\u00edsico y emocional, tanto en casa como en la oficina. En este contexto, la figura de la Professional de la organizaci\u00f3n resulta crucial.\",\"breadcrumb\":{\"@id\":\"https:\/\/www.felicicat.cat\/es\/el-papel-de-la-organizadora-professional-y-la-magia-de-vivir-y-trabajar-en-orden\/#breadcrumb\"},\"inLanguage\":\"es\",\"potentialAction\":[{\"@type\":\"ReadAction\",\"target\":[\"https:\/\/www.felicicat.cat\/es\/el-papel-de-la-organizadora-professional-y-la-magia-de-vivir-y-trabajar-en-orden\/\"]}]},{\"@type\":\"ImageObject\",\"inLanguage\":\"es\",\"@id\":\"https:\/\/www.felicicat.cat\/es\/el-papel-de-la-organizadora-professional-y-la-magia-de-vivir-y-trabajar-en-orden\/#primaryimage\",\"url\":\"https:\/\/www.felicicat.cat\/wp-content\/uploads\/2025\/09\/Ordre-Benestar-FeliciCat-scaled.jpg\",\"contentUrl\":\"https:\/\/www.felicicat.cat\/wp-content\/uploads\/2025\/09\/Ordre-Benestar-FeliciCat-scaled.jpg\",\"width\":2560,\"height\":1707,\"caption\":\"Imatge organitzant i ordenant caixes.\"},{\"@type\":\"BreadcrumbList\",\"@id\":\"https:\/\/www.felicicat.cat\/es\/el-papel-de-la-organizadora-professional-y-la-magia-de-vivir-y-trabajar-en-orden\/#breadcrumb\",\"itemListElement\":[{\"@type\":\"ListItem\",\"position\":1,\"name\":\"Home\",\"item\":\"https:\/\/www.felicicat.cat\/es\/\"},{\"@type\":\"ListItem\",\"position\":2,\"name\":\"El papel de la organizadora professional y la&hellip;\"}]},{\"@type\":\"WebSite\",\"@id\":\"https:\/\/www.felicicat.cat\/#website\",\"url\":\"https:\/\/www.felicicat.cat\/\",\"name\":\"Felicicat\",\"description\":\"Institut Catal\u00e0 de la felicitat\",\"publisher\":{\"@id\":\"https:\/\/www.felicicat.cat\/#organization\"},\"potentialAction\":[{\"@type\":\"SearchAction\",\"target\":{\"@type\":\"EntryPoint\",\"urlTemplate\":\"https:\/\/www.felicicat.cat\/?s={search_term_string}\"},\"query-input\":\"required name=search_term_string\"}],\"inLanguage\":\"es\"},{\"@type\":\"Organization\",\"@id\":\"https:\/\/www.felicicat.cat\/#organization\",\"name\":\"Felicicat\",\"url\":\"https:\/\/www.felicicat.cat\/\",\"logo\":{\"@type\":\"ImageObject\",\"inLanguage\":\"es\",\"@id\":\"https:\/\/www.felicicat.cat\/#\/schema\/logo\/image\/\",\"url\":\"https:\/\/www.felicicat.cat\/wp-content\/uploads\/2023\/11\/4_proveslogotipsfelicicatFINAL_Mesadetrabajo1.png\",\"contentUrl\":\"https:\/\/www.felicicat.cat\/wp-content\/uploads\/2023\/11\/4_proveslogotipsfelicicatFINAL_Mesadetrabajo1.png\",\"width\":1500,\"height\":195,\"caption\":\"Felicicat\"},\"image\":{\"@id\":\"https:\/\/www.felicicat.cat\/#\/schema\/logo\/image\/\"}},{\"@type\":\"Person\",\"@id\":\"https:\/\/www.felicicat.cat\/#\/schema\/person\/53cc36ea322123eb24f43676c759311d\",\"name\":\"edu\",\"image\":{\"@type\":\"ImageObject\",\"inLanguage\":\"es\",\"@id\":\"https:\/\/www.felicicat.cat\/#\/schema\/person\/image\/\",\"url\":\"https:\/\/secure.gravatar.com\/avatar\/6fd3494648cb9e038992d31be80d2047?s=96&d=mm&r=g\",\"contentUrl\":\"https:\/\/secure.gravatar.com\/avatar\/6fd3494648cb9e038992d31be80d2047?s=96&d=mm&r=g\",\"caption\":\"edu\"},\"url\":\"https:\/\/www.felicicat.cat\/es\/author\/edu\/\"}]}<\/script>\n<!-- \/ Yoast SEO plugin. -->","yoast_head_json":{"title":"El papel de la organizadora professional y la magia de vivir y trabajar en orden. - Felicicat","description":"El orden es mucho m\u00e1s que tener cada cosa en su sitio. Es una herramienta poderosa para mejorar tu bienestar f\u00edsico y emocional, tanto en casa como en la oficina. En este contexto, la figura de la Professional de la organizaci\u00f3n resulta crucial.","robots":{"index":"index","follow":"follow","max-snippet":"max-snippet:-1","max-image-preview":"max-image-preview:large","max-video-preview":"max-video-preview:-1"},"canonical":"https:\/\/www.felicicat.cat\/es\/el-papel-de-la-organizadora-professional-y-la-magia-de-vivir-y-trabajar-en-orden\/","og_locale":"es_ES","og_type":"article","og_title":"El papel de la organizadora professional y la magia de vivir y trabajar en orden. - Felicicat","og_description":"El orden es mucho m\u00e1s que tener cada cosa en su sitio. Es una herramienta poderosa para mejorar tu bienestar f\u00edsico y emocional, tanto en casa como en la oficina. En este contexto, la figura de la Professional de la organizaci\u00f3n resulta crucial.","og_url":"https:\/\/www.felicicat.cat\/es\/el-papel-de-la-organizadora-professional-y-la-magia-de-vivir-y-trabajar-en-orden\/","og_site_name":"Felicicat","article_published_time":"2025-09-02T09:41:33+00:00","article_modified_time":"2025-09-02T09:58:23+00:00","og_image":[{"width":2560,"height":1707,"url":"https:\/\/www.felicicat.cat\/wp-content\/uploads\/2025\/09\/Ordre-Benestar-FeliciCat-scaled.jpg","type":"image\/jpeg"}],"author":"edu","twitter_card":"summary_large_image","twitter_misc":{"Escrito por":"edu","Tiempo de lectura":"5 minutos"},"schema":{"@context":"https:\/\/schema.org","@graph":[{"@type":"Article","@id":"https:\/\/www.felicicat.cat\/es\/el-papel-de-la-organizadora-professional-y-la-magia-de-vivir-y-trabajar-en-orden\/#article","isPartOf":{"@id":"https:\/\/www.felicicat.cat\/es\/el-papel-de-la-organizadora-professional-y-la-magia-de-vivir-y-trabajar-en-orden\/"},"author":{"name":"edu","@id":"https:\/\/www.felicicat.cat\/#\/schema\/person\/53cc36ea322123eb24f43676c759311d"},"headline":"El papel de la organizadora professional y la magia de vivir y trabajar en orden.","datePublished":"2025-09-02T09:41:33+00:00","dateModified":"2025-09-02T09:58:23+00:00","mainEntityOfPage":{"@id":"https:\/\/www.felicicat.cat\/es\/el-papel-de-la-organizadora-professional-y-la-magia-de-vivir-y-trabajar-en-orden\/"},"wordCount":842,"commentCount":0,"publisher":{"@id":"https:\/\/www.felicicat.cat\/#organization"},"image":{"@id":"https:\/\/www.felicicat.cat\/es\/el-papel-de-la-organizadora-professional-y-la-magia-de-vivir-y-trabajar-en-orden\/#primaryimage"},"thumbnailUrl":"https:\/\/www.felicicat.cat\/wp-content\/uploads\/2025\/09\/Ordre-Benestar-FeliciCat-scaled.jpg","articleSection":["Actualidad y tendencias"],"inLanguage":"es","potentialAction":[{"@type":"CommentAction","name":"Comment","target":["https:\/\/www.felicicat.cat\/es\/el-papel-de-la-organizadora-professional-y-la-magia-de-vivir-y-trabajar-en-orden\/#respond"]}]},{"@type":"WebPage","@id":"https:\/\/www.felicicat.cat\/es\/el-papel-de-la-organizadora-professional-y-la-magia-de-vivir-y-trabajar-en-orden\/","url":"https:\/\/www.felicicat.cat\/es\/el-papel-de-la-organizadora-professional-y-la-magia-de-vivir-y-trabajar-en-orden\/","name":"El papel de la organizadora professional y la magia de vivir y trabajar en orden. - Felicicat","isPartOf":{"@id":"https:\/\/www.felicicat.cat\/#website"},"primaryImageOfPage":{"@id":"https:\/\/www.felicicat.cat\/es\/el-papel-de-la-organizadora-professional-y-la-magia-de-vivir-y-trabajar-en-orden\/#primaryimage"},"image":{"@id":"https:\/\/www.felicicat.cat\/es\/el-papel-de-la-organizadora-professional-y-la-magia-de-vivir-y-trabajar-en-orden\/#primaryimage"},"thumbnailUrl":"https:\/\/www.felicicat.cat\/wp-content\/uploads\/2025\/09\/Ordre-Benestar-FeliciCat-scaled.jpg","datePublished":"2025-09-02T09:41:33+00:00","dateModified":"2025-09-02T09:58:23+00:00","description":"El orden es mucho m\u00e1s que tener cada cosa en su sitio. Es una herramienta poderosa para mejorar tu bienestar f\u00edsico y emocional, tanto en casa como en la oficina. En este contexto, la figura de la Professional de la organizaci\u00f3n resulta crucial.","breadcrumb":{"@id":"https:\/\/www.felicicat.cat\/es\/el-papel-de-la-organizadora-professional-y-la-magia-de-vivir-y-trabajar-en-orden\/#breadcrumb"},"inLanguage":"es","potentialAction":[{"@type":"ReadAction","target":["https:\/\/www.felicicat.cat\/es\/el-papel-de-la-organizadora-professional-y-la-magia-de-vivir-y-trabajar-en-orden\/"]}]},{"@type":"ImageObject","inLanguage":"es","@id":"https:\/\/www.felicicat.cat\/es\/el-papel-de-la-organizadora-professional-y-la-magia-de-vivir-y-trabajar-en-orden\/#primaryimage","url":"https:\/\/www.felicicat.cat\/wp-content\/uploads\/2025\/09\/Ordre-Benestar-FeliciCat-scaled.jpg","contentUrl":"https:\/\/www.felicicat.cat\/wp-content\/uploads\/2025\/09\/Ordre-Benestar-FeliciCat-scaled.jpg","width":2560,"height":1707,"caption":"Imatge organitzant i ordenant caixes."},{"@type":"BreadcrumbList","@id":"https:\/\/www.felicicat.cat\/es\/el-papel-de-la-organizadora-professional-y-la-magia-de-vivir-y-trabajar-en-orden\/#breadcrumb","itemListElement":[{"@type":"ListItem","position":1,"name":"Home","item":"https:\/\/www.felicicat.cat\/es\/"},{"@type":"ListItem","position":2,"name":"El papel de la organizadora professional y la&hellip;"}]},{"@type":"WebSite","@id":"https:\/\/www.felicicat.cat\/#website","url":"https:\/\/www.felicicat.cat\/","name":"Felicicat","description":"Institut Catal\u00e0 de la felicitat","publisher":{"@id":"https:\/\/www.felicicat.cat\/#organization"},"potentialAction":[{"@type":"SearchAction","target":{"@type":"EntryPoint","urlTemplate":"https:\/\/www.felicicat.cat\/?s={search_term_string}"},"query-input":"required name=search_term_string"}],"inLanguage":"es"},{"@type":"Organization","@id":"https:\/\/www.felicicat.cat\/#organization","name":"Felicicat","url":"https:\/\/www.felicicat.cat\/","logo":{"@type":"ImageObject","inLanguage":"es","@id":"https:\/\/www.felicicat.cat\/#\/schema\/logo\/image\/","url":"https:\/\/www.felicicat.cat\/wp-content\/uploads\/2023\/11\/4_proveslogotipsfelicicatFINAL_Mesadetrabajo1.png","contentUrl":"https:\/\/www.felicicat.cat\/wp-content\/uploads\/2023\/11\/4_proveslogotipsfelicicatFINAL_Mesadetrabajo1.png","width":1500,"height":195,"caption":"Felicicat"},"image":{"@id":"https:\/\/www.felicicat.cat\/#\/schema\/logo\/image\/"}},{"@type":"Person","@id":"https:\/\/www.felicicat.cat\/#\/schema\/person\/53cc36ea322123eb24f43676c759311d","name":"edu","image":{"@type":"ImageObject","inLanguage":"es","@id":"https:\/\/www.felicicat.cat\/#\/schema\/person\/image\/","url":"https:\/\/secure.gravatar.com\/avatar\/6fd3494648cb9e038992d31be80d2047?s=96&d=mm&r=g","contentUrl":"https:\/\/secure.gravatar.com\/avatar\/6fd3494648cb9e038992d31be80d2047?s=96&d=mm&r=g","caption":"edu"},"url":"https:\/\/www.felicicat.cat\/es\/author\/edu\/"}]}},"uagb_featured_image_src":{"full":["https:\/\/www.felicicat.cat\/wp-content\/uploads\/2025\/09\/Ordre-Benestar-FeliciCat-scaled.jpg",2560,1707,false],"thumbnail":["https:\/\/www.felicicat.cat\/wp-content\/uploads\/2025\/09\/Ordre-Benestar-FeliciCat-150x150.jpg",150,150,true],"medium":["https:\/\/www.felicicat.cat\/wp-content\/uploads\/2025\/09\/Ordre-Benestar-FeliciCat-300x200.jpg",300,200,true],"medium_large":["https:\/\/www.felicicat.cat\/wp-content\/uploads\/2025\/09\/Ordre-Benestar-FeliciCat-768x512.jpg",768,512,true],"large":["https:\/\/www.felicicat.cat\/wp-content\/uploads\/2025\/09\/Ordre-Benestar-FeliciCat-1024x683.jpg",980,654,true],"1536x1536":["https:\/\/www.felicicat.cat\/wp-content\/uploads\/2025\/09\/Ordre-Benestar-FeliciCat-1536x1024.jpg",1536,1024,true],"2048x2048":["https:\/\/www.felicicat.cat\/wp-content\/uploads\/2025\/09\/Ordre-Benestar-FeliciCat-2048x1365.jpg",2048,1365,true],"woocommerce_thumbnail":["https:\/\/www.felicicat.cat\/wp-content\/uploads\/2025\/09\/Ordre-Benestar-FeliciCat-scaled-center-top-60x60.jpg",60,60,true],"woocommerce_single":["https:\/\/www.felicicat.cat\/wp-content\/uploads\/2025\/09\/Ordre-Benestar-FeliciCat-scaled-700x467.jpg",700,467,true],"woocommerce_gallery_thumbnail":["https:\/\/www.felicicat.cat\/wp-content\/uploads\/2025\/09\/Ordre-Benestar-FeliciCat-100x100.jpg",100,100,true],"lightbox":["https:\/\/www.felicicat.cat\/wp-content\/uploads\/2025\/09\/Ordre-Benestar-FeliciCat-scaled.jpg",1500,1000,false],"search_results":["https:\/\/www.felicicat.cat\/wp-content\/uploads\/2025\/09\/Ordre-Benestar-FeliciCat-scaled-125x125.jpg",125,125,true],"blog_entry":["https:\/\/www.felicicat.cat\/wp-content\/uploads\/2025\/09\/Ordre-Benestar-FeliciCat-scaled-680x380.jpg",680,380,true],"blog_post":["https:\/\/www.felicicat.cat\/wp-content\/uploads\/2025\/09\/Ordre-Benestar-FeliciCat-scaled.jpg",570,380,false],"blog_post_full":["https:\/\/www.felicicat.cat\/wp-content\/uploads\/2025\/09\/Ordre-Benestar-FeliciCat-scaled-980x653.jpg",980,653,true],"blog_related":["https:\/\/www.felicicat.cat\/wp-content\/uploads\/2025\/09\/Ordre-Benestar-FeliciCat-scaled.jpg",570,380,false],"portfolio_entry":["https:\/\/www.felicicat.cat\/wp-content\/uploads\/2025\/09\/Ordre-Benestar-FeliciCat-scaled.jpg",500,333,false],"portfolio_post":["https:\/\/www.felicicat.cat\/wp-content\/uploads\/2025\/09\/Ordre-Benestar-FeliciCat-scaled.jpg",2560,1707,false],"portfolio_related":["https:\/\/www.felicicat.cat\/wp-content\/uploads\/2025\/09\/Ordre-Benestar-FeliciCat-scaled.jpg",500,333,false],"staff_entry":["https:\/\/www.felicicat.cat\/wp-content\/uploads\/2025\/09\/Ordre-Benestar-FeliciCat-scaled.jpg",500,333,false],"staff_post":["https:\/\/www.felicicat.cat\/wp-content\/uploads\/2025\/09\/Ordre-Benestar-FeliciCat-scaled.jpg",2560,1707,false],"staff_related":["https:\/\/www.felicicat.cat\/wp-content\/uploads\/2025\/09\/Ordre-Benestar-FeliciCat-scaled.jpg",500,333,false],"testimonials_entry":["https:\/\/www.felicicat.cat\/wp-content\/uploads\/2025\/09\/Ordre-Benestar-FeliciCat-scaled.jpg",45,30,false],"shop_catalog":["https:\/\/www.felicicat.cat\/wp-content\/uploads\/2025\/09\/Ordre-Benestar-FeliciCat-scaled-350x233.jpg",350,233,true],"shop_single":["https:\/\/www.felicicat.cat\/wp-content\/uploads\/2025\/09\/Ordre-Benestar-FeliciCat-scaled-700x467.jpg",700,467,true],"shop_single_thumbnail":["https:\/\/www.felicicat.cat\/wp-content\/uploads\/2025\/09\/Ordre-Benestar-FeliciCat-scaled-140x140.jpg",140,140,true],"shop_category":["https:\/\/www.felicicat.cat\/wp-content\/uploads\/2025\/09\/Ordre-Benestar-FeliciCat-scaled.jpg",2560,1707,false],"shop_thumbnail_cart":["https:\/\/www.felicicat.cat\/wp-content\/uploads\/2025\/09\/Ordre-Benestar-FeliciCat-scaled-center-top-60x60.jpg",60,60,true],"gallery":["https:\/\/www.felicicat.cat\/wp-content\/uploads\/2025\/09\/Ordre-Benestar-FeliciCat-scaled.jpg",500,333,false]},"uagb_author_info":{"display_name":"edu","author_link":"https:\/\/www.felicicat.cat\/es\/author\/edu\/"},"uagb_comment_info":0,"uagb_excerpt":"El orden es mucho m\u00e1s que tener cada cosa en su sitio. Es una poderosa herramienta para mejorar tu bienestar f\u00edsico y emocional, tanto en casa como en la oficina. La verdad es que, si todo el mundo supiera mantener el orden de forma efectiva, no habr\u00eda tantos hogares (y oficinas) donde la acumulaci\u00f3n, el&hellip;","_links":{"self":[{"href":"https:\/\/www.felicicat.cat\/es\/wp-json\/wp\/v2\/posts\/15049"}],"collection":[{"href":"https:\/\/www.felicicat.cat\/es\/wp-json\/wp\/v2\/posts"}],"about":[{"href":"https:\/\/www.felicicat.cat\/es\/wp-json\/wp\/v2\/types\/post"}],"author":[{"embeddable":true,"href":"https:\/\/www.felicicat.cat\/es\/wp-json\/wp\/v2\/users\/2"}],"replies":[{"embeddable":true,"href":"https:\/\/www.felicicat.cat\/es\/wp-json\/wp\/v2\/comments?post=15049"}],"version-history":[{"count":6,"href":"https:\/\/www.felicicat.cat\/es\/wp-json\/wp\/v2\/posts\/15049\/revisions"}],"predecessor-version":[{"id":15087,"href":"https:\/\/www.felicicat.cat\/es\/wp-json\/wp\/v2\/posts\/15049\/revisions\/15087"}],"wp:featuredmedia":[{"embeddable":true,"href":"https:\/\/www.felicicat.cat\/es\/wp-json\/wp\/v2\/media\/15051"}],"wp:attachment":[{"href":"https:\/\/www.felicicat.cat\/es\/wp-json\/wp\/v2\/media?parent=15049"}],"wp:term":[{"taxonomy":"category","embeddable":true,"href":"https:\/\/www.felicicat.cat\/es\/wp-json\/wp\/v2\/categories?post=15049"},{"taxonomy":"post_tag","embeddable":true,"href":"https:\/\/www.felicicat.cat\/es\/wp-json\/wp\/v2\/tags?post=15049"},{"taxonomy":"post_series","embeddable":true,"href":"https:\/\/www.felicicat.cat\/es\/wp-json\/wp\/v2\/post_series?post=15049"}],"curies":[{"name":"wp","href":"https:\/\/api.w.org\/{rel}","templated":true}]}}