{"id":14690,"date":"2025-07-22T09:00:57","date_gmt":"2025-07-22T09:00:57","guid":{"rendered":"https:\/\/www.felicicat.cat\/?p=14690"},"modified":"2025-07-23T11:00:19","modified_gmt":"2025-07-23T11:00:19","slug":"felicicat-expande-su-vision-de-la-felicidad-el-bienestar-espiritual-se-une-a-los-7-pilares-esenciales","status":"publish","type":"post","link":"https:\/\/www.felicicat.cat\/es\/felicicat-expande-su-vision-de-la-felicidad-el-bienestar-espiritual-se-une-a-los-7-pilares-esenciales\/","title":{"rendered":"feliciCat expande su visi\u00f3n de la felicidad: El Bienestar Espiritual se une a los 7 pilares esenciales"},"content":{"rendered":"<p><strong>En feliciCat (Institut Catal\u00e0 de la Felicitat)<\/strong>, siempre hemos cre\u00eddo que la felicidad, tanto a nivel personal como colectivo, es un constructo multifac\u00e9tico que requiere una atenci\u00f3n integral. Desde que su fundaci\u00f3n en enero de 2021, nuestro modelo se ha fundamentado en 7 pilares esenciales del bienestar: f\u00edsico, emocional, nutricional, tecnol\u00f3gico, medioambiental, social y econ\u00f3mico. Hoy, con gran entusiasmo, anunciamos la ampliaci\u00f3n de nuestro enfoque, incorporando un octavo pilar que consideramos crucial para la plenitud humana: el <strong>bienestar espiritual<\/strong>.<\/p>\n<p>Esta evoluci\u00f3n responde a una profunda reflexi\u00f3n y a la creciente demanda de herramientas y recursos que aborden la dimensi\u00f3n m\u00e1s trascendente de la existencia. En feliciCat, entendemos que la espiritualidad no se limita a pr\u00e1cticas religiosas, sino que abarca <strong>la b\u00fasqueda de prop\u00f3sito, significado y conexi\u00f3n con uno mismo<\/strong>, elementos fundamentales para <strong>una vida plena.<\/strong><\/p>\n<p>A continuaci\u00f3n, detallamos nuestros ocho pilares del bienestar, con un enfoque renovado y la inclusi\u00f3n de datos relevantes que subrayan su importancia:<\/p>\n<h3><strong>Los 8 pilares del bienestar de feliciCat<\/strong><\/h3>\n<h4><strong> Bienestar F\u00edsico<\/strong><\/h4>\n<div class=\"traductor-textarea form-group\">\n<div class=\"textarea-desti col-xs-12 col-sm-6\">\n<div class=\"form-control second-textarea\">\n<p>La cura del cuerpo es la base de toda forma de bienestar. M\u00faltiples estudios demuestran que la actividad f\u00edsica regular no solo prev\u00e9 enfermedades cr\u00f3nicas como las cardiovasculares, la diabetes tipo 2 y ciertos tipos de c\u00e1ncer, sino que tambi\u00e9n mejora el estado de \u00e1nimo y reduce el estr\u00e9s. Hay numerosas evidencias que relacionan el ejercicio moderado, incluso en peque\u00f1as dosis, con un impacto significativo en la longevidad y la calidad de vida. Por otro lado, en el \u00e1mbito laboral, tambi\u00e9n hay estudios indican que aproximadamente el 60% de los participantes en investigaciones sobre <strong>sedentarismo laboral<\/strong> pasan la mayor parte de la jornada laboral sentados.<\/p>\n<p>Por otro lado, feliciCat se ha centrado en los \u00faltimos dos a\u00f1os a destacar la importancia de las <strong>pausas activas<\/strong> en el \u00e1mbito laboral. Su pr\u00e1ctica es multifactorial e impacta directamente en la salud, el bienestar y la productividad de los trabajadores. Por otro lado, el bienestar f\u00edsico tambi\u00e9n se trata otras disciplinas como la <strong>higiene postural<\/strong>&#8230;y es aqu\u00ed donde el mobiliario de las oficinas o puesto de trabajo tambi\u00e9n juega un papel fundamental. Investir en un dise\u00f1o de oficinas pr\u00e1cticas y saludables (<strong>living office<\/strong>) tambi\u00e9n es una disciplina que nos acerca a la felicidad en el \u00e1mbito laboral.<\/p>\n<\/div>\n<\/div>\n<\/div>\n<h4><strong>Bienestar Emocional<\/strong><\/h4>\n<p>La gesti\u00f3n de nuestras emociones es clave para afrontar los desaf\u00edos diarios y construir relaciones saludables. La capacidad de reconocer, entender y regular las emociones est\u00e1 directamente ligada a la resiliencia y la salud mental. Investigaciones de la Organizaci\u00f3n Mundial de la Salud (OMS) resaltan que el bienestar emocional es una parte integral de la salud general y que el <strong>manejo efectivo del estr\u00e9s<\/strong> puede prevenir trastornos como la ansiedad y la depresi\u00f3n, que afectan a millones de personas en todo el mundo.<\/p>\n<p>En el \u00e1mbito catal\u00e1n, y seg\u00fan datos de la Generalitat, <strong>1,2 millones de personas en Catalu\u00f1a tienen un trastorno mental<\/strong>. Y no solo estamos hablando de personas adultas, sino que en Catalu\u00f1a, y seg\u00fan el Informe de Salud de los J\u00f3venes en Catalu\u00f1a, <strong>el 24% de las personas de m\u00e1s de 15 a\u00f1os declara tener malestar emocional<\/strong>. Es por este motivo, que desde feliciCat tambi\u00e9n tenemos como <strong>las escuelas<\/strong> (desde 6.\u00ba de primaria hasta la educaci\u00f3n superior) <strong>como \u00e1mbito de actuaci\u00f3n<\/strong> . Desde 2021, <strong>feliciCat imparte sesiones\/conferencias, programas formativos o participa en iniciativas relacionadas con el bienestar emocional y la salud mental<\/strong>, para fortalecer las capacidades de afrontamiento de la ciudadan\u00eda, facilitando aprendizajes en estrategias de autocuidado y herramientas de gesti\u00f3n emocional.<\/p>\n<h4><strong> Bienestar Nutricional<\/strong><\/h4>\n<p>Una alimentaci\u00f3n equilibrada y consciente nutre tanto el cuerpo como la mente. La ciencia de la nutrici\u00f3n ha demostrado repetidamente la conexi\u00f3n entre el que comemos y nuestra salud f\u00edsica y mental. Un informe de la Universidad de Harvard subraya que una dieta rica en frutas, verduras y grandes enteros no solo reduce el riesgo de enfermedades cr\u00f3nicas, sino que tambi\u00e9n mejora la funci\u00f3n cognitiva y el estado de \u00e1nimo, impactando directamente en la energ\u00eda y la claridad mental.<\/p>\n<p>Por otro lado, a feliciCat tambi\u00e9n incidimos que comer su no se trata solo de elegir alimentos saludables, sino de un enfoque integral que empieza mucho antes de sentarte a mesa. El verdadero <strong>bienestar nutricional<\/strong> rae en la<strong> planificaci\u00f3n de tus comidas<\/strong> y al <strong>ser consciente del que compras<\/strong>. Al planificar, tomas el control de tu alimentaci\u00f3n, asegurando variedad y equilibrio. Y al ser consciente de tus compras, eliges intencionadamente el que entra a tu despensa, evitando impulsos y priorizando la calidad. Solo as\u00ed transformar\u00e1s tus h\u00e1bitos alimentarios de manera duradera y sentir\u00e1s un impacto real en tu bienestar general.<\/p>\n<h4><strong> Bienestar Tecnol\u00f3gico<\/strong><\/h4>\n<p>En la era digital, la relaci\u00f3n con la tecnolog\u00eda es un factor determinante en nuestro bienestar. Un uso consciente y equilibrado de las herramientas digitales es esencial para evitar la sobrecarga de informaci\u00f3n, la adicci\u00f3n y el aislamiento. Un estudio de ING sobre Bienestar Digital en Espa\u00f1a revel\u00f3 que m\u00e1s del 90% de los espa\u00f1oles de entre 18 y 65 a\u00f1os considera no tener un bienestar digital adecuado, y un 54% cree que es fundamental un protocolo de desconexi\u00f3n laboral, cosa que subraya la necesidad de gestionar de forma inteligente nuestra interacci\u00f3n con las pantallas.<\/p>\n<p>En <strong>feliciCat<\/strong>, entendemos el bienestar tecnol\u00f3gico como un equilibrio esencial para nuestra calidad de vida. No se trata solo de estar a la \u00faltima en gadgets, sino de una relaci\u00f3n consciente y saludable con la tecnolog\u00eda que nos rodea. Por eso, adoptamos dos posiciones fundamentales que, lejos de ser contradictorias, son complementarias:<\/p>\n<p><strong>-La Tecnolog\u00eda como Potenciador del Bienestar<\/strong><\/p>\n<p>En primer lugar, en feliciCat defendemos la importancia de <strong>disponer de los recursos tecnol\u00f3gicos adecuados para nuestro d\u00eda a d\u00eda<\/strong>. Esto incluye tener las herramientas necesarias para trabajar con eficiencia, mantener relaciones personales significativas y vivir debidamente informado sobre el mundo que nos rodea. En este sentido, vemos las <strong>nuevas tecnolog\u00edas, como la Inteligencia Artificial (IA), como potenciales aliados para nuestro bienestar<\/strong>. La IA, por ejemplo, puede acontecer un partner valioso para optimizar procesos, ofrecer soluciones personalizadas o facilitar el acceso a la informaci\u00f3n. Sin embargo, esta alianza solo es beneficiosa si la tecnolog\u00eda se utiliza siempre <strong>de forma \u00e9tica, responsable y al servicio de las personas,<\/strong> y no al rev\u00e9s.<\/p>\n<p><strong>-La Capacidad de Desconexi\u00f3n Digital<\/strong><\/p>\n<p>La segunda posici\u00f3n, igualmente crucial para <strong>feliciCat<\/strong>, es la <strong>capacidad de desconectar de todas las tecnolog\u00edas y dispositivos<\/strong> que nos rodean. En una sociedad hiperconnectada, la <strong>desconexi\u00f3n digital<\/strong> acontece una necesidad imperante para preservar nuestra salud mental y nuestro bienestar emocional. feliciCat ha hecho de la desconexi\u00f3n digital <strong>una de sus especialidades<\/strong>, ofreciendo recursos y estrategias para ayudar las personas a encontrar este equilibrio. Desconectar implica establecer l\u00edmites claros con las pantallas, permiti\u00e9ndonos disfrutar de momentos de calma, presencia llena, interacci\u00f3n humana real y actividades que nutran nuestro cuerpo y nuestra mente sin interrupciones constantes.<\/p>\n<p>En definitiva, en <strong>feliciCat<\/strong> promovemos una relaci\u00f3n con la tecnolog\u00eda que abraza tanto su potencial para mejorar nuestras vidas, como la libertad y la capacidad de desconectarnos para reconectar con nosotros mismos y con el mundo real.<\/p>\n<h4><strong>Bienestar Medioambiental<\/strong><\/h4>\n<p>Nuestra conexi\u00f3n con la natura y el entorno que nos rodea influye profundamente en nuestra salud. La exposici\u00f3n en espacios verdes, la concienciaci\u00f3n sobre el cambio clim\u00e1tico y la adopci\u00f3n de pr\u00e1cticas sostenibles son vitales. Investigaciones de la Agencia de Protecci\u00f3n Ambiental de los Estados Unidos (EPA) indican que una mayor conexi\u00f3n con el medio ambiente se asocia con niveles reducidos de estr\u00e9s, una mejor salud mental y un mayor sentido de prop\u00f3sito, al sentirnos parte de algo m\u00e1s grande.<\/p>\n<p>A feliciCat incidimos en la importancia de incluir el <strong>bienestar medioambiental<\/strong> en las estrategias de bienestar empresarial. Concretamente, nos refiere a como el entorno f\u00edsico influye en nuestra salud y bienestar. A la empresa, en la escuela y a casa, es clave controlar la <strong>temperatura<\/strong> (idealmente 20-23 \u00b0C en invierno y 24-26 \u00b0C en verano, con una humedad del 40-60%) y la <strong>calidad del aire<\/strong>, asegurando una buena ventilaci\u00f3n para evitar contaminantes. Adem\u00e1s, la <strong>convivencia con elementos naturales<\/strong> como las plantas (biof\u00edlia) es fundamental. Estudios demuestran que <strong>las plantas pueden aumentar la productividad hasta un 15% y reducir el estr\u00e9s<\/strong>, puesto que filtran contaminantes del aire. Cuidar estos aspectos no es solo sostenible, sino una inversi\u00f3n directa en nuestra salud y bienestar colectivo.<\/p>\n<p>La <strong>reverditzaci\u00f3n de espacios <\/strong>en entornos laborales y educativos, como oficinas, aulas y patios de escuela<strong> (refugios clim\u00e1ticos)<\/strong>, es crucial para el bienestar. No solo mejora la calidad del aire y reduce el estr\u00e9s, sino que tambi\u00e9n contribuye a combatir los riesgos clim\u00e1ticos. Crear zonas verdes ayuda a mitigar el efecto \u00abisla de calor urbano\u00bb, bajando la temperatura ambiental, y favorece la biodiversidad. Adem\u00e1s, proporciona espacios de sombra y frescura esenciales ante olas de calor cada vez m\u00e1s frecuentes, preparando nuestros espacios para un futuro con retos clim\u00e1ticos crecientes.<\/p>\n<h4><strong>Bienestar Social<\/strong><\/h4>\n<div class=\"traductor-textarea form-group\">\n<div class=\"textarea-desti col-xs-12 col-sm-6\">\n<div class=\"form-control second-textarea\">\n<p>Las relaciones humanas son un pilar fundamental de la felicidad. Sentirse conectado, apoyado y parte de una comunidad contribuye significativamente a nuestra salud emocional y f\u00edsica. Un estudio longitudinal de Harvard, que ha seguido a individuos durante d\u00e9cadas, ha demostrado consistentemente que las relaciones interpersonales fuertes y significativas son el predictor m\u00e1s importante de la felicidad y la longevidad, superando incluso factores como la riqueza o el \u00e9xito profesional.<\/p>\n<p>A feliciCat ofrecemos soluciones en forma de talleres y programas formativos para favorecer las relaciones interpersonales y potenciar la productividad empresarial. Es esencial potenciar habilidades sociales como la <strong>comunicaci\u00f3n efectiva<\/strong>, la <strong>escucha activa<\/strong>, la <strong>empat\u00eda<\/strong>, la <strong>resoluci\u00f3n de conflictos<\/strong>, la <strong>colaboraci\u00f3n<\/strong>, el <strong>liderazgo positivo<\/strong> y la <strong>inteligencia emocional<\/strong> en el \u00e1mbito laboral.<\/p>\n<\/div>\n<\/div>\n<\/div>\n<h4><strong>Bienestar Econ\u00f3mico:<\/strong><\/h4>\n<div class=\"traductor-textarea form-group\">\n<div class=\"textarea-desti col-xs-12 col-sm-6\">\n<div class=\"form-control second-textarea\">\n<p>El bienestar econ\u00f3mico de las personas va <strong>m\u00e1s all\u00e1 del sueldo que perciben<\/strong> en su etapa profesional. La seguridad y la estabilidad financiera, entendimientos como la capacidad de gestionar ingresos y gastos, ahorrar para emergencias y planificar el futuro, son cruciales para reducir el estr\u00e9s y la incertidumbre. Un estudio del Bank of America encontr\u00f3 que el 69% de los trabajadores se sienten abrumados por sus finanzas y el 72% admite preocuparse por su econom\u00eda personal y familiar durante las horas de trabajo, lo cual destaca la importancia de este pilar para la productividad y el bienestar general.<\/p>\n<p>Por otro lado, la precariedad laboral y la inseguridad econ\u00f3mica son factores de riesgo reconocidos para la salud mental. En el \u00e1mbito catal\u00e1n, el informe \u00abSalud mental y trabajo 2024\u00bb de la UGT, que incluye datos de Catalu\u00f1a, se\u00f1ala que los trastornos de salud mental son la segunda causa de baja laboral en Espa\u00f1a, con m\u00e1s de 603.521 bajas registradas el 2023. La inestabilidad financiera y la percepci\u00f3n de un salario insuficiente son fuentes importantes de estr\u00e9s y ansiedad.<\/p>\n<p>La gesti\u00f3n de las finanzas personales es una habilidad crucial que va mucho m\u00e1s all\u00e1 de la simple administraci\u00f3n de dinero; es un pilar fundamental del <strong>bienestar integral<\/strong>. Formarse en este \u00e1mbito permite a las personas tomar decisiones informadas, establecer objetivos financieros claros y construir un futuro econ\u00f3mico estable.<\/p>\n<p>Con todo esto, adquirir <strong>conocimientos sobre presupuestos, ahorro, inversi\u00f3n o gesti\u00f3n de la deuda<\/strong> reduce significativamente el estr\u00e9s y la ansiedad asociados a la incertidumbre econ\u00f3mica. Esta tranquilidad financiera repercute directamente en una mejor salud mental y f\u00edsica, aumentando la capacidad de concentraci\u00f3n y la productividad, tanto en la vida personal como profesional. En un mundo donde la complejidad econ\u00f3mica es creciente, empoderar las personas con herramientas de gesti\u00f3n financiera es esencial para promover su autonom\u00eda y su bienestar a largo plazo.<\/p>\n<\/div>\n<\/div>\n<\/div>\n<div class=\"traductor-checkbox form-group\">\n<div class=\"row\"><\/div>\n<\/div>\n<p>Cada pilar es guiado por un equipo especializado de facilitadores y facilitadoras que dise\u00f1an experiencias pr\u00e1cticas, aplicables y alineadas con la realidad de cada empresa. Con la incorporaci\u00f3n del bienestar espiritual, completamos <strong>un recorrido que pone las personas en el centro y las acompa\u00f1a a crecer a las personas \u00abdesde dentro hacia afuera\u00bb.<\/strong><\/p>\n<h3><strong>La creciente importancia del Bienestar Espiritual y el trabajo interno<\/strong><\/h3>\n<p>La incorporaci\u00f3n del <strong>bienestar espiritual<\/strong> a nuestros pilares es un reflejo de una creciente comprensi\u00f3n de la complejidad de la felicidad humana. Este \u00e1mbito se refiere a la b\u00fasqueda de significado y prop\u00f3sito en la vida, a la conexi\u00f3n con los propios valores y creencias, y a la sensaci\u00f3n de trascendencia. Diversos estudios, como los citados por <em>Mass.gov<\/em>, sugieren que el bienestar espiritual puede ayudar a las personas a afrontar traumas, disminuir la ansiedad y la depresi\u00f3n, mejorar la calidad de vida y aumentar los sentimientos de paz interior y esperanza, as\u00ed como el estado energ\u00e9tico del cuerpo. La espiritualidad puede manifestarse de muchas formas, desde la pr\u00e1ctica religiosa hasta la meditaci\u00f3n (en feliciCat disponemos de perfiles es<span style=\"color: #000000;\">pecializados en <strong><a style=\"color: #000000;\" href=\"https:\/\/www.felicicat.cat\/es\/portfolio-item\/eva-serrano\/\" target=\"_blank\" rel=\"noopener\">Mindfulness<\/a>, <a style=\"color: #000000;\" href=\"https:\/\/www.felicicat.cat\/es\/portfolio-item\/nuria-parera-martinez\/\" target=\"_blank\" rel=\"noopener\">Yoga<\/a>, el <a style=\"color: #000000;\" href=\"https:\/\/www.felicicat.cat\/es\/portfolio-item\/sandra-piug-pascual\/\" target=\"_blank\" rel=\"noopener\">Jin Shin Jyutsu<\/a> y la<\/strong><strong>\u00a0<a style=\"color: #000000;\" href=\"https:\/\/www.felicicat.cat\/es\/portfolio-item\/maria-rosa-damia-serra\/\" target=\"_blank\" rel=\"noopener\">T\u00e8cnica estructural<\/a><\/strong>), la c<\/span>onexi\u00f3n con la naturaleza o la expresi\u00f3n creativa.<\/p>\n<p>En los \u00faltimos a\u00f1os, hemos observado un <strong>incremento notable en la demanda de talleres y programas asociados al bienestar espiritual<\/strong> y al desarrollo personal. Cada vez hay m\u00e1s conciencia de que ser feliz es una corresponsabilidad y que requiere un <strong>trabajo interno<\/strong> constante. Las personas buscan herramientas y espacios para profundizar en su autoconocimiento, explorar sus valores m\u00e1s profundos y encontrar un sentido de prop\u00f3sito m\u00e1s all\u00e1 de las circunstancias externas. Esta tendencia refleja una madurez colectiva hacia una visi\u00f3n m\u00e1s hol\u00edstica del bienestar, donde la paz interior y la conexi\u00f3n con el propio ser son vistas como fundamentales para una vida plena y satisfactoria.<\/p>\n<p>En feliciCat, estamos comprometidos a seguir acompa\u00f1\u00e1ndolos en este viaje hacia la felicidad integral, ofreciendo herramientas y conocimientos para cultivar los ocho pilares del bienestar. Creemos que esta expansi\u00f3n de nuestro modelo nos permitir\u00e1 abordar de manera m\u00e1s completa las necesidades de bienestar de la sociedad actual.<\/p>\n<h2 style=\"text-align: center;\"><strong>Con la incorporaci\u00f3n del Bienestar Espiritual, el modelo de feliciCat <\/strong><strong>evoluciona y se vuelve todav\u00eda m\u00e1s completo.\u00a0<\/strong><\/h2>\n<h2 style=\"text-align: center;\"><img loading=\"lazy\" decoding=\"async\" class=\"aligncenter size-large wp-image-15036\" src=\"https:\/\/www.felicicat.cat\/wp-content\/uploads\/2025\/06\/Presentacio-feliciCat-ESP-1024x576.jpg\" alt=\"Infografia de los 8 bienestares de feliciCat\" width=\"980\" height=\"551\" srcset=\"https:\/\/www.felicicat.cat\/wp-content\/uploads\/2025\/06\/Presentacio-feliciCat-ESP-1024x576.jpg 1024w, https:\/\/www.felicicat.cat\/wp-content\/uploads\/2025\/06\/Presentacio-feliciCat-ESP-300x169.jpg 300w, https:\/\/www.felicicat.cat\/wp-content\/uploads\/2025\/06\/Presentacio-feliciCat-ESP-768x432.jpg 768w, https:\/\/www.felicicat.cat\/wp-content\/uploads\/2025\/06\/Presentacio-feliciCat-ESP-1536x864.jpg 1536w, https:\/\/www.felicicat.cat\/wp-content\/uploads\/2025\/06\/Presentacio-feliciCat-ESP-600x338.jpg 600w, https:\/\/www.felicicat.cat\/wp-content\/uploads\/2025\/06\/Presentacio-feliciCat-ESP.jpg 1920w\" sizes=\"(max-width: 980px) 100vw, 980px\" \/><\/h2>\n<p>Esperamos que esta exploraci\u00f3n por los ocho (8) pilares del <strong>bienestar<\/strong> os haya estado \u00fatil e inspiradora. En <strong>feliciCat<\/strong>, estamos convencidos que un enfoque integral \u2014que<strong> abraza el bienestar f\u00edsico, tecnol\u00f3gico, medioambiental, emocional, social, nutricional, espiritual y econ\u00f3mico<\/strong>\u2014 es la clave para una vida llena y productiva, tanto a nivel personal como profesional.<\/p>\n<p>Si vuestra empresa o vosotros, como particulares, sent\u00eds la necesidad de profundizar en alguno de estos \u00e1mbitos o quer\u00e9is transformar vuestro entorno hacia un mayor bienestar, no dud\u00e1is a <strong>contactarnos<\/strong>. Estamos aqu\u00ed para ayudaros. Pod\u00e9is hacerlo f\u00e1cilmente a <strong>trav\u00e9s del siguiente formulario<\/strong>. Hagamos del bienestar una prioridad!<\/p>\n<div class=\"wpforms-container wpforms-container-full wpforms-render-modern\" id=\"wpforms-4880\"><form id=\"wpforms-form-4880\" class=\"wpforms-validate wpforms-form wpforms-ajax-form\" data-formid=\"4880\" method=\"post\" enctype=\"multipart\/form-data\" action=\"\/es\/wp-json\/wp\/v2\/posts\/14690\" data-token=\"f76c6e400804bc4180fce55c325d93db\"><noscript class=\"wpforms-error-noscript\">Por favor, activa JavaScript en tu navegador para completar este formulario.<\/noscript><div class=\"wpforms-hidden\" id=\"wpforms-error-noscript\">Por favor, activa JavaScript en tu navegador para completar este formulario.<\/div><div class=\"wpforms-field-container\"><div id=\"wpforms-4880-field_0-container\" class=\"wpforms-field wpforms-field-name\" data-field-id=\"0\"><fieldset><legend class=\"wpforms-field-label wpforms-label-hide\" aria-hidden=\"false\">Nombre <span class=\"wpforms-required-label\" aria-hidden=\"true\">*<\/span><\/legend><div class=\"wpforms-field-row wpforms-field-large\"><div class=\"wpforms-field-row-block wpforms-first wpforms-one-half\"><input type=\"text\" id=\"wpforms-4880-field_0\" class=\"wpforms-field-name-first wpforms-field-required\" name=\"wpforms[fields][0][first]\" placeholder=\"Nombre *\" aria-errormessage=\"wpforms-4880-field_0-error\" required><label for=\"wpforms-4880-field_0\" class=\"wpforms-field-sublabel after wpforms-sublabel-hide\">Nombre<\/label><\/div><div class=\"wpforms-field-row-block wpforms-one-half\"><input type=\"text\" id=\"wpforms-4880-field_0-last\" class=\"wpforms-field-name-last wpforms-field-required\" name=\"wpforms[fields][0][last]\" placeholder=\"Apellido *\" aria-errormessage=\"wpforms-4880-field_0-last-error\" required><label for=\"wpforms-4880-field_0-last\" class=\"wpforms-field-sublabel after wpforms-sublabel-hide\">Apellidos<\/label><\/div><\/div><\/fieldset><\/div><div id=\"wpforms-4880-field_1-container\" class=\"wpforms-field wpforms-field-email\" data-field-id=\"1\"><label class=\"wpforms-field-label wpforms-label-hide\" for=\"wpforms-4880-field_1\" aria-hidden=\"false\">Correo electr\u00f3nico <span class=\"wpforms-required-label\" aria-hidden=\"true\">*<\/span><\/label><input type=\"email\" id=\"wpforms-4880-field_1\" class=\"wpforms-field-large wpforms-field-required\" name=\"wpforms[fields][1]\" placeholder=\"Email\" spellcheck=\"false\" aria-errormessage=\"wpforms-4880-field_1-error\" required><\/div><div id=\"wpforms-4880-field_7-container\" class=\"wpforms-field wpforms-field-text\" data-field-id=\"7\"><label class=\"wpforms-field-label wpforms-label-hide\" for=\"wpforms-4880-field_7\" aria-hidden=\"false\">Indica&#039;ns el teu n\u00famero de contacte (m\u00f2bil o fix)<\/label><input type=\"text\" id=\"wpforms-4880-field_7\" class=\"wpforms-field-medium\" name=\"wpforms[fields][7]\" placeholder=\"Indica&#039;ns el teu n\u00famero de contacte (m\u00f2bil o fix)\" aria-errormessage=\"wpforms-4880-field_7-error\" ><\/div><div id=\"wpforms-4880-field_5-container\" class=\"wpforms-field wpforms-field-text\" data-field-id=\"5\"><label class=\"wpforms-field-label wpforms-label-hide\" for=\"wpforms-4880-field_5\" aria-hidden=\"false\">Poblaci\u00f3n <span class=\"wpforms-required-label\" aria-hidden=\"true\">*<\/span><\/label><input type=\"text\" id=\"wpforms-4880-field_5\" class=\"wpforms-field-large wpforms-field-required\" name=\"wpforms[fields][5]\" placeholder=\"Poblaci\u00f3n *\" aria-errormessage=\"wpforms-4880-field_5-error\" required><\/div><div id=\"wpforms-4880-field_3-container\" class=\"wpforms-field wpforms-field-payment-select wpforms-field-select-style-modern\" data-field-id=\"3\"><label class=\"wpforms-field-label\" for=\"wpforms-4880-field_3\">Tipo de usuario <span class=\"wpforms-required-label\" aria-hidden=\"true\">*<\/span><\/label><select id=\"wpforms-4880-field_3\" class=\"wpforms-payment-price wpforms-field-large wpforms-field-required choicesjs-select\" data-size-class=\"wpforms-field-row wpforms-field-large\" data-search-enabled=\"\" name=\"wpforms[fields][3]\" required=\"required\"><option value=\"\" class=\"placeholder\" disabled  selected='selected'>Empresa privada<\/option><option value=\"1\" data-amount=\"0.00\" data-custom-properties=\"0.00\" >Empresa privada<\/option><option value=\"4\" data-amount=\"0.00\" data-custom-properties=\"0.00\" >Centro educativo<\/option><option value=\"3\" data-amount=\"0.00\" data-custom-properties=\"0.00\" >Instituci\u00f3n p\u00fablica<\/option><option value=\"5\" data-amount=\"0.00\" data-custom-properties=\"0.00\" >Profesional independiente<\/option><option value=\"2\" data-amount=\"0.00\" data-custom-properties=\"0.00\" >Particular<\/option><\/select><\/div><div id=\"wpforms-4880-field_2-container\" class=\"wpforms-field wpforms-field-textarea\" data-field-id=\"2\"><label class=\"wpforms-field-label wpforms-label-hide\" for=\"wpforms-4880-field_2\" aria-hidden=\"false\">\u00bfTienes algo que contarnos?<\/label><textarea id=\"wpforms-4880-field_2\" class=\"wpforms-field-large\" name=\"wpforms[fields][2]\" placeholder=\"\u00bfTienes algo que contarnos? *\" aria-errormessage=\"wpforms-4880-field_2-error\" ><\/textarea><\/div><div id=\"wpforms-4880-field_4-container\" class=\"wpforms-field wpforms-field-checkbox\" data-field-id=\"4\"><fieldset><legend class=\"wpforms-field-label wpforms-label-hide\" aria-hidden=\"false\">Casillas de verificaci\u00f3n <span class=\"wpforms-required-label\" aria-hidden=\"true\">*<\/span><\/legend><ul id=\"wpforms-4880-field_4\" class=\"wpforms-field-required\"><li class=\"choice-1 depth-1\"><input type=\"checkbox\" id=\"wpforms-4880-field_4_1\" name=\"wpforms[fields][4][]\" value=\"He le\u00eddo y acepto el &lt;a target=&quot;_blank&quot; rel=&quot;nofollow noopener noreferrer&quot; href=&quot;https:\/\/felicicat.cetrexmarketing.com\/es\/avis-legal\/&quot;&gt;Aviso Legal&lt;\/a&gt; y la &lt;a href=&quot;https:\/\/felicicat.cetrexmarketing.com\/es\/politica-de-privacitat\/&quot; rel=&quot;nofollow noopener noreferrer&quot; target=&quot;_blank&quot;&gt;Pol\u00edtica de Privacidad&lt;\/a&gt; de este sitio web.\" aria-errormessage=\"wpforms-4880-field_4_1-error\" required ><label class=\"wpforms-field-label-inline\" for=\"wpforms-4880-field_4_1\">He le\u00eddo y acepto el <a target=\"_blank\" rel=\"nofollow noopener noreferrer\" href=\"https:\/\/felicicat.cetrexmarketing.com\/es\/avis-legal\/\">Aviso Legal<\/a> y la <a href=\"https:\/\/felicicat.cetrexmarketing.com\/es\/politica-de-privacitat\/\" rel=\"nofollow noopener noreferrer\" target=\"_blank\">Pol\u00edtica de Privacidad<\/a> de este sitio web.<\/label><\/li><\/ul><\/fieldset><\/div><\/div><!-- .wpforms-field-container --><div class=\"wpforms-recaptcha-container wpforms-is-recaptcha wpforms-is-recaptcha-type-v3\" ><input type=\"hidden\" name=\"wpforms[recaptcha]\" value=\"\"><\/div><div class=\"wpforms-submit-container\" ><input type=\"hidden\" name=\"wpforms[id]\" value=\"4880\"><input type=\"hidden\" name=\"wpforms[author]\" value=\"2\"><button type=\"submit\" name=\"wpforms[submit]\" id=\"wpforms-submit-4880\" class=\"wpforms-submit\" data-alt-text=\"Enviando...\" data-submit-text=\"Enviar formulario\" aria-live=\"assertive\" value=\"wpforms-submit\">Enviar formulario<\/button><img src=\"https:\/\/www.felicicat.cat\/wp-content\/plugins\/wpforms-lite\/assets\/images\/submit-spin.svg\" class=\"wpforms-submit-spinner\" style=\"display: none;\" width=\"26\" height=\"26\" alt=\"Cargando\"><\/div><\/form><\/div>  <!-- .wpforms-container -->\n","protected":false},"excerpt":{"rendered":"<p>En feliciCat (Institut Catal\u00e0 de la Felicitat), siempre hemos cre\u00eddo que la felicidad, tanto a nivel personal como colectivo, es un constructo multifac\u00e9tico que requiere una atenci\u00f3n integral. Desde que su fundaci\u00f3n en enero de 2021, nuestro modelo se ha fundamentado en 7 pilares esenciales del bienestar: f\u00edsico, emocional, nutricional, tecnol\u00f3gico, medioambiental, social y econ\u00f3mico.&hellip;<\/p>\n","protected":false},"author":2,"featured_media":14689,"comment_status":"open","ping_status":"closed","sticky":false,"template":"","format":"standard","meta":{"_uag_custom_page_level_css":"","footnotes":""},"categories":[342],"tags":[],"post_series":[],"yoast_head":"<!-- This site is optimized with the Yoast SEO plugin v22.5 - https:\/\/yoast.com\/wordpress\/plugins\/seo\/ -->\n<title>feliciCat expande su visi\u00f3n de la felicidad: El Bienestar Espiritual se une a los 7 pilares esenciales - Felicicat<\/title>\n<meta name=\"description\" content=\"En feliciCat incorporamos el Bienestar Espiritual como el octavo pilar de nuestro plan y filosof\u00eda de bienestar. Y lo hacemos contando con un equipo especializado de facilitadores que acompa\u00f1ar\u00e1n personas y organizaciones a integrar este enfoque con herramientas pr\u00e1cticas y accesibles dentro del d\u00eda a d\u00eda profesional.\" \/>\n<meta name=\"robots\" content=\"index, follow, max-snippet:-1, max-image-preview:large, max-video-preview:-1\" \/>\n<link rel=\"canonical\" href=\"https:\/\/www.felicicat.cat\/es\/felicicat-expande-su-vision-de-la-felicidad-el-bienestar-espiritual-se-une-a-los-7-pilares-esenciales\/\" \/>\n<meta property=\"og:locale\" content=\"es_ES\" \/>\n<meta property=\"og:type\" content=\"article\" \/>\n<meta property=\"og:title\" content=\"feliciCat expande su visi\u00f3n de la felicidad: El Bienestar Espiritual se une a los 7 pilares esenciales - Felicicat\" \/>\n<meta property=\"og:description\" content=\"En feliciCat incorporamos el Bienestar Espiritual como el octavo pilar de nuestro plan y filosof\u00eda de bienestar. Y lo hacemos contando con un equipo especializado de facilitadores que acompa\u00f1ar\u00e1n personas y organizaciones a integrar este enfoque con herramientas pr\u00e1cticas y accesibles dentro del d\u00eda a d\u00eda profesional.\" \/>\n<meta property=\"og:url\" content=\"https:\/\/www.felicicat.cat\/es\/felicicat-expande-su-vision-de-la-felicidad-el-bienestar-espiritual-se-une-a-los-7-pilares-esenciales\/\" \/>\n<meta property=\"og:site_name\" content=\"Felicicat\" \/>\n<meta property=\"article:published_time\" content=\"2025-07-22T09:00:57+00:00\" \/>\n<meta property=\"article:modified_time\" content=\"2025-07-23T11:00:19+00:00\" \/>\n<meta property=\"og:image\" content=\"https:\/\/www.felicicat.cat\/wp-content\/uploads\/2025\/06\/Feed-IG-14-1.png\" \/>\n\t<meta property=\"og:image:width\" content=\"1000\" \/>\n\t<meta property=\"og:image:height\" content=\"1000\" \/>\n\t<meta property=\"og:image:type\" content=\"image\/png\" \/>\n<meta name=\"author\" content=\"edu\" \/>\n<meta name=\"twitter:card\" content=\"summary_large_image\" \/>\n<meta name=\"twitter:label1\" content=\"Escrito por\" \/>\n\t<meta name=\"twitter:data1\" content=\"edu\" \/>\n\t<meta name=\"twitter:label2\" content=\"Tiempo de lectura\" \/>\n\t<meta name=\"twitter:data2\" content=\"14 minutos\" \/>\n<script type=\"application\/ld+json\" class=\"yoast-schema-graph\">{\"@context\":\"https:\/\/schema.org\",\"@graph\":[{\"@type\":\"Article\",\"@id\":\"https:\/\/www.felicicat.cat\/es\/felicicat-expande-su-vision-de-la-felicidad-el-bienestar-espiritual-se-une-a-los-7-pilares-esenciales\/#article\",\"isPartOf\":{\"@id\":\"https:\/\/www.felicicat.cat\/es\/felicicat-expande-su-vision-de-la-felicidad-el-bienestar-espiritual-se-une-a-los-7-pilares-esenciales\/\"},\"author\":{\"name\":\"edu\",\"@id\":\"https:\/\/www.felicicat.cat\/#\/schema\/person\/53cc36ea322123eb24f43676c759311d\"},\"headline\":\"feliciCat expande su visi\u00f3n de la felicidad: El Bienestar Espiritual se une a los 7 pilares esenciales\",\"datePublished\":\"2025-07-22T09:00:57+00:00\",\"dateModified\":\"2025-07-23T11:00:19+00:00\",\"mainEntityOfPage\":{\"@id\":\"https:\/\/www.felicicat.cat\/es\/felicicat-expande-su-vision-de-la-felicidad-el-bienestar-espiritual-se-une-a-los-7-pilares-esenciales\/\"},\"wordCount\":2558,\"commentCount\":0,\"publisher\":{\"@id\":\"https:\/\/www.felicicat.cat\/#organization\"},\"image\":{\"@id\":\"https:\/\/www.felicicat.cat\/es\/felicicat-expande-su-vision-de-la-felicidad-el-bienestar-espiritual-se-une-a-los-7-pilares-esenciales\/#primaryimage\"},\"thumbnailUrl\":\"https:\/\/www.felicicat.cat\/wp-content\/uploads\/2025\/06\/Feed-IG-14-1.png\",\"articleSection\":[\"Actualidad y tendencias\"],\"inLanguage\":\"es\",\"potentialAction\":[{\"@type\":\"CommentAction\",\"name\":\"Comment\",\"target\":[\"https:\/\/www.felicicat.cat\/es\/felicicat-expande-su-vision-de-la-felicidad-el-bienestar-espiritual-se-une-a-los-7-pilares-esenciales\/#respond\"]}]},{\"@type\":\"WebPage\",\"@id\":\"https:\/\/www.felicicat.cat\/es\/felicicat-expande-su-vision-de-la-felicidad-el-bienestar-espiritual-se-une-a-los-7-pilares-esenciales\/\",\"url\":\"https:\/\/www.felicicat.cat\/es\/felicicat-expande-su-vision-de-la-felicidad-el-bienestar-espiritual-se-une-a-los-7-pilares-esenciales\/\",\"name\":\"feliciCat expande su visi\u00f3n de la felicidad: El Bienestar Espiritual se une a los 7 pilares esenciales - Felicicat\",\"isPartOf\":{\"@id\":\"https:\/\/www.felicicat.cat\/#website\"},\"primaryImageOfPage\":{\"@id\":\"https:\/\/www.felicicat.cat\/es\/felicicat-expande-su-vision-de-la-felicidad-el-bienestar-espiritual-se-une-a-los-7-pilares-esenciales\/#primaryimage\"},\"image\":{\"@id\":\"https:\/\/www.felicicat.cat\/es\/felicicat-expande-su-vision-de-la-felicidad-el-bienestar-espiritual-se-une-a-los-7-pilares-esenciales\/#primaryimage\"},\"thumbnailUrl\":\"https:\/\/www.felicicat.cat\/wp-content\/uploads\/2025\/06\/Feed-IG-14-1.png\",\"datePublished\":\"2025-07-22T09:00:57+00:00\",\"dateModified\":\"2025-07-23T11:00:19+00:00\",\"description\":\"En feliciCat incorporamos el Bienestar Espiritual como el octavo pilar de nuestro plan y filosof\u00eda de bienestar. Y lo hacemos contando con un equipo especializado de facilitadores que acompa\u00f1ar\u00e1n personas y organizaciones a integrar este enfoque con herramientas pr\u00e1cticas y accesibles dentro del d\u00eda a d\u00eda profesional.\",\"breadcrumb\":{\"@id\":\"https:\/\/www.felicicat.cat\/es\/felicicat-expande-su-vision-de-la-felicidad-el-bienestar-espiritual-se-une-a-los-7-pilares-esenciales\/#breadcrumb\"},\"inLanguage\":\"es\",\"potentialAction\":[{\"@type\":\"ReadAction\",\"target\":[\"https:\/\/www.felicicat.cat\/es\/felicicat-expande-su-vision-de-la-felicidad-el-bienestar-espiritual-se-une-a-los-7-pilares-esenciales\/\"]}]},{\"@type\":\"ImageObject\",\"inLanguage\":\"es\",\"@id\":\"https:\/\/www.felicicat.cat\/es\/felicicat-expande-su-vision-de-la-felicidad-el-bienestar-espiritual-se-une-a-los-7-pilares-esenciales\/#primaryimage\",\"url\":\"https:\/\/www.felicicat.cat\/wp-content\/uploads\/2025\/06\/Feed-IG-14-1.png\",\"contentUrl\":\"https:\/\/www.felicicat.cat\/wp-content\/uploads\/2025\/06\/Feed-IG-14-1.png\",\"width\":1000,\"height\":1000},{\"@type\":\"BreadcrumbList\",\"@id\":\"https:\/\/www.felicicat.cat\/es\/felicicat-expande-su-vision-de-la-felicidad-el-bienestar-espiritual-se-une-a-los-7-pilares-esenciales\/#breadcrumb\",\"itemListElement\":[{\"@type\":\"ListItem\",\"position\":1,\"name\":\"Home\",\"item\":\"https:\/\/www.felicicat.cat\/es\/\"},{\"@type\":\"ListItem\",\"position\":2,\"name\":\"feliciCat expande su visi\u00f3n de la felicidad: El&hellip;\"}]},{\"@type\":\"WebSite\",\"@id\":\"https:\/\/www.felicicat.cat\/#website\",\"url\":\"https:\/\/www.felicicat.cat\/\",\"name\":\"Felicicat\",\"description\":\"Institut Catal\u00e0 de la felicitat\",\"publisher\":{\"@id\":\"https:\/\/www.felicicat.cat\/#organization\"},\"potentialAction\":[{\"@type\":\"SearchAction\",\"target\":{\"@type\":\"EntryPoint\",\"urlTemplate\":\"https:\/\/www.felicicat.cat\/?s={search_term_string}\"},\"query-input\":\"required name=search_term_string\"}],\"inLanguage\":\"es\"},{\"@type\":\"Organization\",\"@id\":\"https:\/\/www.felicicat.cat\/#organization\",\"name\":\"Felicicat\",\"url\":\"https:\/\/www.felicicat.cat\/\",\"logo\":{\"@type\":\"ImageObject\",\"inLanguage\":\"es\",\"@id\":\"https:\/\/www.felicicat.cat\/#\/schema\/logo\/image\/\",\"url\":\"https:\/\/www.felicicat.cat\/wp-content\/uploads\/2023\/11\/4_proveslogotipsfelicicatFINAL_Mesadetrabajo1.png\",\"contentUrl\":\"https:\/\/www.felicicat.cat\/wp-content\/uploads\/2023\/11\/4_proveslogotipsfelicicatFINAL_Mesadetrabajo1.png\",\"width\":1500,\"height\":195,\"caption\":\"Felicicat\"},\"image\":{\"@id\":\"https:\/\/www.felicicat.cat\/#\/schema\/logo\/image\/\"}},{\"@type\":\"Person\",\"@id\":\"https:\/\/www.felicicat.cat\/#\/schema\/person\/53cc36ea322123eb24f43676c759311d\",\"name\":\"edu\",\"image\":{\"@type\":\"ImageObject\",\"inLanguage\":\"es\",\"@id\":\"https:\/\/www.felicicat.cat\/#\/schema\/person\/image\/\",\"url\":\"https:\/\/secure.gravatar.com\/avatar\/6fd3494648cb9e038992d31be80d2047?s=96&d=mm&r=g\",\"contentUrl\":\"https:\/\/secure.gravatar.com\/avatar\/6fd3494648cb9e038992d31be80d2047?s=96&d=mm&r=g\",\"caption\":\"edu\"},\"url\":\"https:\/\/www.felicicat.cat\/es\/author\/edu\/\"}]}<\/script>\n<!-- \/ Yoast SEO plugin. -->","yoast_head_json":{"title":"feliciCat expande su visi\u00f3n de la felicidad: El Bienestar Espiritual se une a los 7 pilares esenciales - Felicicat","description":"En feliciCat incorporamos el Bienestar Espiritual como el octavo pilar de nuestro plan y filosof\u00eda de bienestar. Y lo hacemos contando con un equipo especializado de facilitadores que acompa\u00f1ar\u00e1n personas y organizaciones a integrar este enfoque con herramientas pr\u00e1cticas y accesibles dentro del d\u00eda a d\u00eda profesional.","robots":{"index":"index","follow":"follow","max-snippet":"max-snippet:-1","max-image-preview":"max-image-preview:large","max-video-preview":"max-video-preview:-1"},"canonical":"https:\/\/www.felicicat.cat\/es\/felicicat-expande-su-vision-de-la-felicidad-el-bienestar-espiritual-se-une-a-los-7-pilares-esenciales\/","og_locale":"es_ES","og_type":"article","og_title":"feliciCat expande su visi\u00f3n de la felicidad: El Bienestar Espiritual se une a los 7 pilares esenciales - Felicicat","og_description":"En feliciCat incorporamos el Bienestar Espiritual como el octavo pilar de nuestro plan y filosof\u00eda de bienestar. Y lo hacemos contando con un equipo especializado de facilitadores que acompa\u00f1ar\u00e1n personas y organizaciones a integrar este enfoque con herramientas pr\u00e1cticas y accesibles dentro del d\u00eda a d\u00eda profesional.","og_url":"https:\/\/www.felicicat.cat\/es\/felicicat-expande-su-vision-de-la-felicidad-el-bienestar-espiritual-se-une-a-los-7-pilares-esenciales\/","og_site_name":"Felicicat","article_published_time":"2025-07-22T09:00:57+00:00","article_modified_time":"2025-07-23T11:00:19+00:00","og_image":[{"width":1000,"height":1000,"url":"https:\/\/www.felicicat.cat\/wp-content\/uploads\/2025\/06\/Feed-IG-14-1.png","type":"image\/png"}],"author":"edu","twitter_card":"summary_large_image","twitter_misc":{"Escrito por":"edu","Tiempo de lectura":"14 minutos"},"schema":{"@context":"https:\/\/schema.org","@graph":[{"@type":"Article","@id":"https:\/\/www.felicicat.cat\/es\/felicicat-expande-su-vision-de-la-felicidad-el-bienestar-espiritual-se-une-a-los-7-pilares-esenciales\/#article","isPartOf":{"@id":"https:\/\/www.felicicat.cat\/es\/felicicat-expande-su-vision-de-la-felicidad-el-bienestar-espiritual-se-une-a-los-7-pilares-esenciales\/"},"author":{"name":"edu","@id":"https:\/\/www.felicicat.cat\/#\/schema\/person\/53cc36ea322123eb24f43676c759311d"},"headline":"feliciCat expande su visi\u00f3n de la felicidad: El Bienestar Espiritual se une a los 7 pilares esenciales","datePublished":"2025-07-22T09:00:57+00:00","dateModified":"2025-07-23T11:00:19+00:00","mainEntityOfPage":{"@id":"https:\/\/www.felicicat.cat\/es\/felicicat-expande-su-vision-de-la-felicidad-el-bienestar-espiritual-se-une-a-los-7-pilares-esenciales\/"},"wordCount":2558,"commentCount":0,"publisher":{"@id":"https:\/\/www.felicicat.cat\/#organization"},"image":{"@id":"https:\/\/www.felicicat.cat\/es\/felicicat-expande-su-vision-de-la-felicidad-el-bienestar-espiritual-se-une-a-los-7-pilares-esenciales\/#primaryimage"},"thumbnailUrl":"https:\/\/www.felicicat.cat\/wp-content\/uploads\/2025\/06\/Feed-IG-14-1.png","articleSection":["Actualidad y tendencias"],"inLanguage":"es","potentialAction":[{"@type":"CommentAction","name":"Comment","target":["https:\/\/www.felicicat.cat\/es\/felicicat-expande-su-vision-de-la-felicidad-el-bienestar-espiritual-se-une-a-los-7-pilares-esenciales\/#respond"]}]},{"@type":"WebPage","@id":"https:\/\/www.felicicat.cat\/es\/felicicat-expande-su-vision-de-la-felicidad-el-bienestar-espiritual-se-une-a-los-7-pilares-esenciales\/","url":"https:\/\/www.felicicat.cat\/es\/felicicat-expande-su-vision-de-la-felicidad-el-bienestar-espiritual-se-une-a-los-7-pilares-esenciales\/","name":"feliciCat expande su visi\u00f3n de la felicidad: El Bienestar Espiritual se une a los 7 pilares esenciales - Felicicat","isPartOf":{"@id":"https:\/\/www.felicicat.cat\/#website"},"primaryImageOfPage":{"@id":"https:\/\/www.felicicat.cat\/es\/felicicat-expande-su-vision-de-la-felicidad-el-bienestar-espiritual-se-une-a-los-7-pilares-esenciales\/#primaryimage"},"image":{"@id":"https:\/\/www.felicicat.cat\/es\/felicicat-expande-su-vision-de-la-felicidad-el-bienestar-espiritual-se-une-a-los-7-pilares-esenciales\/#primaryimage"},"thumbnailUrl":"https:\/\/www.felicicat.cat\/wp-content\/uploads\/2025\/06\/Feed-IG-14-1.png","datePublished":"2025-07-22T09:00:57+00:00","dateModified":"2025-07-23T11:00:19+00:00","description":"En feliciCat incorporamos el Bienestar Espiritual como el octavo pilar de nuestro plan y filosof\u00eda de bienestar. Y lo hacemos contando con un equipo especializado de facilitadores que acompa\u00f1ar\u00e1n personas y organizaciones a integrar este enfoque con herramientas pr\u00e1cticas y accesibles dentro del d\u00eda a d\u00eda profesional.","breadcrumb":{"@id":"https:\/\/www.felicicat.cat\/es\/felicicat-expande-su-vision-de-la-felicidad-el-bienestar-espiritual-se-une-a-los-7-pilares-esenciales\/#breadcrumb"},"inLanguage":"es","potentialAction":[{"@type":"ReadAction","target":["https:\/\/www.felicicat.cat\/es\/felicicat-expande-su-vision-de-la-felicidad-el-bienestar-espiritual-se-une-a-los-7-pilares-esenciales\/"]}]},{"@type":"ImageObject","inLanguage":"es","@id":"https:\/\/www.felicicat.cat\/es\/felicicat-expande-su-vision-de-la-felicidad-el-bienestar-espiritual-se-une-a-los-7-pilares-esenciales\/#primaryimage","url":"https:\/\/www.felicicat.cat\/wp-content\/uploads\/2025\/06\/Feed-IG-14-1.png","contentUrl":"https:\/\/www.felicicat.cat\/wp-content\/uploads\/2025\/06\/Feed-IG-14-1.png","width":1000,"height":1000},{"@type":"BreadcrumbList","@id":"https:\/\/www.felicicat.cat\/es\/felicicat-expande-su-vision-de-la-felicidad-el-bienestar-espiritual-se-une-a-los-7-pilares-esenciales\/#breadcrumb","itemListElement":[{"@type":"ListItem","position":1,"name":"Home","item":"https:\/\/www.felicicat.cat\/es\/"},{"@type":"ListItem","position":2,"name":"feliciCat expande su visi\u00f3n de la felicidad: El&hellip;"}]},{"@type":"WebSite","@id":"https:\/\/www.felicicat.cat\/#website","url":"https:\/\/www.felicicat.cat\/","name":"Felicicat","description":"Institut Catal\u00e0 de la felicitat","publisher":{"@id":"https:\/\/www.felicicat.cat\/#organization"},"potentialAction":[{"@type":"SearchAction","target":{"@type":"EntryPoint","urlTemplate":"https:\/\/www.felicicat.cat\/?s={search_term_string}"},"query-input":"required name=search_term_string"}],"inLanguage":"es"},{"@type":"Organization","@id":"https:\/\/www.felicicat.cat\/#organization","name":"Felicicat","url":"https:\/\/www.felicicat.cat\/","logo":{"@type":"ImageObject","inLanguage":"es","@id":"https:\/\/www.felicicat.cat\/#\/schema\/logo\/image\/","url":"https:\/\/www.felicicat.cat\/wp-content\/uploads\/2023\/11\/4_proveslogotipsfelicicatFINAL_Mesadetrabajo1.png","contentUrl":"https:\/\/www.felicicat.cat\/wp-content\/uploads\/2023\/11\/4_proveslogotipsfelicicatFINAL_Mesadetrabajo1.png","width":1500,"height":195,"caption":"Felicicat"},"image":{"@id":"https:\/\/www.felicicat.cat\/#\/schema\/logo\/image\/"}},{"@type":"Person","@id":"https:\/\/www.felicicat.cat\/#\/schema\/person\/53cc36ea322123eb24f43676c759311d","name":"edu","image":{"@type":"ImageObject","inLanguage":"es","@id":"https:\/\/www.felicicat.cat\/#\/schema\/person\/image\/","url":"https:\/\/secure.gravatar.com\/avatar\/6fd3494648cb9e038992d31be80d2047?s=96&d=mm&r=g","contentUrl":"https:\/\/secure.gravatar.com\/avatar\/6fd3494648cb9e038992d31be80d2047?s=96&d=mm&r=g","caption":"edu"},"url":"https:\/\/www.felicicat.cat\/es\/author\/edu\/"}]}},"uagb_featured_image_src":{"full":["https:\/\/www.felicicat.cat\/wp-content\/uploads\/2025\/06\/Feed-IG-14-1.png",1000,1000,false],"thumbnail":["https:\/\/www.felicicat.cat\/wp-content\/uploads\/2025\/06\/Feed-IG-14-1-150x150.png",150,150,true],"medium":["https:\/\/www.felicicat.cat\/wp-content\/uploads\/2025\/06\/Feed-IG-14-1-300x300.png",300,300,true],"medium_large":["https:\/\/www.felicicat.cat\/wp-content\/uploads\/2025\/06\/Feed-IG-14-1-768x768.png",768,768,true],"large":["https:\/\/www.felicicat.cat\/wp-content\/uploads\/2025\/06\/Feed-IG-14-1.png",980,980,false],"1536x1536":["https:\/\/www.felicicat.cat\/wp-content\/uploads\/2025\/06\/Feed-IG-14-1.png",1000,1000,false],"2048x2048":["https:\/\/www.felicicat.cat\/wp-content\/uploads\/2025\/06\/Feed-IG-14-1.png",1000,1000,false],"woocommerce_thumbnail":["https:\/\/www.felicicat.cat\/wp-content\/uploads\/2025\/06\/Feed-IG-14-1-center-top-60x60.png",60,60,true],"woocommerce_single":["https:\/\/www.felicicat.cat\/wp-content\/uploads\/2025\/06\/Feed-IG-14-1-700x700.png",700,700,true],"woocommerce_gallery_thumbnail":["https:\/\/www.felicicat.cat\/wp-content\/uploads\/2025\/06\/Feed-IG-14-1-100x100.png",100,100,true],"lightbox":["https:\/\/www.felicicat.cat\/wp-content\/uploads\/2025\/06\/Feed-IG-14-1.png",1000,1000,false],"search_results":["https:\/\/www.felicicat.cat\/wp-content\/uploads\/2025\/06\/Feed-IG-14-1-125x125.png",125,125,true],"blog_entry":["https:\/\/www.felicicat.cat\/wp-content\/uploads\/2025\/06\/Feed-IG-14-1-680x380.png",680,380,true],"blog_post":["https:\/\/www.felicicat.cat\/wp-content\/uploads\/2025\/06\/Feed-IG-14-1.png",380,380,false],"blog_post_full":["https:\/\/www.felicicat.cat\/wp-content\/uploads\/2025\/06\/Feed-IG-14-1-980x980.png",980,980,true],"blog_related":["https:\/\/www.felicicat.cat\/wp-content\/uploads\/2025\/06\/Feed-IG-14-1.png",380,380,false],"portfolio_entry":["https:\/\/www.felicicat.cat\/wp-content\/uploads\/2025\/06\/Feed-IG-14-1.png",350,350,false],"portfolio_post":["https:\/\/www.felicicat.cat\/wp-content\/uploads\/2025\/06\/Feed-IG-14-1.png",1000,1000,false],"portfolio_related":["https:\/\/www.felicicat.cat\/wp-content\/uploads\/2025\/06\/Feed-IG-14-1.png",350,350,false],"staff_entry":["https:\/\/www.felicicat.cat\/wp-content\/uploads\/2025\/06\/Feed-IG-14-1.png",500,500,false],"staff_post":["https:\/\/www.felicicat.cat\/wp-content\/uploads\/2025\/06\/Feed-IG-14-1.png",1000,1000,false],"staff_related":["https:\/\/www.felicicat.cat\/wp-content\/uploads\/2025\/06\/Feed-IG-14-1.png",500,500,false],"testimonials_entry":["https:\/\/www.felicicat.cat\/wp-content\/uploads\/2025\/06\/Feed-IG-14-1.png",45,45,false],"shop_catalog":["https:\/\/www.felicicat.cat\/wp-content\/uploads\/2025\/06\/Feed-IG-14-1-350x350.png",350,350,true],"shop_single":["https:\/\/www.felicicat.cat\/wp-content\/uploads\/2025\/06\/Feed-IG-14-1-700x700.png",700,700,true],"shop_single_thumbnail":["https:\/\/www.felicicat.cat\/wp-content\/uploads\/2025\/06\/Feed-IG-14-1-140x140.png",140,140,true],"shop_category":["https:\/\/www.felicicat.cat\/wp-content\/uploads\/2025\/06\/Feed-IG-14-1.png",1000,1000,false],"shop_thumbnail_cart":["https:\/\/www.felicicat.cat\/wp-content\/uploads\/2025\/06\/Feed-IG-14-1-center-top-60x60.png",60,60,true],"gallery":["https:\/\/www.felicicat.cat\/wp-content\/uploads\/2025\/06\/Feed-IG-14-1.png",500,500,false]},"uagb_author_info":{"display_name":"edu","author_link":"https:\/\/www.felicicat.cat\/es\/author\/edu\/"},"uagb_comment_info":0,"uagb_excerpt":"En feliciCat (Institut Catal\u00e0 de la Felicitat), siempre hemos cre\u00eddo que la felicidad, tanto a nivel personal como colectivo, es un constructo multifac\u00e9tico que requiere una atenci\u00f3n integral. Desde que su fundaci\u00f3n en enero de 2021, nuestro modelo se ha fundamentado en 7 pilares esenciales del bienestar: f\u00edsico, emocional, nutricional, tecnol\u00f3gico, medioambiental, social y econ\u00f3mico.&hellip;","_links":{"self":[{"href":"https:\/\/www.felicicat.cat\/es\/wp-json\/wp\/v2\/posts\/14690"}],"collection":[{"href":"https:\/\/www.felicicat.cat\/es\/wp-json\/wp\/v2\/posts"}],"about":[{"href":"https:\/\/www.felicicat.cat\/es\/wp-json\/wp\/v2\/types\/post"}],"author":[{"embeddable":true,"href":"https:\/\/www.felicicat.cat\/es\/wp-json\/wp\/v2\/users\/2"}],"replies":[{"embeddable":true,"href":"https:\/\/www.felicicat.cat\/es\/wp-json\/wp\/v2\/comments?post=14690"}],"version-history":[{"count":10,"href":"https:\/\/www.felicicat.cat\/es\/wp-json\/wp\/v2\/posts\/14690\/revisions"}],"predecessor-version":[{"id":15045,"href":"https:\/\/www.felicicat.cat\/es\/wp-json\/wp\/v2\/posts\/14690\/revisions\/15045"}],"wp:featuredmedia":[{"embeddable":true,"href":"https:\/\/www.felicicat.cat\/es\/wp-json\/wp\/v2\/media\/14689"}],"wp:attachment":[{"href":"https:\/\/www.felicicat.cat\/es\/wp-json\/wp\/v2\/media?parent=14690"}],"wp:term":[{"taxonomy":"category","embeddable":true,"href":"https:\/\/www.felicicat.cat\/es\/wp-json\/wp\/v2\/categories?post=14690"},{"taxonomy":"post_tag","embeddable":true,"href":"https:\/\/www.felicicat.cat\/es\/wp-json\/wp\/v2\/tags?post=14690"},{"taxonomy":"post_series","embeddable":true,"href":"https:\/\/www.felicicat.cat\/es\/wp-json\/wp\/v2\/post_series?post=14690"}],"curies":[{"name":"wp","href":"https:\/\/api.w.org\/{rel}","templated":true}]}}