{"id":14435,"date":"2025-06-20T06:31:23","date_gmt":"2025-06-20T06:31:23","guid":{"rendered":"https:\/\/www.felicicat.cat\/?p=14435"},"modified":"2025-06-20T06:32:30","modified_gmt":"2025-06-20T06:32:30","slug":"un-oasis-de-bienestar-felicicat-celebra-su-segundo-encuentro-profesional","status":"publish","type":"post","link":"https:\/\/www.felicicat.cat\/es\/un-oasis-de-bienestar-felicicat-celebra-su-segundo-encuentro-profesional\/","title":{"rendered":"Un oasis de bienestar: feliciCat celebra su segundo encuentro profesional"},"content":{"rendered":"<p>El pasado martes 17 de junio, <a href=\"https:\/\/pratfp.com\/\">Prat FP<\/a>, una reputada escuela de Barcelona con m\u00e1s de un siglo de historia, se convirti\u00f3 por una ma\u00f1ana, en el epicentro del bienestar personal y laboral. El Instituto Catal\u00e1n de la Felicidad, <b>feliciCat<\/b>, organiz\u00f3 su segundo encuentro profesional que congreg\u00f3 a una cuarentena de especialistas en bienestar organizacional, la mayor\u00eda de ellos Facilitadores y Facilitadoras de feliciCat, en un evento que se extendi\u00f3 durante toda la ma\u00f1ana, irradiando conocimiento, entusiasmo y una innegable energ\u00eda positiva. La jornada fue una clara manifestaci\u00f3n del compromiso de feliciCat con la promoci\u00f3n de la felicidad y el bienestar en todos los \u00e1mbitos, y sirvi\u00f3 como un espacio para el intercambio de ideas y la construcci\u00f3n de sinergias entre profesionales de diversas disciplinas.<\/p>\n<p>La ma\u00f1ana comenz\u00f3 con una c\u00e1lida bienvenida a cargo de <a href=\"https:\/\/www.linkedin.com\/in\/justihidalgo\/\"><b>Justi Hidalgo<\/b><\/a>, de la Direcci\u00f3n de Prat FP. Sus palabras iniciales sentaron las bases para una jornada productiva y enriquecedora, destacando la importancia de la colaboraci\u00f3n y el aprendizaje continuo en el \u00e1mbito del bienestar.<\/p>\n<p><img loading=\"lazy\" decoding=\"async\" class=\"aligncenter wp-image-14554 size-large\" src=\"https:\/\/www.felicicat.cat\/wp-content\/uploads\/2025\/06\/Presentacio-PratFP-Justi-feliciCat1-1024x768.jpg\" alt=\"\" width=\"980\" height=\"735\" srcset=\"https:\/\/www.felicicat.cat\/wp-content\/uploads\/2025\/06\/Presentacio-PratFP-Justi-feliciCat1-1024x768.jpg 1024w, https:\/\/www.felicicat.cat\/wp-content\/uploads\/2025\/06\/Presentacio-PratFP-Justi-feliciCat1-300x225.jpg 300w, https:\/\/www.felicicat.cat\/wp-content\/uploads\/2025\/06\/Presentacio-PratFP-Justi-feliciCat1-768x576.jpg 768w, https:\/\/www.felicicat.cat\/wp-content\/uploads\/2025\/06\/Presentacio-PratFP-Justi-feliciCat1-1536x1152.jpg 1536w, https:\/\/www.felicicat.cat\/wp-content\/uploads\/2025\/06\/Presentacio-PratFP-Justi-feliciCat1-2048x1536.jpg 2048w, https:\/\/www.felicicat.cat\/wp-content\/uploads\/2025\/06\/Presentacio-PratFP-Justi-feliciCat1-600x450.jpg 600w\" sizes=\"(max-width: 980px) 100vw, 980px\" \/><\/p>\n<p>Tras la bienvenida, el ambiente se dinamiz\u00f3 r\u00e1pidamente con una primera intervenci\u00f3n dise\u00f1ada y conducida por el equipo de <strong>Moow Consulting<\/strong>, <strong><a href=\"https:\/\/www.felicicat.cat\/es\/portfolio-item\/marosa-garcia-planas-marcet\/\" target=\"_blank\" rel=\"noopener\">Marosa Garcia-Planas<\/a><\/strong> y <a href=\"https:\/\/www.linkedin.com\/in\/jordi-bertran-moreno-4b408266?originalSubdomain=es\" target=\"_blank\" rel=\"noopener\"><strong>Jordi Bertran<\/strong><\/a>, con el objetivo de \u00abromper el hielo\u00bb. Una consultora de bienestar, reconocida por sus programas de salud, bienestar y rendimiento deportivo en empresas, dirigi\u00f3 una <b>din\u00e1mica de activaci\u00f3n<\/b> que, sin duda, cumpli\u00f3 su objetivo. Los participantes se sintieron instant\u00e1neamente conectados, y la energ\u00eda positiva comenz\u00f3 a fluir por la sala y la terraza de Prat FP,, preparando el terreno para las interesantes ponencias que seguir\u00edan.<\/p>\n<div id=\"gallery-1\" class=\"wpex-gallery wpex-grid wpex-grid-cols-3 wpex-gap-20 wpex-lightbox-group wpex-mb-20\"><figure class=\"gallery-item\"><a href=\"https:\/\/www.felicicat.cat\/wp-content\/uploads\/2025\/06\/Moow-feliciCat-Trobada-3.png\" class=\"wpex-lightbox-group-item\"><img loading=\"lazy\" decoding=\"async\" src=\"https:\/\/www.felicicat.cat\/wp-content\/uploads\/2025\/06\/Moow-feliciCat-Trobada-3-500x500.png\" alt=\"\" srcset=\"https:\/\/www.felicicat.cat\/wp-content\/uploads\/2025\/06\/Moow-feliciCat-Trobada-3-500x500.png 500w, https:\/\/www.felicicat.cat\/wp-content\/uploads\/2025\/06\/Moow-feliciCat-Trobada-3-150x150.png 150w, https:\/\/www.felicicat.cat\/wp-content\/uploads\/2025\/06\/Moow-feliciCat-Trobada-3-300x300.png 300w, https:\/\/www.felicicat.cat\/wp-content\/uploads\/2025\/06\/Moow-feliciCat-Trobada-3-100x100.png 100w\" width=\"500\" height=\"500\"><\/a><\/figure><figure class=\"gallery-item\"><a href=\"https:\/\/www.felicicat.cat\/wp-content\/uploads\/2025\/06\/Moow-feliciCat-Trobada-2.png\" class=\"wpex-lightbox-group-item\"><img loading=\"lazy\" decoding=\"async\" src=\"https:\/\/www.felicicat.cat\/wp-content\/uploads\/2025\/06\/Moow-feliciCat-Trobada-2-500x500.png\" alt=\"\" srcset=\"https:\/\/www.felicicat.cat\/wp-content\/uploads\/2025\/06\/Moow-feliciCat-Trobada-2-500x500.png 500w, https:\/\/www.felicicat.cat\/wp-content\/uploads\/2025\/06\/Moow-feliciCat-Trobada-2-150x150.png 150w, https:\/\/www.felicicat.cat\/wp-content\/uploads\/2025\/06\/Moow-feliciCat-Trobada-2-300x300.png 300w, https:\/\/www.felicicat.cat\/wp-content\/uploads\/2025\/06\/Moow-feliciCat-Trobada-2-100x100.png 100w\" width=\"500\" height=\"500\"><\/a><\/figure><figure class=\"gallery-item\"><a href=\"https:\/\/www.felicicat.cat\/wp-content\/uploads\/2025\/06\/Moow-feliciCat-Trobada-4.png\" class=\"wpex-lightbox-group-item\"><img loading=\"lazy\" decoding=\"async\" src=\"https:\/\/www.felicicat.cat\/wp-content\/uploads\/2025\/06\/Moow-feliciCat-Trobada-4-500x500.png\" alt=\"\" srcset=\"https:\/\/www.felicicat.cat\/wp-content\/uploads\/2025\/06\/Moow-feliciCat-Trobada-4-500x500.png 500w, https:\/\/www.felicicat.cat\/wp-content\/uploads\/2025\/06\/Moow-feliciCat-Trobada-4-150x150.png 150w, https:\/\/www.felicicat.cat\/wp-content\/uploads\/2025\/06\/Moow-feliciCat-Trobada-4-300x300.png 300w, https:\/\/www.felicicat.cat\/wp-content\/uploads\/2025\/06\/Moow-feliciCat-Trobada-4-100x100.png 100w\" width=\"500\" height=\"500\"><\/a><\/figure><\/div>\n\n<h3><b>Un Vistazo al Presente y Futuro de feliciCat<\/b><\/h3>\n<p>El plato fuerte de la primera parte del evento lleg\u00f3 con la intervenci\u00f3n de <a href=\"https:\/\/www.felicicat.cat\/es\/portfolio-item\/eduard-alcaraz-2\/\"><b>Eduard Alcaraz<\/b><\/a>, Director de feliciCat. Con una visi\u00f3n clara y estrat\u00e9gica, Alcaraz expuso la <b>notable evoluci\u00f3n que ha experimentado la organizaci\u00f3n en el \u00faltimo a\u00f1o y medio<\/b>. Su presentaci\u00f3n no solo hizo un repaso por los logros y hitos alcanzados, sino que tambi\u00e9n mir\u00f3 hacia el futuro m\u00e1s inmediato, delineando los <b>retos y oportunidades que se presentan para feliciCat<\/b>. Un punto central de su discurso fue la creciente <b>necesidad de las empresas en t\u00e9rminos de bienestar personal y colectivo<\/b>. Alcaraz enfatiz\u00f3 c\u00f3mo las organizaciones modernas est\u00e1n reconociendo cada vez m\u00e1s la importancia de invertir en el bienestar de sus empleados como un factor clave para la productividad, la retenci\u00f3n del talento y el \u00e9xito a largo plazo. Su exposici\u00f3n reafirm\u00f3 el papel fundamental de feliciCat como referente en este campo, ofreciendo soluciones innovadoras y personalizadas para las demandas del entorno empresarial actual.<\/p>\n<div id=\"gallery-2\" class=\"wpex-gallery wpex-grid wpex-grid-cols-2 wpex-gap-20 wpex-lightbox-group wpex-mb-20\"><figure class=\"gallery-item\"><a href=\"https:\/\/www.felicicat.cat\/wp-content\/uploads\/2025\/06\/Eduard-Alcaraz-Trobada-feliciCat-2-1500x1125.jpg\" class=\"wpex-lightbox-group-item\"><img loading=\"lazy\" decoding=\"async\" src=\"https:\/\/www.felicicat.cat\/wp-content\/uploads\/2025\/06\/Eduard-Alcaraz-Trobada-feliciCat-2-500x500.jpg\" alt=\"\" srcset=\"https:\/\/www.felicicat.cat\/wp-content\/uploads\/2025\/06\/Eduard-Alcaraz-Trobada-feliciCat-2-500x500.jpg 500w, https:\/\/www.felicicat.cat\/wp-content\/uploads\/2025\/06\/Eduard-Alcaraz-Trobada-feliciCat-2-150x150.jpg 150w, https:\/\/www.felicicat.cat\/wp-content\/uploads\/2025\/06\/Eduard-Alcaraz-Trobada-feliciCat-2-300x300.jpg 300w, https:\/\/www.felicicat.cat\/wp-content\/uploads\/2025\/06\/Eduard-Alcaraz-Trobada-feliciCat-2-100x100.jpg 100w, https:\/\/www.felicicat.cat\/wp-content\/uploads\/2025\/06\/Eduard-Alcaraz-Trobada-feliciCat-2-500x500@2x.jpg 1000w, https:\/\/www.felicicat.cat\/wp-content\/uploads\/2025\/06\/Eduard-Alcaraz-Trobada-feliciCat-2-500x500@2x.jpg 2x\" width=\"500\" height=\"500\"><\/a><\/figure><figure class=\"gallery-item\"><a href=\"https:\/\/www.felicicat.cat\/wp-content\/uploads\/2025\/06\/Eduard-Alcaraz-Trobada-feliciCat-1-scaled-1500x1125.jpg\" class=\"wpex-lightbox-group-item\"><img loading=\"lazy\" decoding=\"async\" src=\"https:\/\/www.felicicat.cat\/wp-content\/uploads\/2025\/06\/Eduard-Alcaraz-Trobada-feliciCat-1-scaled-500x500.jpg\" alt=\"\" srcset=\"https:\/\/www.felicicat.cat\/wp-content\/uploads\/2025\/06\/Eduard-Alcaraz-Trobada-feliciCat-1-scaled-500x500.jpg 500w, https:\/\/www.felicicat.cat\/wp-content\/uploads\/2025\/06\/Eduard-Alcaraz-Trobada-feliciCat-1-150x150.jpg 150w, https:\/\/www.felicicat.cat\/wp-content\/uploads\/2025\/06\/Eduard-Alcaraz-Trobada-feliciCat-1-300x300.jpg 300w, https:\/\/www.felicicat.cat\/wp-content\/uploads\/2025\/06\/Eduard-Alcaraz-Trobada-feliciCat-1-100x100.jpg 100w, https:\/\/www.felicicat.cat\/wp-content\/uploads\/2025\/06\/Eduard-Alcaraz-Trobada-feliciCat-1-scaled-500x500@2x.jpg 1000w, https:\/\/www.felicicat.cat\/wp-content\/uploads\/2025\/06\/Eduard-Alcaraz-Trobada-feliciCat-1-scaled-500x500@2x.jpg 2x\" width=\"500\" height=\"500\"><\/a><\/figure><\/div>\n\n<p>Tras la visi\u00f3n panor\u00e1mica de Alcaraz, la jornada se adentr\u00f3 en terrenos m\u00e1s espec\u00edficos del bienestar. La psic\u00f3loga <a href=\"https:\/\/www.linkedin.com\/in\/juditramisaselles\/\"><b>Judit Ramisa<\/b><\/a> cautiv\u00f3 a la audiencia con una fascinante exposici\u00f3n sobre los <b>entreciejos de la sinergolog\u00eda, su especialidad<\/b>. Ramisa desglos\u00f3 los principios y aplicaciones de esta disciplina que se centra en el estudio del lenguaje no verbal, ofreciendo a los asistentes una nueva perspectiva sobre la comunicaci\u00f3n humana y c\u00f3mo entender mejor las se\u00f1ales que enviamos y recibimos, tanto en el \u00e1mbito personal como profesional. Su intervenci\u00f3n fue un recordatorio de que el bienestar no solo se nutre de la salud f\u00edsica, sino tambi\u00e9n de una comprensi\u00f3n profunda de nuestras interacciones y comportamientos.<\/p>\n<div id=\"gallery-3\" class=\"wpex-gallery wpex-grid wpex-grid-cols-2 wpex-gap-20 wpex-lightbox-group wpex-mb-20\"><figure class=\"gallery-item\"><a href=\"https:\/\/www.felicicat.cat\/wp-content\/uploads\/2025\/06\/Judit-Ramisa-Trobada-feliciCat-2-scaled-1500x1125.jpg\" class=\"wpex-lightbox-group-item\"><img loading=\"lazy\" decoding=\"async\" src=\"https:\/\/www.felicicat.cat\/wp-content\/uploads\/2025\/06\/Judit-Ramisa-Trobada-feliciCat-2-scaled-500x500.jpg\" alt=\"\" srcset=\"https:\/\/www.felicicat.cat\/wp-content\/uploads\/2025\/06\/Judit-Ramisa-Trobada-feliciCat-2-scaled-500x500.jpg 500w, https:\/\/www.felicicat.cat\/wp-content\/uploads\/2025\/06\/Judit-Ramisa-Trobada-feliciCat-2-150x150.jpg 150w, https:\/\/www.felicicat.cat\/wp-content\/uploads\/2025\/06\/Judit-Ramisa-Trobada-feliciCat-2-300x300.jpg 300w, https:\/\/www.felicicat.cat\/wp-content\/uploads\/2025\/06\/Judit-Ramisa-Trobada-feliciCat-2-100x100.jpg 100w, https:\/\/www.felicicat.cat\/wp-content\/uploads\/2025\/06\/Judit-Ramisa-Trobada-feliciCat-2-scaled-500x500@2x.jpg 1000w, https:\/\/www.felicicat.cat\/wp-content\/uploads\/2025\/06\/Judit-Ramisa-Trobada-feliciCat-2-scaled-500x500@2x.jpg 2x\" width=\"500\" height=\"500\"><\/a><\/figure><figure class=\"gallery-item\"><a href=\"https:\/\/www.felicicat.cat\/wp-content\/uploads\/2025\/06\/Judit-Ramisa-Trobada-Professional-FeliciCat-1-scaled-1500x1125.jpg\" class=\"wpex-lightbox-group-item\"><img loading=\"lazy\" decoding=\"async\" src=\"https:\/\/www.felicicat.cat\/wp-content\/uploads\/2025\/06\/Judit-Ramisa-Trobada-Professional-FeliciCat-1-scaled-500x500.jpg\" alt=\"\" srcset=\"https:\/\/www.felicicat.cat\/wp-content\/uploads\/2025\/06\/Judit-Ramisa-Trobada-Professional-FeliciCat-1-scaled-500x500.jpg 500w, https:\/\/www.felicicat.cat\/wp-content\/uploads\/2025\/06\/Judit-Ramisa-Trobada-Professional-FeliciCat-1-150x150.jpg 150w, https:\/\/www.felicicat.cat\/wp-content\/uploads\/2025\/06\/Judit-Ramisa-Trobada-Professional-FeliciCat-1-300x300.jpg 300w, https:\/\/www.felicicat.cat\/wp-content\/uploads\/2025\/06\/Judit-Ramisa-Trobada-Professional-FeliciCat-1-100x100.jpg 100w, https:\/\/www.felicicat.cat\/wp-content\/uploads\/2025\/06\/Judit-Ramisa-Trobada-Professional-FeliciCat-1-scaled-500x500@2x.jpg 1000w, https:\/\/www.felicicat.cat\/wp-content\/uploads\/2025\/06\/Judit-Ramisa-Trobada-Professional-FeliciCat-1-scaled-500x500@2x.jpg 2x\" width=\"500\" height=\"500\"><\/a><\/figure><\/div>\n\n<p>Continuando con la diversidad de temas, la profesora de econom\u00eda colaborativa <a href=\"https:\/\/www.felicicat.cat\/es\/portfolio-item\/montserrat-llobet-abizanda\/\"><b>Montserrat Llobet<\/b><\/a> subi\u00f3 al escenario para compartir su conocimiento. Llobet explic\u00f3 a los asistentes los diversos <b>indicadores de calidad de vida que trabaja la consultora CitizensQ<\/b>. Su exposici\u00f3n resalt\u00f3 la importancia de medir y comprender los factores que contribuyen a una mejor calidad de vida, tanto a nivel individual como comunitario. La perspectiva de Llobet, anclada en la econom\u00eda colaborativa, ofreci\u00f3 una visi\u00f3n integral de c\u00f3mo la colaboraci\u00f3n y el intercambio pueden impactar positivamente en el bienestar general.<\/p>\n<div id=\"gallery-4\" class=\"wpex-gallery wpex-grid wpex-grid-cols-2 wpex-gap-20 wpex-lightbox-group wpex-mb-20\"><figure class=\"gallery-item\"><a href=\"https:\/\/www.felicicat.cat\/wp-content\/uploads\/2025\/06\/Montserrat-Llobet-feliciCat-2.png\" class=\"wpex-lightbox-group-item\"><img loading=\"lazy\" decoding=\"async\" src=\"https:\/\/www.felicicat.cat\/wp-content\/uploads\/2025\/06\/Montserrat-Llobet-feliciCat-2-500x500.png\" alt=\"\" srcset=\"https:\/\/www.felicicat.cat\/wp-content\/uploads\/2025\/06\/Montserrat-Llobet-feliciCat-2-500x500.png 500w, https:\/\/www.felicicat.cat\/wp-content\/uploads\/2025\/06\/Montserrat-Llobet-feliciCat-2-150x150.png 150w, https:\/\/www.felicicat.cat\/wp-content\/uploads\/2025\/06\/Montserrat-Llobet-feliciCat-2-300x300.png 300w, https:\/\/www.felicicat.cat\/wp-content\/uploads\/2025\/06\/Montserrat-Llobet-feliciCat-2-100x100.png 100w\" width=\"500\" height=\"500\"><\/a><\/figure><figure class=\"gallery-item\"><a href=\"https:\/\/www.felicicat.cat\/wp-content\/uploads\/2025\/06\/IMG_3452-2-1-scaled-1500x1125.jpg\" class=\"wpex-lightbox-group-item\"><img loading=\"lazy\" decoding=\"async\" src=\"https:\/\/www.felicicat.cat\/wp-content\/uploads\/2025\/06\/IMG_3452-2-1-scaled-500x500.jpg\" alt=\"\" srcset=\"https:\/\/www.felicicat.cat\/wp-content\/uploads\/2025\/06\/IMG_3452-2-1-scaled-500x500.jpg 500w, https:\/\/www.felicicat.cat\/wp-content\/uploads\/2025\/06\/IMG_3452-2-1-150x150.jpg 150w, https:\/\/www.felicicat.cat\/wp-content\/uploads\/2025\/06\/IMG_3452-2-1-300x300.jpg 300w, https:\/\/www.felicicat.cat\/wp-content\/uploads\/2025\/06\/IMG_3452-2-1-100x100.jpg 100w, https:\/\/www.felicicat.cat\/wp-content\/uploads\/2025\/06\/IMG_3452-2-1-scaled-500x500@2x.jpg 1000w, https:\/\/www.felicicat.cat\/wp-content\/uploads\/2025\/06\/IMG_3452-2-1-scaled-500x500@2x.jpg 2x\" width=\"500\" height=\"500\"><\/a><\/figure><\/div>\n\n<h3><b>Recarga de Energ\u00edas y Dinamismo Renovado<\/b><\/h3>\n<p>Despu\u00e9s de estas enriquecedoras presentaciones, lleg\u00f3 el esperado <b>coffee break<\/b>, un momento perfecto para hacer una pausa, recargar energ\u00edas y, por supuesto, fomentar el networking entre los asistentes. La oferta de alimentos inclu\u00eda las deliciosas galletas de <a href=\"https:\/\/www.felicicat.cat\/es\/portfolio-item\/milola-empresa-amiga\/\" target=\"_blank\" rel=\"noopener\"><b>Milola<\/b><\/a>, una empresa amiga de feliciCat, lo que a\u00f1adi\u00f3 un toque de cercan\u00eda y apoyo mutuo al evento. Este receso permiti\u00f3 a los profesionales intercambiar ideas, experiencias y establecer nuevas conexiones, consolidando el ambiente colaborativo que caracteriz\u00f3 la jornada.<\/p>\n<p>Una vez finalizado el tiempo para charlar y hacer un poco de networking, los asistentes regresaron a sus asientos, aunque no por mucho tiempo. <a href=\"https:\/\/www.felicicat.cat\/es\/portfolio-item\/enric-cornelles\/\"><b>Enric Cornelles<\/b><\/a>, un motivador y cohesionador de equipos con una reconocida trayectoria, se encarg\u00f3 de mantener la energ\u00eda en alto. Cornelles dirigi\u00f3 un par de <b>din\u00e1micas que, una vez m\u00e1s, recargaron las energ\u00edas a todos los presentes<\/b>. Su habilidad para involucrar a la audiencia y fomentar la participaci\u00f3n activa fue evidente, y sus din\u00e1micas sirvieron como un recordatorio l\u00fadico de la importancia del trabajo en equipo y la buena disposici\u00f3n.<\/p>\n<div id=\"gallery-5\" class=\"wpex-gallery wpex-grid wpex-grid-cols-3 wpex-gap-20 wpex-lightbox-group wpex-mb-20\"><figure class=\"gallery-item\"><a href=\"https:\/\/www.felicicat.cat\/wp-content\/uploads\/2025\/06\/IMG_3475-2-Large.jpeg\" class=\"wpex-lightbox-group-item\"><img loading=\"lazy\" decoding=\"async\" src=\"https:\/\/www.felicicat.cat\/wp-content\/uploads\/2025\/06\/IMG_3475-2-Large-500x500.jpeg\" alt=\"\" srcset=\"https:\/\/www.felicicat.cat\/wp-content\/uploads\/2025\/06\/IMG_3475-2-Large-500x500.jpeg 500w, https:\/\/www.felicicat.cat\/wp-content\/uploads\/2025\/06\/IMG_3475-2-Large-150x150.jpeg 150w, https:\/\/www.felicicat.cat\/wp-content\/uploads\/2025\/06\/IMG_3475-2-Large-300x300.jpeg 300w, https:\/\/www.felicicat.cat\/wp-content\/uploads\/2025\/06\/IMG_3475-2-Large-100x100.jpeg 100w\" width=\"500\" height=\"500\"><\/a><\/figure><figure class=\"gallery-item\"><a href=\"https:\/\/www.felicicat.cat\/wp-content\/uploads\/2025\/06\/Enric-Cornelles-feliciCat-2.png\" class=\"wpex-lightbox-group-item\"><img loading=\"lazy\" decoding=\"async\" src=\"https:\/\/www.felicicat.cat\/wp-content\/uploads\/2025\/06\/Enric-Cornelles-feliciCat-2-500x500.png\" alt=\"\" srcset=\"https:\/\/www.felicicat.cat\/wp-content\/uploads\/2025\/06\/Enric-Cornelles-feliciCat-2-500x500.png 500w, https:\/\/www.felicicat.cat\/wp-content\/uploads\/2025\/06\/Enric-Cornelles-feliciCat-2-150x150.png 150w, https:\/\/www.felicicat.cat\/wp-content\/uploads\/2025\/06\/Enric-Cornelles-feliciCat-2-300x300.png 300w, https:\/\/www.felicicat.cat\/wp-content\/uploads\/2025\/06\/Enric-Cornelles-feliciCat-2-100x100.png 100w\" width=\"500\" height=\"500\"><\/a><\/figure><figure class=\"gallery-item\"><a href=\"https:\/\/www.felicicat.cat\/wp-content\/uploads\/2025\/06\/Enric-Cornelles-Trobada-feliciCat-1-1500x2000.jpg\" class=\"wpex-lightbox-group-item\"><img loading=\"lazy\" decoding=\"async\" src=\"https:\/\/www.felicicat.cat\/wp-content\/uploads\/2025\/06\/Enric-Cornelles-Trobada-feliciCat-1-500x500.jpg\" alt=\"\" srcset=\"https:\/\/www.felicicat.cat\/wp-content\/uploads\/2025\/06\/Enric-Cornelles-Trobada-feliciCat-1-500x500.jpg 500w, https:\/\/www.felicicat.cat\/wp-content\/uploads\/2025\/06\/Enric-Cornelles-Trobada-feliciCat-1-150x150.jpg 150w, https:\/\/www.felicicat.cat\/wp-content\/uploads\/2025\/06\/Enric-Cornelles-Trobada-feliciCat-1-300x300.jpg 300w, https:\/\/www.felicicat.cat\/wp-content\/uploads\/2025\/06\/Enric-Cornelles-Trobada-feliciCat-1-100x100.jpg 100w, https:\/\/www.felicicat.cat\/wp-content\/uploads\/2025\/06\/Enric-Cornelles-Trobada-feliciCat-1-500x500@2x.jpg 1000w, https:\/\/www.felicicat.cat\/wp-content\/uploads\/2025\/06\/Enric-Cornelles-Trobada-feliciCat-1-500x500@2x.jpg 2x\" width=\"500\" height=\"500\"><\/a><\/figure><\/div>\n\n<h3><b><img loading=\"lazy\" decoding=\"async\" class=\"aligncenter wp-image-14556 size-large\" src=\"https:\/\/www.felicicat.cat\/wp-content\/uploads\/2025\/06\/Enric-Cornelles-1-fil-feliciCat1-1024x576.jpg\" alt=\"\" width=\"980\" height=\"551\" srcset=\"https:\/\/www.felicicat.cat\/wp-content\/uploads\/2025\/06\/Enric-Cornelles-1-fil-feliciCat1-1024x576.jpg 1024w, https:\/\/www.felicicat.cat\/wp-content\/uploads\/2025\/06\/Enric-Cornelles-1-fil-feliciCat1-300x169.jpg 300w, https:\/\/www.felicicat.cat\/wp-content\/uploads\/2025\/06\/Enric-Cornelles-1-fil-feliciCat1-768x432.jpg 768w, https:\/\/www.felicicat.cat\/wp-content\/uploads\/2025\/06\/Enric-Cornelles-1-fil-feliciCat1-1536x864.jpg 1536w, https:\/\/www.felicicat.cat\/wp-content\/uploads\/2025\/06\/Enric-Cornelles-1-fil-feliciCat1-2048x1152.jpg 2048w, https:\/\/www.felicicat.cat\/wp-content\/uploads\/2025\/06\/Enric-Cornelles-1-fil-feliciCat1-600x338.jpg 600w\" sizes=\"(max-width: 980px) 100vw, 980px\" \/><\/b><\/h3>\n<h3><b>Innovaci\u00f3n y Bienestar: IA, Primeros Auxilios y Perspectivas Universitarias<\/b><\/h3>\n<p>La recta final del evento no defraud\u00f3 en cuanto a la calidad y la relevancia de las intervenciones. El evento cont\u00f3 con la presencia de <a href=\"https:\/\/www.felicicat.cat\/es\/portfolio-item\/marc-castellvi\/\"><b>Marc Castellv\u00ed<\/b><\/a>, cofundador de la plataforma <a href=\"https:\/\/wonzsai.com\/\" target=\"_blank\" rel=\"noopener\"><b>Wonzsai<\/b><\/a> y profesor de la UAB. Castellv\u00ed explic\u00f3 a los asistentes los <b>beneficios de apostar por una plataforma que utiliza la Inteligencia Artificial (IA) para facilitar la interpretaci\u00f3n de datos en estudios de clima laboral<\/b>. Su presentaci\u00f3n subray\u00f3 c\u00f3mo la tecnolog\u00eda puede ser una herramienta poderosa para comprender mejor el entorno de trabajo y tomar decisiones informadas que mejoren el bienestar de los empleados. La integraci\u00f3n de la IA en el an\u00e1lisis del clima laboral es un campo prometedor, y Castellv\u00ed ofreci\u00f3 una visi\u00f3n clara de su potencial.<\/p>\n<div id=\"gallery-6\" class=\"wpex-gallery wpex-grid wpex-grid-cols-3 wpex-gap-20 wpex-lightbox-group wpex-mb-20\"><figure class=\"gallery-item\"><a href=\"https:\/\/www.felicicat.cat\/wp-content\/uploads\/2025\/06\/Marc-Castellvi-feliciCat-11.jpg\" class=\"wpex-lightbox-group-item\"><img loading=\"lazy\" decoding=\"async\" src=\"https:\/\/www.felicicat.cat\/wp-content\/uploads\/2025\/06\/Marc-Castellvi-feliciCat-11-500x500.jpg\" alt=\"\" srcset=\"https:\/\/www.felicicat.cat\/wp-content\/uploads\/2025\/06\/Marc-Castellvi-feliciCat-11-500x500.jpg 500w, https:\/\/www.felicicat.cat\/wp-content\/uploads\/2025\/06\/Marc-Castellvi-feliciCat-11-150x150.jpg 150w, https:\/\/www.felicicat.cat\/wp-content\/uploads\/2025\/06\/Marc-Castellvi-feliciCat-11-300x300.jpg 300w, https:\/\/www.felicicat.cat\/wp-content\/uploads\/2025\/06\/Marc-Castellvi-feliciCat-11-100x100.jpg 100w\" width=\"500\" height=\"500\"><\/a><\/figure><figure class=\"gallery-item\"><a href=\"https:\/\/www.felicicat.cat\/wp-content\/uploads\/2025\/06\/Marc-Castellvi-feliciCat-21.jpg\" class=\"wpex-lightbox-group-item\"><img loading=\"lazy\" decoding=\"async\" src=\"https:\/\/www.felicicat.cat\/wp-content\/uploads\/2025\/06\/Marc-Castellvi-feliciCat-21-500x500.jpg\" alt=\"\" srcset=\"https:\/\/www.felicicat.cat\/wp-content\/uploads\/2025\/06\/Marc-Castellvi-feliciCat-21-500x500.jpg 500w, https:\/\/www.felicicat.cat\/wp-content\/uploads\/2025\/06\/Marc-Castellvi-feliciCat-21-150x150.jpg 150w, https:\/\/www.felicicat.cat\/wp-content\/uploads\/2025\/06\/Marc-Castellvi-feliciCat-21-300x300.jpg 300w, https:\/\/www.felicicat.cat\/wp-content\/uploads\/2025\/06\/Marc-Castellvi-feliciCat-21-100x100.jpg 100w\" width=\"500\" height=\"500\"><\/a><\/figure><figure class=\"gallery-item\"><a href=\"https:\/\/www.felicicat.cat\/wp-content\/uploads\/2025\/06\/Trobada-feliciCat-Marc-Castellvi.png\" class=\"wpex-lightbox-group-item\"><img loading=\"lazy\" decoding=\"async\" src=\"https:\/\/www.felicicat.cat\/wp-content\/uploads\/2025\/06\/Trobada-feliciCat-Marc-Castellvi-500x500.png\" alt=\"\" srcset=\"https:\/\/www.felicicat.cat\/wp-content\/uploads\/2025\/06\/Trobada-feliciCat-Marc-Castellvi-500x500.png 500w, https:\/\/www.felicicat.cat\/wp-content\/uploads\/2025\/06\/Trobada-feliciCat-Marc-Castellvi-150x150.png 150w, https:\/\/www.felicicat.cat\/wp-content\/uploads\/2025\/06\/Trobada-feliciCat-Marc-Castellvi-300x300.png 300w, https:\/\/www.felicicat.cat\/wp-content\/uploads\/2025\/06\/Trobada-feliciCat-Marc-Castellvi-100x100.png 100w\" width=\"500\" height=\"500\"><\/a><\/figure><\/div>\n\n<p>El evento estaba llegando a su fin, pero a\u00fan quedaban dos intervenciones muy interesantes que aportaron perspectivas adicionales al vasto campo del bienestar. <a href=\"https:\/\/www.felicicat.cat\/es\/portfolio-item\/joan-carles-molas\/\"><b>Joan Carles Molas<\/b><\/a>, fundador de <a href=\"https:\/\/www.felicicat.cat\/es\/portfolio-item\/catdea\/\" target=\"_blank\" rel=\"noopener\"><b>Catdea<\/b><\/a>, tom\u00f3 la palabra para destacar la <b>importancia de que las empresas impartan formaci\u00f3n en primeros auxilios y cuenten con espacios cardioprotegidos<\/b>. Su mensaje fue un recordatorio crucial de que la seguridad y la preparaci\u00f3n para emergencias son componentes esenciales de un entorno laboral saludable y responsable. La capacitaci\u00f3n en primeros auxilios no solo salva vidas, sino que tambi\u00e9n infunde confianza y seguridad en los empleados.<\/p>\n<p><img loading=\"lazy\" decoding=\"async\" class=\"aligncenter wp-image-14547 size-large\" src=\"https:\/\/www.felicicat.cat\/wp-content\/uploads\/2025\/06\/CatDea-felicicat-1-1024x771.jpg\" alt=\"\" width=\"980\" height=\"738\" srcset=\"https:\/\/www.felicicat.cat\/wp-content\/uploads\/2025\/06\/CatDea-felicicat-1-1024x771.jpg 1024w, https:\/\/www.felicicat.cat\/wp-content\/uploads\/2025\/06\/CatDea-felicicat-1-300x226.jpg 300w, https:\/\/www.felicicat.cat\/wp-content\/uploads\/2025\/06\/CatDea-felicicat-1-768x578.jpg 768w, https:\/\/www.felicicat.cat\/wp-content\/uploads\/2025\/06\/CatDea-felicicat-1-1536x1157.jpg 1536w, https:\/\/www.felicicat.cat\/wp-content\/uploads\/2025\/06\/CatDea-felicicat-1-2048x1542.jpg 2048w, https:\/\/www.felicicat.cat\/wp-content\/uploads\/2025\/06\/CatDea-felicicat-1-600x452.jpg 600w, https:\/\/www.felicicat.cat\/wp-content\/uploads\/2025\/06\/CatDea-felicicat-1-scaled-1500x1130.jpg 1500w\" sizes=\"(max-width: 980px) 100vw, 980px\" \/><\/p>\n<p>Para finalizar la jornada, <b>Maggie Peterson y Macy Johnston<\/b> presentaron una investigaci\u00f3n fascinante sobre las <b>diferentes universidades americanas y europeas que invierten en bienestar<\/b>. Su estudio abarc\u00f3 tanto el bienestar del profesorado y el personal administrativo como el de la comunidad de alumnos y exalumnos. Esta intervenci\u00f3n puso de manifiesto c\u00f3mo las instituciones educativas est\u00e1n reconociendo cada vez m\u00e1s la importancia de fomentar un entorno integral que promueva el bienestar en todas sus facetas, desde el apoyo psicol\u00f3gico hasta la promoci\u00f3n de h\u00e1bitos saludables. La investigaci\u00f3n de Peterson y Johnston ofreci\u00f3 un valioso panorama de las mejores pr\u00e1cticas en el \u00e1mbito acad\u00e9mico.<\/p>\n<p>El encuentro profesional organizado por feliciCat en Prat FP fue, sin duda, un \u00e9xito rotundo. La combinaci\u00f3n de ponencias informativas, din\u00e1micas participativas y un ambiente colaborativo cre\u00f3 un espacio enriquecedor para todos los asistentes. feliciCat demostr\u00f3 una vez m\u00e1s su liderazgo en la promoci\u00f3n del bienestar, y la jornada sirvi\u00f3 para inspirar, conectar y empoderar a los profesionales comprometidos con la creaci\u00f3n de entornos m\u00e1s felices y saludables. \u00bfQu\u00e9 otros aspectos del bienestar te parecen cruciales para abordar en futuros encuentros?<\/p>\n","protected":false},"excerpt":{"rendered":"<p>El pasado martes 17 de junio, Prat FP, una reputada escuela de Barcelona con m\u00e1s de un siglo de historia, se convirti\u00f3 por una ma\u00f1ana, en el epicentro del bienestar personal y laboral. El Instituto Catal\u00e1n de la Felicidad, feliciCat, organiz\u00f3 su segundo encuentro profesional que congreg\u00f3 a una cuarentena de especialistas en bienestar organizacional,&hellip;<\/p>\n","protected":false},"author":2,"featured_media":14440,"comment_status":"open","ping_status":"closed","sticky":false,"template":"","format":"standard","meta":{"_uag_custom_page_level_css":"","footnotes":""},"categories":[342],"tags":[],"post_series":[],"yoast_head":"<!-- This site is optimized with the Yoast SEO plugin v22.5 - https:\/\/yoast.com\/wordpress\/plugins\/seo\/ -->\n<title>Un oasis de bienestar: feliciCat celebra su segundo encuentro profesional - Felicicat<\/title>\n<meta name=\"description\" content=\"El pasado martes 17 de junio, Prat FP, una reputada escuela de Barcelona con m\u00e1s de un siglo de historia, se convirti\u00f3 por una ma\u00f1ana, en el epicentro del bienestar personal y laboral. El Instituto Catal\u00e1n de la Felicidad, feliciCat, organiz\u00f3 su segundo encuentro profesional que congreg\u00f3 a una cuarentena de especialistas en bienestar organizacional\" \/>\n<meta name=\"robots\" content=\"index, follow, max-snippet:-1, max-image-preview:large, max-video-preview:-1\" \/>\n<link rel=\"canonical\" href=\"https:\/\/www.felicicat.cat\/es\/un-oasis-de-bienestar-felicicat-celebra-su-segundo-encuentro-profesional\/\" \/>\n<meta property=\"og:locale\" content=\"es_ES\" \/>\n<meta property=\"og:type\" content=\"article\" \/>\n<meta property=\"og:title\" content=\"Un oasis de bienestar: feliciCat celebra su segundo encuentro profesional - Felicicat\" \/>\n<meta property=\"og:description\" content=\"El pasado martes 17 de junio, Prat FP, una reputada escuela de Barcelona con m\u00e1s de un siglo de historia, se convirti\u00f3 por una ma\u00f1ana, en el epicentro del bienestar personal y laboral. El Instituto Catal\u00e1n de la Felicidad, feliciCat, organiz\u00f3 su segundo encuentro profesional que congreg\u00f3 a una cuarentena de especialistas en bienestar organizacional\" \/>\n<meta property=\"og:url\" content=\"https:\/\/www.felicicat.cat\/es\/un-oasis-de-bienestar-felicicat-celebra-su-segundo-encuentro-profesional\/\" \/>\n<meta property=\"og:site_name\" content=\"Felicicat\" \/>\n<meta property=\"article:published_time\" content=\"2025-06-20T06:31:23+00:00\" \/>\n<meta property=\"article:modified_time\" content=\"2025-06-20T06:32:30+00:00\" \/>\n<meta property=\"og:image\" content=\"https:\/\/www.felicicat.cat\/wp-content\/uploads\/2025\/06\/feliciCat-Trobada-Professional1.jpg\" \/>\n\t<meta property=\"og:image:width\" content=\"1450\" \/>\n\t<meta property=\"og:image:height\" content=\"1085\" \/>\n\t<meta property=\"og:image:type\" content=\"image\/jpeg\" \/>\n<meta name=\"author\" content=\"edu\" \/>\n<meta name=\"twitter:card\" content=\"summary_large_image\" \/>\n<meta name=\"twitter:label1\" content=\"Escrito por\" \/>\n\t<meta name=\"twitter:data1\" content=\"edu\" \/>\n\t<meta name=\"twitter:label2\" content=\"Tiempo de lectura\" \/>\n\t<meta name=\"twitter:data2\" content=\"8 minutos\" \/>\n<script type=\"application\/ld+json\" class=\"yoast-schema-graph\">{\"@context\":\"https:\/\/schema.org\",\"@graph\":[{\"@type\":\"Article\",\"@id\":\"https:\/\/www.felicicat.cat\/es\/un-oasis-de-bienestar-felicicat-celebra-su-segundo-encuentro-profesional\/#article\",\"isPartOf\":{\"@id\":\"https:\/\/www.felicicat.cat\/es\/un-oasis-de-bienestar-felicicat-celebra-su-segundo-encuentro-profesional\/\"},\"author\":{\"name\":\"edu\",\"@id\":\"https:\/\/www.felicicat.cat\/#\/schema\/person\/53cc36ea322123eb24f43676c759311d\"},\"headline\":\"Un oasis de bienestar: feliciCat celebra su segundo encuentro profesional\",\"datePublished\":\"2025-06-20T06:31:23+00:00\",\"dateModified\":\"2025-06-20T06:32:30+00:00\",\"mainEntityOfPage\":{\"@id\":\"https:\/\/www.felicicat.cat\/es\/un-oasis-de-bienestar-felicicat-celebra-su-segundo-encuentro-profesional\/\"},\"wordCount\":1342,\"commentCount\":0,\"publisher\":{\"@id\":\"https:\/\/www.felicicat.cat\/#organization\"},\"image\":{\"@id\":\"https:\/\/www.felicicat.cat\/es\/un-oasis-de-bienestar-felicicat-celebra-su-segundo-encuentro-profesional\/#primaryimage\"},\"thumbnailUrl\":\"https:\/\/www.felicicat.cat\/wp-content\/uploads\/2025\/06\/feliciCat-Trobada-Professional1.jpg\",\"articleSection\":[\"Actualidad y tendencias\"],\"inLanguage\":\"es\",\"potentialAction\":[{\"@type\":\"CommentAction\",\"name\":\"Comment\",\"target\":[\"https:\/\/www.felicicat.cat\/es\/un-oasis-de-bienestar-felicicat-celebra-su-segundo-encuentro-profesional\/#respond\"]}]},{\"@type\":\"WebPage\",\"@id\":\"https:\/\/www.felicicat.cat\/es\/un-oasis-de-bienestar-felicicat-celebra-su-segundo-encuentro-profesional\/\",\"url\":\"https:\/\/www.felicicat.cat\/es\/un-oasis-de-bienestar-felicicat-celebra-su-segundo-encuentro-profesional\/\",\"name\":\"Un oasis de bienestar: feliciCat celebra su segundo encuentro profesional - Felicicat\",\"isPartOf\":{\"@id\":\"https:\/\/www.felicicat.cat\/#website\"},\"primaryImageOfPage\":{\"@id\":\"https:\/\/www.felicicat.cat\/es\/un-oasis-de-bienestar-felicicat-celebra-su-segundo-encuentro-profesional\/#primaryimage\"},\"image\":{\"@id\":\"https:\/\/www.felicicat.cat\/es\/un-oasis-de-bienestar-felicicat-celebra-su-segundo-encuentro-profesional\/#primaryimage\"},\"thumbnailUrl\":\"https:\/\/www.felicicat.cat\/wp-content\/uploads\/2025\/06\/feliciCat-Trobada-Professional1.jpg\",\"datePublished\":\"2025-06-20T06:31:23+00:00\",\"dateModified\":\"2025-06-20T06:32:30+00:00\",\"description\":\"El pasado martes 17 de junio, Prat FP, una reputada escuela de Barcelona con m\u00e1s de un siglo de historia, se convirti\u00f3 por una ma\u00f1ana, en el epicentro del bienestar personal y laboral. El Instituto Catal\u00e1n de la Felicidad, feliciCat, organiz\u00f3 su segundo encuentro profesional que congreg\u00f3 a una cuarentena de especialistas en bienestar organizacional\",\"breadcrumb\":{\"@id\":\"https:\/\/www.felicicat.cat\/es\/un-oasis-de-bienestar-felicicat-celebra-su-segundo-encuentro-profesional\/#breadcrumb\"},\"inLanguage\":\"es\",\"potentialAction\":[{\"@type\":\"ReadAction\",\"target\":[\"https:\/\/www.felicicat.cat\/es\/un-oasis-de-bienestar-felicicat-celebra-su-segundo-encuentro-profesional\/\"]}]},{\"@type\":\"ImageObject\",\"inLanguage\":\"es\",\"@id\":\"https:\/\/www.felicicat.cat\/es\/un-oasis-de-bienestar-felicicat-celebra-su-segundo-encuentro-profesional\/#primaryimage\",\"url\":\"https:\/\/www.felicicat.cat\/wp-content\/uploads\/2025\/06\/feliciCat-Trobada-Professional1.jpg\",\"contentUrl\":\"https:\/\/www.felicicat.cat\/wp-content\/uploads\/2025\/06\/feliciCat-Trobada-Professional1.jpg\",\"width\":1450,\"height\":1085,\"caption\":\"Fotografia de grup trobada professional feliciCat.\"},{\"@type\":\"BreadcrumbList\",\"@id\":\"https:\/\/www.felicicat.cat\/es\/un-oasis-de-bienestar-felicicat-celebra-su-segundo-encuentro-profesional\/#breadcrumb\",\"itemListElement\":[{\"@type\":\"ListItem\",\"position\":1,\"name\":\"Home\",\"item\":\"https:\/\/www.felicicat.cat\/es\/\"},{\"@type\":\"ListItem\",\"position\":2,\"name\":\"Un oasis de bienestar: feliciCat celebra su segundo&hellip;\"}]},{\"@type\":\"WebSite\",\"@id\":\"https:\/\/www.felicicat.cat\/#website\",\"url\":\"https:\/\/www.felicicat.cat\/\",\"name\":\"Felicicat\",\"description\":\"Institut Catal\u00e0 de la felicitat\",\"publisher\":{\"@id\":\"https:\/\/www.felicicat.cat\/#organization\"},\"potentialAction\":[{\"@type\":\"SearchAction\",\"target\":{\"@type\":\"EntryPoint\",\"urlTemplate\":\"https:\/\/www.felicicat.cat\/?s={search_term_string}\"},\"query-input\":\"required name=search_term_string\"}],\"inLanguage\":\"es\"},{\"@type\":\"Organization\",\"@id\":\"https:\/\/www.felicicat.cat\/#organization\",\"name\":\"Felicicat\",\"url\":\"https:\/\/www.felicicat.cat\/\",\"logo\":{\"@type\":\"ImageObject\",\"inLanguage\":\"es\",\"@id\":\"https:\/\/www.felicicat.cat\/#\/schema\/logo\/image\/\",\"url\":\"https:\/\/www.felicicat.cat\/wp-content\/uploads\/2023\/11\/4_proveslogotipsfelicicatFINAL_Mesadetrabajo1.png\",\"contentUrl\":\"https:\/\/www.felicicat.cat\/wp-content\/uploads\/2023\/11\/4_proveslogotipsfelicicatFINAL_Mesadetrabajo1.png\",\"width\":1500,\"height\":195,\"caption\":\"Felicicat\"},\"image\":{\"@id\":\"https:\/\/www.felicicat.cat\/#\/schema\/logo\/image\/\"}},{\"@type\":\"Person\",\"@id\":\"https:\/\/www.felicicat.cat\/#\/schema\/person\/53cc36ea322123eb24f43676c759311d\",\"name\":\"edu\",\"image\":{\"@type\":\"ImageObject\",\"inLanguage\":\"es\",\"@id\":\"https:\/\/www.felicicat.cat\/#\/schema\/person\/image\/\",\"url\":\"https:\/\/secure.gravatar.com\/avatar\/6fd3494648cb9e038992d31be80d2047?s=96&d=mm&r=g\",\"contentUrl\":\"https:\/\/secure.gravatar.com\/avatar\/6fd3494648cb9e038992d31be80d2047?s=96&d=mm&r=g\",\"caption\":\"edu\"},\"url\":\"https:\/\/www.felicicat.cat\/es\/author\/edu\/\"}]}<\/script>\n<!-- \/ Yoast SEO plugin. -->","yoast_head_json":{"title":"Un oasis de bienestar: feliciCat celebra su segundo encuentro profesional - Felicicat","description":"El pasado martes 17 de junio, Prat FP, una reputada escuela de Barcelona con m\u00e1s de un siglo de historia, se convirti\u00f3 por una ma\u00f1ana, en el epicentro del bienestar personal y laboral. El Instituto Catal\u00e1n de la Felicidad, feliciCat, organiz\u00f3 su segundo encuentro profesional que congreg\u00f3 a una cuarentena de especialistas en bienestar organizacional","robots":{"index":"index","follow":"follow","max-snippet":"max-snippet:-1","max-image-preview":"max-image-preview:large","max-video-preview":"max-video-preview:-1"},"canonical":"https:\/\/www.felicicat.cat\/es\/un-oasis-de-bienestar-felicicat-celebra-su-segundo-encuentro-profesional\/","og_locale":"es_ES","og_type":"article","og_title":"Un oasis de bienestar: feliciCat celebra su segundo encuentro profesional - Felicicat","og_description":"El pasado martes 17 de junio, Prat FP, una reputada escuela de Barcelona con m\u00e1s de un siglo de historia, se convirti\u00f3 por una ma\u00f1ana, en el epicentro del bienestar personal y laboral. El Instituto Catal\u00e1n de la Felicidad, feliciCat, organiz\u00f3 su segundo encuentro profesional que congreg\u00f3 a una cuarentena de especialistas en bienestar organizacional","og_url":"https:\/\/www.felicicat.cat\/es\/un-oasis-de-bienestar-felicicat-celebra-su-segundo-encuentro-profesional\/","og_site_name":"Felicicat","article_published_time":"2025-06-20T06:31:23+00:00","article_modified_time":"2025-06-20T06:32:30+00:00","og_image":[{"width":1450,"height":1085,"url":"https:\/\/www.felicicat.cat\/wp-content\/uploads\/2025\/06\/feliciCat-Trobada-Professional1.jpg","type":"image\/jpeg"}],"author":"edu","twitter_card":"summary_large_image","twitter_misc":{"Escrito por":"edu","Tiempo de lectura":"8 minutos"},"schema":{"@context":"https:\/\/schema.org","@graph":[{"@type":"Article","@id":"https:\/\/www.felicicat.cat\/es\/un-oasis-de-bienestar-felicicat-celebra-su-segundo-encuentro-profesional\/#article","isPartOf":{"@id":"https:\/\/www.felicicat.cat\/es\/un-oasis-de-bienestar-felicicat-celebra-su-segundo-encuentro-profesional\/"},"author":{"name":"edu","@id":"https:\/\/www.felicicat.cat\/#\/schema\/person\/53cc36ea322123eb24f43676c759311d"},"headline":"Un oasis de bienestar: feliciCat celebra su segundo encuentro profesional","datePublished":"2025-06-20T06:31:23+00:00","dateModified":"2025-06-20T06:32:30+00:00","mainEntityOfPage":{"@id":"https:\/\/www.felicicat.cat\/es\/un-oasis-de-bienestar-felicicat-celebra-su-segundo-encuentro-profesional\/"},"wordCount":1342,"commentCount":0,"publisher":{"@id":"https:\/\/www.felicicat.cat\/#organization"},"image":{"@id":"https:\/\/www.felicicat.cat\/es\/un-oasis-de-bienestar-felicicat-celebra-su-segundo-encuentro-profesional\/#primaryimage"},"thumbnailUrl":"https:\/\/www.felicicat.cat\/wp-content\/uploads\/2025\/06\/feliciCat-Trobada-Professional1.jpg","articleSection":["Actualidad y tendencias"],"inLanguage":"es","potentialAction":[{"@type":"CommentAction","name":"Comment","target":["https:\/\/www.felicicat.cat\/es\/un-oasis-de-bienestar-felicicat-celebra-su-segundo-encuentro-profesional\/#respond"]}]},{"@type":"WebPage","@id":"https:\/\/www.felicicat.cat\/es\/un-oasis-de-bienestar-felicicat-celebra-su-segundo-encuentro-profesional\/","url":"https:\/\/www.felicicat.cat\/es\/un-oasis-de-bienestar-felicicat-celebra-su-segundo-encuentro-profesional\/","name":"Un oasis de bienestar: feliciCat celebra su segundo encuentro profesional - Felicicat","isPartOf":{"@id":"https:\/\/www.felicicat.cat\/#website"},"primaryImageOfPage":{"@id":"https:\/\/www.felicicat.cat\/es\/un-oasis-de-bienestar-felicicat-celebra-su-segundo-encuentro-profesional\/#primaryimage"},"image":{"@id":"https:\/\/www.felicicat.cat\/es\/un-oasis-de-bienestar-felicicat-celebra-su-segundo-encuentro-profesional\/#primaryimage"},"thumbnailUrl":"https:\/\/www.felicicat.cat\/wp-content\/uploads\/2025\/06\/feliciCat-Trobada-Professional1.jpg","datePublished":"2025-06-20T06:31:23+00:00","dateModified":"2025-06-20T06:32:30+00:00","description":"El pasado martes 17 de junio, Prat FP, una reputada escuela de Barcelona con m\u00e1s de un siglo de historia, se convirti\u00f3 por una ma\u00f1ana, en el epicentro del bienestar personal y laboral. El Instituto Catal\u00e1n de la Felicidad, feliciCat, organiz\u00f3 su segundo encuentro profesional que congreg\u00f3 a una cuarentena de especialistas en bienestar organizacional","breadcrumb":{"@id":"https:\/\/www.felicicat.cat\/es\/un-oasis-de-bienestar-felicicat-celebra-su-segundo-encuentro-profesional\/#breadcrumb"},"inLanguage":"es","potentialAction":[{"@type":"ReadAction","target":["https:\/\/www.felicicat.cat\/es\/un-oasis-de-bienestar-felicicat-celebra-su-segundo-encuentro-profesional\/"]}]},{"@type":"ImageObject","inLanguage":"es","@id":"https:\/\/www.felicicat.cat\/es\/un-oasis-de-bienestar-felicicat-celebra-su-segundo-encuentro-profesional\/#primaryimage","url":"https:\/\/www.felicicat.cat\/wp-content\/uploads\/2025\/06\/feliciCat-Trobada-Professional1.jpg","contentUrl":"https:\/\/www.felicicat.cat\/wp-content\/uploads\/2025\/06\/feliciCat-Trobada-Professional1.jpg","width":1450,"height":1085,"caption":"Fotografia de grup trobada professional feliciCat."},{"@type":"BreadcrumbList","@id":"https:\/\/www.felicicat.cat\/es\/un-oasis-de-bienestar-felicicat-celebra-su-segundo-encuentro-profesional\/#breadcrumb","itemListElement":[{"@type":"ListItem","position":1,"name":"Home","item":"https:\/\/www.felicicat.cat\/es\/"},{"@type":"ListItem","position":2,"name":"Un oasis de bienestar: feliciCat celebra su segundo&hellip;"}]},{"@type":"WebSite","@id":"https:\/\/www.felicicat.cat\/#website","url":"https:\/\/www.felicicat.cat\/","name":"Felicicat","description":"Institut Catal\u00e0 de la felicitat","publisher":{"@id":"https:\/\/www.felicicat.cat\/#organization"},"potentialAction":[{"@type":"SearchAction","target":{"@type":"EntryPoint","urlTemplate":"https:\/\/www.felicicat.cat\/?s={search_term_string}"},"query-input":"required name=search_term_string"}],"inLanguage":"es"},{"@type":"Organization","@id":"https:\/\/www.felicicat.cat\/#organization","name":"Felicicat","url":"https:\/\/www.felicicat.cat\/","logo":{"@type":"ImageObject","inLanguage":"es","@id":"https:\/\/www.felicicat.cat\/#\/schema\/logo\/image\/","url":"https:\/\/www.felicicat.cat\/wp-content\/uploads\/2023\/11\/4_proveslogotipsfelicicatFINAL_Mesadetrabajo1.png","contentUrl":"https:\/\/www.felicicat.cat\/wp-content\/uploads\/2023\/11\/4_proveslogotipsfelicicatFINAL_Mesadetrabajo1.png","width":1500,"height":195,"caption":"Felicicat"},"image":{"@id":"https:\/\/www.felicicat.cat\/#\/schema\/logo\/image\/"}},{"@type":"Person","@id":"https:\/\/www.felicicat.cat\/#\/schema\/person\/53cc36ea322123eb24f43676c759311d","name":"edu","image":{"@type":"ImageObject","inLanguage":"es","@id":"https:\/\/www.felicicat.cat\/#\/schema\/person\/image\/","url":"https:\/\/secure.gravatar.com\/avatar\/6fd3494648cb9e038992d31be80d2047?s=96&d=mm&r=g","contentUrl":"https:\/\/secure.gravatar.com\/avatar\/6fd3494648cb9e038992d31be80d2047?s=96&d=mm&r=g","caption":"edu"},"url":"https:\/\/www.felicicat.cat\/es\/author\/edu\/"}]}},"uagb_featured_image_src":{"full":["https:\/\/www.felicicat.cat\/wp-content\/uploads\/2025\/06\/feliciCat-Trobada-Professional1.jpg",1450,1085,false],"thumbnail":["https:\/\/www.felicicat.cat\/wp-content\/uploads\/2025\/06\/feliciCat-Trobada-Professional1-150x150.jpg",150,150,true],"medium":["https:\/\/www.felicicat.cat\/wp-content\/uploads\/2025\/06\/feliciCat-Trobada-Professional1-300x224.jpg",300,224,true],"medium_large":["https:\/\/www.felicicat.cat\/wp-content\/uploads\/2025\/06\/feliciCat-Trobada-Professional1-768x575.jpg",768,575,true],"large":["https:\/\/www.felicicat.cat\/wp-content\/uploads\/2025\/06\/feliciCat-Trobada-Professional1-1024x766.jpg",980,733,true],"1536x1536":["https:\/\/www.felicicat.cat\/wp-content\/uploads\/2025\/06\/feliciCat-Trobada-Professional1.jpg",1450,1085,false],"2048x2048":["https:\/\/www.felicicat.cat\/wp-content\/uploads\/2025\/06\/feliciCat-Trobada-Professional1.jpg",1450,1085,false],"woocommerce_thumbnail":["https:\/\/www.felicicat.cat\/wp-content\/uploads\/2025\/06\/feliciCat-Trobada-Professional1-center-top-60x60.jpg",60,60,true],"woocommerce_single":["https:\/\/www.felicicat.cat\/wp-content\/uploads\/2025\/06\/feliciCat-Trobada-Professional1-700x524.jpg",700,524,true],"woocommerce_gallery_thumbnail":["https:\/\/www.felicicat.cat\/wp-content\/uploads\/2025\/06\/feliciCat-Trobada-Professional1-100x100.jpg",100,100,true],"lightbox":["https:\/\/www.felicicat.cat\/wp-content\/uploads\/2025\/06\/feliciCat-Trobada-Professional1.jpg",1450,1085,false],"search_results":["https:\/\/www.felicicat.cat\/wp-content\/uploads\/2025\/06\/feliciCat-Trobada-Professional1-125x125.jpg",125,125,true],"blog_entry":["https:\/\/www.felicicat.cat\/wp-content\/uploads\/2025\/06\/feliciCat-Trobada-Professional1-680x380.jpg",680,380,true],"blog_post":["https:\/\/www.felicicat.cat\/wp-content\/uploads\/2025\/06\/feliciCat-Trobada-Professional1.jpg",508,380,false],"blog_post_full":["https:\/\/www.felicicat.cat\/wp-content\/uploads\/2025\/06\/feliciCat-Trobada-Professional1-980x733.jpg",980,733,true],"blog_related":["https:\/\/www.felicicat.cat\/wp-content\/uploads\/2025\/06\/feliciCat-Trobada-Professional1.jpg",508,380,false],"portfolio_entry":["https:\/\/www.felicicat.cat\/wp-content\/uploads\/2025\/06\/feliciCat-Trobada-Professional1.jpg",468,350,false],"portfolio_post":["https:\/\/www.felicicat.cat\/wp-content\/uploads\/2025\/06\/feliciCat-Trobada-Professional1.jpg",1450,1085,false],"portfolio_related":["https:\/\/www.felicicat.cat\/wp-content\/uploads\/2025\/06\/feliciCat-Trobada-Professional1.jpg",468,350,false],"staff_entry":["https:\/\/www.felicicat.cat\/wp-content\/uploads\/2025\/06\/feliciCat-Trobada-Professional1.jpg",500,374,false],"staff_post":["https:\/\/www.felicicat.cat\/wp-content\/uploads\/2025\/06\/feliciCat-Trobada-Professional1.jpg",1450,1085,false],"staff_related":["https:\/\/www.felicicat.cat\/wp-content\/uploads\/2025\/06\/feliciCat-Trobada-Professional1.jpg",500,374,false],"testimonials_entry":["https:\/\/www.felicicat.cat\/wp-content\/uploads\/2025\/06\/feliciCat-Trobada-Professional1.jpg",45,34,false],"shop_catalog":["https:\/\/www.felicicat.cat\/wp-content\/uploads\/2025\/06\/feliciCat-Trobada-Professional1-350x262.jpg",350,262,true],"shop_single":["https:\/\/www.felicicat.cat\/wp-content\/uploads\/2025\/06\/feliciCat-Trobada-Professional1-700x524.jpg",700,524,true],"shop_single_thumbnail":["https:\/\/www.felicicat.cat\/wp-content\/uploads\/2025\/06\/feliciCat-Trobada-Professional1-140x140.jpg",140,140,true],"shop_category":["https:\/\/www.felicicat.cat\/wp-content\/uploads\/2025\/06\/feliciCat-Trobada-Professional1.jpg",1450,1085,false],"shop_thumbnail_cart":["https:\/\/www.felicicat.cat\/wp-content\/uploads\/2025\/06\/feliciCat-Trobada-Professional1-center-top-60x60.jpg",60,60,true],"gallery":["https:\/\/www.felicicat.cat\/wp-content\/uploads\/2025\/06\/feliciCat-Trobada-Professional1.jpg",500,374,false]},"uagb_author_info":{"display_name":"edu","author_link":"https:\/\/www.felicicat.cat\/es\/author\/edu\/"},"uagb_comment_info":0,"uagb_excerpt":"El pasado martes 17 de junio, Prat FP, una reputada escuela de Barcelona con m\u00e1s de un siglo de historia, se convirti\u00f3 por una ma\u00f1ana, en el epicentro del bienestar personal y laboral. El Instituto Catal\u00e1n de la Felicidad, feliciCat, organiz\u00f3 su segundo encuentro profesional que congreg\u00f3 a una cuarentena de especialistas en bienestar organizacional,&hellip;","_links":{"self":[{"href":"https:\/\/www.felicicat.cat\/es\/wp-json\/wp\/v2\/posts\/14435"}],"collection":[{"href":"https:\/\/www.felicicat.cat\/es\/wp-json\/wp\/v2\/posts"}],"about":[{"href":"https:\/\/www.felicicat.cat\/es\/wp-json\/wp\/v2\/types\/post"}],"author":[{"embeddable":true,"href":"https:\/\/www.felicicat.cat\/es\/wp-json\/wp\/v2\/users\/2"}],"replies":[{"embeddable":true,"href":"https:\/\/www.felicicat.cat\/es\/wp-json\/wp\/v2\/comments?post=14435"}],"version-history":[{"count":19,"href":"https:\/\/www.felicicat.cat\/es\/wp-json\/wp\/v2\/posts\/14435\/revisions"}],"predecessor-version":[{"id":14566,"href":"https:\/\/www.felicicat.cat\/es\/wp-json\/wp\/v2\/posts\/14435\/revisions\/14566"}],"wp:featuredmedia":[{"embeddable":true,"href":"https:\/\/www.felicicat.cat\/es\/wp-json\/wp\/v2\/media\/14440"}],"wp:attachment":[{"href":"https:\/\/www.felicicat.cat\/es\/wp-json\/wp\/v2\/media?parent=14435"}],"wp:term":[{"taxonomy":"category","embeddable":true,"href":"https:\/\/www.felicicat.cat\/es\/wp-json\/wp\/v2\/categories?post=14435"},{"taxonomy":"post_tag","embeddable":true,"href":"https:\/\/www.felicicat.cat\/es\/wp-json\/wp\/v2\/tags?post=14435"},{"taxonomy":"post_series","embeddable":true,"href":"https:\/\/www.felicicat.cat\/es\/wp-json\/wp\/v2\/post_series?post=14435"}],"curies":[{"name":"wp","href":"https:\/\/api.w.org\/{rel}","templated":true}]}}