{"id":14056,"date":"2025-05-07T09:11:52","date_gmt":"2025-05-07T09:11:52","guid":{"rendered":"https:\/\/www.felicicat.cat\/?p=14056"},"modified":"2025-05-07T09:23:17","modified_gmt":"2025-05-07T09:23:17","slug":"webinar-quieres-ser-mes-feliz-claves-por-a-aumentar-el-bienestar-a-el-trabajo-y-en-la-vida","status":"publish","type":"post","link":"https:\/\/www.felicicat.cat\/es\/webinar-quieres-ser-mes-feliz-claves-por-a-aumentar-el-bienestar-a-el-trabajo-y-en-la-vida\/","title":{"rendered":"Webinar: Quieres ser m\u00e1s feliz? Claves para aumentar el bienestar al trabajo y en la vida"},"content":{"rendered":"<div class=\"wpb-content-wrapper\">[vc_row][vc_column][vc_column_text]<strong>Mi\u00e9rcoles 30 de abril a las 16h (4PM CET Barcelona).<\/strong><\/p>\n<p><strong>Idioma del webinar:<\/strong> Castellano.<\/p>\n<p>C\u00f3mo podemos aumentar nuestro bienestar en medio de las exigencias del d\u00eda a d\u00eda?<br \/>\nEn esta conversaci\u00f3n inspiradora, compartiremos las claves esenciales para vivir con m\u00e1s sentido, autenticidad y plenitud, tanto a nivel profesional como personal. Con una mirada pr\u00f3xima y reflexiva, abordamos como el bienestar empieza con poder ser uno\/a mismo\/a, encontrar nuestro lugar y construir relaciones significativas.<\/p>\n<blockquote><p>Una puerta abierta al bienestar, desde dentro hacia afuera.<\/p><\/blockquote>\n<p><span class=\"yt-core-attributed-string yt-core-attributed-string--white-space-pre-wrap\" dir=\"auto\" role=\"text\"><span class=\"yt-core-attributed-string--link-inherit-color\" dir=\"auto\"><strong>Modera<span style=\"color: #000000;\">dor:<\/span><\/strong><span style=\"color: #000000;\"><a href=\"https:\/\/www.linkedin.com\/in\/asunpaniagua\/\" target=\"_blank\" rel=\"noopener\"> Asun Paniagua<\/a> (Periodista, autora de \u201cSentir la Libertad\u201d y realizadora del podcast \u201cNaDIE se Normal\u201d)<br \/>\n<strong>Ponentes: <\/strong><a style=\"color: #000000;\" href=\"https:\/\/www.felicicat.cat\/es\/portfolio-item\/eduard-alcaraz-2\/\" target=\"_blank\" rel=\"noopener\">Eduard Alcaraz Espriu<\/a> (Fundador felicicat &#8211; Institut Catala de a Felicitat)<\/span><\/span><\/span>[\/vc_column_text][\/vc_column][\/vc_row]\n<\/div>","protected":false},"excerpt":{"rendered":"<p>[vc_row][vc_column][vc_column_text]Mi\u00e9rcoles 30 de abril a las 16h (4PM CET Barcelona). Idioma del webinar: Castellano. C\u00f3mo podemos aumentar nuestro bienestar en medio de las exigencias del d\u00eda a d\u00eda? En esta conversaci\u00f3n inspiradora, compartiremos las claves esenciales para vivir con m\u00e1s sentido, autenticidad y plenitud, tanto a nivel profesional como personal. Con una mirada pr\u00f3xima y&hellip;<\/p>\n","protected":false},"author":2,"featured_media":14060,"comment_status":"open","ping_status":"closed","sticky":false,"template":"","format":"video","meta":{"_uag_custom_page_level_css":"","footnotes":""},"categories":[344,691],"tags":[],"post_series":[],"yoast_head":"<!-- This site is optimized with the Yoast SEO plugin v22.5 - https:\/\/yoast.com\/wordpress\/plugins\/seo\/ -->\n<title>Webinar: Quieres ser m\u00e1s feliz? Claves para aumentar el bienestar al trabajo y en la vida - Felicicat<\/title>\n<meta name=\"description\" content=\"C\u00f3mo podemos aumentar nuestro bienestar en medio de las exigencias del d\u00eda a d\u00eda?En esta conversaci\u00f3n inspiradora, compartiremos las claves esenciales para vivir con m\u00e1s sentido, autenticidad y plenitud, tanto en nivel profesional como personal. Con una mirada pr\u00f3xima y reflexiva, abordamos como el bienestar empieza para poder ser uno\/a mismo\/a, encontrar nuestro lugar y construir relaciones significativas.Una puerta abierta al bienestar, desde dentro cabe afuera.\" \/>\n<meta name=\"robots\" content=\"index, follow, max-snippet:-1, max-image-preview:large, max-video-preview:-1\" \/>\n<link rel=\"canonical\" href=\"https:\/\/www.felicicat.cat\/es\/webinar-quieres-ser-mes-feliz-claves-por-a-aumentar-el-bienestar-a-el-trabajo-y-en-la-vida\/\" \/>\n<meta property=\"og:locale\" content=\"es_ES\" \/>\n<meta property=\"og:type\" content=\"article\" \/>\n<meta property=\"og:title\" content=\"Webinar: Quieres ser m\u00e1s feliz? Claves para aumentar el bienestar al trabajo y en la vida - Felicicat\" \/>\n<meta property=\"og:description\" content=\"C\u00f3mo podemos aumentar nuestro bienestar en medio de las exigencias del d\u00eda a d\u00eda?En esta conversaci\u00f3n inspiradora, compartiremos las claves esenciales para vivir con m\u00e1s sentido, autenticidad y plenitud, tanto en nivel profesional como personal. Con una mirada pr\u00f3xima y reflexiva, abordamos como el bienestar empieza para poder ser uno\/a mismo\/a, encontrar nuestro lugar y construir relaciones significativas.Una puerta abierta al bienestar, desde dentro cabe afuera.\" \/>\n<meta property=\"og:url\" content=\"https:\/\/www.felicicat.cat\/es\/webinar-quieres-ser-mes-feliz-claves-por-a-aumentar-el-bienestar-a-el-trabajo-y-en-la-vida\/\" \/>\n<meta property=\"og:site_name\" content=\"Felicicat\" \/>\n<meta property=\"article:published_time\" content=\"2025-05-07T09:11:52+00:00\" \/>\n<meta property=\"article:modified_time\" content=\"2025-05-07T09:23:17+00:00\" \/>\n<meta property=\"og:image\" content=\"https:\/\/www.felicicat.cat\/wp-content\/uploads\/2025\/05\/Lidera-sense-filtre-escolta-confia-i-agraeix-de-veritat-Webinar-feliciCat-27-NOV-1.png\" \/>\n\t<meta property=\"og:image:width\" content=\"1920\" \/>\n\t<meta property=\"og:image:height\" content=\"1080\" \/>\n\t<meta property=\"og:image:type\" content=\"image\/png\" \/>\n<meta name=\"author\" content=\"edu\" \/>\n<meta name=\"twitter:card\" content=\"summary_large_image\" \/>\n<meta name=\"twitter:label1\" content=\"Escrito por\" \/>\n\t<meta name=\"twitter:data1\" content=\"edu\" \/>\n\t<meta name=\"twitter:label2\" content=\"Tiempo de lectura\" \/>\n\t<meta name=\"twitter:data2\" content=\"1 minuto\" \/>\n<script type=\"application\/ld+json\" class=\"yoast-schema-graph\">{\"@context\":\"https:\/\/schema.org\",\"@graph\":[{\"@type\":\"Article\",\"@id\":\"https:\/\/www.felicicat.cat\/es\/webinar-quieres-ser-mes-feliz-claves-por-a-aumentar-el-bienestar-a-el-trabajo-y-en-la-vida\/#article\",\"isPartOf\":{\"@id\":\"https:\/\/www.felicicat.cat\/es\/webinar-quieres-ser-mes-feliz-claves-por-a-aumentar-el-bienestar-a-el-trabajo-y-en-la-vida\/\"},\"author\":{\"name\":\"edu\",\"@id\":\"https:\/\/www.felicicat.cat\/#\/schema\/person\/53cc36ea322123eb24f43676c759311d\"},\"headline\":\"Webinar: Quieres ser m\u00e1s feliz? Claves para aumentar el bienestar al trabajo y en la vida\",\"datePublished\":\"2025-05-07T09:11:52+00:00\",\"dateModified\":\"2025-05-07T09:23:17+00:00\",\"mainEntityOfPage\":{\"@id\":\"https:\/\/www.felicicat.cat\/es\/webinar-quieres-ser-mes-feliz-claves-por-a-aumentar-el-bienestar-a-el-trabajo-y-en-la-vida\/\"},\"wordCount\":149,\"commentCount\":0,\"publisher\":{\"@id\":\"https:\/\/www.felicicat.cat\/#organization\"},\"image\":{\"@id\":\"https:\/\/www.felicicat.cat\/es\/webinar-quieres-ser-mes-feliz-claves-por-a-aumentar-el-bienestar-a-el-trabajo-y-en-la-vida\/#primaryimage\"},\"thumbnailUrl\":\"https:\/\/www.felicicat.cat\/wp-content\/uploads\/2025\/05\/Lidera-sense-filtre-escolta-confia-i-agraeix-de-veritat-Webinar-feliciCat-27-NOV-1.png\",\"articleSection\":[\"Conversas (vblog)\",\"Converses (vlog)\"],\"inLanguage\":\"es\",\"potentialAction\":[{\"@type\":\"CommentAction\",\"name\":\"Comment\",\"target\":[\"https:\/\/www.felicicat.cat\/es\/webinar-quieres-ser-mes-feliz-claves-por-a-aumentar-el-bienestar-a-el-trabajo-y-en-la-vida\/#respond\"]}]},{\"@type\":\"WebPage\",\"@id\":\"https:\/\/www.felicicat.cat\/es\/webinar-quieres-ser-mes-feliz-claves-por-a-aumentar-el-bienestar-a-el-trabajo-y-en-la-vida\/\",\"url\":\"https:\/\/www.felicicat.cat\/es\/webinar-quieres-ser-mes-feliz-claves-por-a-aumentar-el-bienestar-a-el-trabajo-y-en-la-vida\/\",\"name\":\"Webinar: Quieres ser m\u00e1s feliz? Claves para aumentar el bienestar al trabajo y en la vida - Felicicat\",\"isPartOf\":{\"@id\":\"https:\/\/www.felicicat.cat\/#website\"},\"primaryImageOfPage\":{\"@id\":\"https:\/\/www.felicicat.cat\/es\/webinar-quieres-ser-mes-feliz-claves-por-a-aumentar-el-bienestar-a-el-trabajo-y-en-la-vida\/#primaryimage\"},\"image\":{\"@id\":\"https:\/\/www.felicicat.cat\/es\/webinar-quieres-ser-mes-feliz-claves-por-a-aumentar-el-bienestar-a-el-trabajo-y-en-la-vida\/#primaryimage\"},\"thumbnailUrl\":\"https:\/\/www.felicicat.cat\/wp-content\/uploads\/2025\/05\/Lidera-sense-filtre-escolta-confia-i-agraeix-de-veritat-Webinar-feliciCat-27-NOV-1.png\",\"datePublished\":\"2025-05-07T09:11:52+00:00\",\"dateModified\":\"2025-05-07T09:23:17+00:00\",\"description\":\"C\u00f3mo podemos aumentar nuestro bienestar en medio de las exigencias del d\u00eda a d\u00eda?En esta conversaci\u00f3n inspiradora, compartiremos las claves esenciales para vivir con m\u00e1s sentido, autenticidad y plenitud, tanto en nivel profesional como personal. Con una mirada pr\u00f3xima y reflexiva, abordamos como el bienestar empieza para poder ser uno\/a mismo\/a, encontrar nuestro lugar y construir relaciones significativas.Una puerta abierta al bienestar, desde dentro cabe afuera.\",\"breadcrumb\":{\"@id\":\"https:\/\/www.felicicat.cat\/es\/webinar-quieres-ser-mes-feliz-claves-por-a-aumentar-el-bienestar-a-el-trabajo-y-en-la-vida\/#breadcrumb\"},\"inLanguage\":\"es\",\"potentialAction\":[{\"@type\":\"ReadAction\",\"target\":[\"https:\/\/www.felicicat.cat\/es\/webinar-quieres-ser-mes-feliz-claves-por-a-aumentar-el-bienestar-a-el-trabajo-y-en-la-vida\/\"]}]},{\"@type\":\"ImageObject\",\"inLanguage\":\"es\",\"@id\":\"https:\/\/www.felicicat.cat\/es\/webinar-quieres-ser-mes-feliz-claves-por-a-aumentar-el-bienestar-a-el-trabajo-y-en-la-vida\/#primaryimage\",\"url\":\"https:\/\/www.felicicat.cat\/wp-content\/uploads\/2025\/05\/Lidera-sense-filtre-escolta-confia-i-agraeix-de-veritat-Webinar-feliciCat-27-NOV-1.png\",\"contentUrl\":\"https:\/\/www.felicicat.cat\/wp-content\/uploads\/2025\/05\/Lidera-sense-filtre-escolta-confia-i-agraeix-de-veritat-Webinar-feliciCat-27-NOV-1.png\",\"width\":1920,\"height\":1080},{\"@type\":\"BreadcrumbList\",\"@id\":\"https:\/\/www.felicicat.cat\/es\/webinar-quieres-ser-mes-feliz-claves-por-a-aumentar-el-bienestar-a-el-trabajo-y-en-la-vida\/#breadcrumb\",\"itemListElement\":[{\"@type\":\"ListItem\",\"position\":1,\"name\":\"Home\",\"item\":\"https:\/\/www.felicicat.cat\/es\/\"},{\"@type\":\"ListItem\",\"position\":2,\"name\":\"Webinar: Quieres ser m\u00e1s feliz? Claves para aumentar&hellip;\"}]},{\"@type\":\"WebSite\",\"@id\":\"https:\/\/www.felicicat.cat\/#website\",\"url\":\"https:\/\/www.felicicat.cat\/\",\"name\":\"Felicicat\",\"description\":\"Institut Catal\u00e0 de la felicitat\",\"publisher\":{\"@id\":\"https:\/\/www.felicicat.cat\/#organization\"},\"potentialAction\":[{\"@type\":\"SearchAction\",\"target\":{\"@type\":\"EntryPoint\",\"urlTemplate\":\"https:\/\/www.felicicat.cat\/?s={search_term_string}\"},\"query-input\":\"required name=search_term_string\"}],\"inLanguage\":\"es\"},{\"@type\":\"Organization\",\"@id\":\"https:\/\/www.felicicat.cat\/#organization\",\"name\":\"Felicicat\",\"url\":\"https:\/\/www.felicicat.cat\/\",\"logo\":{\"@type\":\"ImageObject\",\"inLanguage\":\"es\",\"@id\":\"https:\/\/www.felicicat.cat\/#\/schema\/logo\/image\/\",\"url\":\"https:\/\/www.felicicat.cat\/wp-content\/uploads\/2023\/11\/4_proveslogotipsfelicicatFINAL_Mesadetrabajo1.png\",\"contentUrl\":\"https:\/\/www.felicicat.cat\/wp-content\/uploads\/2023\/11\/4_proveslogotipsfelicicatFINAL_Mesadetrabajo1.png\",\"width\":1500,\"height\":195,\"caption\":\"Felicicat\"},\"image\":{\"@id\":\"https:\/\/www.felicicat.cat\/#\/schema\/logo\/image\/\"}},{\"@type\":\"Person\",\"@id\":\"https:\/\/www.felicicat.cat\/#\/schema\/person\/53cc36ea322123eb24f43676c759311d\",\"name\":\"edu\",\"image\":{\"@type\":\"ImageObject\",\"inLanguage\":\"es\",\"@id\":\"https:\/\/www.felicicat.cat\/#\/schema\/person\/image\/\",\"url\":\"https:\/\/secure.gravatar.com\/avatar\/6fd3494648cb9e038992d31be80d2047?s=96&d=mm&r=g\",\"contentUrl\":\"https:\/\/secure.gravatar.com\/avatar\/6fd3494648cb9e038992d31be80d2047?s=96&d=mm&r=g\",\"caption\":\"edu\"},\"url\":\"https:\/\/www.felicicat.cat\/es\/author\/edu\/\"}]}<\/script>\n<!-- \/ Yoast SEO plugin. -->","yoast_head_json":{"title":"Webinar: Quieres ser m\u00e1s feliz? Claves para aumentar el bienestar al trabajo y en la vida - Felicicat","description":"C\u00f3mo podemos aumentar nuestro bienestar en medio de las exigencias del d\u00eda a d\u00eda?En esta conversaci\u00f3n inspiradora, compartiremos las claves esenciales para vivir con m\u00e1s sentido, autenticidad y plenitud, tanto en nivel profesional como personal. Con una mirada pr\u00f3xima y reflexiva, abordamos como el bienestar empieza para poder ser uno\/a mismo\/a, encontrar nuestro lugar y construir relaciones significativas.Una puerta abierta al bienestar, desde dentro cabe afuera.","robots":{"index":"index","follow":"follow","max-snippet":"max-snippet:-1","max-image-preview":"max-image-preview:large","max-video-preview":"max-video-preview:-1"},"canonical":"https:\/\/www.felicicat.cat\/es\/webinar-quieres-ser-mes-feliz-claves-por-a-aumentar-el-bienestar-a-el-trabajo-y-en-la-vida\/","og_locale":"es_ES","og_type":"article","og_title":"Webinar: Quieres ser m\u00e1s feliz? Claves para aumentar el bienestar al trabajo y en la vida - Felicicat","og_description":"C\u00f3mo podemos aumentar nuestro bienestar en medio de las exigencias del d\u00eda a d\u00eda?En esta conversaci\u00f3n inspiradora, compartiremos las claves esenciales para vivir con m\u00e1s sentido, autenticidad y plenitud, tanto en nivel profesional como personal. Con una mirada pr\u00f3xima y reflexiva, abordamos como el bienestar empieza para poder ser uno\/a mismo\/a, encontrar nuestro lugar y construir relaciones significativas.Una puerta abierta al bienestar, desde dentro cabe afuera.","og_url":"https:\/\/www.felicicat.cat\/es\/webinar-quieres-ser-mes-feliz-claves-por-a-aumentar-el-bienestar-a-el-trabajo-y-en-la-vida\/","og_site_name":"Felicicat","article_published_time":"2025-05-07T09:11:52+00:00","article_modified_time":"2025-05-07T09:23:17+00:00","og_image":[{"width":1920,"height":1080,"url":"https:\/\/www.felicicat.cat\/wp-content\/uploads\/2025\/05\/Lidera-sense-filtre-escolta-confia-i-agraeix-de-veritat-Webinar-feliciCat-27-NOV-1.png","type":"image\/png"}],"author":"edu","twitter_card":"summary_large_image","twitter_misc":{"Escrito por":"edu","Tiempo de lectura":"1 minuto"},"schema":{"@context":"https:\/\/schema.org","@graph":[{"@type":"Article","@id":"https:\/\/www.felicicat.cat\/es\/webinar-quieres-ser-mes-feliz-claves-por-a-aumentar-el-bienestar-a-el-trabajo-y-en-la-vida\/#article","isPartOf":{"@id":"https:\/\/www.felicicat.cat\/es\/webinar-quieres-ser-mes-feliz-claves-por-a-aumentar-el-bienestar-a-el-trabajo-y-en-la-vida\/"},"author":{"name":"edu","@id":"https:\/\/www.felicicat.cat\/#\/schema\/person\/53cc36ea322123eb24f43676c759311d"},"headline":"Webinar: Quieres ser m\u00e1s feliz? Claves para aumentar el bienestar al trabajo y en la vida","datePublished":"2025-05-07T09:11:52+00:00","dateModified":"2025-05-07T09:23:17+00:00","mainEntityOfPage":{"@id":"https:\/\/www.felicicat.cat\/es\/webinar-quieres-ser-mes-feliz-claves-por-a-aumentar-el-bienestar-a-el-trabajo-y-en-la-vida\/"},"wordCount":149,"commentCount":0,"publisher":{"@id":"https:\/\/www.felicicat.cat\/#organization"},"image":{"@id":"https:\/\/www.felicicat.cat\/es\/webinar-quieres-ser-mes-feliz-claves-por-a-aumentar-el-bienestar-a-el-trabajo-y-en-la-vida\/#primaryimage"},"thumbnailUrl":"https:\/\/www.felicicat.cat\/wp-content\/uploads\/2025\/05\/Lidera-sense-filtre-escolta-confia-i-agraeix-de-veritat-Webinar-feliciCat-27-NOV-1.png","articleSection":["Conversas (vblog)","Converses (vlog)"],"inLanguage":"es","potentialAction":[{"@type":"CommentAction","name":"Comment","target":["https:\/\/www.felicicat.cat\/es\/webinar-quieres-ser-mes-feliz-claves-por-a-aumentar-el-bienestar-a-el-trabajo-y-en-la-vida\/#respond"]}]},{"@type":"WebPage","@id":"https:\/\/www.felicicat.cat\/es\/webinar-quieres-ser-mes-feliz-claves-por-a-aumentar-el-bienestar-a-el-trabajo-y-en-la-vida\/","url":"https:\/\/www.felicicat.cat\/es\/webinar-quieres-ser-mes-feliz-claves-por-a-aumentar-el-bienestar-a-el-trabajo-y-en-la-vida\/","name":"Webinar: Quieres ser m\u00e1s feliz? Claves para aumentar el bienestar al trabajo y en la vida - Felicicat","isPartOf":{"@id":"https:\/\/www.felicicat.cat\/#website"},"primaryImageOfPage":{"@id":"https:\/\/www.felicicat.cat\/es\/webinar-quieres-ser-mes-feliz-claves-por-a-aumentar-el-bienestar-a-el-trabajo-y-en-la-vida\/#primaryimage"},"image":{"@id":"https:\/\/www.felicicat.cat\/es\/webinar-quieres-ser-mes-feliz-claves-por-a-aumentar-el-bienestar-a-el-trabajo-y-en-la-vida\/#primaryimage"},"thumbnailUrl":"https:\/\/www.felicicat.cat\/wp-content\/uploads\/2025\/05\/Lidera-sense-filtre-escolta-confia-i-agraeix-de-veritat-Webinar-feliciCat-27-NOV-1.png","datePublished":"2025-05-07T09:11:52+00:00","dateModified":"2025-05-07T09:23:17+00:00","description":"C\u00f3mo podemos aumentar nuestro bienestar en medio de las exigencias del d\u00eda a d\u00eda?En esta conversaci\u00f3n inspiradora, compartiremos las claves esenciales para vivir con m\u00e1s sentido, autenticidad y plenitud, tanto en nivel profesional como personal. Con una mirada pr\u00f3xima y reflexiva, abordamos como el bienestar empieza para poder ser uno\/a mismo\/a, encontrar nuestro lugar y construir relaciones significativas.Una puerta abierta al bienestar, desde dentro cabe afuera.","breadcrumb":{"@id":"https:\/\/www.felicicat.cat\/es\/webinar-quieres-ser-mes-feliz-claves-por-a-aumentar-el-bienestar-a-el-trabajo-y-en-la-vida\/#breadcrumb"},"inLanguage":"es","potentialAction":[{"@type":"ReadAction","target":["https:\/\/www.felicicat.cat\/es\/webinar-quieres-ser-mes-feliz-claves-por-a-aumentar-el-bienestar-a-el-trabajo-y-en-la-vida\/"]}]},{"@type":"ImageObject","inLanguage":"es","@id":"https:\/\/www.felicicat.cat\/es\/webinar-quieres-ser-mes-feliz-claves-por-a-aumentar-el-bienestar-a-el-trabajo-y-en-la-vida\/#primaryimage","url":"https:\/\/www.felicicat.cat\/wp-content\/uploads\/2025\/05\/Lidera-sense-filtre-escolta-confia-i-agraeix-de-veritat-Webinar-feliciCat-27-NOV-1.png","contentUrl":"https:\/\/www.felicicat.cat\/wp-content\/uploads\/2025\/05\/Lidera-sense-filtre-escolta-confia-i-agraeix-de-veritat-Webinar-feliciCat-27-NOV-1.png","width":1920,"height":1080},{"@type":"BreadcrumbList","@id":"https:\/\/www.felicicat.cat\/es\/webinar-quieres-ser-mes-feliz-claves-por-a-aumentar-el-bienestar-a-el-trabajo-y-en-la-vida\/#breadcrumb","itemListElement":[{"@type":"ListItem","position":1,"name":"Home","item":"https:\/\/www.felicicat.cat\/es\/"},{"@type":"ListItem","position":2,"name":"Webinar: Quieres ser m\u00e1s feliz? Claves para aumentar&hellip;"}]},{"@type":"WebSite","@id":"https:\/\/www.felicicat.cat\/#website","url":"https:\/\/www.felicicat.cat\/","name":"Felicicat","description":"Institut Catal\u00e0 de la felicitat","publisher":{"@id":"https:\/\/www.felicicat.cat\/#organization"},"potentialAction":[{"@type":"SearchAction","target":{"@type":"EntryPoint","urlTemplate":"https:\/\/www.felicicat.cat\/?s={search_term_string}"},"query-input":"required name=search_term_string"}],"inLanguage":"es"},{"@type":"Organization","@id":"https:\/\/www.felicicat.cat\/#organization","name":"Felicicat","url":"https:\/\/www.felicicat.cat\/","logo":{"@type":"ImageObject","inLanguage":"es","@id":"https:\/\/www.felicicat.cat\/#\/schema\/logo\/image\/","url":"https:\/\/www.felicicat.cat\/wp-content\/uploads\/2023\/11\/4_proveslogotipsfelicicatFINAL_Mesadetrabajo1.png","contentUrl":"https:\/\/www.felicicat.cat\/wp-content\/uploads\/2023\/11\/4_proveslogotipsfelicicatFINAL_Mesadetrabajo1.png","width":1500,"height":195,"caption":"Felicicat"},"image":{"@id":"https:\/\/www.felicicat.cat\/#\/schema\/logo\/image\/"}},{"@type":"Person","@id":"https:\/\/www.felicicat.cat\/#\/schema\/person\/53cc36ea322123eb24f43676c759311d","name":"edu","image":{"@type":"ImageObject","inLanguage":"es","@id":"https:\/\/www.felicicat.cat\/#\/schema\/person\/image\/","url":"https:\/\/secure.gravatar.com\/avatar\/6fd3494648cb9e038992d31be80d2047?s=96&d=mm&r=g","contentUrl":"https:\/\/secure.gravatar.com\/avatar\/6fd3494648cb9e038992d31be80d2047?s=96&d=mm&r=g","caption":"edu"},"url":"https:\/\/www.felicicat.cat\/es\/author\/edu\/"}]}},"uagb_featured_image_src":{"full":["https:\/\/www.felicicat.cat\/wp-content\/uploads\/2025\/05\/Lidera-sense-filtre-escolta-confia-i-agraeix-de-veritat-Webinar-feliciCat-27-NOV-1.png",1920,1080,false],"thumbnail":["https:\/\/www.felicicat.cat\/wp-content\/uploads\/2025\/05\/Lidera-sense-filtre-escolta-confia-i-agraeix-de-veritat-Webinar-feliciCat-27-NOV-1-150x150.png",150,150,true],"medium":["https:\/\/www.felicicat.cat\/wp-content\/uploads\/2025\/05\/Lidera-sense-filtre-escolta-confia-i-agraeix-de-veritat-Webinar-feliciCat-27-NOV-1-300x169.png",300,169,true],"medium_large":["https:\/\/www.felicicat.cat\/wp-content\/uploads\/2025\/05\/Lidera-sense-filtre-escolta-confia-i-agraeix-de-veritat-Webinar-feliciCat-27-NOV-1-768x432.png",768,432,true],"large":["https:\/\/www.felicicat.cat\/wp-content\/uploads\/2025\/05\/Lidera-sense-filtre-escolta-confia-i-agraeix-de-veritat-Webinar-feliciCat-27-NOV-1-1024x576.png",980,551,true],"1536x1536":["https:\/\/www.felicicat.cat\/wp-content\/uploads\/2025\/05\/Lidera-sense-filtre-escolta-confia-i-agraeix-de-veritat-Webinar-feliciCat-27-NOV-1-1536x864.png",1536,864,true],"2048x2048":["https:\/\/www.felicicat.cat\/wp-content\/uploads\/2025\/05\/Lidera-sense-filtre-escolta-confia-i-agraeix-de-veritat-Webinar-feliciCat-27-NOV-1.png",1920,1080,false],"woocommerce_thumbnail":["https:\/\/www.felicicat.cat\/wp-content\/uploads\/2025\/05\/Lidera-sense-filtre-escolta-confia-i-agraeix-de-veritat-Webinar-feliciCat-27-NOV-1-center-top-60x60.png",60,60,true],"woocommerce_single":["https:\/\/www.felicicat.cat\/wp-content\/uploads\/2025\/05\/Lidera-sense-filtre-escolta-confia-i-agraeix-de-veritat-Webinar-feliciCat-27-NOV-1-700x394.png",700,394,true],"woocommerce_gallery_thumbnail":["https:\/\/www.felicicat.cat\/wp-content\/uploads\/2025\/05\/Lidera-sense-filtre-escolta-confia-i-agraeix-de-veritat-Webinar-feliciCat-27-NOV-1-100x100.png",100,100,true],"lightbox":["https:\/\/www.felicicat.cat\/wp-content\/uploads\/2025\/05\/Lidera-sense-filtre-escolta-confia-i-agraeix-de-veritat-Webinar-feliciCat-27-NOV-1.png",1500,844,false],"search_results":["https:\/\/www.felicicat.cat\/wp-content\/uploads\/2025\/05\/Lidera-sense-filtre-escolta-confia-i-agraeix-de-veritat-Webinar-feliciCat-27-NOV-1-125x125.png",125,125,true],"blog_entry":["https:\/\/www.felicicat.cat\/wp-content\/uploads\/2025\/05\/Lidera-sense-filtre-escolta-confia-i-agraeix-de-veritat-Webinar-feliciCat-27-NOV-1.png",676,380,false],"blog_post":["https:\/\/www.felicicat.cat\/wp-content\/uploads\/2025\/05\/Lidera-sense-filtre-escolta-confia-i-agraeix-de-veritat-Webinar-feliciCat-27-NOV-1.png",676,380,false],"blog_post_full":["https:\/\/www.felicicat.cat\/wp-content\/uploads\/2025\/05\/Lidera-sense-filtre-escolta-confia-i-agraeix-de-veritat-Webinar-feliciCat-27-NOV-1.png",980,551,false],"blog_related":["https:\/\/www.felicicat.cat\/wp-content\/uploads\/2025\/05\/Lidera-sense-filtre-escolta-confia-i-agraeix-de-veritat-Webinar-feliciCat-27-NOV-1.png",676,380,false],"portfolio_entry":["https:\/\/www.felicicat.cat\/wp-content\/uploads\/2025\/05\/Lidera-sense-filtre-escolta-confia-i-agraeix-de-veritat-Webinar-feliciCat-27-NOV-1.png",500,281,false],"portfolio_post":["https:\/\/www.felicicat.cat\/wp-content\/uploads\/2025\/05\/Lidera-sense-filtre-escolta-confia-i-agraeix-de-veritat-Webinar-feliciCat-27-NOV-1.png",1920,1080,false],"portfolio_related":["https:\/\/www.felicicat.cat\/wp-content\/uploads\/2025\/05\/Lidera-sense-filtre-escolta-confia-i-agraeix-de-veritat-Webinar-feliciCat-27-NOV-1.png",500,281,false],"staff_entry":["https:\/\/www.felicicat.cat\/wp-content\/uploads\/2025\/05\/Lidera-sense-filtre-escolta-confia-i-agraeix-de-veritat-Webinar-feliciCat-27-NOV-1.png",500,281,false],"staff_post":["https:\/\/www.felicicat.cat\/wp-content\/uploads\/2025\/05\/Lidera-sense-filtre-escolta-confia-i-agraeix-de-veritat-Webinar-feliciCat-27-NOV-1.png",1920,1080,false],"staff_related":["https:\/\/www.felicicat.cat\/wp-content\/uploads\/2025\/05\/Lidera-sense-filtre-escolta-confia-i-agraeix-de-veritat-Webinar-feliciCat-27-NOV-1.png",500,281,false],"testimonials_entry":["https:\/\/www.felicicat.cat\/wp-content\/uploads\/2025\/05\/Lidera-sense-filtre-escolta-confia-i-agraeix-de-veritat-Webinar-feliciCat-27-NOV-1.png",45,25,false],"shop_catalog":["https:\/\/www.felicicat.cat\/wp-content\/uploads\/2025\/05\/Lidera-sense-filtre-escolta-confia-i-agraeix-de-veritat-Webinar-feliciCat-27-NOV-1-350x197.png",350,197,true],"shop_single":["https:\/\/www.felicicat.cat\/wp-content\/uploads\/2025\/05\/Lidera-sense-filtre-escolta-confia-i-agraeix-de-veritat-Webinar-feliciCat-27-NOV-1-700x394.png",700,394,true],"shop_single_thumbnail":["https:\/\/www.felicicat.cat\/wp-content\/uploads\/2025\/05\/Lidera-sense-filtre-escolta-confia-i-agraeix-de-veritat-Webinar-feliciCat-27-NOV-1-140x140.png",140,140,true],"shop_category":["https:\/\/www.felicicat.cat\/wp-content\/uploads\/2025\/05\/Lidera-sense-filtre-escolta-confia-i-agraeix-de-veritat-Webinar-feliciCat-27-NOV-1.png",1920,1080,false],"shop_thumbnail_cart":["https:\/\/www.felicicat.cat\/wp-content\/uploads\/2025\/05\/Lidera-sense-filtre-escolta-confia-i-agraeix-de-veritat-Webinar-feliciCat-27-NOV-1-center-top-60x60.png",60,60,true],"gallery":["https:\/\/www.felicicat.cat\/wp-content\/uploads\/2025\/05\/Lidera-sense-filtre-escolta-confia-i-agraeix-de-veritat-Webinar-feliciCat-27-NOV-1.png",500,281,false]},"uagb_author_info":{"display_name":"edu","author_link":"https:\/\/www.felicicat.cat\/es\/author\/edu\/"},"uagb_comment_info":0,"uagb_excerpt":"[vc_row][vc_column][vc_column_text]Mi\u00e9rcoles 30 de abril a las 16h (4PM CET Barcelona). Idioma del webinar: Castellano. C\u00f3mo podemos aumentar nuestro bienestar en medio de las exigencias del d\u00eda a d\u00eda? En esta conversaci\u00f3n inspiradora, compartiremos las claves esenciales para vivir con m\u00e1s sentido, autenticidad y plenitud, tanto a nivel profesional como personal. Con una mirada pr\u00f3xima y&hellip;","_links":{"self":[{"href":"https:\/\/www.felicicat.cat\/es\/wp-json\/wp\/v2\/posts\/14056"}],"collection":[{"href":"https:\/\/www.felicicat.cat\/es\/wp-json\/wp\/v2\/posts"}],"about":[{"href":"https:\/\/www.felicicat.cat\/es\/wp-json\/wp\/v2\/types\/post"}],"author":[{"embeddable":true,"href":"https:\/\/www.felicicat.cat\/es\/wp-json\/wp\/v2\/users\/2"}],"replies":[{"embeddable":true,"href":"https:\/\/www.felicicat.cat\/es\/wp-json\/wp\/v2\/comments?post=14056"}],"version-history":[{"count":3,"href":"https:\/\/www.felicicat.cat\/es\/wp-json\/wp\/v2\/posts\/14056\/revisions"}],"predecessor-version":[{"id":14064,"href":"https:\/\/www.felicicat.cat\/es\/wp-json\/wp\/v2\/posts\/14056\/revisions\/14064"}],"wp:featuredmedia":[{"embeddable":true,"href":"https:\/\/www.felicicat.cat\/es\/wp-json\/wp\/v2\/media\/14060"}],"wp:attachment":[{"href":"https:\/\/www.felicicat.cat\/es\/wp-json\/wp\/v2\/media?parent=14056"}],"wp:term":[{"taxonomy":"category","embeddable":true,"href":"https:\/\/www.felicicat.cat\/es\/wp-json\/wp\/v2\/categories?post=14056"},{"taxonomy":"post_tag","embeddable":true,"href":"https:\/\/www.felicicat.cat\/es\/wp-json\/wp\/v2\/tags?post=14056"},{"taxonomy":"post_series","embeddable":true,"href":"https:\/\/www.felicicat.cat\/es\/wp-json\/wp\/v2\/post_series?post=14056"}],"curies":[{"name":"wp","href":"https:\/\/api.w.org\/{rel}","templated":true}]}}