{"id":13982,"date":"2025-04-22T09:55:54","date_gmt":"2025-04-22T09:55:54","guid":{"rendered":"https:\/\/www.felicicat.cat\/?p=13982"},"modified":"2025-04-22T10:27:58","modified_gmt":"2025-04-22T10:27:58","slug":"felicicat-en-el-brain-film-fest-el-paso-adelante-de-la-industria-audiovisual","status":"publish","type":"post","link":"https:\/\/www.felicicat.cat\/es\/felicicat-en-el-brain-film-fest-el-paso-adelante-de-la-industria-audiovisual\/","title":{"rendered":"feliciCat en el Brain Film Fest: El paso adelante de la industria audiovisual"},"content":{"rendered":"<p class=\"\" data-start=\"247\" data-end=\"691\">El<strong> sector audiovisual<\/strong> es sin\u00f3nimo de creatividad, pasi\u00f3n e innovaci\u00f3n. Pero detr\u00e1s de las c\u00e1maras, a menudo se esconden ritmos de trabajo fren\u00e9ticos, precariedad, estr\u00e9s intenso y una cultura del \u201csiempre disponibles\u201d que deteriora la salud mental y emocional de los profesionales. <strong>Rodajes interminables y la presi\u00f3n constante por rendir son realidades habituales que, en demasiadas ocasiones, pasan desapercibidas en el relato social sobre el sector.<\/strong><\/p>\n<p class=\"\" data-start=\"693\" data-end=\"873\">Con el objetivo de poner en primer plano esta realidad, el <strong><a href=\"https:\/\/brainfilmfest.com\/\" target=\"_blank\" rel=\"noopener\">Brain Film Fest<\/a><\/strong> celebr\u00f3, en su 8\u00aa edici\u00f3n, una jornada profesional titulada \u201cLa industria audiovisual y la salud mental\u201d.<\/p>\n<p class=\"\" data-start=\"875\" data-end=\"1339\">El <strong><a href=\"https:\/\/brainfilmfest.com\/\" target=\"_blank\" rel=\"noopener\">Brain Film Fest<\/a><\/strong> es un festival internacional impulsado por la Fundaci\u00f3 Pasqual Maragall, la productora Minimal Films y la Fundaci\u00f3 Uszheimer, que <strong>explora el cerebro y la salud mental a trav\u00e9s del cine, la ciencia y la divulgaci\u00f3n.<\/strong> Cada a\u00f1o re\u00fane a profesionales de la cultura, la investigaci\u00f3n y la sociedad civil para generar conciencia sobre los retos de la salud cerebral y emocional, poniendo el foco en problem\u00e1ticas que a menudo permanecen invisibles.<\/p>\n<h4 style=\"text-align: center;\" data-start=\"1341\" data-end=\"1471\">FeliciCat no pod\u00eda faltar en este encuentro, plenamente alineado con nuestra misi\u00f3n de promover el bienestar en todos sus \u00e1mbitos.<\/h4>\n<h2 class=\"\" data-start=\"1473\" data-end=\"1508\">El equipo de feliciCat en acci\u00f3n<\/h2>\n<p class=\"\" data-start=\"1510\" data-end=\"1940\"><a href=\"https:\/\/www.felicicat.cat\/es\/portfolio-item\/eduard-alcaraz-2\/\" target=\"_blank\" rel=\"noopener\"><strong>Eduard Alcaraz Espriu<\/strong><\/a>, ide\u00f3logo y fundador de feliciCat, inaugur\u00f3 nuestra participaci\u00f3n con una <strong>ponencia sobre los 7 bienestares fundamentales<\/strong> que estructuran nuestro modelo de trabajo: bienestar f\u00edsico, emocional, nutricional, social, econ\u00f3mico, medioambiental y tecnol\u00f3gico. Esta ponencia abri\u00f3 el <strong>marco conceptual para abordar el tema de fondo: c\u00f3mo construir entornos profesionales audiovisuales m\u00e1s humanos y sostenibles.<\/strong><\/p>\n<p class=\"\" data-start=\"1942\" data-end=\"2124\">Sin embargo, el verdadero valor de nuestra participaci\u00f3n se centr\u00f3 en una acci\u00f3n pr\u00e1ctica y transformadora: la moderaci\u00f3n de <strong data-start=\"2067\" data-end=\"2083\">focus groups<\/strong> con trabajadores del sector audiovisual.<\/p>\n<p class=\"\" data-start=\"2126\" data-end=\"2618\">Junto a otros profesionales de la salud mental y del desarrollo profesional; el equipo de feliciCat representado por Eduard y <a href=\"https:\/\/www.felicicat.cat\/es\/portfolio-item\/alex-romani\/\" target=\"_blank\" rel=\"noopener\"><strong>\u00c0lex Roman\u00ed Rivera<\/strong><\/a>, doctor en psicolog\u00eda y facilitador de feliciCat, dirigieron sesiones independientes, creando <strong>espacios de di\u00e1logo seguro y abierto con diferentes grupos de profesionales del sector.<\/strong> Durante estos focus groups, los participantes compartieron, desde su experiencia directa, las principales dificultades y malestares que afectan su d\u00eda a d\u00eda laboral.<\/p>\n<div id=\"gallery-1\" class=\"wpex-gallery wpex-grid wpex-grid-cols-4 wpex-gap-20 wpex-lightbox-group wpex-mb-20\"><figure class=\"gallery-item\"><a href=\"https:\/\/www.felicicat.cat\/wp-content\/uploads\/2025\/04\/CastorPCufi__0018499-1-scaled-1500x1000.jpg\" class=\"wpex-lightbox-group-item\"><img loading=\"lazy\" decoding=\"async\" src=\"https:\/\/www.felicicat.cat\/wp-content\/uploads\/2025\/04\/CastorPCufi__0018499-1-scaled-500x500.jpg\" alt=\"\" srcset=\"https:\/\/www.felicicat.cat\/wp-content\/uploads\/2025\/04\/CastorPCufi__0018499-1-scaled-500x500.jpg 500w, https:\/\/www.felicicat.cat\/wp-content\/uploads\/2025\/04\/CastorPCufi__0018499-1-150x150.jpg 150w, https:\/\/www.felicicat.cat\/wp-content\/uploads\/2025\/04\/CastorPCufi__0018499-1-300x300.jpg 300w, https:\/\/www.felicicat.cat\/wp-content\/uploads\/2025\/04\/CastorPCufi__0018499-1-100x100.jpg 100w, https:\/\/www.felicicat.cat\/wp-content\/uploads\/2025\/04\/CastorPCufi__0018499-1-scaled-500x500@2x.jpg 1000w, https:\/\/www.felicicat.cat\/wp-content\/uploads\/2025\/04\/CastorPCufi__0018499-1-scaled-500x500@2x.jpg 2x\" width=\"500\" height=\"500\"><\/a><\/figure><figure class=\"gallery-item\"><a href=\"https:\/\/www.felicicat.cat\/wp-content\/uploads\/2025\/04\/CastorPCufi__0018595-1-scaled-1500x1000.jpg\" class=\"wpex-lightbox-group-item\" data-title=\"Conferencia de FeliciCat (Institut Catal\u00e0 de la Felicitat)\"><img loading=\"lazy\" alt=\"Conferencia De FeliciCat (Institut Catal\u00e0 De La Felicitat)\" decoding=\"async\" src=\"https:\/\/www.felicicat.cat\/wp-content\/uploads\/2025\/04\/CastorPCufi__0018595-1-scaled-500x500.jpg\" srcset=\"https:\/\/www.felicicat.cat\/wp-content\/uploads\/2025\/04\/CastorPCufi__0018595-1-scaled-500x500.jpg 500w, https:\/\/www.felicicat.cat\/wp-content\/uploads\/2025\/04\/CastorPCufi__0018595-1-150x150.jpg 150w, https:\/\/www.felicicat.cat\/wp-content\/uploads\/2025\/04\/CastorPCufi__0018595-1-300x300.jpg 300w, https:\/\/www.felicicat.cat\/wp-content\/uploads\/2025\/04\/CastorPCufi__0018595-1-100x100.jpg 100w, https:\/\/www.felicicat.cat\/wp-content\/uploads\/2025\/04\/CastorPCufi__0018595-1-scaled-500x500@2x.jpg 1000w, https:\/\/www.felicicat.cat\/wp-content\/uploads\/2025\/04\/CastorPCufi__0018595-1-scaled-500x500@2x.jpg 2x\" width=\"500\" height=\"500\"><\/a><\/figure><figure class=\"gallery-item\"><a href=\"https:\/\/www.felicicat.cat\/wp-content\/uploads\/2025\/04\/CastorPCufi__0018599-1-scaled-1500x1000.jpg\" class=\"wpex-lightbox-group-item\"><img loading=\"lazy\" decoding=\"async\" src=\"https:\/\/www.felicicat.cat\/wp-content\/uploads\/2025\/04\/CastorPCufi__0018599-1-scaled-500x500.jpg\" alt=\"\" srcset=\"https:\/\/www.felicicat.cat\/wp-content\/uploads\/2025\/04\/CastorPCufi__0018599-1-scaled-500x500.jpg 500w, https:\/\/www.felicicat.cat\/wp-content\/uploads\/2025\/04\/CastorPCufi__0018599-1-150x150.jpg 150w, https:\/\/www.felicicat.cat\/wp-content\/uploads\/2025\/04\/CastorPCufi__0018599-1-300x300.jpg 300w, https:\/\/www.felicicat.cat\/wp-content\/uploads\/2025\/04\/CastorPCufi__0018599-1-100x100.jpg 100w, https:\/\/www.felicicat.cat\/wp-content\/uploads\/2025\/04\/CastorPCufi__0018599-1-scaled-500x500@2x.jpg 1000w, https:\/\/www.felicicat.cat\/wp-content\/uploads\/2025\/04\/CastorPCufi__0018599-1-scaled-500x500@2x.jpg 2x\" width=\"500\" height=\"500\"><\/a><\/figure><figure class=\"gallery-item\"><a href=\"https:\/\/www.felicicat.cat\/wp-content\/uploads\/2025\/04\/CastorPCufi__0018605-1-scaled-1500x1000.jpg\" class=\"wpex-lightbox-group-item\"><img loading=\"lazy\" decoding=\"async\" src=\"https:\/\/www.felicicat.cat\/wp-content\/uploads\/2025\/04\/CastorPCufi__0018605-1-scaled-500x500.jpg\" alt=\"\" srcset=\"https:\/\/www.felicicat.cat\/wp-content\/uploads\/2025\/04\/CastorPCufi__0018605-1-scaled-500x500.jpg 500w, https:\/\/www.felicicat.cat\/wp-content\/uploads\/2025\/04\/CastorPCufi__0018605-1-150x150.jpg 150w, https:\/\/www.felicicat.cat\/wp-content\/uploads\/2025\/04\/CastorPCufi__0018605-1-300x300.jpg 300w, https:\/\/www.felicicat.cat\/wp-content\/uploads\/2025\/04\/CastorPCufi__0018605-1-100x100.jpg 100w, https:\/\/www.felicicat.cat\/wp-content\/uploads\/2025\/04\/CastorPCufi__0018605-1-scaled-500x500@2x.jpg 1000w, https:\/\/www.felicicat.cat\/wp-content\/uploads\/2025\/04\/CastorPCufi__0018605-1-scaled-500x500@2x.jpg 2x\" width=\"500\" height=\"500\"><\/a><\/figure><figure class=\"gallery-item\"><a href=\"https:\/\/www.felicicat.cat\/wp-content\/uploads\/2025\/04\/CastorPCufi__0018456-scaled-1500x1000.jpg\" class=\"wpex-lightbox-group-item\"><img loading=\"lazy\" decoding=\"async\" src=\"https:\/\/www.felicicat.cat\/wp-content\/uploads\/2025\/04\/CastorPCufi__0018456-scaled-500x500.jpg\" alt=\"\" srcset=\"https:\/\/www.felicicat.cat\/wp-content\/uploads\/2025\/04\/CastorPCufi__0018456-scaled-500x500.jpg 500w, https:\/\/www.felicicat.cat\/wp-content\/uploads\/2025\/04\/CastorPCufi__0018456-150x150.jpg 150w, https:\/\/www.felicicat.cat\/wp-content\/uploads\/2025\/04\/CastorPCufi__0018456-300x300.jpg 300w, https:\/\/www.felicicat.cat\/wp-content\/uploads\/2025\/04\/CastorPCufi__0018456-100x100.jpg 100w, https:\/\/www.felicicat.cat\/wp-content\/uploads\/2025\/04\/CastorPCufi__0018456-scaled-500x500@2x.jpg 1000w, https:\/\/www.felicicat.cat\/wp-content\/uploads\/2025\/04\/CastorPCufi__0018456-scaled-500x500@2x.jpg 2x\" width=\"500\" height=\"500\"><\/a><\/figure><figure class=\"gallery-item\"><a href=\"https:\/\/www.felicicat.cat\/wp-content\/uploads\/2025\/04\/CastorPCufi__0045572-scaled-1500x1000.jpg\" class=\"wpex-lightbox-group-item\"><img loading=\"lazy\" decoding=\"async\" src=\"https:\/\/www.felicicat.cat\/wp-content\/uploads\/2025\/04\/CastorPCufi__0045572-scaled-500x500.jpg\" alt=\"\" srcset=\"https:\/\/www.felicicat.cat\/wp-content\/uploads\/2025\/04\/CastorPCufi__0045572-scaled-500x500.jpg 500w, https:\/\/www.felicicat.cat\/wp-content\/uploads\/2025\/04\/CastorPCufi__0045572-150x150.jpg 150w, https:\/\/www.felicicat.cat\/wp-content\/uploads\/2025\/04\/CastorPCufi__0045572-300x300.jpg 300w, https:\/\/www.felicicat.cat\/wp-content\/uploads\/2025\/04\/CastorPCufi__0045572-100x100.jpg 100w, https:\/\/www.felicicat.cat\/wp-content\/uploads\/2025\/04\/CastorPCufi__0045572-scaled-500x500@2x.jpg 1000w, https:\/\/www.felicicat.cat\/wp-content\/uploads\/2025\/04\/CastorPCufi__0045572-scaled-500x500@2x.jpg 2x\" width=\"500\" height=\"500\"><\/a><\/figure><figure class=\"gallery-item\"><a href=\"https:\/\/www.felicicat.cat\/wp-content\/uploads\/2025\/04\/1742317061717-1.jpg\" class=\"wpex-lightbox-group-item\"><img loading=\"lazy\" decoding=\"async\" src=\"https:\/\/www.felicicat.cat\/wp-content\/uploads\/2025\/04\/1742317061717-1-500x500.jpg\" alt=\"\" srcset=\"https:\/\/www.felicicat.cat\/wp-content\/uploads\/2025\/04\/1742317061717-1-500x500.jpg 500w, https:\/\/www.felicicat.cat\/wp-content\/uploads\/2025\/04\/1742317061717-1-150x150.jpg 150w, https:\/\/www.felicicat.cat\/wp-content\/uploads\/2025\/04\/1742317061717-1-300x300.jpg 300w, https:\/\/www.felicicat.cat\/wp-content\/uploads\/2025\/04\/1742317061717-1-100x100.jpg 100w, https:\/\/www.felicicat.cat\/wp-content\/uploads\/2025\/04\/1742317061717-1-500x500@2x.jpg 1000w, https:\/\/www.felicicat.cat\/wp-content\/uploads\/2025\/04\/1742317061717-1-500x500@2x.jpg 2x\" width=\"500\" height=\"500\"><\/a><\/figure><figure class=\"gallery-item\"><a href=\"https:\/\/www.felicicat.cat\/wp-content\/uploads\/2025\/04\/1742317061724-scaled-1500x1992.jpg\" class=\"wpex-lightbox-group-item\"><img loading=\"lazy\" decoding=\"async\" src=\"https:\/\/www.felicicat.cat\/wp-content\/uploads\/2025\/04\/1742317061724-scaled-500x500.jpg\" alt=\"\" srcset=\"https:\/\/www.felicicat.cat\/wp-content\/uploads\/2025\/04\/1742317061724-scaled-500x500.jpg 500w, https:\/\/www.felicicat.cat\/wp-content\/uploads\/2025\/04\/1742317061724-150x150.jpg 150w, https:\/\/www.felicicat.cat\/wp-content\/uploads\/2025\/04\/1742317061724-300x300.jpg 300w, https:\/\/www.felicicat.cat\/wp-content\/uploads\/2025\/04\/1742317061724-100x100.jpg 100w, https:\/\/www.felicicat.cat\/wp-content\/uploads\/2025\/04\/1742317061724-scaled-500x500@2x.jpg 1000w, https:\/\/www.felicicat.cat\/wp-content\/uploads\/2025\/04\/1742317061724-scaled-500x500@2x.jpg 2x\" width=\"500\" height=\"500\"><\/a><\/figure><\/div>\n\n<h2 class=\"\" data-start=\"2620\" data-end=\"2667\">Las realidades emergentes<\/h2>\n<p class=\"\" data-start=\"2669\" data-end=\"2766\">A trav\u00e9s de conversaciones sinceras y reflexiones compartidas, surgieron varias cuestiones clave:<\/p>\n<ul>\n<li data-start=\"2768\" data-end=\"2924\"><strong data-start=\"2768\" data-end=\"2797\">Equipos poco cohesionados<\/strong>: d\u00e9bil conexi\u00f3n entre los distintos trabajadores y equipos implicados en un rodaje debido a la rotaci\u00f3n constante de personal.<\/li>\n<li data-start=\"2768\" data-end=\"2924\"><strong data-start=\"2926\" data-end=\"2971\">Estr\u00e9s intenso y consecuencias sostenidas<\/strong>: largas jornadas de trabajo que normalizan la falta de descanso real y la exigencia extrema como parte del d\u00eda a d\u00eda laboral, lo cual deriva y afecta tambi\u00e9n al \u00e1mbito personal.<\/li>\n<li data-start=\"2768\" data-end=\"2924\"><strong data-start=\"3151\" data-end=\"3180\">Cultura del \u201cno descanso\u201d<\/strong>: glorificaci\u00f3n del agotamiento como norma dentro de muchos equipos. Los profesionales del sector se implican tanto en los proyectos que, a menudo, ponen su propia salud en segundo plano.<\/li>\n<li data-start=\"2768\" data-end=\"2924\"><strong data-start=\"3369\" data-end=\"3397\">Sensaci\u00f3n de aislamiento<\/strong>: falta de espacios para expresar malestares y encontrar apoyo dentro de las estructuras de producci\u00f3n.<\/li>\n<\/ul>\n<p class=\"\" data-start=\"3502\" data-end=\"3673\">La metodolog\u00eda de los focus groups permiti\u00f3 no solo identificar problemas, sino tambi\u00e9n recoger propuestas de mejora surgidas directamente de las propias voces del sector.<\/p>\n<h2 class=\"\" data-start=\"3675\" data-end=\"3713\">Conclusiones y prop\u00f3sitos de futuro<\/h2>\n<p class=\"\" data-start=\"3715\" data-end=\"3872\">De este intenso trabajo cualitativo surgieron ideas y l\u00edneas de acci\u00f3n enfocadas a transformar las condiciones laborales. Algunas de estas propuestas fueron:<\/p>\n<ul data-start=\"3874\" data-end=\"4185\">\n<li class=\"\" data-start=\"3874\" data-end=\"3948\">\n<p class=\"\" data-start=\"3876\" data-end=\"3948\"><strong>Promover espacios de descanso reales y protegidos<\/strong> dentro de los rodajes.<\/p>\n<\/li>\n<li class=\"\" data-start=\"3949\" data-end=\"4023\">\n<p class=\"\" data-start=\"3951\" data-end=\"4023\"><strong>Incorporar protocolos de salud mental<\/strong> en las producciones audiovisuales.<\/p>\n<\/li>\n<li class=\"\" data-start=\"4024\" data-end=\"4104\">\n<p class=\"\" data-start=\"4026\" data-end=\"4104\"><strong>Fomentar conexiones y liderazgos m\u00e1s humanos<\/strong> dentro de los equipos de trabajo.<\/p>\n<\/li>\n<li class=\"\" data-start=\"4105\" data-end=\"4185\">\n<p class=\"\" data-start=\"4107\" data-end=\"4185\"><strong>Implementar pr\u00e1cticas de conciliaci\u00f3n<\/strong> para reducir el estr\u00e9s y el agotamiento.<\/p>\n<\/li>\n<\/ul>\n<p class=\"\" data-start=\"4187\" data-end=\"4536\">Esta jornada no solo fue un ejercicio de escucha activa, sino un verdadero primer paso hacia un cambio cultural dentro del sector audiovisual. La informaci\u00f3n recogida en los focus groups servir\u00e1 d<strong>e base para dise\u00f1ar e impulsar medidas reales y efectivas que puedan transformar la manera en que se entiende y se gestiona el trabajo<\/strong> en esta industria.<\/p>\n<h2 class=\"\" data-start=\"4538\" data-end=\"4581\">Una experiencia con proyecci\u00f3n de futuro<\/h2>\n<p class=\"\" data-start=\"4583\" data-end=\"4783\">Nuestra participaci\u00f3n en el Brain Film Fest ha sido una <strong>oportunidad para poner en pr\u00e1ctica nuestra filosof\u00eda: escuchar, observar y analizar para poder construir soluciones concretas y transformadoras.<\/strong><\/p>\n<blockquote>\n<p class=\"\" data-start=\"4785\" data-end=\"4877\">Las <strong>problem\u00e1ticas<\/strong> detectadas no son anecd\u00f3ticas: <strong>pasan factura<\/strong> en el bienestar de las personas.<\/p>\n<\/blockquote>\n<p class=\"\" data-start=\"4879\" data-end=\"4995\">A largo plazo, tambi\u00e9n comprometen la calidad, la sostenibilidad y la innovaci\u00f3n de la propia industria audiovisual.<\/p>\n<p class=\"\" data-start=\"4997\" data-end=\"5281\">Ignorar la precariedad emocional y f\u00edsica tiene un coste elevado para los proyectos, para las empresas y para todo el sector. Por eso, iniciativas como esta jornada<strong> no pueden quedar en un simple ejercicio de escucha: deben ser el punto de partida para implantar cambios estructurales.<\/strong><\/p>\n<p class=\"\" data-start=\"5283\" data-end=\"5535\">En feliciCat seguiremos trabajando para que el bienestar emocional y psicol\u00f3gico sea una prioridad en todos los sectores laborales. El audiovisual, <strong>motor de cultura y creatividad, merece ser tambi\u00e9n un motor de sostenibilidad y cuidado de las personas.<\/strong><\/p>\n<blockquote>\n<p class=\"\" data-start=\"5537\" data-end=\"5656\">Transformar la industria audiovisual empieza con un gesto sencillo pero revolucionario: <strong>escuchar, reflexionar y actuar.<\/strong><\/p>\n<\/blockquote>\n","protected":false},"excerpt":{"rendered":"<p>El sector audiovisual es sin\u00f3nimo de creatividad, pasi\u00f3n e innovaci\u00f3n. Pero detr\u00e1s de las c\u00e1maras, a menudo se esconden ritmos de trabajo fren\u00e9ticos, precariedad, estr\u00e9s intenso y una cultura del \u201csiempre disponibles\u201d que deteriora la salud mental y emocional de los profesionales. Rodajes interminables y la presi\u00f3n constante por rendir son realidades habituales que, en&hellip;<\/p>\n","protected":false},"author":2,"featured_media":13991,"comment_status":"open","ping_status":"closed","sticky":false,"template":"","format":"standard","meta":{"_uag_custom_page_level_css":"","footnotes":""},"categories":[342],"tags":[],"post_series":[],"yoast_head":"<!-- This site is optimized with the Yoast SEO plugin v22.5 - https:\/\/yoast.com\/wordpress\/plugins\/seo\/ -->\n<title>feliciCat en el Brain Film Fest: El paso adelante de la industria audiovisual - Felicicat<\/title>\n<meta name=\"description\" content=\"Nuestra participaci\u00f3n en el Brain Film Fest ha sido una oportunidad para poner en pr\u00e1ctica nuestra filosof\u00eda: escuchar, observar y analizar para poder construir soluciones concretas y transformadoras.Las problem\u00e1ticas detectadas no son anecd\u00f3ticas: pasan factura en el bienestar de las personas.\" \/>\n<meta name=\"robots\" content=\"index, follow, max-snippet:-1, max-image-preview:large, max-video-preview:-1\" \/>\n<link rel=\"canonical\" href=\"https:\/\/www.felicicat.cat\/es\/felicicat-en-el-brain-film-fest-el-paso-adelante-de-la-industria-audiovisual\/\" \/>\n<meta property=\"og:locale\" content=\"es_ES\" \/>\n<meta property=\"og:type\" content=\"article\" \/>\n<meta property=\"og:title\" content=\"feliciCat en el Brain Film Fest: El paso adelante de la industria audiovisual - Felicicat\" \/>\n<meta property=\"og:description\" content=\"Nuestra participaci\u00f3n en el Brain Film Fest ha sido una oportunidad para poner en pr\u00e1ctica nuestra filosof\u00eda: escuchar, observar y analizar para poder construir soluciones concretas y transformadoras.Las problem\u00e1ticas detectadas no son anecd\u00f3ticas: pasan factura en el bienestar de las personas.\" \/>\n<meta property=\"og:url\" content=\"https:\/\/www.felicicat.cat\/es\/felicicat-en-el-brain-film-fest-el-paso-adelante-de-la-industria-audiovisual\/\" \/>\n<meta property=\"og:site_name\" content=\"Felicicat\" \/>\n<meta property=\"article:published_time\" content=\"2025-04-22T09:55:54+00:00\" \/>\n<meta property=\"article:modified_time\" content=\"2025-04-22T10:27:58+00:00\" \/>\n<meta property=\"og:image\" content=\"https:\/\/www.felicicat.cat\/wp-content\/uploads\/2025\/04\/Feed-IG-10-1.png\" \/>\n\t<meta property=\"og:image:width\" content=\"1000\" \/>\n\t<meta property=\"og:image:height\" content=\"1000\" \/>\n\t<meta property=\"og:image:type\" content=\"image\/png\" \/>\n<meta name=\"author\" content=\"edu\" \/>\n<meta name=\"twitter:card\" content=\"summary_large_image\" \/>\n<meta name=\"twitter:label1\" content=\"Escrito por\" \/>\n\t<meta name=\"twitter:data1\" content=\"edu\" \/>\n\t<meta name=\"twitter:label2\" content=\"Tiempo de lectura\" \/>\n\t<meta name=\"twitter:data2\" content=\"5 minutos\" \/>\n<script type=\"application\/ld+json\" class=\"yoast-schema-graph\">{\"@context\":\"https:\/\/schema.org\",\"@graph\":[{\"@type\":\"Article\",\"@id\":\"https:\/\/www.felicicat.cat\/es\/felicicat-en-el-brain-film-fest-el-paso-adelante-de-la-industria-audiovisual\/#article\",\"isPartOf\":{\"@id\":\"https:\/\/www.felicicat.cat\/es\/felicicat-en-el-brain-film-fest-el-paso-adelante-de-la-industria-audiovisual\/\"},\"author\":{\"name\":\"edu\",\"@id\":\"https:\/\/www.felicicat.cat\/#\/schema\/person\/53cc36ea322123eb24f43676c759311d\"},\"headline\":\"feliciCat en el Brain Film Fest: El paso adelante de la industria audiovisual\",\"datePublished\":\"2025-04-22T09:55:54+00:00\",\"dateModified\":\"2025-04-22T10:27:58+00:00\",\"mainEntityOfPage\":{\"@id\":\"https:\/\/www.felicicat.cat\/es\/felicicat-en-el-brain-film-fest-el-paso-adelante-de-la-industria-audiovisual\/\"},\"wordCount\":871,\"commentCount\":0,\"publisher\":{\"@id\":\"https:\/\/www.felicicat.cat\/#organization\"},\"image\":{\"@id\":\"https:\/\/www.felicicat.cat\/es\/felicicat-en-el-brain-film-fest-el-paso-adelante-de-la-industria-audiovisual\/#primaryimage\"},\"thumbnailUrl\":\"https:\/\/www.felicicat.cat\/wp-content\/uploads\/2025\/04\/Feed-IG-10-1.png\",\"articleSection\":[\"Actualidad y tendencias\"],\"inLanguage\":\"es\",\"potentialAction\":[{\"@type\":\"CommentAction\",\"name\":\"Comment\",\"target\":[\"https:\/\/www.felicicat.cat\/es\/felicicat-en-el-brain-film-fest-el-paso-adelante-de-la-industria-audiovisual\/#respond\"]}]},{\"@type\":\"WebPage\",\"@id\":\"https:\/\/www.felicicat.cat\/es\/felicicat-en-el-brain-film-fest-el-paso-adelante-de-la-industria-audiovisual\/\",\"url\":\"https:\/\/www.felicicat.cat\/es\/felicicat-en-el-brain-film-fest-el-paso-adelante-de-la-industria-audiovisual\/\",\"name\":\"feliciCat en el Brain Film Fest: El paso adelante de la industria audiovisual - Felicicat\",\"isPartOf\":{\"@id\":\"https:\/\/www.felicicat.cat\/#website\"},\"primaryImageOfPage\":{\"@id\":\"https:\/\/www.felicicat.cat\/es\/felicicat-en-el-brain-film-fest-el-paso-adelante-de-la-industria-audiovisual\/#primaryimage\"},\"image\":{\"@id\":\"https:\/\/www.felicicat.cat\/es\/felicicat-en-el-brain-film-fest-el-paso-adelante-de-la-industria-audiovisual\/#primaryimage\"},\"thumbnailUrl\":\"https:\/\/www.felicicat.cat\/wp-content\/uploads\/2025\/04\/Feed-IG-10-1.png\",\"datePublished\":\"2025-04-22T09:55:54+00:00\",\"dateModified\":\"2025-04-22T10:27:58+00:00\",\"description\":\"Nuestra participaci\u00f3n en el Brain Film Fest ha sido una oportunidad para poner en pr\u00e1ctica nuestra filosof\u00eda: escuchar, observar y analizar para poder construir soluciones concretas y transformadoras.Las problem\u00e1ticas detectadas no son anecd\u00f3ticas: pasan factura en el bienestar de las personas.\",\"breadcrumb\":{\"@id\":\"https:\/\/www.felicicat.cat\/es\/felicicat-en-el-brain-film-fest-el-paso-adelante-de-la-industria-audiovisual\/#breadcrumb\"},\"inLanguage\":\"es\",\"potentialAction\":[{\"@type\":\"ReadAction\",\"target\":[\"https:\/\/www.felicicat.cat\/es\/felicicat-en-el-brain-film-fest-el-paso-adelante-de-la-industria-audiovisual\/\"]}]},{\"@type\":\"ImageObject\",\"inLanguage\":\"es\",\"@id\":\"https:\/\/www.felicicat.cat\/es\/felicicat-en-el-brain-film-fest-el-paso-adelante-de-la-industria-audiovisual\/#primaryimage\",\"url\":\"https:\/\/www.felicicat.cat\/wp-content\/uploads\/2025\/04\/Feed-IG-10-1.png\",\"contentUrl\":\"https:\/\/www.felicicat.cat\/wp-content\/uploads\/2025\/04\/Feed-IG-10-1.png\",\"width\":1000,\"height\":1000},{\"@type\":\"BreadcrumbList\",\"@id\":\"https:\/\/www.felicicat.cat\/es\/felicicat-en-el-brain-film-fest-el-paso-adelante-de-la-industria-audiovisual\/#breadcrumb\",\"itemListElement\":[{\"@type\":\"ListItem\",\"position\":1,\"name\":\"Home\",\"item\":\"https:\/\/www.felicicat.cat\/es\/\"},{\"@type\":\"ListItem\",\"position\":2,\"name\":\"feliciCat en el Brain Film Fest: El paso&hellip;\"}]},{\"@type\":\"WebSite\",\"@id\":\"https:\/\/www.felicicat.cat\/#website\",\"url\":\"https:\/\/www.felicicat.cat\/\",\"name\":\"Felicicat\",\"description\":\"Institut Catal\u00e0 de la felicitat\",\"publisher\":{\"@id\":\"https:\/\/www.felicicat.cat\/#organization\"},\"potentialAction\":[{\"@type\":\"SearchAction\",\"target\":{\"@type\":\"EntryPoint\",\"urlTemplate\":\"https:\/\/www.felicicat.cat\/?s={search_term_string}\"},\"query-input\":\"required name=search_term_string\"}],\"inLanguage\":\"es\"},{\"@type\":\"Organization\",\"@id\":\"https:\/\/www.felicicat.cat\/#organization\",\"name\":\"Felicicat\",\"url\":\"https:\/\/www.felicicat.cat\/\",\"logo\":{\"@type\":\"ImageObject\",\"inLanguage\":\"es\",\"@id\":\"https:\/\/www.felicicat.cat\/#\/schema\/logo\/image\/\",\"url\":\"https:\/\/www.felicicat.cat\/wp-content\/uploads\/2023\/11\/4_proveslogotipsfelicicatFINAL_Mesadetrabajo1.png\",\"contentUrl\":\"https:\/\/www.felicicat.cat\/wp-content\/uploads\/2023\/11\/4_proveslogotipsfelicicatFINAL_Mesadetrabajo1.png\",\"width\":1500,\"height\":195,\"caption\":\"Felicicat\"},\"image\":{\"@id\":\"https:\/\/www.felicicat.cat\/#\/schema\/logo\/image\/\"}},{\"@type\":\"Person\",\"@id\":\"https:\/\/www.felicicat.cat\/#\/schema\/person\/53cc36ea322123eb24f43676c759311d\",\"name\":\"edu\",\"image\":{\"@type\":\"ImageObject\",\"inLanguage\":\"es\",\"@id\":\"https:\/\/www.felicicat.cat\/#\/schema\/person\/image\/\",\"url\":\"https:\/\/secure.gravatar.com\/avatar\/6fd3494648cb9e038992d31be80d2047?s=96&d=mm&r=g\",\"contentUrl\":\"https:\/\/secure.gravatar.com\/avatar\/6fd3494648cb9e038992d31be80d2047?s=96&d=mm&r=g\",\"caption\":\"edu\"},\"url\":\"https:\/\/www.felicicat.cat\/es\/author\/edu\/\"}]}<\/script>\n<!-- \/ Yoast SEO plugin. -->","yoast_head_json":{"title":"feliciCat en el Brain Film Fest: El paso adelante de la industria audiovisual - Felicicat","description":"Nuestra participaci\u00f3n en el Brain Film Fest ha sido una oportunidad para poner en pr\u00e1ctica nuestra filosof\u00eda: escuchar, observar y analizar para poder construir soluciones concretas y transformadoras.Las problem\u00e1ticas detectadas no son anecd\u00f3ticas: pasan factura en el bienestar de las personas.","robots":{"index":"index","follow":"follow","max-snippet":"max-snippet:-1","max-image-preview":"max-image-preview:large","max-video-preview":"max-video-preview:-1"},"canonical":"https:\/\/www.felicicat.cat\/es\/felicicat-en-el-brain-film-fest-el-paso-adelante-de-la-industria-audiovisual\/","og_locale":"es_ES","og_type":"article","og_title":"feliciCat en el Brain Film Fest: El paso adelante de la industria audiovisual - Felicicat","og_description":"Nuestra participaci\u00f3n en el Brain Film Fest ha sido una oportunidad para poner en pr\u00e1ctica nuestra filosof\u00eda: escuchar, observar y analizar para poder construir soluciones concretas y transformadoras.Las problem\u00e1ticas detectadas no son anecd\u00f3ticas: pasan factura en el bienestar de las personas.","og_url":"https:\/\/www.felicicat.cat\/es\/felicicat-en-el-brain-film-fest-el-paso-adelante-de-la-industria-audiovisual\/","og_site_name":"Felicicat","article_published_time":"2025-04-22T09:55:54+00:00","article_modified_time":"2025-04-22T10:27:58+00:00","og_image":[{"width":1000,"height":1000,"url":"https:\/\/www.felicicat.cat\/wp-content\/uploads\/2025\/04\/Feed-IG-10-1.png","type":"image\/png"}],"author":"edu","twitter_card":"summary_large_image","twitter_misc":{"Escrito por":"edu","Tiempo de lectura":"5 minutos"},"schema":{"@context":"https:\/\/schema.org","@graph":[{"@type":"Article","@id":"https:\/\/www.felicicat.cat\/es\/felicicat-en-el-brain-film-fest-el-paso-adelante-de-la-industria-audiovisual\/#article","isPartOf":{"@id":"https:\/\/www.felicicat.cat\/es\/felicicat-en-el-brain-film-fest-el-paso-adelante-de-la-industria-audiovisual\/"},"author":{"name":"edu","@id":"https:\/\/www.felicicat.cat\/#\/schema\/person\/53cc36ea322123eb24f43676c759311d"},"headline":"feliciCat en el Brain Film Fest: El paso adelante de la industria audiovisual","datePublished":"2025-04-22T09:55:54+00:00","dateModified":"2025-04-22T10:27:58+00:00","mainEntityOfPage":{"@id":"https:\/\/www.felicicat.cat\/es\/felicicat-en-el-brain-film-fest-el-paso-adelante-de-la-industria-audiovisual\/"},"wordCount":871,"commentCount":0,"publisher":{"@id":"https:\/\/www.felicicat.cat\/#organization"},"image":{"@id":"https:\/\/www.felicicat.cat\/es\/felicicat-en-el-brain-film-fest-el-paso-adelante-de-la-industria-audiovisual\/#primaryimage"},"thumbnailUrl":"https:\/\/www.felicicat.cat\/wp-content\/uploads\/2025\/04\/Feed-IG-10-1.png","articleSection":["Actualidad y tendencias"],"inLanguage":"es","potentialAction":[{"@type":"CommentAction","name":"Comment","target":["https:\/\/www.felicicat.cat\/es\/felicicat-en-el-brain-film-fest-el-paso-adelante-de-la-industria-audiovisual\/#respond"]}]},{"@type":"WebPage","@id":"https:\/\/www.felicicat.cat\/es\/felicicat-en-el-brain-film-fest-el-paso-adelante-de-la-industria-audiovisual\/","url":"https:\/\/www.felicicat.cat\/es\/felicicat-en-el-brain-film-fest-el-paso-adelante-de-la-industria-audiovisual\/","name":"feliciCat en el Brain Film Fest: El paso adelante de la industria audiovisual - Felicicat","isPartOf":{"@id":"https:\/\/www.felicicat.cat\/#website"},"primaryImageOfPage":{"@id":"https:\/\/www.felicicat.cat\/es\/felicicat-en-el-brain-film-fest-el-paso-adelante-de-la-industria-audiovisual\/#primaryimage"},"image":{"@id":"https:\/\/www.felicicat.cat\/es\/felicicat-en-el-brain-film-fest-el-paso-adelante-de-la-industria-audiovisual\/#primaryimage"},"thumbnailUrl":"https:\/\/www.felicicat.cat\/wp-content\/uploads\/2025\/04\/Feed-IG-10-1.png","datePublished":"2025-04-22T09:55:54+00:00","dateModified":"2025-04-22T10:27:58+00:00","description":"Nuestra participaci\u00f3n en el Brain Film Fest ha sido una oportunidad para poner en pr\u00e1ctica nuestra filosof\u00eda: escuchar, observar y analizar para poder construir soluciones concretas y transformadoras.Las problem\u00e1ticas detectadas no son anecd\u00f3ticas: pasan factura en el bienestar de las personas.","breadcrumb":{"@id":"https:\/\/www.felicicat.cat\/es\/felicicat-en-el-brain-film-fest-el-paso-adelante-de-la-industria-audiovisual\/#breadcrumb"},"inLanguage":"es","potentialAction":[{"@type":"ReadAction","target":["https:\/\/www.felicicat.cat\/es\/felicicat-en-el-brain-film-fest-el-paso-adelante-de-la-industria-audiovisual\/"]}]},{"@type":"ImageObject","inLanguage":"es","@id":"https:\/\/www.felicicat.cat\/es\/felicicat-en-el-brain-film-fest-el-paso-adelante-de-la-industria-audiovisual\/#primaryimage","url":"https:\/\/www.felicicat.cat\/wp-content\/uploads\/2025\/04\/Feed-IG-10-1.png","contentUrl":"https:\/\/www.felicicat.cat\/wp-content\/uploads\/2025\/04\/Feed-IG-10-1.png","width":1000,"height":1000},{"@type":"BreadcrumbList","@id":"https:\/\/www.felicicat.cat\/es\/felicicat-en-el-brain-film-fest-el-paso-adelante-de-la-industria-audiovisual\/#breadcrumb","itemListElement":[{"@type":"ListItem","position":1,"name":"Home","item":"https:\/\/www.felicicat.cat\/es\/"},{"@type":"ListItem","position":2,"name":"feliciCat en el Brain Film Fest: El paso&hellip;"}]},{"@type":"WebSite","@id":"https:\/\/www.felicicat.cat\/#website","url":"https:\/\/www.felicicat.cat\/","name":"Felicicat","description":"Institut Catal\u00e0 de la felicitat","publisher":{"@id":"https:\/\/www.felicicat.cat\/#organization"},"potentialAction":[{"@type":"SearchAction","target":{"@type":"EntryPoint","urlTemplate":"https:\/\/www.felicicat.cat\/?s={search_term_string}"},"query-input":"required name=search_term_string"}],"inLanguage":"es"},{"@type":"Organization","@id":"https:\/\/www.felicicat.cat\/#organization","name":"Felicicat","url":"https:\/\/www.felicicat.cat\/","logo":{"@type":"ImageObject","inLanguage":"es","@id":"https:\/\/www.felicicat.cat\/#\/schema\/logo\/image\/","url":"https:\/\/www.felicicat.cat\/wp-content\/uploads\/2023\/11\/4_proveslogotipsfelicicatFINAL_Mesadetrabajo1.png","contentUrl":"https:\/\/www.felicicat.cat\/wp-content\/uploads\/2023\/11\/4_proveslogotipsfelicicatFINAL_Mesadetrabajo1.png","width":1500,"height":195,"caption":"Felicicat"},"image":{"@id":"https:\/\/www.felicicat.cat\/#\/schema\/logo\/image\/"}},{"@type":"Person","@id":"https:\/\/www.felicicat.cat\/#\/schema\/person\/53cc36ea322123eb24f43676c759311d","name":"edu","image":{"@type":"ImageObject","inLanguage":"es","@id":"https:\/\/www.felicicat.cat\/#\/schema\/person\/image\/","url":"https:\/\/secure.gravatar.com\/avatar\/6fd3494648cb9e038992d31be80d2047?s=96&d=mm&r=g","contentUrl":"https:\/\/secure.gravatar.com\/avatar\/6fd3494648cb9e038992d31be80d2047?s=96&d=mm&r=g","caption":"edu"},"url":"https:\/\/www.felicicat.cat\/es\/author\/edu\/"}]}},"uagb_featured_image_src":{"full":["https:\/\/www.felicicat.cat\/wp-content\/uploads\/2025\/04\/Feed-IG-10-1.png",1000,1000,false],"thumbnail":["https:\/\/www.felicicat.cat\/wp-content\/uploads\/2025\/04\/Feed-IG-10-1-150x150.png",150,150,true],"medium":["https:\/\/www.felicicat.cat\/wp-content\/uploads\/2025\/04\/Feed-IG-10-1-300x300.png",300,300,true],"medium_large":["https:\/\/www.felicicat.cat\/wp-content\/uploads\/2025\/04\/Feed-IG-10-1-768x768.png",768,768,true],"large":["https:\/\/www.felicicat.cat\/wp-content\/uploads\/2025\/04\/Feed-IG-10-1.png",980,980,false],"1536x1536":["https:\/\/www.felicicat.cat\/wp-content\/uploads\/2025\/04\/Feed-IG-10-1.png",1000,1000,false],"2048x2048":["https:\/\/www.felicicat.cat\/wp-content\/uploads\/2025\/04\/Feed-IG-10-1.png",1000,1000,false],"woocommerce_thumbnail":["https:\/\/www.felicicat.cat\/wp-content\/uploads\/2025\/04\/Feed-IG-10-1-center-top-60x60.png",60,60,true],"woocommerce_single":["https:\/\/www.felicicat.cat\/wp-content\/uploads\/2025\/04\/Feed-IG-10-1-700x700.png",700,700,true],"woocommerce_gallery_thumbnail":["https:\/\/www.felicicat.cat\/wp-content\/uploads\/2025\/04\/Feed-IG-10-1-100x100.png",100,100,true],"lightbox":["https:\/\/www.felicicat.cat\/wp-content\/uploads\/2025\/04\/Feed-IG-10-1.png",1000,1000,false],"search_results":["https:\/\/www.felicicat.cat\/wp-content\/uploads\/2025\/04\/Feed-IG-10-1-125x125.png",125,125,true],"blog_entry":["https:\/\/www.felicicat.cat\/wp-content\/uploads\/2025\/04\/Feed-IG-10-1-680x380.png",680,380,true],"blog_post":["https:\/\/www.felicicat.cat\/wp-content\/uploads\/2025\/04\/Feed-IG-10-1.png",380,380,false],"blog_post_full":["https:\/\/www.felicicat.cat\/wp-content\/uploads\/2025\/04\/Feed-IG-10-1-980x980.png",980,980,true],"blog_related":["https:\/\/www.felicicat.cat\/wp-content\/uploads\/2025\/04\/Feed-IG-10-1.png",380,380,false],"portfolio_entry":["https:\/\/www.felicicat.cat\/wp-content\/uploads\/2025\/04\/Feed-IG-10-1.png",350,350,false],"portfolio_post":["https:\/\/www.felicicat.cat\/wp-content\/uploads\/2025\/04\/Feed-IG-10-1.png",1000,1000,false],"portfolio_related":["https:\/\/www.felicicat.cat\/wp-content\/uploads\/2025\/04\/Feed-IG-10-1.png",350,350,false],"staff_entry":["https:\/\/www.felicicat.cat\/wp-content\/uploads\/2025\/04\/Feed-IG-10-1.png",500,500,false],"staff_post":["https:\/\/www.felicicat.cat\/wp-content\/uploads\/2025\/04\/Feed-IG-10-1.png",1000,1000,false],"staff_related":["https:\/\/www.felicicat.cat\/wp-content\/uploads\/2025\/04\/Feed-IG-10-1.png",500,500,false],"testimonials_entry":["https:\/\/www.felicicat.cat\/wp-content\/uploads\/2025\/04\/Feed-IG-10-1.png",45,45,false],"shop_catalog":["https:\/\/www.felicicat.cat\/wp-content\/uploads\/2025\/04\/Feed-IG-10-1-350x350.png",350,350,true],"shop_single":["https:\/\/www.felicicat.cat\/wp-content\/uploads\/2025\/04\/Feed-IG-10-1-700x700.png",700,700,true],"shop_single_thumbnail":["https:\/\/www.felicicat.cat\/wp-content\/uploads\/2025\/04\/Feed-IG-10-1-140x140.png",140,140,true],"shop_category":["https:\/\/www.felicicat.cat\/wp-content\/uploads\/2025\/04\/Feed-IG-10-1.png",1000,1000,false],"shop_thumbnail_cart":["https:\/\/www.felicicat.cat\/wp-content\/uploads\/2025\/04\/Feed-IG-10-1-center-top-60x60.png",60,60,true],"gallery":["https:\/\/www.felicicat.cat\/wp-content\/uploads\/2025\/04\/Feed-IG-10-1.png",500,500,false]},"uagb_author_info":{"display_name":"edu","author_link":"https:\/\/www.felicicat.cat\/es\/author\/edu\/"},"uagb_comment_info":0,"uagb_excerpt":"El sector audiovisual es sin\u00f3nimo de creatividad, pasi\u00f3n e innovaci\u00f3n. Pero detr\u00e1s de las c\u00e1maras, a menudo se esconden ritmos de trabajo fren\u00e9ticos, precariedad, estr\u00e9s intenso y una cultura del \u201csiempre disponibles\u201d que deteriora la salud mental y emocional de los profesionales. Rodajes interminables y la presi\u00f3n constante por rendir son realidades habituales que, en&hellip;","_links":{"self":[{"href":"https:\/\/www.felicicat.cat\/es\/wp-json\/wp\/v2\/posts\/13982"}],"collection":[{"href":"https:\/\/www.felicicat.cat\/es\/wp-json\/wp\/v2\/posts"}],"about":[{"href":"https:\/\/www.felicicat.cat\/es\/wp-json\/wp\/v2\/types\/post"}],"author":[{"embeddable":true,"href":"https:\/\/www.felicicat.cat\/es\/wp-json\/wp\/v2\/users\/2"}],"replies":[{"embeddable":true,"href":"https:\/\/www.felicicat.cat\/es\/wp-json\/wp\/v2\/comments?post=13982"}],"version-history":[{"count":4,"href":"https:\/\/www.felicicat.cat\/es\/wp-json\/wp\/v2\/posts\/13982\/revisions"}],"predecessor-version":[{"id":13993,"href":"https:\/\/www.felicicat.cat\/es\/wp-json\/wp\/v2\/posts\/13982\/revisions\/13993"}],"wp:featuredmedia":[{"embeddable":true,"href":"https:\/\/www.felicicat.cat\/es\/wp-json\/wp\/v2\/media\/13991"}],"wp:attachment":[{"href":"https:\/\/www.felicicat.cat\/es\/wp-json\/wp\/v2\/media?parent=13982"}],"wp:term":[{"taxonomy":"category","embeddable":true,"href":"https:\/\/www.felicicat.cat\/es\/wp-json\/wp\/v2\/categories?post=13982"},{"taxonomy":"post_tag","embeddable":true,"href":"https:\/\/www.felicicat.cat\/es\/wp-json\/wp\/v2\/tags?post=13982"},{"taxonomy":"post_series","embeddable":true,"href":"https:\/\/www.felicicat.cat\/es\/wp-json\/wp\/v2\/post_series?post=13982"}],"curies":[{"name":"wp","href":"https:\/\/api.w.org\/{rel}","templated":true}]}}