{"id":13449,"date":"2025-02-21T10:44:39","date_gmt":"2025-02-21T10:44:39","guid":{"rendered":"https:\/\/www.felicicat.cat\/?p=13449"},"modified":"2025-02-24T21:57:11","modified_gmt":"2025-02-24T21:57:11","slug":"del-caos-al-entendimiento-gracias-a-los-valores-que-nos-unen-uvic-y-felicicat","status":"publish","type":"post","link":"https:\/\/www.felicicat.cat\/es\/del-caos-al-entendimiento-gracias-a-los-valores-que-nos-unen-uvic-y-felicicat\/","title":{"rendered":"Del caos al entendimiento, gracias a los valores que nos unen: UVic y feliciCat"},"content":{"rendered":"<p>Trabajar en equipo puede ser un reto. Las relaciones entre compa\u00f1eros no siempre son f\u00e1ciles y, a menudo, las diferencias de perspectivas o intereses pueden generar fricciones. Afortunadamente, es posible trabajar la comunicaci\u00f3n para fortalecer las relaciones, pero, como lo podemos hacer?<\/p>\n<p>El pasado <strong>mi\u00e9rcoles 12 de febrero<\/strong>, en la <a href=\"https:\/\/www.uvic.cat\/\" target=\"_blank\" rel=\"noopener\">Universidad de Vic &#8211; Universidad Central de Catalu\u00f1a (UVic-UCC)<\/a>, tuvimos la oportunidad de realizar el taller <strong>\u00abDel caos al entendimiento, gracias a los valores\u00bb<\/strong>, una experiencia enriquecedora centrada en potenciar la cohesi\u00f3n de equipos, la comunicaci\u00f3n y la colaboraci\u00f3n. Esta jornada permiti\u00f3 a los participantes reflexionar sobre la importancia de los valores en el entorno laboral y como estos pueden influir en la manera en que nos relacionamos y trabajamos conjuntamente.<\/p>\n<figure id=\"attachment_13382\" aria-describedby=\"caption-attachment-13382\" style=\"width: 455px\" class=\"wp-caption aligncenter\"><img loading=\"lazy\" decoding=\"async\" class=\"wp-image-13382\" src=\"https:\/\/www.felicicat.cat\/wp-content\/uploads\/2025\/02\/Taller-Valors-UVIC-2-scaled-e1739874000332-300x300.jpg\" alt=\"\" width=\"455\" height=\"455\" srcset=\"https:\/\/www.felicicat.cat\/wp-content\/uploads\/2025\/02\/Taller-Valors-UVIC-2-scaled-e1739874000332-300x300.jpg 300w, https:\/\/www.felicicat.cat\/wp-content\/uploads\/2025\/02\/Taller-Valors-UVIC-2-scaled-e1739874000332-150x150.jpg 150w, https:\/\/www.felicicat.cat\/wp-content\/uploads\/2025\/02\/Taller-Valors-UVIC-2-scaled-e1739874000332-100x100.jpg 100w, https:\/\/www.felicicat.cat\/wp-content\/uploads\/2025\/02\/Taller-Valors-UVIC-2-scaled-e1739874000332-125x125.jpg 125w, https:\/\/www.felicicat.cat\/wp-content\/uploads\/2025\/02\/Taller-Valors-UVIC-2-scaled-e1739874000332-500x500.jpg 500w, https:\/\/www.felicicat.cat\/wp-content\/uploads\/2025\/02\/Taller-Valors-UVIC-2-scaled-e1739874000332-45x45.jpg 45w, https:\/\/www.felicicat.cat\/wp-content\/uploads\/2025\/02\/Taller-Valors-UVIC-2-scaled-e1739874000332-350x349.jpg 350w, https:\/\/www.felicicat.cat\/wp-content\/uploads\/2025\/02\/Taller-Valors-UVIC-2-scaled-e1739874000332-140x140.jpg 140w, https:\/\/www.felicicat.cat\/wp-content\/uploads\/2025\/02\/Taller-Valors-UVIC-2-scaled-e1739874000332-60x60.jpg 60w\" sizes=\"(max-width: 455px) 100vw, 455px\" \/><figcaption id=\"caption-attachment-13382\" class=\"wp-caption-text\">Txell Parareda, durante una de las din\u00e1micas del taller.<\/figcaption><\/figure>\n<h2>Un taller para fortalecer equipos<\/h2>\n<p>El objetivo principal era fortalecer las relaciones entre los jefes de \u00e1rea y directivos de las diferentes \u00e1reas o servicios de la universidad, puesto que una<strong> mayor coordinaci\u00f3n y sinton\u00eda<\/strong> entre ellos repercuta positivamente en el trabajo de los equipos. Adem\u00e1s, se buscaba<strong> incrementar la creatividad y la capacidad resolutiva<\/strong> mediante din\u00e1micas que reforzaran el compromiso y la cooperaci\u00f3n.<\/p>\n<p><a href=\"https:\/\/www.felicicat.cat\/es\/portfolio-item\/eduard-alcaraz-2\/\" target=\"_blank\" rel=\"noopener\">Eduard Alcaraz<\/a>, ide\u00f3logo y fundador del proyecto feliciCat, dio la bienvenida a los asistentes, explicando el prop\u00f3sito del taller y los beneficios que obtendr\u00edan.<\/p>\n<blockquote><p>Cuando actuamos en grupos podemos llegar a tener intereses que pueden parecer muy distintos, pero como organizaci\u00f3n, los intereses son comunes. Para poder llegar a un entendimiento, debemos ser capaces de ir m\u00e1s all\u00e1 de crear relaciones&#8230;debemos poder generar v\u00ednculos. C\u00f3mo podemos generarlos y salir reforzados tanto a nivel individual como colectivo? Bienvenidos al taller \u201cDel caos al entendimiento, gracias a los valores\u201d<\/p><\/blockquote>\n<p>Seguidamente, los participantes realizaron una<strong> din\u00e1mica de activaci\u00f3n corporal<\/strong> conducida por <a href=\"https:\/\/www.felicicat.cat\/es\/portfolio-item\/david-mayorgas\/\" target=\"_blank\" rel=\"noopener\">David Mayorgas<\/a>, con el objetivo de dejar atr\u00e1s tensiones, movilizar el cuerpo y despertar la mente para disfrutar plenamente de la sesi\u00f3n. A trav\u00e9s de ejercicios de activaci\u00f3n f\u00edsica y emocional, los participantes consiguieron aumentar su energ\u00eda y concentraci\u00f3n.<\/p>\n<h2>Valores compartidos<\/h2>\n<p>A continuaci\u00f3n, pasamos de la reflexi\u00f3n a la acci\u00f3n con el bloque central del taller, liderado por <a href=\"https:\/\/www.felicicat.cat\/es\/portfolio-item\/txell-parareda\/\" target=\"_blank\" rel=\"noopener\">Txell Parareda<\/a> y centrado en el <strong>papel fundamental de los valores a las organizaciones.<\/strong> Sabemos qu\u00e9 son los valores? C\u00f3mo nos influencian? Qu\u00e9 importancia tienen en nuestro trabajo y nuestra vida? Estas fueron algunas de las preguntas planteadas para iniciar la reflexi\u00f3n.<\/p>\n<p>Los valores son mucho m\u00e1s que palabras bonitas en una declaraci\u00f3n de intenciones. Son principios que gu\u00edan nuestro comportamiento y nuestras decisiones, tanto en el \u00e1mbito personal como en el profesional. <strong>Cuando las personas comparten valores y, adem\u00e1s, los ponen en pr\u00e1ctica, se genera una din\u00e1mica de entendimiento, respeto y colaboraci\u00f3n que fortalece cualquier organizaci\u00f3n.<\/strong> Es importante destacar que pueden actuar como una fuente de uni\u00f3n, si son compartidos, o como una fuente de conflicto, si no se perciben del mismo modo.<\/p>\n<p><img loading=\"lazy\" decoding=\"async\" class=\"aligncenter wp-image-13380\" src=\"https:\/\/www.felicicat.cat\/wp-content\/uploads\/2025\/02\/Taller-Valors-UVIC-1-1-300x169.jpg\" alt=\"\" width=\"719\" height=\"405\" srcset=\"https:\/\/www.felicicat.cat\/wp-content\/uploads\/2025\/02\/Taller-Valors-UVIC-1-1-300x169.jpg 300w, https:\/\/www.felicicat.cat\/wp-content\/uploads\/2025\/02\/Taller-Valors-UVIC-1-1-1024x576.jpg 1024w, https:\/\/www.felicicat.cat\/wp-content\/uploads\/2025\/02\/Taller-Valors-UVIC-1-1-768x432.jpg 768w, https:\/\/www.felicicat.cat\/wp-content\/uploads\/2025\/02\/Taller-Valors-UVIC-1-1-1536x864.jpg 1536w, https:\/\/www.felicicat.cat\/wp-content\/uploads\/2025\/02\/Taller-Valors-UVIC-1-1-600x338.jpg 600w, https:\/\/www.felicicat.cat\/wp-content\/uploads\/2025\/02\/Taller-Valors-UVIC-1-1-980x551.jpg 980w, https:\/\/www.felicicat.cat\/wp-content\/uploads\/2025\/02\/Taller-Valors-UVIC-1-1-980x551@2x.jpg 1958w, https:\/\/www.felicicat.cat\/wp-content\/uploads\/2025\/02\/Taller-Valors-UVIC-1-1-700x394.jpg 700w, https:\/\/www.felicicat.cat\/wp-content\/uploads\/2025\/02\/Taller-Valors-UVIC-1-1-350x197.jpg 350w, https:\/\/www.felicicat.cat\/wp-content\/uploads\/2025\/02\/Taller-Valors-UVIC-1-1.jpg 2040w\" sizes=\"(max-width: 719px) 100vw, 719px\" \/><\/p>\n<p>A trav\u00e9s de las din\u00e1micas preparadas, se evidenci\u00f3 como el apoyo mutuo y la confianza pueden marcar la diferencia en el \u00e9xito colectivo. Fue mucho m\u00e1s que una formaci\u00f3n te\u00f3rica: fue una <strong>experiencia<\/strong> <strong>vivencial<\/strong>, donde los participantes pudieron experimentar en primera persona como los valores afectan la din\u00e1mica de los equipos y la resoluci\u00f3n de conflictos.<\/p>\n<p>En conclusi\u00f3n, se demostr\u00f3 que,<strong> a pesar de que las personas tienen visiones diferentes, hay un terreno com\u00fan donde pueden encontrarse. <\/strong>Cuando se apuesta por una comunicaci\u00f3n respetuosa y una colaboraci\u00f3n aut\u00e9ntica, se rompe la rutina y se generan experiencias significativas que refuerzan las relaciones, descubriendo como uno en torno a confianza puede convertir cualquier reto en una<strong> oportunidad de crecimiento.<\/strong><\/p>\n<p style=\"text-align: center;\"><span class=\"wpex-text-2xl\"><strong>Un aprendizaje que, sin duda, ir\u00e1 m\u00e1s all\u00e1 de esta experiencia y se trasladar\u00e1 al d\u00eda a d\u00eda de todos quienes formaron parte.<\/strong><\/span><\/p>\n<figure id=\"attachment_13384\" aria-describedby=\"caption-attachment-13384\" style=\"width: 664px\" class=\"wp-caption aligncenter\"><img loading=\"lazy\" decoding=\"async\" class=\"wp-image-13384\" src=\"https:\/\/www.felicicat.cat\/wp-content\/uploads\/2025\/02\/Taller-Valors-UVIC-3-300x222.jpg\" alt=\"\" width=\"664\" height=\"491\" srcset=\"https:\/\/www.felicicat.cat\/wp-content\/uploads\/2025\/02\/Taller-Valors-UVIC-3-300x222.jpg 300w, https:\/\/www.felicicat.cat\/wp-content\/uploads\/2025\/02\/Taller-Valors-UVIC-3-1024x759.jpg 1024w, https:\/\/www.felicicat.cat\/wp-content\/uploads\/2025\/02\/Taller-Valors-UVIC-3-768x569.jpg 768w, https:\/\/www.felicicat.cat\/wp-content\/uploads\/2025\/02\/Taller-Valors-UVIC-3-1536x1139.jpg 1536w, https:\/\/www.felicicat.cat\/wp-content\/uploads\/2025\/02\/Taller-Valors-UVIC-3-600x445.jpg 600w, https:\/\/www.felicicat.cat\/wp-content\/uploads\/2025\/02\/Taller-Valors-UVIC-3.jpg 2048w\" sizes=\"(max-width: 664px) 100vw, 664px\" \/><figcaption id=\"caption-attachment-13384\" class=\"wp-caption-text\">De izda. a derecha: Eduard Alcaraz, Txell Parareda y David Mayorgas.<\/figcaption><\/figure>\n<h2 class=\"form-control second-textarea\" style=\"text-align: center;\">El potencial de los valores te puede sorprender&#8230; te sientes interesado\/da en este taller?<\/h2>\n<h2 class=\"form-control second-textarea\" style=\"text-align: center;\"><span class=\"text-highlight\">Contacta con nosotros sin ning\u00fan compromiso rellenando el siguiente formulario.<\/span><\/h2>\n<div class=\"wpforms-container wpforms-container-full wpforms-render-modern\" id=\"wpforms-12509\"><form id=\"wpforms-form-12509\" class=\"wpforms-validate wpforms-form wpforms-ajax-form\" data-formid=\"12509\" method=\"post\" enctype=\"multipart\/form-data\" action=\"\/es\/wp-json\/wp\/v2\/posts\/13449\" data-token=\"cf53bbfd713a05ccda78e82d148b5b23\"><noscript class=\"wpforms-error-noscript\">Por favor, activa JavaScript en tu navegador para completar este formulario.<\/noscript><div class=\"wpforms-hidden\" id=\"wpforms-error-noscript\">Por favor, activa JavaScript en tu navegador para completar este formulario.<\/div><div class=\"wpforms-field-container\"><div id=\"wpforms-12509-field_0-container\" class=\"wpforms-field wpforms-field-name\" data-field-id=\"0\"><fieldset><legend class=\"wpforms-field-label wpforms-label-hide\" aria-hidden=\"false\">Nombre <span class=\"wpforms-required-label\" aria-hidden=\"true\">*<\/span><\/legend><div class=\"wpforms-field-row wpforms-field-large\"><div class=\"wpforms-field-row-block wpforms-first wpforms-one-half\"><input type=\"text\" id=\"wpforms-12509-field_0\" class=\"wpforms-field-name-first wpforms-field-required\" name=\"wpforms[fields][0][first]\" placeholder=\"Nombre *\" aria-errormessage=\"wpforms-12509-field_0-error\" required><label for=\"wpforms-12509-field_0\" class=\"wpforms-field-sublabel after wpforms-sublabel-hide\">Nombre<\/label><\/div><div class=\"wpforms-field-row-block wpforms-one-half\"><input type=\"text\" id=\"wpforms-12509-field_0-last\" class=\"wpforms-field-name-last wpforms-field-required\" name=\"wpforms[fields][0][last]\" placeholder=\"Apellidos *\" aria-errormessage=\"wpforms-12509-field_0-last-error\" required><label for=\"wpforms-12509-field_0-last\" class=\"wpforms-field-sublabel after wpforms-sublabel-hide\">Apellidos<\/label><\/div><\/div><\/fieldset><\/div><div id=\"wpforms-12509-field_1-container\" class=\"wpforms-field wpforms-field-email\" data-field-id=\"1\"><label class=\"wpforms-field-label wpforms-label-hide\" for=\"wpforms-12509-field_1\" aria-hidden=\"false\">Correo electr\u00f3nico <span class=\"wpforms-required-label\" aria-hidden=\"true\">*<\/span><\/label><input type=\"email\" id=\"wpforms-12509-field_1\" class=\"wpforms-field-large wpforms-field-required\" name=\"wpforms[fields][1]\" placeholder=\"Email *\" spellcheck=\"false\" aria-errormessage=\"wpforms-12509-field_1-error\" required><\/div><div id=\"wpforms-12509-field_9-container\" class=\"wpforms-field wpforms-field-text\" data-field-id=\"9\"><label class=\"wpforms-field-label\" for=\"wpforms-12509-field_9\">Tel\u00e9fono<\/label><input type=\"text\" id=\"wpforms-12509-field_9\" class=\"wpforms-field-medium\" name=\"wpforms[fields][9]\" aria-errormessage=\"wpforms-12509-field_9-error\" aria-describedby=\"wpforms-12509-field_9-description\" ><div id=\"wpforms-12509-field_9-description\" class=\"wpforms-field-description\">Ind\u00edcanos un n\u00famero de contacto.<\/div><\/div><div id=\"wpforms-12509-field_6-container\" class=\"wpforms-field wpforms-field-payment-select wpforms-field-select-style-modern\" data-field-id=\"6\"><label class=\"wpforms-field-label\" for=\"wpforms-12509-field_6\">Tipo de organizaci\u00f3n <span class=\"wpforms-required-label\" aria-hidden=\"true\">*<\/span><\/label><select id=\"wpforms-12509-field_6\" class=\"wpforms-payment-price wpforms-field-large wpforms-field-required choicesjs-select\" data-size-class=\"wpforms-field-row wpforms-field-large\" data-search-enabled=\"\" name=\"wpforms[fields][6]\" required=\"required\"><option value=\"\" class=\"placeholder\" disabled  selected='selected'>Empresa<\/option><option value=\"1\" data-amount=\"0.00\" data-custom-properties=\"0.00\" >Empresa<\/option><option value=\"2\" data-amount=\"0.00\" data-custom-properties=\"0.00\" >Entidad p\u00fablica<\/option><option value=\"3\" data-amount=\"0.00\" data-custom-properties=\"0.00\" >Instituci\u00f3n educativa<\/option><\/select><\/div><div id=\"wpforms-12509-field_2-container\" class=\"wpforms-field wpforms-field-textarea\" data-field-id=\"2\"><label class=\"wpforms-field-label wpforms-label-hide\" for=\"wpforms-12509-field_2\" aria-hidden=\"false\">\u00bfTienes algo que contarnos?<\/label><textarea id=\"wpforms-12509-field_2\" class=\"wpforms-field-large\" name=\"wpforms[fields][2]\" placeholder=\"Deja un comentario\" aria-errormessage=\"wpforms-12509-field_2-error\" ><\/textarea><\/div><div id=\"wpforms-12509-field_4-container\" class=\"wpforms-field wpforms-field-checkbox\" data-field-id=\"4\"><fieldset><legend class=\"wpforms-field-label wpforms-label-hide\" aria-hidden=\"false\">Verificaci\u00f3n <span class=\"wpforms-required-label\" aria-hidden=\"true\">*<\/span><\/legend><ul id=\"wpforms-12509-field_4\" class=\"wpforms-field-required\"><li class=\"choice-1 depth-1\"><input type=\"checkbox\" id=\"wpforms-12509-field_4_1\" name=\"wpforms[fields][4][]\" value=\"He le\u00eddo y acepto el &lt;a target=&quot;_blank&quot; rel=&quot;nofollow noopener noreferrer&quot; href=&quot;\/avis-legal\/&quot;&gt;Aviso Legal&lt;\/a&gt; i la &lt;a href=&quot;\/politica-de-privacitat\/&quot; rel=&quot;nofollow noopener noreferrer&quot; target=&quot;_blank&quot;&gt;Pol\u00edtica de Privacidad&lt;\/a&gt; de feliciCat.cat\" aria-errormessage=\"wpforms-12509-field_4_1-error\" required ><label class=\"wpforms-field-label-inline\" for=\"wpforms-12509-field_4_1\">He le\u00eddo y acepto el <a target=\"_blank\" rel=\"nofollow noopener noreferrer\" href=\"\/avis-legal\/\">Aviso Legal<\/a> i la <a href=\"\/politica-de-privacitat\/\" rel=\"nofollow noopener noreferrer\" target=\"_blank\">Pol\u00edtica de Privacidad<\/a> de feliciCat.cat<\/label><\/li><\/ul><\/fieldset><\/div><\/div><!-- .wpforms-field-container --><div class=\"wpforms-recaptcha-container wpforms-is-recaptcha wpforms-is-recaptcha-type-v3\" ><input type=\"hidden\" name=\"wpforms[recaptcha]\" value=\"\"><\/div><div class=\"wpforms-submit-container\" ><input type=\"hidden\" name=\"wpforms[id]\" value=\"12509\"><input type=\"hidden\" name=\"wpforms[author]\" value=\"2\"><button type=\"submit\" name=\"wpforms[submit]\" id=\"wpforms-submit-12509\" class=\"wpforms-submit\" data-alt-text=\"Enviar formulario\" data-submit-text=\"Enviar formulario\" aria-live=\"assertive\" value=\"wpforms-submit\">Enviar formulario<\/button><img src=\"https:\/\/www.felicicat.cat\/wp-content\/plugins\/wpforms-lite\/assets\/images\/submit-spin.svg\" class=\"wpforms-submit-spinner\" style=\"display: none;\" width=\"26\" height=\"26\" alt=\"Cargando\"><\/div><\/form><\/div>  <!-- .wpforms-container -->\n","protected":false},"excerpt":{"rendered":"<p>Trabajar en equipo puede ser un reto. Las relaciones entre compa\u00f1eros no siempre son f\u00e1ciles y, a menudo, las diferencias de perspectivas o intereses pueden generar fricciones. Afortunadamente, es posible trabajar la comunicaci\u00f3n para fortalecer las relaciones, pero, como lo podemos hacer? El pasado mi\u00e9rcoles 12 de febrero, en la Universidad de Vic &#8211; Universidad&hellip;<\/p>\n","protected":false},"author":2,"featured_media":13453,"comment_status":"open","ping_status":"closed","sticky":false,"template":"","format":"standard","meta":{"_uag_custom_page_level_css":"","footnotes":""},"categories":[342],"tags":[],"post_series":[],"yoast_head":"<!-- This site is optimized with the Yoast SEO plugin v22.5 - https:\/\/yoast.com\/wordpress\/plugins\/seo\/ -->\n<title>Del caos al entendimiento, gracias a los valores que nos unen: UVic y feliciCat - Felicicat<\/title>\n<meta name=\"description\" content=\"Trabajar en equipo puede ser un reto. Las relaciones entre compa\u00f1eros no siempre son f\u00e1ciles y, a menudo, las diferencias de perspectivas o intereses pueden generar fricciones. Afortunadamente, es posible trabajar la comunicaci\u00f3n para fortalecer las relaciones, pero, como lo podemos hacer?\" \/>\n<meta name=\"robots\" content=\"index, follow, max-snippet:-1, max-image-preview:large, max-video-preview:-1\" \/>\n<link rel=\"canonical\" href=\"https:\/\/www.felicicat.cat\/es\/del-caos-al-entendimiento-gracias-a-los-valores-que-nos-unen-uvic-y-felicicat\/\" \/>\n<meta property=\"og:locale\" content=\"es_ES\" \/>\n<meta property=\"og:type\" content=\"article\" \/>\n<meta property=\"og:title\" content=\"Del caos al entendimiento, gracias a los valores que nos unen: UVic y feliciCat - Felicicat\" \/>\n<meta property=\"og:description\" content=\"Trabajar en equipo puede ser un reto. Las relaciones entre compa\u00f1eros no siempre son f\u00e1ciles y, a menudo, las diferencias de perspectivas o intereses pueden generar fricciones. Afortunadamente, es posible trabajar la comunicaci\u00f3n para fortalecer las relaciones, pero, como lo podemos hacer?\" \/>\n<meta property=\"og:url\" content=\"https:\/\/www.felicicat.cat\/es\/del-caos-al-entendimiento-gracias-a-los-valores-que-nos-unen-uvic-y-felicicat\/\" \/>\n<meta property=\"og:site_name\" content=\"Felicicat\" \/>\n<meta property=\"article:published_time\" content=\"2025-02-21T10:44:39+00:00\" \/>\n<meta property=\"article:modified_time\" content=\"2025-02-24T21:57:11+00:00\" \/>\n<meta property=\"og:image\" content=\"https:\/\/www.felicicat.cat\/wp-content\/uploads\/2025\/02\/Taller-Valors-UVIC-1-2.jpg\" \/>\n\t<meta property=\"og:image:width\" content=\"1148\" \/>\n\t<meta property=\"og:image:height\" content=\"1148\" \/>\n\t<meta property=\"og:image:type\" content=\"image\/jpeg\" \/>\n<meta name=\"author\" content=\"edu\" \/>\n<meta name=\"twitter:card\" content=\"summary_large_image\" \/>\n<meta name=\"twitter:label1\" content=\"Escrito por\" \/>\n\t<meta name=\"twitter:data1\" content=\"edu\" \/>\n\t<meta name=\"twitter:label2\" content=\"Tiempo de lectura\" \/>\n\t<meta name=\"twitter:data2\" content=\"5 minutos\" \/>\n<script type=\"application\/ld+json\" class=\"yoast-schema-graph\">{\"@context\":\"https:\/\/schema.org\",\"@graph\":[{\"@type\":\"Article\",\"@id\":\"https:\/\/www.felicicat.cat\/es\/del-caos-al-entendimiento-gracias-a-los-valores-que-nos-unen-uvic-y-felicicat\/#article\",\"isPartOf\":{\"@id\":\"https:\/\/www.felicicat.cat\/es\/del-caos-al-entendimiento-gracias-a-los-valores-que-nos-unen-uvic-y-felicicat\/\"},\"author\":{\"name\":\"edu\",\"@id\":\"https:\/\/www.felicicat.cat\/#\/schema\/person\/53cc36ea322123eb24f43676c759311d\"},\"headline\":\"Del caos al entendimiento, gracias a los valores que nos unen: UVic y feliciCat\",\"datePublished\":\"2025-02-21T10:44:39+00:00\",\"dateModified\":\"2025-02-24T21:57:11+00:00\",\"mainEntityOfPage\":{\"@id\":\"https:\/\/www.felicicat.cat\/es\/del-caos-al-entendimiento-gracias-a-los-valores-que-nos-unen-uvic-y-felicicat\/\"},\"wordCount\":740,\"commentCount\":0,\"publisher\":{\"@id\":\"https:\/\/www.felicicat.cat\/#organization\"},\"image\":{\"@id\":\"https:\/\/www.felicicat.cat\/es\/del-caos-al-entendimiento-gracias-a-los-valores-que-nos-unen-uvic-y-felicicat\/#primaryimage\"},\"thumbnailUrl\":\"https:\/\/www.felicicat.cat\/wp-content\/uploads\/2025\/02\/Taller-Valors-UVIC-1-2.jpg\",\"articleSection\":[\"Actualidad y tendencias\"],\"inLanguage\":\"es\",\"potentialAction\":[{\"@type\":\"CommentAction\",\"name\":\"Comment\",\"target\":[\"https:\/\/www.felicicat.cat\/es\/del-caos-al-entendimiento-gracias-a-los-valores-que-nos-unen-uvic-y-felicicat\/#respond\"]}]},{\"@type\":\"WebPage\",\"@id\":\"https:\/\/www.felicicat.cat\/es\/del-caos-al-entendimiento-gracias-a-los-valores-que-nos-unen-uvic-y-felicicat\/\",\"url\":\"https:\/\/www.felicicat.cat\/es\/del-caos-al-entendimiento-gracias-a-los-valores-que-nos-unen-uvic-y-felicicat\/\",\"name\":\"Del caos al entendimiento, gracias a los valores que nos unen: UVic y feliciCat - Felicicat\",\"isPartOf\":{\"@id\":\"https:\/\/www.felicicat.cat\/#website\"},\"primaryImageOfPage\":{\"@id\":\"https:\/\/www.felicicat.cat\/es\/del-caos-al-entendimiento-gracias-a-los-valores-que-nos-unen-uvic-y-felicicat\/#primaryimage\"},\"image\":{\"@id\":\"https:\/\/www.felicicat.cat\/es\/del-caos-al-entendimiento-gracias-a-los-valores-que-nos-unen-uvic-y-felicicat\/#primaryimage\"},\"thumbnailUrl\":\"https:\/\/www.felicicat.cat\/wp-content\/uploads\/2025\/02\/Taller-Valors-UVIC-1-2.jpg\",\"datePublished\":\"2025-02-21T10:44:39+00:00\",\"dateModified\":\"2025-02-24T21:57:11+00:00\",\"description\":\"Trabajar en equipo puede ser un reto. Las relaciones entre compa\u00f1eros no siempre son f\u00e1ciles y, a menudo, las diferencias de perspectivas o intereses pueden generar fricciones. Afortunadamente, es posible trabajar la comunicaci\u00f3n para fortalecer las relaciones, pero, como lo podemos hacer?\",\"breadcrumb\":{\"@id\":\"https:\/\/www.felicicat.cat\/es\/del-caos-al-entendimiento-gracias-a-los-valores-que-nos-unen-uvic-y-felicicat\/#breadcrumb\"},\"inLanguage\":\"es\",\"potentialAction\":[{\"@type\":\"ReadAction\",\"target\":[\"https:\/\/www.felicicat.cat\/es\/del-caos-al-entendimiento-gracias-a-los-valores-que-nos-unen-uvic-y-felicicat\/\"]}]},{\"@type\":\"ImageObject\",\"inLanguage\":\"es\",\"@id\":\"https:\/\/www.felicicat.cat\/es\/del-caos-al-entendimiento-gracias-a-los-valores-que-nos-unen-uvic-y-felicicat\/#primaryimage\",\"url\":\"https:\/\/www.felicicat.cat\/wp-content\/uploads\/2025\/02\/Taller-Valors-UVIC-1-2.jpg\",\"contentUrl\":\"https:\/\/www.felicicat.cat\/wp-content\/uploads\/2025\/02\/Taller-Valors-UVIC-1-2.jpg\",\"width\":1148,\"height\":1148},{\"@type\":\"BreadcrumbList\",\"@id\":\"https:\/\/www.felicicat.cat\/es\/del-caos-al-entendimiento-gracias-a-los-valores-que-nos-unen-uvic-y-felicicat\/#breadcrumb\",\"itemListElement\":[{\"@type\":\"ListItem\",\"position\":1,\"name\":\"Home\",\"item\":\"https:\/\/www.felicicat.cat\/es\/\"},{\"@type\":\"ListItem\",\"position\":2,\"name\":\"Del caos al entendimiento, gracias a los valores&hellip;\"}]},{\"@type\":\"WebSite\",\"@id\":\"https:\/\/www.felicicat.cat\/#website\",\"url\":\"https:\/\/www.felicicat.cat\/\",\"name\":\"Felicicat\",\"description\":\"Institut Catal\u00e0 de la felicitat\",\"publisher\":{\"@id\":\"https:\/\/www.felicicat.cat\/#organization\"},\"potentialAction\":[{\"@type\":\"SearchAction\",\"target\":{\"@type\":\"EntryPoint\",\"urlTemplate\":\"https:\/\/www.felicicat.cat\/?s={search_term_string}\"},\"query-input\":\"required name=search_term_string\"}],\"inLanguage\":\"es\"},{\"@type\":\"Organization\",\"@id\":\"https:\/\/www.felicicat.cat\/#organization\",\"name\":\"Felicicat\",\"url\":\"https:\/\/www.felicicat.cat\/\",\"logo\":{\"@type\":\"ImageObject\",\"inLanguage\":\"es\",\"@id\":\"https:\/\/www.felicicat.cat\/#\/schema\/logo\/image\/\",\"url\":\"https:\/\/www.felicicat.cat\/wp-content\/uploads\/2023\/11\/4_proveslogotipsfelicicatFINAL_Mesadetrabajo1.png\",\"contentUrl\":\"https:\/\/www.felicicat.cat\/wp-content\/uploads\/2023\/11\/4_proveslogotipsfelicicatFINAL_Mesadetrabajo1.png\",\"width\":1500,\"height\":195,\"caption\":\"Felicicat\"},\"image\":{\"@id\":\"https:\/\/www.felicicat.cat\/#\/schema\/logo\/image\/\"}},{\"@type\":\"Person\",\"@id\":\"https:\/\/www.felicicat.cat\/#\/schema\/person\/53cc36ea322123eb24f43676c759311d\",\"name\":\"edu\",\"image\":{\"@type\":\"ImageObject\",\"inLanguage\":\"es\",\"@id\":\"https:\/\/www.felicicat.cat\/#\/schema\/person\/image\/\",\"url\":\"https:\/\/secure.gravatar.com\/avatar\/6fd3494648cb9e038992d31be80d2047?s=96&d=mm&r=g\",\"contentUrl\":\"https:\/\/secure.gravatar.com\/avatar\/6fd3494648cb9e038992d31be80d2047?s=96&d=mm&r=g\",\"caption\":\"edu\"},\"url\":\"https:\/\/www.felicicat.cat\/es\/author\/edu\/\"}]}<\/script>\n<!-- \/ Yoast SEO plugin. -->","yoast_head_json":{"title":"Del caos al entendimiento, gracias a los valores que nos unen: UVic y feliciCat - Felicicat","description":"Trabajar en equipo puede ser un reto. Las relaciones entre compa\u00f1eros no siempre son f\u00e1ciles y, a menudo, las diferencias de perspectivas o intereses pueden generar fricciones. Afortunadamente, es posible trabajar la comunicaci\u00f3n para fortalecer las relaciones, pero, como lo podemos hacer?","robots":{"index":"index","follow":"follow","max-snippet":"max-snippet:-1","max-image-preview":"max-image-preview:large","max-video-preview":"max-video-preview:-1"},"canonical":"https:\/\/www.felicicat.cat\/es\/del-caos-al-entendimiento-gracias-a-los-valores-que-nos-unen-uvic-y-felicicat\/","og_locale":"es_ES","og_type":"article","og_title":"Del caos al entendimiento, gracias a los valores que nos unen: UVic y feliciCat - Felicicat","og_description":"Trabajar en equipo puede ser un reto. Las relaciones entre compa\u00f1eros no siempre son f\u00e1ciles y, a menudo, las diferencias de perspectivas o intereses pueden generar fricciones. Afortunadamente, es posible trabajar la comunicaci\u00f3n para fortalecer las relaciones, pero, como lo podemos hacer?","og_url":"https:\/\/www.felicicat.cat\/es\/del-caos-al-entendimiento-gracias-a-los-valores-que-nos-unen-uvic-y-felicicat\/","og_site_name":"Felicicat","article_published_time":"2025-02-21T10:44:39+00:00","article_modified_time":"2025-02-24T21:57:11+00:00","og_image":[{"width":1148,"height":1148,"url":"https:\/\/www.felicicat.cat\/wp-content\/uploads\/2025\/02\/Taller-Valors-UVIC-1-2.jpg","type":"image\/jpeg"}],"author":"edu","twitter_card":"summary_large_image","twitter_misc":{"Escrito por":"edu","Tiempo de lectura":"5 minutos"},"schema":{"@context":"https:\/\/schema.org","@graph":[{"@type":"Article","@id":"https:\/\/www.felicicat.cat\/es\/del-caos-al-entendimiento-gracias-a-los-valores-que-nos-unen-uvic-y-felicicat\/#article","isPartOf":{"@id":"https:\/\/www.felicicat.cat\/es\/del-caos-al-entendimiento-gracias-a-los-valores-que-nos-unen-uvic-y-felicicat\/"},"author":{"name":"edu","@id":"https:\/\/www.felicicat.cat\/#\/schema\/person\/53cc36ea322123eb24f43676c759311d"},"headline":"Del caos al entendimiento, gracias a los valores que nos unen: UVic y feliciCat","datePublished":"2025-02-21T10:44:39+00:00","dateModified":"2025-02-24T21:57:11+00:00","mainEntityOfPage":{"@id":"https:\/\/www.felicicat.cat\/es\/del-caos-al-entendimiento-gracias-a-los-valores-que-nos-unen-uvic-y-felicicat\/"},"wordCount":740,"commentCount":0,"publisher":{"@id":"https:\/\/www.felicicat.cat\/#organization"},"image":{"@id":"https:\/\/www.felicicat.cat\/es\/del-caos-al-entendimiento-gracias-a-los-valores-que-nos-unen-uvic-y-felicicat\/#primaryimage"},"thumbnailUrl":"https:\/\/www.felicicat.cat\/wp-content\/uploads\/2025\/02\/Taller-Valors-UVIC-1-2.jpg","articleSection":["Actualidad y tendencias"],"inLanguage":"es","potentialAction":[{"@type":"CommentAction","name":"Comment","target":["https:\/\/www.felicicat.cat\/es\/del-caos-al-entendimiento-gracias-a-los-valores-que-nos-unen-uvic-y-felicicat\/#respond"]}]},{"@type":"WebPage","@id":"https:\/\/www.felicicat.cat\/es\/del-caos-al-entendimiento-gracias-a-los-valores-que-nos-unen-uvic-y-felicicat\/","url":"https:\/\/www.felicicat.cat\/es\/del-caos-al-entendimiento-gracias-a-los-valores-que-nos-unen-uvic-y-felicicat\/","name":"Del caos al entendimiento, gracias a los valores que nos unen: UVic y feliciCat - Felicicat","isPartOf":{"@id":"https:\/\/www.felicicat.cat\/#website"},"primaryImageOfPage":{"@id":"https:\/\/www.felicicat.cat\/es\/del-caos-al-entendimiento-gracias-a-los-valores-que-nos-unen-uvic-y-felicicat\/#primaryimage"},"image":{"@id":"https:\/\/www.felicicat.cat\/es\/del-caos-al-entendimiento-gracias-a-los-valores-que-nos-unen-uvic-y-felicicat\/#primaryimage"},"thumbnailUrl":"https:\/\/www.felicicat.cat\/wp-content\/uploads\/2025\/02\/Taller-Valors-UVIC-1-2.jpg","datePublished":"2025-02-21T10:44:39+00:00","dateModified":"2025-02-24T21:57:11+00:00","description":"Trabajar en equipo puede ser un reto. Las relaciones entre compa\u00f1eros no siempre son f\u00e1ciles y, a menudo, las diferencias de perspectivas o intereses pueden generar fricciones. Afortunadamente, es posible trabajar la comunicaci\u00f3n para fortalecer las relaciones, pero, como lo podemos hacer?","breadcrumb":{"@id":"https:\/\/www.felicicat.cat\/es\/del-caos-al-entendimiento-gracias-a-los-valores-que-nos-unen-uvic-y-felicicat\/#breadcrumb"},"inLanguage":"es","potentialAction":[{"@type":"ReadAction","target":["https:\/\/www.felicicat.cat\/es\/del-caos-al-entendimiento-gracias-a-los-valores-que-nos-unen-uvic-y-felicicat\/"]}]},{"@type":"ImageObject","inLanguage":"es","@id":"https:\/\/www.felicicat.cat\/es\/del-caos-al-entendimiento-gracias-a-los-valores-que-nos-unen-uvic-y-felicicat\/#primaryimage","url":"https:\/\/www.felicicat.cat\/wp-content\/uploads\/2025\/02\/Taller-Valors-UVIC-1-2.jpg","contentUrl":"https:\/\/www.felicicat.cat\/wp-content\/uploads\/2025\/02\/Taller-Valors-UVIC-1-2.jpg","width":1148,"height":1148},{"@type":"BreadcrumbList","@id":"https:\/\/www.felicicat.cat\/es\/del-caos-al-entendimiento-gracias-a-los-valores-que-nos-unen-uvic-y-felicicat\/#breadcrumb","itemListElement":[{"@type":"ListItem","position":1,"name":"Home","item":"https:\/\/www.felicicat.cat\/es\/"},{"@type":"ListItem","position":2,"name":"Del caos al entendimiento, gracias a los valores&hellip;"}]},{"@type":"WebSite","@id":"https:\/\/www.felicicat.cat\/#website","url":"https:\/\/www.felicicat.cat\/","name":"Felicicat","description":"Institut Catal\u00e0 de la felicitat","publisher":{"@id":"https:\/\/www.felicicat.cat\/#organization"},"potentialAction":[{"@type":"SearchAction","target":{"@type":"EntryPoint","urlTemplate":"https:\/\/www.felicicat.cat\/?s={search_term_string}"},"query-input":"required name=search_term_string"}],"inLanguage":"es"},{"@type":"Organization","@id":"https:\/\/www.felicicat.cat\/#organization","name":"Felicicat","url":"https:\/\/www.felicicat.cat\/","logo":{"@type":"ImageObject","inLanguage":"es","@id":"https:\/\/www.felicicat.cat\/#\/schema\/logo\/image\/","url":"https:\/\/www.felicicat.cat\/wp-content\/uploads\/2023\/11\/4_proveslogotipsfelicicatFINAL_Mesadetrabajo1.png","contentUrl":"https:\/\/www.felicicat.cat\/wp-content\/uploads\/2023\/11\/4_proveslogotipsfelicicatFINAL_Mesadetrabajo1.png","width":1500,"height":195,"caption":"Felicicat"},"image":{"@id":"https:\/\/www.felicicat.cat\/#\/schema\/logo\/image\/"}},{"@type":"Person","@id":"https:\/\/www.felicicat.cat\/#\/schema\/person\/53cc36ea322123eb24f43676c759311d","name":"edu","image":{"@type":"ImageObject","inLanguage":"es","@id":"https:\/\/www.felicicat.cat\/#\/schema\/person\/image\/","url":"https:\/\/secure.gravatar.com\/avatar\/6fd3494648cb9e038992d31be80d2047?s=96&d=mm&r=g","contentUrl":"https:\/\/secure.gravatar.com\/avatar\/6fd3494648cb9e038992d31be80d2047?s=96&d=mm&r=g","caption":"edu"},"url":"https:\/\/www.felicicat.cat\/es\/author\/edu\/"}]}},"uagb_featured_image_src":{"full":["https:\/\/www.felicicat.cat\/wp-content\/uploads\/2025\/02\/Taller-Valors-UVIC-1-2.jpg",1148,1148,false],"thumbnail":["https:\/\/www.felicicat.cat\/wp-content\/uploads\/2025\/02\/Taller-Valors-UVIC-1-2-150x150.jpg",150,150,true],"medium":["https:\/\/www.felicicat.cat\/wp-content\/uploads\/2025\/02\/Taller-Valors-UVIC-1-2-300x300.jpg",300,300,true],"medium_large":["https:\/\/www.felicicat.cat\/wp-content\/uploads\/2025\/02\/Taller-Valors-UVIC-1-2-768x768.jpg",768,768,true],"large":["https:\/\/www.felicicat.cat\/wp-content\/uploads\/2025\/02\/Taller-Valors-UVIC-1-2-1024x1024.jpg",980,980,true],"1536x1536":["https:\/\/www.felicicat.cat\/wp-content\/uploads\/2025\/02\/Taller-Valors-UVIC-1-2.jpg",1148,1148,false],"2048x2048":["https:\/\/www.felicicat.cat\/wp-content\/uploads\/2025\/02\/Taller-Valors-UVIC-1-2.jpg",1148,1148,false],"woocommerce_thumbnail":["https:\/\/www.felicicat.cat\/wp-content\/uploads\/2025\/02\/Taller-Valors-UVIC-1-2-center-top-60x60.jpg",60,60,true],"woocommerce_single":["https:\/\/www.felicicat.cat\/wp-content\/uploads\/2025\/02\/Taller-Valors-UVIC-1-2-700x700.jpg",700,700,true],"woocommerce_gallery_thumbnail":["https:\/\/www.felicicat.cat\/wp-content\/uploads\/2025\/02\/Taller-Valors-UVIC-1-2-100x100.jpg",100,100,true],"lightbox":["https:\/\/www.felicicat.cat\/wp-content\/uploads\/2025\/02\/Taller-Valors-UVIC-1-2.jpg",1148,1148,false],"search_results":["https:\/\/www.felicicat.cat\/wp-content\/uploads\/2025\/02\/Taller-Valors-UVIC-1-2-125x125.jpg",125,125,true],"blog_entry":["https:\/\/www.felicicat.cat\/wp-content\/uploads\/2025\/02\/Taller-Valors-UVIC-1-2-680x380.jpg",680,380,true],"blog_post":["https:\/\/www.felicicat.cat\/wp-content\/uploads\/2025\/02\/Taller-Valors-UVIC-1-2.jpg",380,380,false],"blog_post_full":["https:\/\/www.felicicat.cat\/wp-content\/uploads\/2025\/02\/Taller-Valors-UVIC-1-2-980x980.jpg",980,980,true],"blog_related":["https:\/\/www.felicicat.cat\/wp-content\/uploads\/2025\/02\/Taller-Valors-UVIC-1-2.jpg",380,380,false],"portfolio_entry":["https:\/\/www.felicicat.cat\/wp-content\/uploads\/2025\/02\/Taller-Valors-UVIC-1-2.jpg",350,350,false],"portfolio_post":["https:\/\/www.felicicat.cat\/wp-content\/uploads\/2025\/02\/Taller-Valors-UVIC-1-2.jpg",1148,1148,false],"portfolio_related":["https:\/\/www.felicicat.cat\/wp-content\/uploads\/2025\/02\/Taller-Valors-UVIC-1-2.jpg",350,350,false],"staff_entry":["https:\/\/www.felicicat.cat\/wp-content\/uploads\/2025\/02\/Taller-Valors-UVIC-1-2.jpg",500,500,false],"staff_post":["https:\/\/www.felicicat.cat\/wp-content\/uploads\/2025\/02\/Taller-Valors-UVIC-1-2.jpg",1148,1148,false],"staff_related":["https:\/\/www.felicicat.cat\/wp-content\/uploads\/2025\/02\/Taller-Valors-UVIC-1-2.jpg",500,500,false],"testimonials_entry":["https:\/\/www.felicicat.cat\/wp-content\/uploads\/2025\/02\/Taller-Valors-UVIC-1-2.jpg",45,45,false],"shop_catalog":["https:\/\/www.felicicat.cat\/wp-content\/uploads\/2025\/02\/Taller-Valors-UVIC-1-2-350x350.jpg",350,350,true],"shop_single":["https:\/\/www.felicicat.cat\/wp-content\/uploads\/2025\/02\/Taller-Valors-UVIC-1-2-700x700.jpg",700,700,true],"shop_single_thumbnail":["https:\/\/www.felicicat.cat\/wp-content\/uploads\/2025\/02\/Taller-Valors-UVIC-1-2-140x140.jpg",140,140,true],"shop_category":["https:\/\/www.felicicat.cat\/wp-content\/uploads\/2025\/02\/Taller-Valors-UVIC-1-2.jpg",1148,1148,false],"shop_thumbnail_cart":["https:\/\/www.felicicat.cat\/wp-content\/uploads\/2025\/02\/Taller-Valors-UVIC-1-2-center-top-60x60.jpg",60,60,true],"gallery":["https:\/\/www.felicicat.cat\/wp-content\/uploads\/2025\/02\/Taller-Valors-UVIC-1-2.jpg",500,500,false]},"uagb_author_info":{"display_name":"edu","author_link":"https:\/\/www.felicicat.cat\/es\/author\/edu\/"},"uagb_comment_info":0,"uagb_excerpt":"Trabajar en equipo puede ser un reto. Las relaciones entre compa\u00f1eros no siempre son f\u00e1ciles y, a menudo, las diferencias de perspectivas o intereses pueden generar fricciones. Afortunadamente, es posible trabajar la comunicaci\u00f3n para fortalecer las relaciones, pero, como lo podemos hacer? El pasado mi\u00e9rcoles 12 de febrero, en la Universidad de Vic &#8211; Universidad&hellip;","_links":{"self":[{"href":"https:\/\/www.felicicat.cat\/es\/wp-json\/wp\/v2\/posts\/13449"}],"collection":[{"href":"https:\/\/www.felicicat.cat\/es\/wp-json\/wp\/v2\/posts"}],"about":[{"href":"https:\/\/www.felicicat.cat\/es\/wp-json\/wp\/v2\/types\/post"}],"author":[{"embeddable":true,"href":"https:\/\/www.felicicat.cat\/es\/wp-json\/wp\/v2\/users\/2"}],"replies":[{"embeddable":true,"href":"https:\/\/www.felicicat.cat\/es\/wp-json\/wp\/v2\/comments?post=13449"}],"version-history":[{"count":3,"href":"https:\/\/www.felicicat.cat\/es\/wp-json\/wp\/v2\/posts\/13449\/revisions"}],"predecessor-version":[{"id":13475,"href":"https:\/\/www.felicicat.cat\/es\/wp-json\/wp\/v2\/posts\/13449\/revisions\/13475"}],"wp:featuredmedia":[{"embeddable":true,"href":"https:\/\/www.felicicat.cat\/es\/wp-json\/wp\/v2\/media\/13453"}],"wp:attachment":[{"href":"https:\/\/www.felicicat.cat\/es\/wp-json\/wp\/v2\/media?parent=13449"}],"wp:term":[{"taxonomy":"category","embeddable":true,"href":"https:\/\/www.felicicat.cat\/es\/wp-json\/wp\/v2\/categories?post=13449"},{"taxonomy":"post_tag","embeddable":true,"href":"https:\/\/www.felicicat.cat\/es\/wp-json\/wp\/v2\/tags?post=13449"},{"taxonomy":"post_series","embeddable":true,"href":"https:\/\/www.felicicat.cat\/es\/wp-json\/wp\/v2\/post_series?post=13449"}],"curies":[{"name":"wp","href":"https:\/\/api.w.org\/{rel}","templated":true}]}}