{"id":12439,"date":"2024-12-02T11:01:24","date_gmt":"2024-12-02T11:01:24","guid":{"rendered":"https:\/\/www.felicicat.cat\/?p=12439"},"modified":"2024-12-02T11:11:44","modified_gmt":"2024-12-02T11:11:44","slug":"lafact-presenta-iniciativas-para-conmemorar-el-dia-internacional-de-las-personas-con-discapacidad","status":"publish","type":"post","link":"https:\/\/www.felicicat.cat\/es\/lafact-presenta-iniciativas-para-conmemorar-el-dia-internacional-de-las-personas-con-discapacidad\/","title":{"rendered":"LaFACT presenta iniciativas para conmemorar el D\u00eda Internacional de las Personas con Discapacidad"},"content":{"rendered":"<h2 class=\"c-mainarticle__subtitle\">La inclusi\u00f3n social de personas con discapacidad intelectual es uno de los \u00e1mbitos de actuaci\u00f3n de LaFACT, la Factor\u00eda Social de Terrassa<\/h2>\n<div class=\"c-mainarticle__tag-list\">\n<div class=\"c-mainarticle__tag-list\">\n<div class=\"inter_image\"><picture>Art\u00edculo extra\u00eddo de\u00a0<\/picture><a href=\"https:\/\/www.viaempresa.cat\/\" target=\"_blank\" rel=\"noopener\"><span class=\"sqsrte-text-color--black\"><strong>Viaempresa.cat<\/strong><\/span><\/a><picture> y creado por Redacci\u00f3n Via Empresa \u2013 Barcelona. 29 de noviembre de 2024.<\/picture><\/div>\n<\/div>\n<p>&nbsp;<\/p>\n<p>El 3 de diciembre es el\u00a0<strong>D\u00eda Internacional de las Personas con Discapacidad<\/strong>. Un a\u00f1o m\u00e1s,\u00a0<strong>LaFACT\u00a0<\/strong>se ha sumado a las iniciativas impulsadas, principalmente, en\u00a0Terrassa y Sant Cugat. En el contexto de este D\u00eda Internacional, LaFACT ha contribuido en la redacci\u00f3n del manifiesto que se lee ante el\u00a0<strong>Ayuntamiento de Terrassa<\/strong> el martes 3 de diciembre conjuntamente con el resto de entidades de la ciudad. Acciones como esta permiten dar a conocer cu\u00e1les son las necesidades de las personas con discapacidad y como se puede colaborar.<\/p>\n<p>Adem\u00e1s, la entidad participa en la jornada<em>\u00a0Accesibilidad Cognitiva<\/em>, organizada por\u00a0<strong>DINCAT<\/strong>, y donde forma parte de la mesa redonda\u00a0<em>La importancia de la validaci\u00f3n en la Accesibilidad Cognitiva<\/em>. Una sesi\u00f3n en la cual el equipo de validaci\u00f3n de LaFACT, formado por personas con discapacidad intelectual, expone algunas mejoras para hacer frente a las principales barreras que se encuentran para comprender el entorno en su d\u00eda a d\u00eda.<\/p>\n<p>Este a\u00f1o en Terrassa, se celebra un acto que une el D\u00eda Internacional de las Personas con Discapacidad con el D\u00eda Internacional del Voluntariado, que se conmemora el 5 de diciembre. As\u00ed, LaFACT participa en la jornada\u00a0<em>Voluntariado y Accesibilidad: por una Terrassa Inclusiva<\/em>, organizada por la\u00a0<strong>Oficina de Capacidades Diversas\u00a0<\/strong>y el\u00a0<strong>Punto de Voluntariado\u00a0<\/strong>del Ayuntamiento de Terrassa. En este acto, la entidad explica su proyecto de voluntariado inclusivo y lleva a cabo un taller para destacar la importancia de la accesibilidad cognitiva, entendimiento como la adaptaci\u00f3n de los entornos porque las personas con discapacidad intelectual puedan comprenderlos y hacer un uso seguro.<\/p>\n<p>En la ciudad de Sant Cugat, LaFACT forma parte del debate\u00a0<em>Empresa y Discapacidad<\/em>, que se emite en la\u00a0<strong>Televisi\u00f3\u00a0de Sant Cugat<\/strong>, junto con\u00a0<strong>Fundaci\u00f3\u00a0Vinne<\/strong>\u00a0y el<strong>\u00a0Taller Jeroni de Moragas<\/strong>. Un encuentro que permite profundizar sobre las dificultades que se encuentran las personas con discapacidad intelectual para formar parte del mercado laboral y las necesidades que tienen las empresas que las insertan. En este sentido, LaFACT destaca su orientaci\u00f3n, sus itinerarios y su servicio de acompa\u00f1amiento integral, gracias a los cuales apoya en todo momento a las personas y a las empresas para conseguir el \u00e9xito de las inserciones laborales.<\/p>\n<figure style=\"width: 635px\" class=\"wp-caption aligncenter\"><img loading=\"lazy\" decoding=\"async\" class=\"c-mainarticle__img\" title=\"Una de les iniciatives en qu\u00e8 est\u00e0 treballant LaFACT | Cedida\" src=\"https:\/\/www.viaempresa.cat\/uploads\/s1\/27\/03\/90\/84\/251-1.jpeg\" alt=\"Una de les iniciatives en qu\u00e8 est\u00e0 treballant LaFACT | Cedida\" width=\"635\" height=\"423\" \/><figcaption class=\"wp-caption-text\">Una de les iniciativas en las que est\u00e1 trabajando LaFACT | Cedida<\/figcaption><\/figure>\n<p>Tambi\u00e9n en la misma ciudad, est\u00e1 presente en la\u00a0<strong>Feria de Entidades<\/strong>, donde da\u00a0a conocer a los asistentes sus proyectos de inclusi\u00f3n social. Adem\u00e1s, forma parte del proyecto\u00a0<em>Fora barreres! Mapathon Sant Cugat<\/em>, en el cual colabora recogiendo informaci\u00f3n sobre puntos cr\u00edticos de la ciudad donde mejorar la accesibilidad, y participa en el torneo de f\u00fatbol adaptado organizado por la\u00a0<strong>Penya Blaugrana de Sant Cugat<\/strong>.<\/p>\n<p>En el marco de las actividades comarcales, LaFACT asiste a la jornada\u00a0<em>Sumem capacitats \u2013 Mesures de suport a la capacitat jur\u00eddica de les persones amb discapacitat<\/em>. El objetivo de la sesi\u00f3n, a cargo del\u00a0<strong>Consell\u00a0Comarcal del Vall\u00e8s Occidental<\/strong>\u00a0y de diferentes ayuntamientos, es reflexionar sobre la legislaci\u00f3n actual y la garant\u00eda de los derechos de las personas con discapacidad. A la vez, LaFACT participa en la sesi\u00f3n\u00a0<em>El facilitador judicial y la accesibilidad cognitiva<\/em>, organizada por el\u00a0<strong>Il\u00b7lustre Col\u00b7legi de l\u2019Advocacia de Sabadell<\/strong>, donde expone su experiencia como entidad facilitadora en procesos de acceso a la justicia para garantizar que las personas con discapacidad intelectual puedan acceder y comprender tr\u00e1mites legales.<\/p>\n<\/div>\n<p>Si quieres saber m\u00e1s: <a class=\"m-related__item-link\" style=\"font-size: var(--wpex-body-font-size, 13px);\" title=\"Terrassa avanza hacia la inclusi\u00f3n: LaFACT impulsa &quot;dos colectivos no privilegiados&quot;\" href=\"https:\/\/www.viaempresa.cat\/es\/empresa\/tema-terrassa-avanza-hacia-inclusion-lafact-impulsa-dos-colectivos-no-privilegiados_2204195_102.html\">Terrassa avanza hacia la inclusi\u00f3n: LaFACT impulsa \u00abdos colectivos no privilegiados\u00bb<\/a><\/p>\n","protected":false},"excerpt":{"rendered":"<p>La inclusi\u00f3n social de personas con discapacidad intelectual es uno de los \u00e1mbitos de actuaci\u00f3n de LaFACT, la Factor\u00eda Social de Terrassa Art\u00edculo extra\u00eddo de\u00a0Viaempresa.cat y creado por Redacci\u00f3n Via Empresa \u2013 Barcelona. 29 de noviembre de 2024. &nbsp; El 3 de diciembre es el\u00a0D\u00eda Internacional de las Personas con Discapacidad. Un a\u00f1o m\u00e1s,\u00a0LaFACT\u00a0se ha&hellip;<\/p>\n","protected":false},"author":2,"featured_media":12436,"comment_status":"open","ping_status":"closed","sticky":false,"template":"","format":"standard","meta":{"_uag_custom_page_level_css":"","footnotes":""},"categories":[343],"tags":[],"post_series":[],"yoast_head":"<!-- This site is optimized with the Yoast SEO plugin v22.5 - https:\/\/yoast.com\/wordpress\/plugins\/seo\/ -->\n<title>LaFACT presenta iniciativas para conmemorar el D\u00eda Internacional de las Personas con Discapacidad - Felicicat<\/title>\n<meta name=\"description\" content=\"LaFACT impulsa la inclusi\u00f3n social de personas con discapacidad intelectual mediante acciones comunitarias, acontecimientos y proyectos innovadores en Terrassa y Sant Cugat, destacando en \u00e1mbitos como la accesibilidad cognitiva, el voluntariado inclusivo y la inserci\u00f3n laboral.\" \/>\n<meta name=\"robots\" content=\"index, follow, max-snippet:-1, max-image-preview:large, max-video-preview:-1\" \/>\n<link rel=\"canonical\" href=\"https:\/\/www.felicicat.cat\/es\/lafact-presenta-iniciativas-para-conmemorar-el-dia-internacional-de-las-personas-con-discapacidad\/\" \/>\n<meta property=\"og:locale\" content=\"es_ES\" \/>\n<meta property=\"og:type\" content=\"article\" \/>\n<meta property=\"og:title\" content=\"LaFACT presenta iniciativas para conmemorar el D\u00eda Internacional de las Personas con Discapacidad - Felicicat\" \/>\n<meta property=\"og:description\" content=\"LaFACT impulsa la inclusi\u00f3n social de personas con discapacidad intelectual mediante acciones comunitarias, acontecimientos y proyectos innovadores en Terrassa y Sant Cugat, destacando en \u00e1mbitos como la accesibilidad cognitiva, el voluntariado inclusivo y la inserci\u00f3n laboral.\" \/>\n<meta property=\"og:url\" content=\"https:\/\/www.felicicat.cat\/es\/lafact-presenta-iniciativas-para-conmemorar-el-dia-internacional-de-las-personas-con-discapacidad\/\" \/>\n<meta property=\"og:site_name\" content=\"Felicicat\" \/>\n<meta property=\"article:published_time\" content=\"2024-12-02T11:01:24+00:00\" \/>\n<meta property=\"article:modified_time\" content=\"2024-12-02T11:11:44+00:00\" \/>\n<meta property=\"og:image\" content=\"https:\/\/www.felicicat.cat\/wp-content\/uploads\/2024\/12\/251-1.jpeg\" \/>\n\t<meta property=\"og:image:width\" content=\"640\" \/>\n\t<meta property=\"og:image:height\" content=\"427\" \/>\n\t<meta property=\"og:image:type\" content=\"image\/jpeg\" \/>\n<meta name=\"author\" content=\"edu\" \/>\n<meta name=\"twitter:card\" content=\"summary_large_image\" \/>\n<meta name=\"twitter:label1\" content=\"Escrito por\" \/>\n\t<meta name=\"twitter:data1\" content=\"edu\" \/>\n\t<meta name=\"twitter:label2\" content=\"Tiempo de lectura\" \/>\n\t<meta name=\"twitter:data2\" content=\"4 minutos\" \/>\n<script type=\"application\/ld+json\" class=\"yoast-schema-graph\">{\"@context\":\"https:\/\/schema.org\",\"@graph\":[{\"@type\":\"Article\",\"@id\":\"https:\/\/www.felicicat.cat\/es\/lafact-presenta-iniciativas-para-conmemorar-el-dia-internacional-de-las-personas-con-discapacidad\/#article\",\"isPartOf\":{\"@id\":\"https:\/\/www.felicicat.cat\/es\/lafact-presenta-iniciativas-para-conmemorar-el-dia-internacional-de-las-personas-con-discapacidad\/\"},\"author\":{\"name\":\"edu\",\"@id\":\"https:\/\/www.felicicat.cat\/#\/schema\/person\/53cc36ea322123eb24f43676c759311d\"},\"headline\":\"LaFACT presenta iniciativas para conmemorar el D\u00eda Internacional de las Personas con Discapacidad\",\"datePublished\":\"2024-12-02T11:01:24+00:00\",\"dateModified\":\"2024-12-02T11:11:44+00:00\",\"mainEntityOfPage\":{\"@id\":\"https:\/\/www.felicicat.cat\/es\/lafact-presenta-iniciativas-para-conmemorar-el-dia-internacional-de-las-personas-con-discapacidad\/\"},\"wordCount\":665,\"commentCount\":0,\"publisher\":{\"@id\":\"https:\/\/www.felicicat.cat\/#organization\"},\"image\":{\"@id\":\"https:\/\/www.felicicat.cat\/es\/lafact-presenta-iniciativas-para-conmemorar-el-dia-internacional-de-las-personas-con-discapacidad\/#primaryimage\"},\"thumbnailUrl\":\"https:\/\/www.felicicat.cat\/wp-content\/uploads\/2024\/12\/251-1.jpeg\",\"articleSection\":[\"Empresa y bienestar\"],\"inLanguage\":\"es\",\"potentialAction\":[{\"@type\":\"CommentAction\",\"name\":\"Comment\",\"target\":[\"https:\/\/www.felicicat.cat\/es\/lafact-presenta-iniciativas-para-conmemorar-el-dia-internacional-de-las-personas-con-discapacidad\/#respond\"]}]},{\"@type\":\"WebPage\",\"@id\":\"https:\/\/www.felicicat.cat\/es\/lafact-presenta-iniciativas-para-conmemorar-el-dia-internacional-de-las-personas-con-discapacidad\/\",\"url\":\"https:\/\/www.felicicat.cat\/es\/lafact-presenta-iniciativas-para-conmemorar-el-dia-internacional-de-las-personas-con-discapacidad\/\",\"name\":\"LaFACT presenta iniciativas para conmemorar el D\u00eda Internacional de las Personas con Discapacidad - Felicicat\",\"isPartOf\":{\"@id\":\"https:\/\/www.felicicat.cat\/#website\"},\"primaryImageOfPage\":{\"@id\":\"https:\/\/www.felicicat.cat\/es\/lafact-presenta-iniciativas-para-conmemorar-el-dia-internacional-de-las-personas-con-discapacidad\/#primaryimage\"},\"image\":{\"@id\":\"https:\/\/www.felicicat.cat\/es\/lafact-presenta-iniciativas-para-conmemorar-el-dia-internacional-de-las-personas-con-discapacidad\/#primaryimage\"},\"thumbnailUrl\":\"https:\/\/www.felicicat.cat\/wp-content\/uploads\/2024\/12\/251-1.jpeg\",\"datePublished\":\"2024-12-02T11:01:24+00:00\",\"dateModified\":\"2024-12-02T11:11:44+00:00\",\"description\":\"LaFACT impulsa la inclusi\u00f3n social de personas con discapacidad intelectual mediante acciones comunitarias, acontecimientos y proyectos innovadores en Terrassa y Sant Cugat, destacando en \u00e1mbitos como la accesibilidad cognitiva, el voluntariado inclusivo y la inserci\u00f3n laboral.\",\"breadcrumb\":{\"@id\":\"https:\/\/www.felicicat.cat\/es\/lafact-presenta-iniciativas-para-conmemorar-el-dia-internacional-de-las-personas-con-discapacidad\/#breadcrumb\"},\"inLanguage\":\"es\",\"potentialAction\":[{\"@type\":\"ReadAction\",\"target\":[\"https:\/\/www.felicicat.cat\/es\/lafact-presenta-iniciativas-para-conmemorar-el-dia-internacional-de-las-personas-con-discapacidad\/\"]}]},{\"@type\":\"ImageObject\",\"inLanguage\":\"es\",\"@id\":\"https:\/\/www.felicicat.cat\/es\/lafact-presenta-iniciativas-para-conmemorar-el-dia-internacional-de-las-personas-con-discapacidad\/#primaryimage\",\"url\":\"https:\/\/www.felicicat.cat\/wp-content\/uploads\/2024\/12\/251-1.jpeg\",\"contentUrl\":\"https:\/\/www.felicicat.cat\/wp-content\/uploads\/2024\/12\/251-1.jpeg\",\"width\":640,\"height\":427},{\"@type\":\"BreadcrumbList\",\"@id\":\"https:\/\/www.felicicat.cat\/es\/lafact-presenta-iniciativas-para-conmemorar-el-dia-internacional-de-las-personas-con-discapacidad\/#breadcrumb\",\"itemListElement\":[{\"@type\":\"ListItem\",\"position\":1,\"name\":\"Home\",\"item\":\"https:\/\/www.felicicat.cat\/es\/\"},{\"@type\":\"ListItem\",\"position\":2,\"name\":\"LaFACT presenta iniciativas para conmemorar el D\u00eda Internacional&hellip;\"}]},{\"@type\":\"WebSite\",\"@id\":\"https:\/\/www.felicicat.cat\/#website\",\"url\":\"https:\/\/www.felicicat.cat\/\",\"name\":\"Felicicat\",\"description\":\"Institut Catal\u00e0 de la felicitat\",\"publisher\":{\"@id\":\"https:\/\/www.felicicat.cat\/#organization\"},\"potentialAction\":[{\"@type\":\"SearchAction\",\"target\":{\"@type\":\"EntryPoint\",\"urlTemplate\":\"https:\/\/www.felicicat.cat\/?s={search_term_string}\"},\"query-input\":\"required name=search_term_string\"}],\"inLanguage\":\"es\"},{\"@type\":\"Organization\",\"@id\":\"https:\/\/www.felicicat.cat\/#organization\",\"name\":\"Felicicat\",\"url\":\"https:\/\/www.felicicat.cat\/\",\"logo\":{\"@type\":\"ImageObject\",\"inLanguage\":\"es\",\"@id\":\"https:\/\/www.felicicat.cat\/#\/schema\/logo\/image\/\",\"url\":\"https:\/\/www.felicicat.cat\/wp-content\/uploads\/2023\/11\/4_proveslogotipsfelicicatFINAL_Mesadetrabajo1.png\",\"contentUrl\":\"https:\/\/www.felicicat.cat\/wp-content\/uploads\/2023\/11\/4_proveslogotipsfelicicatFINAL_Mesadetrabajo1.png\",\"width\":1500,\"height\":195,\"caption\":\"Felicicat\"},\"image\":{\"@id\":\"https:\/\/www.felicicat.cat\/#\/schema\/logo\/image\/\"}},{\"@type\":\"Person\",\"@id\":\"https:\/\/www.felicicat.cat\/#\/schema\/person\/53cc36ea322123eb24f43676c759311d\",\"name\":\"edu\",\"image\":{\"@type\":\"ImageObject\",\"inLanguage\":\"es\",\"@id\":\"https:\/\/www.felicicat.cat\/#\/schema\/person\/image\/\",\"url\":\"https:\/\/secure.gravatar.com\/avatar\/6fd3494648cb9e038992d31be80d2047?s=96&d=mm&r=g\",\"contentUrl\":\"https:\/\/secure.gravatar.com\/avatar\/6fd3494648cb9e038992d31be80d2047?s=96&d=mm&r=g\",\"caption\":\"edu\"},\"url\":\"https:\/\/www.felicicat.cat\/es\/author\/edu\/\"}]}<\/script>\n<!-- \/ Yoast SEO plugin. -->","yoast_head_json":{"title":"LaFACT presenta iniciativas para conmemorar el D\u00eda Internacional de las Personas con Discapacidad - Felicicat","description":"LaFACT impulsa la inclusi\u00f3n social de personas con discapacidad intelectual mediante acciones comunitarias, acontecimientos y proyectos innovadores en Terrassa y Sant Cugat, destacando en \u00e1mbitos como la accesibilidad cognitiva, el voluntariado inclusivo y la inserci\u00f3n laboral.","robots":{"index":"index","follow":"follow","max-snippet":"max-snippet:-1","max-image-preview":"max-image-preview:large","max-video-preview":"max-video-preview:-1"},"canonical":"https:\/\/www.felicicat.cat\/es\/lafact-presenta-iniciativas-para-conmemorar-el-dia-internacional-de-las-personas-con-discapacidad\/","og_locale":"es_ES","og_type":"article","og_title":"LaFACT presenta iniciativas para conmemorar el D\u00eda Internacional de las Personas con Discapacidad - Felicicat","og_description":"LaFACT impulsa la inclusi\u00f3n social de personas con discapacidad intelectual mediante acciones comunitarias, acontecimientos y proyectos innovadores en Terrassa y Sant Cugat, destacando en \u00e1mbitos como la accesibilidad cognitiva, el voluntariado inclusivo y la inserci\u00f3n laboral.","og_url":"https:\/\/www.felicicat.cat\/es\/lafact-presenta-iniciativas-para-conmemorar-el-dia-internacional-de-las-personas-con-discapacidad\/","og_site_name":"Felicicat","article_published_time":"2024-12-02T11:01:24+00:00","article_modified_time":"2024-12-02T11:11:44+00:00","og_image":[{"width":640,"height":427,"url":"https:\/\/www.felicicat.cat\/wp-content\/uploads\/2024\/12\/251-1.jpeg","type":"image\/jpeg"}],"author":"edu","twitter_card":"summary_large_image","twitter_misc":{"Escrito por":"edu","Tiempo de lectura":"4 minutos"},"schema":{"@context":"https:\/\/schema.org","@graph":[{"@type":"Article","@id":"https:\/\/www.felicicat.cat\/es\/lafact-presenta-iniciativas-para-conmemorar-el-dia-internacional-de-las-personas-con-discapacidad\/#article","isPartOf":{"@id":"https:\/\/www.felicicat.cat\/es\/lafact-presenta-iniciativas-para-conmemorar-el-dia-internacional-de-las-personas-con-discapacidad\/"},"author":{"name":"edu","@id":"https:\/\/www.felicicat.cat\/#\/schema\/person\/53cc36ea322123eb24f43676c759311d"},"headline":"LaFACT presenta iniciativas para conmemorar el D\u00eda Internacional de las Personas con Discapacidad","datePublished":"2024-12-02T11:01:24+00:00","dateModified":"2024-12-02T11:11:44+00:00","mainEntityOfPage":{"@id":"https:\/\/www.felicicat.cat\/es\/lafact-presenta-iniciativas-para-conmemorar-el-dia-internacional-de-las-personas-con-discapacidad\/"},"wordCount":665,"commentCount":0,"publisher":{"@id":"https:\/\/www.felicicat.cat\/#organization"},"image":{"@id":"https:\/\/www.felicicat.cat\/es\/lafact-presenta-iniciativas-para-conmemorar-el-dia-internacional-de-las-personas-con-discapacidad\/#primaryimage"},"thumbnailUrl":"https:\/\/www.felicicat.cat\/wp-content\/uploads\/2024\/12\/251-1.jpeg","articleSection":["Empresa y bienestar"],"inLanguage":"es","potentialAction":[{"@type":"CommentAction","name":"Comment","target":["https:\/\/www.felicicat.cat\/es\/lafact-presenta-iniciativas-para-conmemorar-el-dia-internacional-de-las-personas-con-discapacidad\/#respond"]}]},{"@type":"WebPage","@id":"https:\/\/www.felicicat.cat\/es\/lafact-presenta-iniciativas-para-conmemorar-el-dia-internacional-de-las-personas-con-discapacidad\/","url":"https:\/\/www.felicicat.cat\/es\/lafact-presenta-iniciativas-para-conmemorar-el-dia-internacional-de-las-personas-con-discapacidad\/","name":"LaFACT presenta iniciativas para conmemorar el D\u00eda Internacional de las Personas con Discapacidad - Felicicat","isPartOf":{"@id":"https:\/\/www.felicicat.cat\/#website"},"primaryImageOfPage":{"@id":"https:\/\/www.felicicat.cat\/es\/lafact-presenta-iniciativas-para-conmemorar-el-dia-internacional-de-las-personas-con-discapacidad\/#primaryimage"},"image":{"@id":"https:\/\/www.felicicat.cat\/es\/lafact-presenta-iniciativas-para-conmemorar-el-dia-internacional-de-las-personas-con-discapacidad\/#primaryimage"},"thumbnailUrl":"https:\/\/www.felicicat.cat\/wp-content\/uploads\/2024\/12\/251-1.jpeg","datePublished":"2024-12-02T11:01:24+00:00","dateModified":"2024-12-02T11:11:44+00:00","description":"LaFACT impulsa la inclusi\u00f3n social de personas con discapacidad intelectual mediante acciones comunitarias, acontecimientos y proyectos innovadores en Terrassa y Sant Cugat, destacando en \u00e1mbitos como la accesibilidad cognitiva, el voluntariado inclusivo y la inserci\u00f3n laboral.","breadcrumb":{"@id":"https:\/\/www.felicicat.cat\/es\/lafact-presenta-iniciativas-para-conmemorar-el-dia-internacional-de-las-personas-con-discapacidad\/#breadcrumb"},"inLanguage":"es","potentialAction":[{"@type":"ReadAction","target":["https:\/\/www.felicicat.cat\/es\/lafact-presenta-iniciativas-para-conmemorar-el-dia-internacional-de-las-personas-con-discapacidad\/"]}]},{"@type":"ImageObject","inLanguage":"es","@id":"https:\/\/www.felicicat.cat\/es\/lafact-presenta-iniciativas-para-conmemorar-el-dia-internacional-de-las-personas-con-discapacidad\/#primaryimage","url":"https:\/\/www.felicicat.cat\/wp-content\/uploads\/2024\/12\/251-1.jpeg","contentUrl":"https:\/\/www.felicicat.cat\/wp-content\/uploads\/2024\/12\/251-1.jpeg","width":640,"height":427},{"@type":"BreadcrumbList","@id":"https:\/\/www.felicicat.cat\/es\/lafact-presenta-iniciativas-para-conmemorar-el-dia-internacional-de-las-personas-con-discapacidad\/#breadcrumb","itemListElement":[{"@type":"ListItem","position":1,"name":"Home","item":"https:\/\/www.felicicat.cat\/es\/"},{"@type":"ListItem","position":2,"name":"LaFACT presenta iniciativas para conmemorar el D\u00eda Internacional&hellip;"}]},{"@type":"WebSite","@id":"https:\/\/www.felicicat.cat\/#website","url":"https:\/\/www.felicicat.cat\/","name":"Felicicat","description":"Institut Catal\u00e0 de la felicitat","publisher":{"@id":"https:\/\/www.felicicat.cat\/#organization"},"potentialAction":[{"@type":"SearchAction","target":{"@type":"EntryPoint","urlTemplate":"https:\/\/www.felicicat.cat\/?s={search_term_string}"},"query-input":"required name=search_term_string"}],"inLanguage":"es"},{"@type":"Organization","@id":"https:\/\/www.felicicat.cat\/#organization","name":"Felicicat","url":"https:\/\/www.felicicat.cat\/","logo":{"@type":"ImageObject","inLanguage":"es","@id":"https:\/\/www.felicicat.cat\/#\/schema\/logo\/image\/","url":"https:\/\/www.felicicat.cat\/wp-content\/uploads\/2023\/11\/4_proveslogotipsfelicicatFINAL_Mesadetrabajo1.png","contentUrl":"https:\/\/www.felicicat.cat\/wp-content\/uploads\/2023\/11\/4_proveslogotipsfelicicatFINAL_Mesadetrabajo1.png","width":1500,"height":195,"caption":"Felicicat"},"image":{"@id":"https:\/\/www.felicicat.cat\/#\/schema\/logo\/image\/"}},{"@type":"Person","@id":"https:\/\/www.felicicat.cat\/#\/schema\/person\/53cc36ea322123eb24f43676c759311d","name":"edu","image":{"@type":"ImageObject","inLanguage":"es","@id":"https:\/\/www.felicicat.cat\/#\/schema\/person\/image\/","url":"https:\/\/secure.gravatar.com\/avatar\/6fd3494648cb9e038992d31be80d2047?s=96&d=mm&r=g","contentUrl":"https:\/\/secure.gravatar.com\/avatar\/6fd3494648cb9e038992d31be80d2047?s=96&d=mm&r=g","caption":"edu"},"url":"https:\/\/www.felicicat.cat\/es\/author\/edu\/"}]}},"uagb_featured_image_src":{"full":["https:\/\/www.felicicat.cat\/wp-content\/uploads\/2024\/12\/251-1.jpeg",640,427,false],"thumbnail":["https:\/\/www.felicicat.cat\/wp-content\/uploads\/2024\/12\/251-1-150x150.jpeg",150,150,true],"medium":["https:\/\/www.felicicat.cat\/wp-content\/uploads\/2024\/12\/251-1-300x200.jpeg",300,200,true],"medium_large":["https:\/\/www.felicicat.cat\/wp-content\/uploads\/2024\/12\/251-1.jpeg",640,427,false],"large":["https:\/\/www.felicicat.cat\/wp-content\/uploads\/2024\/12\/251-1.jpeg",640,427,false],"1536x1536":["https:\/\/www.felicicat.cat\/wp-content\/uploads\/2024\/12\/251-1.jpeg",640,427,false],"2048x2048":["https:\/\/www.felicicat.cat\/wp-content\/uploads\/2024\/12\/251-1.jpeg",640,427,false],"woocommerce_thumbnail":["https:\/\/www.felicicat.cat\/wp-content\/uploads\/2024\/12\/251-1-center-top-60x60.jpeg",60,60,true],"woocommerce_single":["https:\/\/www.felicicat.cat\/wp-content\/uploads\/2024\/12\/251-1.jpeg",640,427,false],"woocommerce_gallery_thumbnail":["https:\/\/www.felicicat.cat\/wp-content\/uploads\/2024\/12\/251-1-100x100.jpeg",100,100,true],"lightbox":["https:\/\/www.felicicat.cat\/wp-content\/uploads\/2024\/12\/251-1.jpeg",640,427,false],"search_results":["https:\/\/www.felicicat.cat\/wp-content\/uploads\/2024\/12\/251-1-125x125.jpeg",125,125,true],"blog_entry":["https:\/\/www.felicicat.cat\/wp-content\/uploads\/2024\/12\/251-1-640x380.jpeg",640,380,true],"blog_post":["https:\/\/www.felicicat.cat\/wp-content\/uploads\/2024\/12\/251-1.jpeg",570,380,false],"blog_post_full":["https:\/\/www.felicicat.cat\/wp-content\/uploads\/2024\/12\/251-1.jpeg",640,427,false],"blog_related":["https:\/\/www.felicicat.cat\/wp-content\/uploads\/2024\/12\/251-1.jpeg",570,380,false],"portfolio_entry":["https:\/\/www.felicicat.cat\/wp-content\/uploads\/2024\/12\/251-1.jpeg",500,334,false],"portfolio_post":["https:\/\/www.felicicat.cat\/wp-content\/uploads\/2024\/12\/251-1.jpeg",640,427,false],"portfolio_related":["https:\/\/www.felicicat.cat\/wp-content\/uploads\/2024\/12\/251-1.jpeg",500,334,false],"staff_entry":["https:\/\/www.felicicat.cat\/wp-content\/uploads\/2024\/12\/251-1.jpeg",500,334,false],"staff_post":["https:\/\/www.felicicat.cat\/wp-content\/uploads\/2024\/12\/251-1.jpeg",640,427,false],"staff_related":["https:\/\/www.felicicat.cat\/wp-content\/uploads\/2024\/12\/251-1.jpeg",500,334,false],"testimonials_entry":["https:\/\/www.felicicat.cat\/wp-content\/uploads\/2024\/12\/251-1.jpeg",45,30,false],"shop_catalog":["https:\/\/www.felicicat.cat\/wp-content\/uploads\/2024\/12\/251-1-350x234.jpeg",350,234,true],"shop_single":["https:\/\/www.felicicat.cat\/wp-content\/uploads\/2024\/12\/251-1.jpeg",640,427,false],"shop_single_thumbnail":["https:\/\/www.felicicat.cat\/wp-content\/uploads\/2024\/12\/251-1-140x140.jpeg",140,140,true],"shop_category":["https:\/\/www.felicicat.cat\/wp-content\/uploads\/2024\/12\/251-1.jpeg",640,427,false],"shop_thumbnail_cart":["https:\/\/www.felicicat.cat\/wp-content\/uploads\/2024\/12\/251-1-center-top-60x60.jpeg",60,60,true],"gallery":["https:\/\/www.felicicat.cat\/wp-content\/uploads\/2024\/12\/251-1.jpeg",500,334,false]},"uagb_author_info":{"display_name":"edu","author_link":"https:\/\/www.felicicat.cat\/es\/author\/edu\/"},"uagb_comment_info":0,"uagb_excerpt":"La inclusi\u00f3n social de personas con discapacidad intelectual es uno de los \u00e1mbitos de actuaci\u00f3n de LaFACT, la Factor\u00eda Social de Terrassa Art\u00edculo extra\u00eddo de\u00a0Viaempresa.cat y creado por Redacci\u00f3n Via Empresa \u2013 Barcelona. 29 de noviembre de 2024. &nbsp; El 3 de diciembre es el\u00a0D\u00eda Internacional de las Personas con Discapacidad. Un a\u00f1o m\u00e1s,\u00a0LaFACT\u00a0se ha&hellip;","_links":{"self":[{"href":"https:\/\/www.felicicat.cat\/es\/wp-json\/wp\/v2\/posts\/12439"}],"collection":[{"href":"https:\/\/www.felicicat.cat\/es\/wp-json\/wp\/v2\/posts"}],"about":[{"href":"https:\/\/www.felicicat.cat\/es\/wp-json\/wp\/v2\/types\/post"}],"author":[{"embeddable":true,"href":"https:\/\/www.felicicat.cat\/es\/wp-json\/wp\/v2\/users\/2"}],"replies":[{"embeddable":true,"href":"https:\/\/www.felicicat.cat\/es\/wp-json\/wp\/v2\/comments?post=12439"}],"version-history":[{"count":4,"href":"https:\/\/www.felicicat.cat\/es\/wp-json\/wp\/v2\/posts\/12439\/revisions"}],"predecessor-version":[{"id":12445,"href":"https:\/\/www.felicicat.cat\/es\/wp-json\/wp\/v2\/posts\/12439\/revisions\/12445"}],"wp:featuredmedia":[{"embeddable":true,"href":"https:\/\/www.felicicat.cat\/es\/wp-json\/wp\/v2\/media\/12436"}],"wp:attachment":[{"href":"https:\/\/www.felicicat.cat\/es\/wp-json\/wp\/v2\/media?parent=12439"}],"wp:term":[{"taxonomy":"category","embeddable":true,"href":"https:\/\/www.felicicat.cat\/es\/wp-json\/wp\/v2\/categories?post=12439"},{"taxonomy":"post_tag","embeddable":true,"href":"https:\/\/www.felicicat.cat\/es\/wp-json\/wp\/v2\/tags?post=12439"},{"taxonomy":"post_series","embeddable":true,"href":"https:\/\/www.felicicat.cat\/es\/wp-json\/wp\/v2\/post_series?post=12439"}],"curies":[{"name":"wp","href":"https:\/\/api.w.org\/{rel}","templated":true}]}}