{"id":12262,"date":"2024-11-11T16:32:06","date_gmt":"2024-11-11T16:32:06","guid":{"rendered":"https:\/\/www.felicicat.cat\/?p=12262"},"modified":"2024-11-12T09:10:02","modified_gmt":"2024-11-12T09:10:02","slug":"empresas-muestran-un-alto-grado-de-conocimiento-de-economia-circular","status":"publish","type":"post","link":"https:\/\/www.felicicat.cat\/es\/empresas-muestran-un-alto-grado-de-conocimiento-de-economia-circular\/","title":{"rendered":"El 86% de las empresas muestran un alto grado de conocimiento de econom\u00eda circular"},"content":{"rendered":"<div class=\"content_subtitle\">\n<h2>El 57% de las empresas apuestan por el reciclaje y el 66% han realizado inversiones en innovaciones tecnol\u00f3gicas en materia de circularidad<\/h2>\n<\/div>\n<div class=\"content_share\">\n<div class=\"inter_image\"><picture>Art\u00edculo extra\u00eddo de\u00a0<\/picture><a href=\"https:\/\/www.viaempresa.cat\/\" target=\"_blank\" rel=\"noopener\"><span class=\"sqsrte-text-color--black\"><strong>Viaempresa.cat<\/strong><\/span><\/a><picture> y creado por Redacci\u00f3n Via Empresa \u2013 Barcelona. 07 de noviembre de 2024.<\/picture><\/div>\n<div><\/div>\n<div class=\"inter_image\">\n<figure style=\"width: 5000px\" class=\"wp-caption alignnone\"><img loading=\"lazy\" decoding=\"async\" class=\"initial loaded\" title=\"Una de las le\u0301anidas del plan de ayudas e\u0301s para la econom\u00eda circular | iStock\" src=\"https:\/\/www.viaempresa.cat\/uploads\/s1\/20\/55\/90\/01\/una-de-les-li-nies-del-pla-d-ajuts-e-s-per-a-l-economia-circular.jpeg\" alt=\"Una de las le\u0301anidas del plan de ayudas e\u0301s para la econom\u00eda circular | iStock\" width=\"5000\" height=\"3436\" data-src=\"https:\/\/www.viaempresa.cat\/uploads\/s1\/20\/55\/90\/01\/una-de-les-li-nies-del-pla-d-ajuts-e-s-per-a-l-economia-circular.jpeg\" data-was-processed=\"true\" \/><figcaption class=\"wp-caption-text\">Una de las le\u0301anidas del plan de ayudas e\u0301s para la econom\u00eda circular | iStock<\/figcaption><\/figure>\n<\/div>\n<p>La Comisi\u00f3n de Econom\u00eda y Sostenibilidad del Colegio de Economistas de Catalunya, el Departamento de Acci\u00f3n Clim\u00e1tica, Alimentaci\u00f3n y Agenda Rural de la Generalitat de Catalunya, Pimec, Foment del Treball Nacional y la C\u00e1tedra de Econom\u00eda Circular y Sostenibilidad del Tecnocampus Matar\u00f3-Maresme han colaborado para elaborar la tercera edici\u00f3n del\u00a0<em>Bar\u00f3metro de econom\u00eda circular de la empresa catalana<\/em>\u00a0con el objetivo de valorar el grado de conocimiento e implementaci\u00f3n de la econom\u00eda circular en el conjunto de las empresas de Catalunya.<\/p>\n<p><strong>Anton Gasol<\/strong>, exdecano del Colegio de Economistas de Catalunya (CEC), y\u00a0<strong>Anna Estella<\/strong>, subdirectora de Educaci\u00f3n Ambiental, Naturaleza y Sociedad de la Generalitat de Catalunya, han sido los encargados de dar la bienvenida. Ambos han coincidido en que el Bar\u00f3metro de econom\u00eda circular de la empresa catalana est\u00e1 consolidado y visibiliza lo que hace el sector privado respecto a la circularidad de la econom\u00eda.<\/p>\n<p>Posteriormente, Ana Garc\u00eda, presidenta de la Comisi\u00f3n de Econom\u00eda y Sostenibilidad del CEC, ha repasado los principales resultados de la tercera edici\u00f3n del Bar\u00f3metro. La primera de las conclusiones extra\u00eddas es que el 86% de las empresas muestran un alto grado de conocimiento de econom\u00eda circular y que se percibe como una ventaja competitiva, de desarrollo sostenible e innovaci\u00f3n. Por otro lado, tambi\u00e9n ha destacado que el 55% de las empresas consideran que la econom\u00eda circular tiene una fuerte influencia en la estrategia de crecimiento de las compa\u00f1\u00edas.<\/p>\n<blockquote><p>El 86% de las empresas muestran un alto grado de conocimiento de econom\u00eda circular y la perciben como una ventaja competitiva, de desarrollo sostenible e innovaci\u00f3n<\/p><\/blockquote>\n<p>A continuaci\u00f3n, ha puesto en valor que el 66% de las empresas han realizado inversiones en innovaciones tecnol\u00f3gicas, que son un facilitador clave de la econom\u00eda circular. Finalmente, Ana Garc\u00eda ha explicado que el 31% de las empresas consultadas han solicitado los Fondos Next Generation EU en materia de circularidad y, de todos estos, un 69% los han recibido.<\/p>\n<p>A continuaci\u00f3n, ha tenido lugar la mesa redonda, moderada por\u00a0<strong>Mireia Ca\u00f1ellas<\/strong>, responsable de desarrollo sostenible de la Generalitat de Catalunya, en la que\u00a0<strong>Salvador Sed\u00f3<\/strong>, director de desarrollo sostenible de Foment del Treball Nacional, ha enfatizado que hay mucha traba administrativa, y que la normativa deber\u00eda ser m\u00e1s f\u00e1cil de seguir y aplicar. \u00abEs impensable que las empresas necesiten meses para incorporar los cambios y las adaptaciones a la nueva legislaci\u00f3n\u00bb, ha concluido.<\/p>\n<\/div>\n","protected":false},"excerpt":{"rendered":"<p>El 57% de las empresas apuestan por el reciclaje y el 66% han realizado inversiones en innovaciones tecnol\u00f3gicas en materia de circularidad Art\u00edculo extra\u00eddo de\u00a0Viaempresa.cat y creado por Redacci\u00f3n Via Empresa \u2013 Barcelona. 07 de noviembre de 2024. La Comisi\u00f3n de Econom\u00eda y Sostenibilidad del Colegio de Economistas de Catalunya, el Departamento de Acci\u00f3n Clim\u00e1tica,&hellip;<\/p>\n","protected":false},"author":2,"featured_media":12259,"comment_status":"open","ping_status":"closed","sticky":false,"template":"","format":"standard","meta":{"_uag_custom_page_level_css":"","footnotes":""},"categories":[343],"tags":[],"post_series":[],"yoast_head":"<!-- This site is optimized with the Yoast SEO plugin v22.5 - https:\/\/yoast.com\/wordpress\/plugins\/seo\/ -->\n<title>El 86% de las empresas muestran un alto grado de conocimiento de econom\u00eda circular - Felicicat<\/title>\n<meta name=\"description\" content=\"El Bar\u00f3metro de econom\u00eda circular revela que el 86% de las empresas catalanas conocen la econom\u00eda circular, y el 66% ya han invertido en innovaci\u00f3n tecnol\u00f3gica para avanzar en este modelo. Este estudio muestra el compromiso creciente de las empresas con la sostenibilidad como ventaja competitiva y motor de desarrollo.\" \/>\n<meta name=\"robots\" content=\"index, follow, max-snippet:-1, max-image-preview:large, max-video-preview:-1\" \/>\n<link rel=\"canonical\" href=\"https:\/\/www.felicicat.cat\/es\/empresas-muestran-un-alto-grado-de-conocimiento-de-economia-circular\/\" \/>\n<meta property=\"og:locale\" content=\"es_ES\" \/>\n<meta property=\"og:type\" content=\"article\" \/>\n<meta property=\"og:title\" content=\"El 86% de las empresas muestran un alto grado de conocimiento de econom\u00eda circular - Felicicat\" \/>\n<meta property=\"og:description\" content=\"El Bar\u00f3metro de econom\u00eda circular revela que el 86% de las empresas catalanas conocen la econom\u00eda circular, y el 66% ya han invertido en innovaci\u00f3n tecnol\u00f3gica para avanzar en este modelo. Este estudio muestra el compromiso creciente de las empresas con la sostenibilidad como ventaja competitiva y motor de desarrollo.\" \/>\n<meta property=\"og:url\" content=\"https:\/\/www.felicicat.cat\/es\/empresas-muestran-un-alto-grado-de-conocimiento-de-economia-circular\/\" \/>\n<meta property=\"og:site_name\" content=\"Felicicat\" \/>\n<meta property=\"article:published_time\" content=\"2024-11-11T16:32:06+00:00\" \/>\n<meta property=\"article:modified_time\" content=\"2024-11-12T09:10:02+00:00\" \/>\n<meta property=\"og:image\" content=\"https:\/\/www.felicicat.cat\/wp-content\/uploads\/2024\/11\/una-de-les-li-nies-del-pla-d-ajuts-e-s-per-a-l-economia-circular_11_640x380.jpeg\" \/>\n\t<meta property=\"og:image:width\" content=\"640\" \/>\n\t<meta property=\"og:image:height\" content=\"380\" \/>\n\t<meta property=\"og:image:type\" content=\"image\/jpeg\" \/>\n<meta name=\"author\" content=\"edu\" \/>\n<meta name=\"twitter:card\" content=\"summary_large_image\" \/>\n<meta name=\"twitter:label1\" content=\"Escrito por\" \/>\n\t<meta name=\"twitter:data1\" content=\"edu\" \/>\n\t<meta name=\"twitter:label2\" content=\"Tiempo de lectura\" \/>\n\t<meta name=\"twitter:data2\" content=\"3 minutos\" \/>\n<script type=\"application\/ld+json\" class=\"yoast-schema-graph\">{\"@context\":\"https:\/\/schema.org\",\"@graph\":[{\"@type\":\"Article\",\"@id\":\"https:\/\/www.felicicat.cat\/es\/empresas-muestran-un-alto-grado-de-conocimiento-de-economia-circular\/#article\",\"isPartOf\":{\"@id\":\"https:\/\/www.felicicat.cat\/es\/empresas-muestran-un-alto-grado-de-conocimiento-de-economia-circular\/\"},\"author\":{\"name\":\"edu\",\"@id\":\"https:\/\/www.felicicat.cat\/#\/schema\/person\/53cc36ea322123eb24f43676c759311d\"},\"headline\":\"El 86% de las empresas muestran un alto grado de conocimiento de econom\u00eda circular\",\"datePublished\":\"2024-11-11T16:32:06+00:00\",\"dateModified\":\"2024-11-12T09:10:02+00:00\",\"mainEntityOfPage\":{\"@id\":\"https:\/\/www.felicicat.cat\/es\/empresas-muestran-un-alto-grado-de-conocimiento-de-economia-circular\/\"},\"wordCount\":502,\"commentCount\":0,\"publisher\":{\"@id\":\"https:\/\/www.felicicat.cat\/#organization\"},\"image\":{\"@id\":\"https:\/\/www.felicicat.cat\/es\/empresas-muestran-un-alto-grado-de-conocimiento-de-economia-circular\/#primaryimage\"},\"thumbnailUrl\":\"https:\/\/www.felicicat.cat\/wp-content\/uploads\/2024\/11\/una-de-les-li-nies-del-pla-d-ajuts-e-s-per-a-l-economia-circular_11_640x380.jpeg\",\"articleSection\":[\"Empresa y bienestar\"],\"inLanguage\":\"es\",\"potentialAction\":[{\"@type\":\"CommentAction\",\"name\":\"Comment\",\"target\":[\"https:\/\/www.felicicat.cat\/es\/empresas-muestran-un-alto-grado-de-conocimiento-de-economia-circular\/#respond\"]}]},{\"@type\":\"WebPage\",\"@id\":\"https:\/\/www.felicicat.cat\/es\/empresas-muestran-un-alto-grado-de-conocimiento-de-economia-circular\/\",\"url\":\"https:\/\/www.felicicat.cat\/es\/empresas-muestran-un-alto-grado-de-conocimiento-de-economia-circular\/\",\"name\":\"El 86% de las empresas muestran un alto grado de conocimiento de econom\u00eda circular - Felicicat\",\"isPartOf\":{\"@id\":\"https:\/\/www.felicicat.cat\/#website\"},\"primaryImageOfPage\":{\"@id\":\"https:\/\/www.felicicat.cat\/es\/empresas-muestran-un-alto-grado-de-conocimiento-de-economia-circular\/#primaryimage\"},\"image\":{\"@id\":\"https:\/\/www.felicicat.cat\/es\/empresas-muestran-un-alto-grado-de-conocimiento-de-economia-circular\/#primaryimage\"},\"thumbnailUrl\":\"https:\/\/www.felicicat.cat\/wp-content\/uploads\/2024\/11\/una-de-les-li-nies-del-pla-d-ajuts-e-s-per-a-l-economia-circular_11_640x380.jpeg\",\"datePublished\":\"2024-11-11T16:32:06+00:00\",\"dateModified\":\"2024-11-12T09:10:02+00:00\",\"description\":\"El Bar\u00f3metro de econom\u00eda circular revela que el 86% de las empresas catalanas conocen la econom\u00eda circular, y el 66% ya han invertido en innovaci\u00f3n tecnol\u00f3gica para avanzar en este modelo. Este estudio muestra el compromiso creciente de las empresas con la sostenibilidad como ventaja competitiva y motor de desarrollo.\",\"breadcrumb\":{\"@id\":\"https:\/\/www.felicicat.cat\/es\/empresas-muestran-un-alto-grado-de-conocimiento-de-economia-circular\/#breadcrumb\"},\"inLanguage\":\"es\",\"potentialAction\":[{\"@type\":\"ReadAction\",\"target\":[\"https:\/\/www.felicicat.cat\/es\/empresas-muestran-un-alto-grado-de-conocimiento-de-economia-circular\/\"]}]},{\"@type\":\"ImageObject\",\"inLanguage\":\"es\",\"@id\":\"https:\/\/www.felicicat.cat\/es\/empresas-muestran-un-alto-grado-de-conocimiento-de-economia-circular\/#primaryimage\",\"url\":\"https:\/\/www.felicicat.cat\/wp-content\/uploads\/2024\/11\/una-de-les-li-nies-del-pla-d-ajuts-e-s-per-a-l-economia-circular_11_640x380.jpeg\",\"contentUrl\":\"https:\/\/www.felicicat.cat\/wp-content\/uploads\/2024\/11\/una-de-les-li-nies-del-pla-d-ajuts-e-s-per-a-l-economia-circular_11_640x380.jpeg\",\"width\":640,\"height\":380},{\"@type\":\"BreadcrumbList\",\"@id\":\"https:\/\/www.felicicat.cat\/es\/empresas-muestran-un-alto-grado-de-conocimiento-de-economia-circular\/#breadcrumb\",\"itemListElement\":[{\"@type\":\"ListItem\",\"position\":1,\"name\":\"Home\",\"item\":\"https:\/\/www.felicicat.cat\/es\/\"},{\"@type\":\"ListItem\",\"position\":2,\"name\":\"El 86% de las empresas muestran un alto&hellip;\"}]},{\"@type\":\"WebSite\",\"@id\":\"https:\/\/www.felicicat.cat\/#website\",\"url\":\"https:\/\/www.felicicat.cat\/\",\"name\":\"Felicicat\",\"description\":\"Institut Catal\u00e0 de la felicitat\",\"publisher\":{\"@id\":\"https:\/\/www.felicicat.cat\/#organization\"},\"potentialAction\":[{\"@type\":\"SearchAction\",\"target\":{\"@type\":\"EntryPoint\",\"urlTemplate\":\"https:\/\/www.felicicat.cat\/?s={search_term_string}\"},\"query-input\":\"required name=search_term_string\"}],\"inLanguage\":\"es\"},{\"@type\":\"Organization\",\"@id\":\"https:\/\/www.felicicat.cat\/#organization\",\"name\":\"Felicicat\",\"url\":\"https:\/\/www.felicicat.cat\/\",\"logo\":{\"@type\":\"ImageObject\",\"inLanguage\":\"es\",\"@id\":\"https:\/\/www.felicicat.cat\/#\/schema\/logo\/image\/\",\"url\":\"https:\/\/www.felicicat.cat\/wp-content\/uploads\/2023\/11\/4_proveslogotipsfelicicatFINAL_Mesadetrabajo1.png\",\"contentUrl\":\"https:\/\/www.felicicat.cat\/wp-content\/uploads\/2023\/11\/4_proveslogotipsfelicicatFINAL_Mesadetrabajo1.png\",\"width\":1500,\"height\":195,\"caption\":\"Felicicat\"},\"image\":{\"@id\":\"https:\/\/www.felicicat.cat\/#\/schema\/logo\/image\/\"}},{\"@type\":\"Person\",\"@id\":\"https:\/\/www.felicicat.cat\/#\/schema\/person\/53cc36ea322123eb24f43676c759311d\",\"name\":\"edu\",\"image\":{\"@type\":\"ImageObject\",\"inLanguage\":\"es\",\"@id\":\"https:\/\/www.felicicat.cat\/#\/schema\/person\/image\/\",\"url\":\"https:\/\/secure.gravatar.com\/avatar\/6fd3494648cb9e038992d31be80d2047?s=96&d=mm&r=g\",\"contentUrl\":\"https:\/\/secure.gravatar.com\/avatar\/6fd3494648cb9e038992d31be80d2047?s=96&d=mm&r=g\",\"caption\":\"edu\"},\"url\":\"https:\/\/www.felicicat.cat\/es\/author\/edu\/\"}]}<\/script>\n<!-- \/ Yoast SEO plugin. -->","yoast_head_json":{"title":"El 86% de las empresas muestran un alto grado de conocimiento de econom\u00eda circular - Felicicat","description":"El Bar\u00f3metro de econom\u00eda circular revela que el 86% de las empresas catalanas conocen la econom\u00eda circular, y el 66% ya han invertido en innovaci\u00f3n tecnol\u00f3gica para avanzar en este modelo. Este estudio muestra el compromiso creciente de las empresas con la sostenibilidad como ventaja competitiva y motor de desarrollo.","robots":{"index":"index","follow":"follow","max-snippet":"max-snippet:-1","max-image-preview":"max-image-preview:large","max-video-preview":"max-video-preview:-1"},"canonical":"https:\/\/www.felicicat.cat\/es\/empresas-muestran-un-alto-grado-de-conocimiento-de-economia-circular\/","og_locale":"es_ES","og_type":"article","og_title":"El 86% de las empresas muestran un alto grado de conocimiento de econom\u00eda circular - Felicicat","og_description":"El Bar\u00f3metro de econom\u00eda circular revela que el 86% de las empresas catalanas conocen la econom\u00eda circular, y el 66% ya han invertido en innovaci\u00f3n tecnol\u00f3gica para avanzar en este modelo. Este estudio muestra el compromiso creciente de las empresas con la sostenibilidad como ventaja competitiva y motor de desarrollo.","og_url":"https:\/\/www.felicicat.cat\/es\/empresas-muestran-un-alto-grado-de-conocimiento-de-economia-circular\/","og_site_name":"Felicicat","article_published_time":"2024-11-11T16:32:06+00:00","article_modified_time":"2024-11-12T09:10:02+00:00","og_image":[{"width":640,"height":380,"url":"https:\/\/www.felicicat.cat\/wp-content\/uploads\/2024\/11\/una-de-les-li-nies-del-pla-d-ajuts-e-s-per-a-l-economia-circular_11_640x380.jpeg","type":"image\/jpeg"}],"author":"edu","twitter_card":"summary_large_image","twitter_misc":{"Escrito por":"edu","Tiempo de lectura":"3 minutos"},"schema":{"@context":"https:\/\/schema.org","@graph":[{"@type":"Article","@id":"https:\/\/www.felicicat.cat\/es\/empresas-muestran-un-alto-grado-de-conocimiento-de-economia-circular\/#article","isPartOf":{"@id":"https:\/\/www.felicicat.cat\/es\/empresas-muestran-un-alto-grado-de-conocimiento-de-economia-circular\/"},"author":{"name":"edu","@id":"https:\/\/www.felicicat.cat\/#\/schema\/person\/53cc36ea322123eb24f43676c759311d"},"headline":"El 86% de las empresas muestran un alto grado de conocimiento de econom\u00eda circular","datePublished":"2024-11-11T16:32:06+00:00","dateModified":"2024-11-12T09:10:02+00:00","mainEntityOfPage":{"@id":"https:\/\/www.felicicat.cat\/es\/empresas-muestran-un-alto-grado-de-conocimiento-de-economia-circular\/"},"wordCount":502,"commentCount":0,"publisher":{"@id":"https:\/\/www.felicicat.cat\/#organization"},"image":{"@id":"https:\/\/www.felicicat.cat\/es\/empresas-muestran-un-alto-grado-de-conocimiento-de-economia-circular\/#primaryimage"},"thumbnailUrl":"https:\/\/www.felicicat.cat\/wp-content\/uploads\/2024\/11\/una-de-les-li-nies-del-pla-d-ajuts-e-s-per-a-l-economia-circular_11_640x380.jpeg","articleSection":["Empresa y bienestar"],"inLanguage":"es","potentialAction":[{"@type":"CommentAction","name":"Comment","target":["https:\/\/www.felicicat.cat\/es\/empresas-muestran-un-alto-grado-de-conocimiento-de-economia-circular\/#respond"]}]},{"@type":"WebPage","@id":"https:\/\/www.felicicat.cat\/es\/empresas-muestran-un-alto-grado-de-conocimiento-de-economia-circular\/","url":"https:\/\/www.felicicat.cat\/es\/empresas-muestran-un-alto-grado-de-conocimiento-de-economia-circular\/","name":"El 86% de las empresas muestran un alto grado de conocimiento de econom\u00eda circular - Felicicat","isPartOf":{"@id":"https:\/\/www.felicicat.cat\/#website"},"primaryImageOfPage":{"@id":"https:\/\/www.felicicat.cat\/es\/empresas-muestran-un-alto-grado-de-conocimiento-de-economia-circular\/#primaryimage"},"image":{"@id":"https:\/\/www.felicicat.cat\/es\/empresas-muestran-un-alto-grado-de-conocimiento-de-economia-circular\/#primaryimage"},"thumbnailUrl":"https:\/\/www.felicicat.cat\/wp-content\/uploads\/2024\/11\/una-de-les-li-nies-del-pla-d-ajuts-e-s-per-a-l-economia-circular_11_640x380.jpeg","datePublished":"2024-11-11T16:32:06+00:00","dateModified":"2024-11-12T09:10:02+00:00","description":"El Bar\u00f3metro de econom\u00eda circular revela que el 86% de las empresas catalanas conocen la econom\u00eda circular, y el 66% ya han invertido en innovaci\u00f3n tecnol\u00f3gica para avanzar en este modelo. Este estudio muestra el compromiso creciente de las empresas con la sostenibilidad como ventaja competitiva y motor de desarrollo.","breadcrumb":{"@id":"https:\/\/www.felicicat.cat\/es\/empresas-muestran-un-alto-grado-de-conocimiento-de-economia-circular\/#breadcrumb"},"inLanguage":"es","potentialAction":[{"@type":"ReadAction","target":["https:\/\/www.felicicat.cat\/es\/empresas-muestran-un-alto-grado-de-conocimiento-de-economia-circular\/"]}]},{"@type":"ImageObject","inLanguage":"es","@id":"https:\/\/www.felicicat.cat\/es\/empresas-muestran-un-alto-grado-de-conocimiento-de-economia-circular\/#primaryimage","url":"https:\/\/www.felicicat.cat\/wp-content\/uploads\/2024\/11\/una-de-les-li-nies-del-pla-d-ajuts-e-s-per-a-l-economia-circular_11_640x380.jpeg","contentUrl":"https:\/\/www.felicicat.cat\/wp-content\/uploads\/2024\/11\/una-de-les-li-nies-del-pla-d-ajuts-e-s-per-a-l-economia-circular_11_640x380.jpeg","width":640,"height":380},{"@type":"BreadcrumbList","@id":"https:\/\/www.felicicat.cat\/es\/empresas-muestran-un-alto-grado-de-conocimiento-de-economia-circular\/#breadcrumb","itemListElement":[{"@type":"ListItem","position":1,"name":"Home","item":"https:\/\/www.felicicat.cat\/es\/"},{"@type":"ListItem","position":2,"name":"El 86% de las empresas muestran un alto&hellip;"}]},{"@type":"WebSite","@id":"https:\/\/www.felicicat.cat\/#website","url":"https:\/\/www.felicicat.cat\/","name":"Felicicat","description":"Institut Catal\u00e0 de la felicitat","publisher":{"@id":"https:\/\/www.felicicat.cat\/#organization"},"potentialAction":[{"@type":"SearchAction","target":{"@type":"EntryPoint","urlTemplate":"https:\/\/www.felicicat.cat\/?s={search_term_string}"},"query-input":"required name=search_term_string"}],"inLanguage":"es"},{"@type":"Organization","@id":"https:\/\/www.felicicat.cat\/#organization","name":"Felicicat","url":"https:\/\/www.felicicat.cat\/","logo":{"@type":"ImageObject","inLanguage":"es","@id":"https:\/\/www.felicicat.cat\/#\/schema\/logo\/image\/","url":"https:\/\/www.felicicat.cat\/wp-content\/uploads\/2023\/11\/4_proveslogotipsfelicicatFINAL_Mesadetrabajo1.png","contentUrl":"https:\/\/www.felicicat.cat\/wp-content\/uploads\/2023\/11\/4_proveslogotipsfelicicatFINAL_Mesadetrabajo1.png","width":1500,"height":195,"caption":"Felicicat"},"image":{"@id":"https:\/\/www.felicicat.cat\/#\/schema\/logo\/image\/"}},{"@type":"Person","@id":"https:\/\/www.felicicat.cat\/#\/schema\/person\/53cc36ea322123eb24f43676c759311d","name":"edu","image":{"@type":"ImageObject","inLanguage":"es","@id":"https:\/\/www.felicicat.cat\/#\/schema\/person\/image\/","url":"https:\/\/secure.gravatar.com\/avatar\/6fd3494648cb9e038992d31be80d2047?s=96&d=mm&r=g","contentUrl":"https:\/\/secure.gravatar.com\/avatar\/6fd3494648cb9e038992d31be80d2047?s=96&d=mm&r=g","caption":"edu"},"url":"https:\/\/www.felicicat.cat\/es\/author\/edu\/"}]}},"uagb_featured_image_src":{"full":["https:\/\/www.felicicat.cat\/wp-content\/uploads\/2024\/11\/una-de-les-li-nies-del-pla-d-ajuts-e-s-per-a-l-economia-circular_11_640x380.jpeg",640,380,false],"thumbnail":["https:\/\/www.felicicat.cat\/wp-content\/uploads\/2024\/11\/una-de-les-li-nies-del-pla-d-ajuts-e-s-per-a-l-economia-circular_11_640x380-150x150.jpeg",150,150,true],"medium":["https:\/\/www.felicicat.cat\/wp-content\/uploads\/2024\/11\/una-de-les-li-nies-del-pla-d-ajuts-e-s-per-a-l-economia-circular_11_640x380-300x178.jpeg",300,178,true],"medium_large":["https:\/\/www.felicicat.cat\/wp-content\/uploads\/2024\/11\/una-de-les-li-nies-del-pla-d-ajuts-e-s-per-a-l-economia-circular_11_640x380.jpeg",640,380,false],"large":["https:\/\/www.felicicat.cat\/wp-content\/uploads\/2024\/11\/una-de-les-li-nies-del-pla-d-ajuts-e-s-per-a-l-economia-circular_11_640x380.jpeg",640,380,false],"1536x1536":["https:\/\/www.felicicat.cat\/wp-content\/uploads\/2024\/11\/una-de-les-li-nies-del-pla-d-ajuts-e-s-per-a-l-economia-circular_11_640x380.jpeg",640,380,false],"2048x2048":["https:\/\/www.felicicat.cat\/wp-content\/uploads\/2024\/11\/una-de-les-li-nies-del-pla-d-ajuts-e-s-per-a-l-economia-circular_11_640x380.jpeg",640,380,false],"woocommerce_thumbnail":["https:\/\/www.felicicat.cat\/wp-content\/uploads\/2024\/11\/una-de-les-li-nies-del-pla-d-ajuts-e-s-per-a-l-economia-circular_11_640x380-center-top-60x60.jpeg",60,60,true],"woocommerce_single":["https:\/\/www.felicicat.cat\/wp-content\/uploads\/2024\/11\/una-de-les-li-nies-del-pla-d-ajuts-e-s-per-a-l-economia-circular_11_640x380.jpeg",640,380,false],"woocommerce_gallery_thumbnail":["https:\/\/www.felicicat.cat\/wp-content\/uploads\/2024\/11\/una-de-les-li-nies-del-pla-d-ajuts-e-s-per-a-l-economia-circular_11_640x380-100x100.jpeg",100,100,true],"lightbox":["https:\/\/www.felicicat.cat\/wp-content\/uploads\/2024\/11\/una-de-les-li-nies-del-pla-d-ajuts-e-s-per-a-l-economia-circular_11_640x380.jpeg",640,380,false],"search_results":["https:\/\/www.felicicat.cat\/wp-content\/uploads\/2024\/11\/una-de-les-li-nies-del-pla-d-ajuts-e-s-per-a-l-economia-circular_11_640x380-125x125.jpeg",125,125,true],"blog_entry":["https:\/\/www.felicicat.cat\/wp-content\/uploads\/2024\/11\/una-de-les-li-nies-del-pla-d-ajuts-e-s-per-a-l-economia-circular_11_640x380.jpeg",640,380,false],"blog_post":["https:\/\/www.felicicat.cat\/wp-content\/uploads\/2024\/11\/una-de-les-li-nies-del-pla-d-ajuts-e-s-per-a-l-economia-circular_11_640x380.jpeg",640,380,false],"blog_post_full":["https:\/\/www.felicicat.cat\/wp-content\/uploads\/2024\/11\/una-de-les-li-nies-del-pla-d-ajuts-e-s-per-a-l-economia-circular_11_640x380.jpeg",640,380,false],"blog_related":["https:\/\/www.felicicat.cat\/wp-content\/uploads\/2024\/11\/una-de-les-li-nies-del-pla-d-ajuts-e-s-per-a-l-economia-circular_11_640x380.jpeg",640,380,false],"portfolio_entry":["https:\/\/www.felicicat.cat\/wp-content\/uploads\/2024\/11\/una-de-les-li-nies-del-pla-d-ajuts-e-s-per-a-l-economia-circular_11_640x380.jpeg",500,297,false],"portfolio_post":["https:\/\/www.felicicat.cat\/wp-content\/uploads\/2024\/11\/una-de-les-li-nies-del-pla-d-ajuts-e-s-per-a-l-economia-circular_11_640x380.jpeg",640,380,false],"portfolio_related":["https:\/\/www.felicicat.cat\/wp-content\/uploads\/2024\/11\/una-de-les-li-nies-del-pla-d-ajuts-e-s-per-a-l-economia-circular_11_640x380.jpeg",500,297,false],"staff_entry":["https:\/\/www.felicicat.cat\/wp-content\/uploads\/2024\/11\/una-de-les-li-nies-del-pla-d-ajuts-e-s-per-a-l-economia-circular_11_640x380.jpeg",500,297,false],"staff_post":["https:\/\/www.felicicat.cat\/wp-content\/uploads\/2024\/11\/una-de-les-li-nies-del-pla-d-ajuts-e-s-per-a-l-economia-circular_11_640x380.jpeg",640,380,false],"staff_related":["https:\/\/www.felicicat.cat\/wp-content\/uploads\/2024\/11\/una-de-les-li-nies-del-pla-d-ajuts-e-s-per-a-l-economia-circular_11_640x380.jpeg",500,297,false],"testimonials_entry":["https:\/\/www.felicicat.cat\/wp-content\/uploads\/2024\/11\/una-de-les-li-nies-del-pla-d-ajuts-e-s-per-a-l-economia-circular_11_640x380.jpeg",45,27,false],"shop_catalog":["https:\/\/www.felicicat.cat\/wp-content\/uploads\/2024\/11\/una-de-les-li-nies-del-pla-d-ajuts-e-s-per-a-l-economia-circular_11_640x380-350x208.jpeg",350,208,true],"shop_single":["https:\/\/www.felicicat.cat\/wp-content\/uploads\/2024\/11\/una-de-les-li-nies-del-pla-d-ajuts-e-s-per-a-l-economia-circular_11_640x380.jpeg",640,380,false],"shop_single_thumbnail":["https:\/\/www.felicicat.cat\/wp-content\/uploads\/2024\/11\/una-de-les-li-nies-del-pla-d-ajuts-e-s-per-a-l-economia-circular_11_640x380-140x140.jpeg",140,140,true],"shop_category":["https:\/\/www.felicicat.cat\/wp-content\/uploads\/2024\/11\/una-de-les-li-nies-del-pla-d-ajuts-e-s-per-a-l-economia-circular_11_640x380.jpeg",640,380,false],"shop_thumbnail_cart":["https:\/\/www.felicicat.cat\/wp-content\/uploads\/2024\/11\/una-de-les-li-nies-del-pla-d-ajuts-e-s-per-a-l-economia-circular_11_640x380-center-top-60x60.jpeg",60,60,true],"gallery":["https:\/\/www.felicicat.cat\/wp-content\/uploads\/2024\/11\/una-de-les-li-nies-del-pla-d-ajuts-e-s-per-a-l-economia-circular_11_640x380.jpeg",500,297,false]},"uagb_author_info":{"display_name":"edu","author_link":"https:\/\/www.felicicat.cat\/es\/author\/edu\/"},"uagb_comment_info":0,"uagb_excerpt":"El 57% de las empresas apuestan por el reciclaje y el 66% han realizado inversiones en innovaciones tecnol\u00f3gicas en materia de circularidad Art\u00edculo extra\u00eddo de\u00a0Viaempresa.cat y creado por Redacci\u00f3n Via Empresa \u2013 Barcelona. 07 de noviembre de 2024. La Comisi\u00f3n de Econom\u00eda y Sostenibilidad del Colegio de Economistas de Catalunya, el Departamento de Acci\u00f3n Clim\u00e1tica,&hellip;","_links":{"self":[{"href":"https:\/\/www.felicicat.cat\/es\/wp-json\/wp\/v2\/posts\/12262"}],"collection":[{"href":"https:\/\/www.felicicat.cat\/es\/wp-json\/wp\/v2\/posts"}],"about":[{"href":"https:\/\/www.felicicat.cat\/es\/wp-json\/wp\/v2\/types\/post"}],"author":[{"embeddable":true,"href":"https:\/\/www.felicicat.cat\/es\/wp-json\/wp\/v2\/users\/2"}],"replies":[{"embeddable":true,"href":"https:\/\/www.felicicat.cat\/es\/wp-json\/wp\/v2\/comments?post=12262"}],"version-history":[{"count":1,"href":"https:\/\/www.felicicat.cat\/es\/wp-json\/wp\/v2\/posts\/12262\/revisions"}],"predecessor-version":[{"id":12263,"href":"https:\/\/www.felicicat.cat\/es\/wp-json\/wp\/v2\/posts\/12262\/revisions\/12263"}],"wp:featuredmedia":[{"embeddable":true,"href":"https:\/\/www.felicicat.cat\/es\/wp-json\/wp\/v2\/media\/12259"}],"wp:attachment":[{"href":"https:\/\/www.felicicat.cat\/es\/wp-json\/wp\/v2\/media?parent=12262"}],"wp:term":[{"taxonomy":"category","embeddable":true,"href":"https:\/\/www.felicicat.cat\/es\/wp-json\/wp\/v2\/categories?post=12262"},{"taxonomy":"post_tag","embeddable":true,"href":"https:\/\/www.felicicat.cat\/es\/wp-json\/wp\/v2\/tags?post=12262"},{"taxonomy":"post_series","embeddable":true,"href":"https:\/\/www.felicicat.cat\/es\/wp-json\/wp\/v2\/post_series?post=12262"}],"curies":[{"name":"wp","href":"https:\/\/api.w.org\/{rel}","templated":true}]}}