{"id":11900,"date":"2024-10-18T09:05:03","date_gmt":"2024-10-18T09:05:03","guid":{"rendered":"https:\/\/www.felicicat.cat\/?p=11900"},"modified":"2024-11-06T08:09:04","modified_gmt":"2024-11-06T08:09:04","slug":"felicicat-presente-en-la-uea-jornada-union-empresarial-de-la-anoia","status":"publish","type":"post","link":"https:\/\/www.felicicat.cat\/es\/felicicat-presente-en-la-uea-jornada-union-empresarial-de-la-anoia\/","title":{"rendered":"feliciCat presente en la UEA (Uni\u00f3n Empresarial de la Anoia)"},"content":{"rendered":"<p>El pasado mi\u00e9rcoles 30 de octubre, la <a href=\"https:\/\/www.uea.cat\/\" target=\"_blank\" rel=\"noopener\">Uni\u00f3n Empresarial de la Anoia<\/a> realiz\u00f3 una <strong>jornada<\/strong> en su sede dirigida a profesionales de<strong> RRHH y directivos<\/strong>: <strong>Reinventando organizaciones en la gesti\u00f3n de personas<\/strong>.<\/p>\n<p>Se abri\u00f3 un <strong>espacio de debate y aprendizaje<\/strong> para todos aquellos que lideran equipos y toman decisiones sobre la gesti\u00f3n de personas.<\/p>\n<p><img loading=\"lazy\" decoding=\"async\" class=\" wp-image-11907 aligncenter\" src=\"https:\/\/www.felicicat.cat\/wp-content\/uploads\/2024\/10\/1729152639856-300x169.jpg\" alt=\"\" width=\"422\" height=\"238\" srcset=\"https:\/\/www.felicicat.cat\/wp-content\/uploads\/2024\/10\/1729152639856-300x169.jpg 300w, https:\/\/www.felicicat.cat\/wp-content\/uploads\/2024\/10\/1729152639856-768x432.jpg 768w, https:\/\/www.felicicat.cat\/wp-content\/uploads\/2024\/10\/1729152639856-600x338.jpg 600w, https:\/\/www.felicicat.cat\/wp-content\/uploads\/2024\/10\/1729152639856.jpg 800w\" sizes=\"(max-width: 422px) 100vw, 422px\" \/><\/p>\n<p>Algunos de los <strong>puntos clave<\/strong> que sustentaron la jornada fueron:<\/p>\n<ul>\n<li><strong>Nuevas herramientas de gesti\u00f3n de personal y empresarial<\/strong> que pueden ayudar a optimizar los procesos internos, mejorar la eficiencia de las organizaciones e incrementar la satisfacci\u00f3n de los trabajadores. Se expusieron alternativas para gestionar las empresas, centradas no solo en el \u00e9xito econ\u00f3mico, sino tambi\u00e9n en el bienestar y desarrollo personal de los empleados.<\/li>\n<li><strong>Puesta en com\u00fan de experiencias y visiones<\/strong> que permitieron a los participantes nutrirse al compartir aprendizajes y an\u00e9cdotas con otros profesionales del sector. Esto permiti\u00f3 a los participantes aprender de las buenas pr\u00e1cticas otras empresas, as\u00ed como identificar posibles puntos de mejora dentro de sus propias organizaciones.<\/li>\n<li>A veces, las empresas pueden quedar atrapadas en rutinas o maneras tradicionales de hacer las cosas. Esta jornada buscaba romper estas barreras e inspirar a los directivos a adoptar herramientas y sistemas que pueden aportar <strong>soluciones, innovaci\u00f3n y transformaci\u00f3n<\/strong> en los retos actuales.<\/li>\n<\/ul>\n<p>FeliciCat es una organizaci\u00f3n <strong>comprometida<\/strong> con todas las <strong>asociaciones\u00a0del territorio catal\u00e1n<\/strong> y particip\u00f3 en esta jornada aportando una<strong> visi\u00f3n enfocada al componente humano<\/strong> de las empresas a trav\u00e9s de su presentaci\u00f3n <strong>\u201cEl bienestar organizacional\u201d<\/strong> a cargo de <a href=\"https:\/\/www.linkedin.com\/in\/eduard-alcaraz-espriu\/?originalSubdomain=es\">Eduard Alcaraz<\/a>, fundador de feliciCat, publicista, docente y consultor en marketing y bienestar organizacional.<\/p>\n<p><img loading=\"lazy\" decoding=\"async\" class=\" wp-image-12129 aligncenter\" src=\"https:\/\/www.felicicat.cat\/wp-content\/uploads\/2024\/10\/Jornada-RRHH-octubre-2024-4-300x225.jpeg\" alt=\"\" width=\"425\" height=\"319\" srcset=\"https:\/\/www.felicicat.cat\/wp-content\/uploads\/2024\/10\/Jornada-RRHH-octubre-2024-4-300x225.jpeg 300w, https:\/\/www.felicicat.cat\/wp-content\/uploads\/2024\/10\/Jornada-RRHH-octubre-2024-4-1024x768.jpeg 1024w, https:\/\/www.felicicat.cat\/wp-content\/uploads\/2024\/10\/Jornada-RRHH-octubre-2024-4-768x576.jpeg 768w, https:\/\/www.felicicat.cat\/wp-content\/uploads\/2024\/10\/Jornada-RRHH-octubre-2024-4-1536x1152.jpeg 1536w, https:\/\/www.felicicat.cat\/wp-content\/uploads\/2024\/10\/Jornada-RRHH-octubre-2024-4-600x450.jpeg 600w, https:\/\/www.felicicat.cat\/wp-content\/uploads\/2024\/10\/Jornada-RRHH-octubre-2024-4.jpeg 2048w\" sizes=\"(max-width: 425px) 100vw, 425px\" \/><\/p>\n<p>La presentaci\u00f3n aport\u00f3 conocimientos pr\u00e1cticos y estrategias para fomentar <strong>entornos de trabajo saludables<\/strong>, donde se pueda potenciar tanto la productividad como la felicidad de los trabajadores. Este enfoque es fundamental para mejorar la <strong>calidad de vida dentro de las empresas<\/strong> y reducir el estr\u00e9s, las bajas laborales y la rotaci\u00f3n de personal, con el fin de crear <strong>equipos m\u00e1s cohesionados y comprometidos<\/strong> con la empresa. Felicicat pondr\u00e1 en relieve la importancia de considerar el bienestar organizacional como un elemento clave en la estrategia empresarial, especialmente en un entorno donde las <strong>din\u00e1micas laborales est\u00e1n cambiando<\/strong> r\u00e1pidamente y donde se necesitan <strong>modelos m\u00e1s flexibles<\/strong> y centrados en la persona. Esta aportaci\u00f3n ayud\u00f3 a los directivos y profesionales de recursos humanos presentes en la jornada a comprender mejor como integrar el bienestar emocional y personal dentro de sus planes de gesti\u00f3n, impulsando as\u00ed el desarrollo de una <strong>cultura organizacional m\u00e1s equilibrada y sostenible.<\/strong><\/p>\n<p><strong><img loading=\"lazy\" decoding=\"async\" class=\" wp-image-12131 aligncenter\" src=\"https:\/\/www.felicicat.cat\/wp-content\/uploads\/2024\/10\/Jornada-RRHH-octubre-UEA-2024-2-1-300x225.jpeg\" alt=\"\" width=\"435\" height=\"326\" srcset=\"https:\/\/www.felicicat.cat\/wp-content\/uploads\/2024\/10\/Jornada-RRHH-octubre-UEA-2024-2-1-300x225.jpeg 300w, https:\/\/www.felicicat.cat\/wp-content\/uploads\/2024\/10\/Jornada-RRHH-octubre-UEA-2024-2-1-1024x768.jpeg 1024w, https:\/\/www.felicicat.cat\/wp-content\/uploads\/2024\/10\/Jornada-RRHH-octubre-UEA-2024-2-1-768x576.jpeg 768w, https:\/\/www.felicicat.cat\/wp-content\/uploads\/2024\/10\/Jornada-RRHH-octubre-UEA-2024-2-1-1536x1152.jpeg 1536w, https:\/\/www.felicicat.cat\/wp-content\/uploads\/2024\/10\/Jornada-RRHH-octubre-UEA-2024-2-1-600x450.jpeg 600w, https:\/\/www.felicicat.cat\/wp-content\/uploads\/2024\/10\/Jornada-RRHH-octubre-UEA-2024-2-1.jpeg 2048w\" sizes=\"(max-width: 435px) 100vw, 435px\" \/><\/strong><\/p>\n<p>Este acontecimiento se present\u00f3 como una oportunidad \u00fanica para reflexionar sobre los nuevos retos en la gesti\u00f3n de personal y para explorar modelos innovadores que pueden <strong>marcar un antes y un despu\u00e9s<\/strong> en la manera como las empresas abordan su <strong>funcionamiento interno y las relaciones con sus trabajadores.<\/strong><\/p>\n","protected":false},"excerpt":{"rendered":"<p>El pasado mi\u00e9rcoles 30 de octubre, la Uni\u00f3n Empresarial de la Anoia realiz\u00f3 una jornada en su sede dirigida a profesionales de RRHH y directivos: Reinventando organizaciones en la gesti\u00f3n de personas. Se abri\u00f3 un espacio de debate y aprendizaje para todos aquellos que lideran equipos y toman decisiones sobre la gesti\u00f3n de personas. Algunos&hellip;<\/p>\n","protected":false},"author":2,"featured_media":12127,"comment_status":"open","ping_status":"closed","sticky":false,"template":"","format":"standard","meta":{"_uag_custom_page_level_css":"","footnotes":""},"categories":[342],"tags":[],"post_series":[],"yoast_head":"<!-- This site is optimized with the Yoast SEO plugin v22.5 - https:\/\/yoast.com\/wordpress\/plugins\/seo\/ -->\n<title>feliciCat presente en la UEA (Uni\u00f3n Empresarial de la Anoia) - Felicicat<\/title>\n<meta name=\"description\" content=\"FeliciCat particip\u00f3 en la jornada aportando una visi\u00f3n enfocada al componente humano de las empresas a trav\u00e9s de su presentaci\u00f3n \u201cEl bienestar organizacional\u201d a cargo de Eduard Alcaraz. La jornada abri\u00f3 un espacio de debate y aprendizaje para todos aquellos que lideran equipos y toman decisiones sobre la gesti\u00f3n de personas.\" \/>\n<meta name=\"robots\" content=\"index, follow, max-snippet:-1, max-image-preview:large, max-video-preview:-1\" \/>\n<link rel=\"canonical\" href=\"https:\/\/www.felicicat.cat\/es\/felicicat-presente-en-la-uea-jornada-union-empresarial-de-la-anoia\/\" \/>\n<meta property=\"og:locale\" content=\"es_ES\" \/>\n<meta property=\"og:type\" content=\"article\" \/>\n<meta property=\"og:title\" content=\"feliciCat presente en la UEA (Uni\u00f3n Empresarial de la Anoia) - Felicicat\" \/>\n<meta property=\"og:description\" content=\"FeliciCat particip\u00f3 en la jornada aportando una visi\u00f3n enfocada al componente humano de las empresas a trav\u00e9s de su presentaci\u00f3n \u201cEl bienestar organizacional\u201d a cargo de Eduard Alcaraz. La jornada abri\u00f3 un espacio de debate y aprendizaje para todos aquellos que lideran equipos y toman decisiones sobre la gesti\u00f3n de personas.\" \/>\n<meta property=\"og:url\" content=\"https:\/\/www.felicicat.cat\/es\/felicicat-presente-en-la-uea-jornada-union-empresarial-de-la-anoia\/\" \/>\n<meta property=\"og:site_name\" content=\"Felicicat\" \/>\n<meta property=\"article:published_time\" content=\"2024-10-18T09:05:03+00:00\" \/>\n<meta property=\"article:modified_time\" content=\"2024-11-06T08:09:04+00:00\" \/>\n<meta property=\"og:image\" content=\"https:\/\/www.felicicat.cat\/wp-content\/uploads\/2024\/10\/Jornada-RRHH-octubre-2024-3.jpeg\" \/>\n\t<meta property=\"og:image:width\" content=\"2048\" \/>\n\t<meta property=\"og:image:height\" content=\"1536\" \/>\n\t<meta property=\"og:image:type\" content=\"image\/jpeg\" \/>\n<meta name=\"author\" content=\"edu\" \/>\n<meta name=\"twitter:card\" content=\"summary_large_image\" \/>\n<meta name=\"twitter:label1\" content=\"Escrito por\" \/>\n\t<meta name=\"twitter:data1\" content=\"edu\" \/>\n\t<meta name=\"twitter:label2\" content=\"Tiempo de lectura\" \/>\n\t<meta name=\"twitter:data2\" content=\"4 minutos\" \/>\n<script type=\"application\/ld+json\" class=\"yoast-schema-graph\">{\"@context\":\"https:\/\/schema.org\",\"@graph\":[{\"@type\":\"Article\",\"@id\":\"https:\/\/www.felicicat.cat\/es\/felicicat-presente-en-la-uea-jornada-union-empresarial-de-la-anoia\/#article\",\"isPartOf\":{\"@id\":\"https:\/\/www.felicicat.cat\/es\/felicicat-presente-en-la-uea-jornada-union-empresarial-de-la-anoia\/\"},\"author\":{\"name\":\"edu\",\"@id\":\"https:\/\/www.felicicat.cat\/#\/schema\/person\/53cc36ea322123eb24f43676c759311d\"},\"headline\":\"feliciCat presente en la UEA (Uni\u00f3n Empresarial de la Anoia)\",\"datePublished\":\"2024-10-18T09:05:03+00:00\",\"dateModified\":\"2024-11-06T08:09:04+00:00\",\"mainEntityOfPage\":{\"@id\":\"https:\/\/www.felicicat.cat\/es\/felicicat-presente-en-la-uea-jornada-union-empresarial-de-la-anoia\/\"},\"wordCount\":500,\"commentCount\":0,\"publisher\":{\"@id\":\"https:\/\/www.felicicat.cat\/#organization\"},\"image\":{\"@id\":\"https:\/\/www.felicicat.cat\/es\/felicicat-presente-en-la-uea-jornada-union-empresarial-de-la-anoia\/#primaryimage\"},\"thumbnailUrl\":\"https:\/\/www.felicicat.cat\/wp-content\/uploads\/2024\/10\/Jornada-RRHH-octubre-2024-3.jpeg\",\"articleSection\":[\"Actualidad y tendencias\"],\"inLanguage\":\"es\",\"potentialAction\":[{\"@type\":\"CommentAction\",\"name\":\"Comment\",\"target\":[\"https:\/\/www.felicicat.cat\/es\/felicicat-presente-en-la-uea-jornada-union-empresarial-de-la-anoia\/#respond\"]}]},{\"@type\":\"WebPage\",\"@id\":\"https:\/\/www.felicicat.cat\/es\/felicicat-presente-en-la-uea-jornada-union-empresarial-de-la-anoia\/\",\"url\":\"https:\/\/www.felicicat.cat\/es\/felicicat-presente-en-la-uea-jornada-union-empresarial-de-la-anoia\/\",\"name\":\"feliciCat presente en la UEA (Uni\u00f3n Empresarial de la Anoia) - Felicicat\",\"isPartOf\":{\"@id\":\"https:\/\/www.felicicat.cat\/#website\"},\"primaryImageOfPage\":{\"@id\":\"https:\/\/www.felicicat.cat\/es\/felicicat-presente-en-la-uea-jornada-union-empresarial-de-la-anoia\/#primaryimage\"},\"image\":{\"@id\":\"https:\/\/www.felicicat.cat\/es\/felicicat-presente-en-la-uea-jornada-union-empresarial-de-la-anoia\/#primaryimage\"},\"thumbnailUrl\":\"https:\/\/www.felicicat.cat\/wp-content\/uploads\/2024\/10\/Jornada-RRHH-octubre-2024-3.jpeg\",\"datePublished\":\"2024-10-18T09:05:03+00:00\",\"dateModified\":\"2024-11-06T08:09:04+00:00\",\"description\":\"FeliciCat particip\u00f3 en la jornada aportando una visi\u00f3n enfocada al componente humano de las empresas a trav\u00e9s de su presentaci\u00f3n \u201cEl bienestar organizacional\u201d a cargo de Eduard Alcaraz. La jornada abri\u00f3 un espacio de debate y aprendizaje para todos aquellos que lideran equipos y toman decisiones sobre la gesti\u00f3n de personas.\",\"breadcrumb\":{\"@id\":\"https:\/\/www.felicicat.cat\/es\/felicicat-presente-en-la-uea-jornada-union-empresarial-de-la-anoia\/#breadcrumb\"},\"inLanguage\":\"es\",\"potentialAction\":[{\"@type\":\"ReadAction\",\"target\":[\"https:\/\/www.felicicat.cat\/es\/felicicat-presente-en-la-uea-jornada-union-empresarial-de-la-anoia\/\"]}]},{\"@type\":\"ImageObject\",\"inLanguage\":\"es\",\"@id\":\"https:\/\/www.felicicat.cat\/es\/felicicat-presente-en-la-uea-jornada-union-empresarial-de-la-anoia\/#primaryimage\",\"url\":\"https:\/\/www.felicicat.cat\/wp-content\/uploads\/2024\/10\/Jornada-RRHH-octubre-2024-3.jpeg\",\"contentUrl\":\"https:\/\/www.felicicat.cat\/wp-content\/uploads\/2024\/10\/Jornada-RRHH-octubre-2024-3.jpeg\",\"width\":2048,\"height\":1536},{\"@type\":\"BreadcrumbList\",\"@id\":\"https:\/\/www.felicicat.cat\/es\/felicicat-presente-en-la-uea-jornada-union-empresarial-de-la-anoia\/#breadcrumb\",\"itemListElement\":[{\"@type\":\"ListItem\",\"position\":1,\"name\":\"Home\",\"item\":\"https:\/\/www.felicicat.cat\/es\/\"},{\"@type\":\"ListItem\",\"position\":2,\"name\":\"feliciCat presente en la UEA (Uni\u00f3n Empresarial de&hellip;\"}]},{\"@type\":\"WebSite\",\"@id\":\"https:\/\/www.felicicat.cat\/#website\",\"url\":\"https:\/\/www.felicicat.cat\/\",\"name\":\"Felicicat\",\"description\":\"Institut Catal\u00e0 de la felicitat\",\"publisher\":{\"@id\":\"https:\/\/www.felicicat.cat\/#organization\"},\"potentialAction\":[{\"@type\":\"SearchAction\",\"target\":{\"@type\":\"EntryPoint\",\"urlTemplate\":\"https:\/\/www.felicicat.cat\/?s={search_term_string}\"},\"query-input\":\"required name=search_term_string\"}],\"inLanguage\":\"es\"},{\"@type\":\"Organization\",\"@id\":\"https:\/\/www.felicicat.cat\/#organization\",\"name\":\"Felicicat\",\"url\":\"https:\/\/www.felicicat.cat\/\",\"logo\":{\"@type\":\"ImageObject\",\"inLanguage\":\"es\",\"@id\":\"https:\/\/www.felicicat.cat\/#\/schema\/logo\/image\/\",\"url\":\"https:\/\/www.felicicat.cat\/wp-content\/uploads\/2023\/11\/4_proveslogotipsfelicicatFINAL_Mesadetrabajo1.png\",\"contentUrl\":\"https:\/\/www.felicicat.cat\/wp-content\/uploads\/2023\/11\/4_proveslogotipsfelicicatFINAL_Mesadetrabajo1.png\",\"width\":1500,\"height\":195,\"caption\":\"Felicicat\"},\"image\":{\"@id\":\"https:\/\/www.felicicat.cat\/#\/schema\/logo\/image\/\"}},{\"@type\":\"Person\",\"@id\":\"https:\/\/www.felicicat.cat\/#\/schema\/person\/53cc36ea322123eb24f43676c759311d\",\"name\":\"edu\",\"image\":{\"@type\":\"ImageObject\",\"inLanguage\":\"es\",\"@id\":\"https:\/\/www.felicicat.cat\/#\/schema\/person\/image\/\",\"url\":\"https:\/\/secure.gravatar.com\/avatar\/6fd3494648cb9e038992d31be80d2047?s=96&d=mm&r=g\",\"contentUrl\":\"https:\/\/secure.gravatar.com\/avatar\/6fd3494648cb9e038992d31be80d2047?s=96&d=mm&r=g\",\"caption\":\"edu\"},\"url\":\"https:\/\/www.felicicat.cat\/es\/author\/edu\/\"}]}<\/script>\n<!-- \/ Yoast SEO plugin. -->","yoast_head_json":{"title":"feliciCat presente en la UEA (Uni\u00f3n Empresarial de la Anoia) - Felicicat","description":"FeliciCat particip\u00f3 en la jornada aportando una visi\u00f3n enfocada al componente humano de las empresas a trav\u00e9s de su presentaci\u00f3n \u201cEl bienestar organizacional\u201d a cargo de Eduard Alcaraz. La jornada abri\u00f3 un espacio de debate y aprendizaje para todos aquellos que lideran equipos y toman decisiones sobre la gesti\u00f3n de personas.","robots":{"index":"index","follow":"follow","max-snippet":"max-snippet:-1","max-image-preview":"max-image-preview:large","max-video-preview":"max-video-preview:-1"},"canonical":"https:\/\/www.felicicat.cat\/es\/felicicat-presente-en-la-uea-jornada-union-empresarial-de-la-anoia\/","og_locale":"es_ES","og_type":"article","og_title":"feliciCat presente en la UEA (Uni\u00f3n Empresarial de la Anoia) - Felicicat","og_description":"FeliciCat particip\u00f3 en la jornada aportando una visi\u00f3n enfocada al componente humano de las empresas a trav\u00e9s de su presentaci\u00f3n \u201cEl bienestar organizacional\u201d a cargo de Eduard Alcaraz. La jornada abri\u00f3 un espacio de debate y aprendizaje para todos aquellos que lideran equipos y toman decisiones sobre la gesti\u00f3n de personas.","og_url":"https:\/\/www.felicicat.cat\/es\/felicicat-presente-en-la-uea-jornada-union-empresarial-de-la-anoia\/","og_site_name":"Felicicat","article_published_time":"2024-10-18T09:05:03+00:00","article_modified_time":"2024-11-06T08:09:04+00:00","og_image":[{"width":2048,"height":1536,"url":"https:\/\/www.felicicat.cat\/wp-content\/uploads\/2024\/10\/Jornada-RRHH-octubre-2024-3.jpeg","type":"image\/jpeg"}],"author":"edu","twitter_card":"summary_large_image","twitter_misc":{"Escrito por":"edu","Tiempo de lectura":"4 minutos"},"schema":{"@context":"https:\/\/schema.org","@graph":[{"@type":"Article","@id":"https:\/\/www.felicicat.cat\/es\/felicicat-presente-en-la-uea-jornada-union-empresarial-de-la-anoia\/#article","isPartOf":{"@id":"https:\/\/www.felicicat.cat\/es\/felicicat-presente-en-la-uea-jornada-union-empresarial-de-la-anoia\/"},"author":{"name":"edu","@id":"https:\/\/www.felicicat.cat\/#\/schema\/person\/53cc36ea322123eb24f43676c759311d"},"headline":"feliciCat presente en la UEA (Uni\u00f3n Empresarial de la Anoia)","datePublished":"2024-10-18T09:05:03+00:00","dateModified":"2024-11-06T08:09:04+00:00","mainEntityOfPage":{"@id":"https:\/\/www.felicicat.cat\/es\/felicicat-presente-en-la-uea-jornada-union-empresarial-de-la-anoia\/"},"wordCount":500,"commentCount":0,"publisher":{"@id":"https:\/\/www.felicicat.cat\/#organization"},"image":{"@id":"https:\/\/www.felicicat.cat\/es\/felicicat-presente-en-la-uea-jornada-union-empresarial-de-la-anoia\/#primaryimage"},"thumbnailUrl":"https:\/\/www.felicicat.cat\/wp-content\/uploads\/2024\/10\/Jornada-RRHH-octubre-2024-3.jpeg","articleSection":["Actualidad y tendencias"],"inLanguage":"es","potentialAction":[{"@type":"CommentAction","name":"Comment","target":["https:\/\/www.felicicat.cat\/es\/felicicat-presente-en-la-uea-jornada-union-empresarial-de-la-anoia\/#respond"]}]},{"@type":"WebPage","@id":"https:\/\/www.felicicat.cat\/es\/felicicat-presente-en-la-uea-jornada-union-empresarial-de-la-anoia\/","url":"https:\/\/www.felicicat.cat\/es\/felicicat-presente-en-la-uea-jornada-union-empresarial-de-la-anoia\/","name":"feliciCat presente en la UEA (Uni\u00f3n Empresarial de la Anoia) - Felicicat","isPartOf":{"@id":"https:\/\/www.felicicat.cat\/#website"},"primaryImageOfPage":{"@id":"https:\/\/www.felicicat.cat\/es\/felicicat-presente-en-la-uea-jornada-union-empresarial-de-la-anoia\/#primaryimage"},"image":{"@id":"https:\/\/www.felicicat.cat\/es\/felicicat-presente-en-la-uea-jornada-union-empresarial-de-la-anoia\/#primaryimage"},"thumbnailUrl":"https:\/\/www.felicicat.cat\/wp-content\/uploads\/2024\/10\/Jornada-RRHH-octubre-2024-3.jpeg","datePublished":"2024-10-18T09:05:03+00:00","dateModified":"2024-11-06T08:09:04+00:00","description":"FeliciCat particip\u00f3 en la jornada aportando una visi\u00f3n enfocada al componente humano de las empresas a trav\u00e9s de su presentaci\u00f3n \u201cEl bienestar organizacional\u201d a cargo de Eduard Alcaraz. La jornada abri\u00f3 un espacio de debate y aprendizaje para todos aquellos que lideran equipos y toman decisiones sobre la gesti\u00f3n de personas.","breadcrumb":{"@id":"https:\/\/www.felicicat.cat\/es\/felicicat-presente-en-la-uea-jornada-union-empresarial-de-la-anoia\/#breadcrumb"},"inLanguage":"es","potentialAction":[{"@type":"ReadAction","target":["https:\/\/www.felicicat.cat\/es\/felicicat-presente-en-la-uea-jornada-union-empresarial-de-la-anoia\/"]}]},{"@type":"ImageObject","inLanguage":"es","@id":"https:\/\/www.felicicat.cat\/es\/felicicat-presente-en-la-uea-jornada-union-empresarial-de-la-anoia\/#primaryimage","url":"https:\/\/www.felicicat.cat\/wp-content\/uploads\/2024\/10\/Jornada-RRHH-octubre-2024-3.jpeg","contentUrl":"https:\/\/www.felicicat.cat\/wp-content\/uploads\/2024\/10\/Jornada-RRHH-octubre-2024-3.jpeg","width":2048,"height":1536},{"@type":"BreadcrumbList","@id":"https:\/\/www.felicicat.cat\/es\/felicicat-presente-en-la-uea-jornada-union-empresarial-de-la-anoia\/#breadcrumb","itemListElement":[{"@type":"ListItem","position":1,"name":"Home","item":"https:\/\/www.felicicat.cat\/es\/"},{"@type":"ListItem","position":2,"name":"feliciCat presente en la UEA (Uni\u00f3n Empresarial de&hellip;"}]},{"@type":"WebSite","@id":"https:\/\/www.felicicat.cat\/#website","url":"https:\/\/www.felicicat.cat\/","name":"Felicicat","description":"Institut Catal\u00e0 de la felicitat","publisher":{"@id":"https:\/\/www.felicicat.cat\/#organization"},"potentialAction":[{"@type":"SearchAction","target":{"@type":"EntryPoint","urlTemplate":"https:\/\/www.felicicat.cat\/?s={search_term_string}"},"query-input":"required name=search_term_string"}],"inLanguage":"es"},{"@type":"Organization","@id":"https:\/\/www.felicicat.cat\/#organization","name":"Felicicat","url":"https:\/\/www.felicicat.cat\/","logo":{"@type":"ImageObject","inLanguage":"es","@id":"https:\/\/www.felicicat.cat\/#\/schema\/logo\/image\/","url":"https:\/\/www.felicicat.cat\/wp-content\/uploads\/2023\/11\/4_proveslogotipsfelicicatFINAL_Mesadetrabajo1.png","contentUrl":"https:\/\/www.felicicat.cat\/wp-content\/uploads\/2023\/11\/4_proveslogotipsfelicicatFINAL_Mesadetrabajo1.png","width":1500,"height":195,"caption":"Felicicat"},"image":{"@id":"https:\/\/www.felicicat.cat\/#\/schema\/logo\/image\/"}},{"@type":"Person","@id":"https:\/\/www.felicicat.cat\/#\/schema\/person\/53cc36ea322123eb24f43676c759311d","name":"edu","image":{"@type":"ImageObject","inLanguage":"es","@id":"https:\/\/www.felicicat.cat\/#\/schema\/person\/image\/","url":"https:\/\/secure.gravatar.com\/avatar\/6fd3494648cb9e038992d31be80d2047?s=96&d=mm&r=g","contentUrl":"https:\/\/secure.gravatar.com\/avatar\/6fd3494648cb9e038992d31be80d2047?s=96&d=mm&r=g","caption":"edu"},"url":"https:\/\/www.felicicat.cat\/es\/author\/edu\/"}]}},"uagb_featured_image_src":{"full":["https:\/\/www.felicicat.cat\/wp-content\/uploads\/2024\/10\/Jornada-RRHH-octubre-2024-3.jpeg",2048,1536,false],"thumbnail":["https:\/\/www.felicicat.cat\/wp-content\/uploads\/2024\/10\/Jornada-RRHH-octubre-2024-3-150x150.jpeg",150,150,true],"medium":["https:\/\/www.felicicat.cat\/wp-content\/uploads\/2024\/10\/Jornada-RRHH-octubre-2024-3-300x225.jpeg",300,225,true],"medium_large":["https:\/\/www.felicicat.cat\/wp-content\/uploads\/2024\/10\/Jornada-RRHH-octubre-2024-3-768x576.jpeg",768,576,true],"large":["https:\/\/www.felicicat.cat\/wp-content\/uploads\/2024\/10\/Jornada-RRHH-octubre-2024-3-1024x768.jpeg",980,735,true],"1536x1536":["https:\/\/www.felicicat.cat\/wp-content\/uploads\/2024\/10\/Jornada-RRHH-octubre-2024-3-1536x1152.jpeg",1536,1152,true],"2048x2048":["https:\/\/www.felicicat.cat\/wp-content\/uploads\/2024\/10\/Jornada-RRHH-octubre-2024-3.jpeg",2048,1536,false],"woocommerce_thumbnail":["https:\/\/www.felicicat.cat\/wp-content\/uploads\/2024\/10\/Jornada-RRHH-octubre-2024-3-center-top-60x60.jpeg",60,60,true],"woocommerce_single":["https:\/\/www.felicicat.cat\/wp-content\/uploads\/2024\/10\/Jornada-RRHH-octubre-2024-3-700x525.jpeg",700,525,true],"woocommerce_gallery_thumbnail":["https:\/\/www.felicicat.cat\/wp-content\/uploads\/2024\/10\/Jornada-RRHH-octubre-2024-3-100x100.jpeg",100,100,true],"lightbox":["https:\/\/www.felicicat.cat\/wp-content\/uploads\/2024\/10\/Jornada-RRHH-octubre-2024-3-1500x1125.jpeg",1500,1125,true],"search_results":["https:\/\/www.felicicat.cat\/wp-content\/uploads\/2024\/10\/Jornada-RRHH-octubre-2024-3-125x125.jpeg",125,125,true],"blog_entry":["https:\/\/www.felicicat.cat\/wp-content\/uploads\/2024\/10\/Jornada-RRHH-octubre-2024-3-680x380.jpeg",680,380,true],"blog_post":["https:\/\/www.felicicat.cat\/wp-content\/uploads\/2024\/10\/Jornada-RRHH-octubre-2024-3.jpeg",507,380,false],"blog_post_full":["https:\/\/www.felicicat.cat\/wp-content\/uploads\/2024\/10\/Jornada-RRHH-octubre-2024-3-980x735.jpeg",980,735,true],"blog_related":["https:\/\/www.felicicat.cat\/wp-content\/uploads\/2024\/10\/Jornada-RRHH-octubre-2024-3.jpeg",507,380,false],"portfolio_entry":["https:\/\/www.felicicat.cat\/wp-content\/uploads\/2024\/10\/Jornada-RRHH-octubre-2024-3.jpeg",467,350,false],"portfolio_post":["https:\/\/www.felicicat.cat\/wp-content\/uploads\/2024\/10\/Jornada-RRHH-octubre-2024-3.jpeg",2048,1536,false],"portfolio_related":["https:\/\/www.felicicat.cat\/wp-content\/uploads\/2024\/10\/Jornada-RRHH-octubre-2024-3.jpeg",467,350,false],"staff_entry":["https:\/\/www.felicicat.cat\/wp-content\/uploads\/2024\/10\/Jornada-RRHH-octubre-2024-3.jpeg",500,375,false],"staff_post":["https:\/\/www.felicicat.cat\/wp-content\/uploads\/2024\/10\/Jornada-RRHH-octubre-2024-3.jpeg",2048,1536,false],"staff_related":["https:\/\/www.felicicat.cat\/wp-content\/uploads\/2024\/10\/Jornada-RRHH-octubre-2024-3.jpeg",500,375,false],"testimonials_entry":["https:\/\/www.felicicat.cat\/wp-content\/uploads\/2024\/10\/Jornada-RRHH-octubre-2024-3.jpeg",45,34,false],"shop_catalog":["https:\/\/www.felicicat.cat\/wp-content\/uploads\/2024\/10\/Jornada-RRHH-octubre-2024-3-350x263.jpeg",350,263,true],"shop_single":["https:\/\/www.felicicat.cat\/wp-content\/uploads\/2024\/10\/Jornada-RRHH-octubre-2024-3-700x525.jpeg",700,525,true],"shop_single_thumbnail":["https:\/\/www.felicicat.cat\/wp-content\/uploads\/2024\/10\/Jornada-RRHH-octubre-2024-3-140x140.jpeg",140,140,true],"shop_category":["https:\/\/www.felicicat.cat\/wp-content\/uploads\/2024\/10\/Jornada-RRHH-octubre-2024-3.jpeg",2048,1536,false],"shop_thumbnail_cart":["https:\/\/www.felicicat.cat\/wp-content\/uploads\/2024\/10\/Jornada-RRHH-octubre-2024-3-center-top-60x60.jpeg",60,60,true],"gallery":["https:\/\/www.felicicat.cat\/wp-content\/uploads\/2024\/10\/Jornada-RRHH-octubre-2024-3.jpeg",500,375,false]},"uagb_author_info":{"display_name":"edu","author_link":"https:\/\/www.felicicat.cat\/es\/author\/edu\/"},"uagb_comment_info":0,"uagb_excerpt":"El pasado mi\u00e9rcoles 30 de octubre, la Uni\u00f3n Empresarial de la Anoia realiz\u00f3 una jornada en su sede dirigida a profesionales de RRHH y directivos: Reinventando organizaciones en la gesti\u00f3n de personas. Se abri\u00f3 un espacio de debate y aprendizaje para todos aquellos que lideran equipos y toman decisiones sobre la gesti\u00f3n de personas. Algunos&hellip;","_links":{"self":[{"href":"https:\/\/www.felicicat.cat\/es\/wp-json\/wp\/v2\/posts\/11900"}],"collection":[{"href":"https:\/\/www.felicicat.cat\/es\/wp-json\/wp\/v2\/posts"}],"about":[{"href":"https:\/\/www.felicicat.cat\/es\/wp-json\/wp\/v2\/types\/post"}],"author":[{"embeddable":true,"href":"https:\/\/www.felicicat.cat\/es\/wp-json\/wp\/v2\/users\/2"}],"replies":[{"embeddable":true,"href":"https:\/\/www.felicicat.cat\/es\/wp-json\/wp\/v2\/comments?post=11900"}],"version-history":[{"count":9,"href":"https:\/\/www.felicicat.cat\/es\/wp-json\/wp\/v2\/posts\/11900\/revisions"}],"predecessor-version":[{"id":12140,"href":"https:\/\/www.felicicat.cat\/es\/wp-json\/wp\/v2\/posts\/11900\/revisions\/12140"}],"wp:featuredmedia":[{"embeddable":true,"href":"https:\/\/www.felicicat.cat\/es\/wp-json\/wp\/v2\/media\/12127"}],"wp:attachment":[{"href":"https:\/\/www.felicicat.cat\/es\/wp-json\/wp\/v2\/media?parent=11900"}],"wp:term":[{"taxonomy":"category","embeddable":true,"href":"https:\/\/www.felicicat.cat\/es\/wp-json\/wp\/v2\/categories?post=11900"},{"taxonomy":"post_tag","embeddable":true,"href":"https:\/\/www.felicicat.cat\/es\/wp-json\/wp\/v2\/tags?post=11900"},{"taxonomy":"post_series","embeddable":true,"href":"https:\/\/www.felicicat.cat\/es\/wp-json\/wp\/v2\/post_series?post=11900"}],"curies":[{"name":"wp","href":"https:\/\/api.w.org\/{rel}","templated":true}]}}