{"id":11716,"date":"2024-10-04T07:39:45","date_gmt":"2024-10-04T07:39:45","guid":{"rendered":"https:\/\/www.felicicat.cat\/?p=11716"},"modified":"2024-10-04T08:09:35","modified_gmt":"2024-10-04T08:09:35","slug":"megaprofe-o-el-fin-horas-extras-de-los-profesores","status":"publish","type":"post","link":"https:\/\/www.felicicat.cat\/es\/megaprofe-o-el-fin-horas-extras-de-los-profesores\/","title":{"rendered":"Megaprofe o el fin de las horas extras de los profesores"},"content":{"rendered":"<h2>La startup catalana permite a los docentes ahorrar tiempo mediante la utilizaci\u00f3n de herramientas educativas potenciadas con inteligencia artificial<\/h2>\n<p>Art\u00edculo extra\u00eddo de\u00a0<a href=\"https:\/\/www.viaempresa.cat\/\" target=\"_blank\" rel=\"noopener\"><span class=\"sqsrte-text-color--black\"><strong>Viaempresa.cat<\/strong><\/span><\/a> y creado por Ana M. Gonz\u00e1lez \u2013 Barcelona. 01 d&#8217;octubre de 2024.<\/p>\n<p>Los profesores son los principales protagonistas de las horas extra no remuneradas, ya que el sector educativo representa cerca del 16% de estas horas no pagadas. En respuesta a esta situaci\u00f3n, en 2023 nace en Barcelona\u00a0<strong>Megaprofe<\/strong>, una startup que tiene el objetivo de ayudar a los docentes en este nuevo contexto. La plataforma les permite optimizar su tiempo mediante herramientas educativas basadas en\u00a0<strong>inteligencia artificial (IA)<\/strong>, lo que contribuye a prevenir el<em>\u00a0burnout,<\/em>\u00a0un estado de desgaste y falta de motivaci\u00f3n que a menudo afecta a los maestros debido a la sobrecarga de tareas administrativas. \u00bfEstamos ante el final de las horas extra para los profesores?<\/p>\n<p>En primer lugar, la inteligencia artificial ha revolucionado el mundo, especialmente en lo que respecta a la reducci\u00f3n de tiempo. Muchas empresas ya han integrado esta tecnolog\u00eda y el an\u00e1lisis de datos en sus operaciones diarias. En el \u00e1mbito educativo, los docentes tambi\u00e9n se han beneficiado de este avance, ya que ahora pueden aumentar su eficiencia en la planificaci\u00f3n, evaluaci\u00f3n y dise\u00f1o de actividades de aprendizaje. Adem\u00e1s, facilita la adaptaci\u00f3n de estas actividades a alumnos con necesidades educativas especiales (NEE) de manera sencilla. Todo esto no solo reduce la carga de trabajo, sino que permite a los profesores dedicar m\u00e1s tiempo a preparar las clases y atender mejor a los estudiantes.<\/p>\n<blockquote><p>La plataforma permite a los profesores optimizar su tiempo mediante herramientas educativas basadas en inteligencia artificial, lo que contribuye a prevenir el burnout<\/p><\/blockquote>\n<p>Seg\u00fan el CEO de Megaprofe,\u00a0<strong>Vicen\u00e7 Yll,\u00a0<\/strong>es un software en l\u00ednea que pueden contratar tanto docentes como escuelas. Ofrece una serie de herramientas basadas en inteligencia artificial generativa, dise\u00f1adas para proporcionar recursos y apoyo a los profesores. \u00abEstas herramientas est\u00e1n enfocadas a facilitar su trabajo diario, reduciendo las tareas administrativas y burocr\u00e1ticas, y permitiendo que el tiempo ahorrado se pueda dedicar a lo que realmente importa: estar con los alumnos\u00bb, explica\u00a0Yll, CEO de Megaprofe, en una conversaci\u00f3n con\u00a0<em>VIA Empresa<\/em>.<\/p>\n<p>El equipo, formado por tres personas,\u00a0<strong>Pau Yanez, Jos\u00e9 Antonio Tamayo\u00a0<\/strong>y\u00a0<strong>Vicen\u00e7 Yll<\/strong>, ubicado en Barcelona, tiene como objetivo no solo ahorrar horas de trabajo a los profesores, sino tambi\u00e9n prevenir el\u00a0<em>burnout<\/em>\u00a0y mejorar los resultados acad\u00e9micos. \u00abNo es una IA destinada a ser utilizada por los alumnos, sino una herramienta que ayuda a los docentes a dise\u00f1ar actividades, situaciones de aprendizaje, evaluaciones, r\u00fabricas y otras tareas. Luego, el profesor las aplica en el aula. De esta manera, garantizamos que la inteligencia artificial no sustituya la figura del docente\u00bb, a\u00f1ade Yll.<\/p>\n<h3>\u00bfEl fin del\u00a0<em>burnout<\/em>\u00a0docente?<\/h3>\n<p>El CEO, junto con los dos socios, aplica su experiencia para mejorar la comunicaci\u00f3n en el sector educativo. Para lograrlo, utilizan chatbots, una tecnolog\u00eda que permite mantener conversaciones en tiempo real, ya sea por texto o voz, con un asistente virtual similar a ChatGPT. Esta herramienta ofrece a los docentes la posibilidad de hacer preguntas a un asistente que simula la ense\u00f1anza de diversas asignaturas. \u00abPor ejemplo, si un profesor debe explicar el ciclo del agua a una alumna invidente, podr\u00eda formular la consulta: \u00bfQu\u00e9 estrategias podr\u00eda emplear para que ella entienda este tema de manera clara y detallada?\u00bb, destaca Vicen\u00e7 Yll.<\/p>\n<p>\u00bfCu\u00e1l es la distinci\u00f3n con ChatGPT? La plataforma de Megaprofe se diferencia en el hecho de que ha adaptado su tecnolog\u00eda espec\u00edficamente para el mundo educativo, proporcionando una organizaci\u00f3n m\u00e1s estructurada de la informaci\u00f3n que lo que se encuentra en otros chatbots. Mientras que en ChatGPT un usuario puede introducir una pregunta y recibir una respuesta directa, esta interacci\u00f3n no es personalizada ni espec\u00edfica para las necesidades docentes.<\/p>\n<p><iframe loading=\"lazy\" title=\"Publicaci\u00f3n integrada\" src=\"https:\/\/www.linkedin.com\/embed\/feed\/update\/urn:li:ugcPost:7120669360339214336\" width=\"504\" height=\"1579\" frameborder=\"0\" allowfullscreen=\"allowfullscreen\" data-mce-fragment=\"1\"><\/iframe><\/p>\n<p>\u00abLas situaciones de aprendizaje que proporcionamos est\u00e1n dise\u00f1adas para cumplir con la LOMLOE, la ley de educaci\u00f3n nacional, as\u00ed como con las particularidades de cada comunidad aut\u00f3noma\u00bb, comenta el CEO de Megaprofe. Esto significa que un profesor en Catalunya puede pedir una situaci\u00f3n de aprendizaje que se adapte a la normativa, competencias y contenidos espec\u00edficos de su regi\u00f3n, y lo mismo es v\u00e1lido para Andaluc\u00eda o Galicia. Estas situaciones de aprendizaje son un requisito que exige la inspecci\u00f3n educativa, y los maestros deben tenerlas dise\u00f1adas para toda su materia durante el a\u00f1o escolar. Desarrollarlas desde cero puede requerir entre 8 y 12 horas de trabajo para un profesor. En cambio, con la plataforma de Megaprofe, se puede crear una situaci\u00f3n de aprendizaje en solo 5 a 10 minutos, y a\u00f1adiendo unos 10 minutos m\u00e1s para personalizarla y adaptarla a las necesidades particulares del profesor, se puede completar en solo 20 minutos una tarea que normalmente tomar\u00eda 10 horas.<\/p>\n<h3>La startup que reinvierte cada euro para transformar la ense\u00f1anza<\/h3>\n<div class=\"article-image-wrapper\" data-ck-asset-wrapper=\"\">\n<div class=\"article-image\"><img loading=\"lazy\" decoding=\"async\" class=\"loading\" title=\"L'equip de Megaprofe format pel Pau Llanes, el Jose\u0301 Antonio Tamayo i el Vicenc\u0327 Yll | Cedida\" src=\"https:\/\/www.viaempresa.cat\/uploads\/s1\/26\/97\/67\/03\/l-equip-de-megaprofe-format-pel-pau-llanes-el-jose-antonio-tamayo-i-el-vicenc-yll-cedida_11_640x380.jpeg\" alt=\"L'equip de Megaprofe format pel Pau Llanes, el Jose\u0301 Antonio Tamayo i el Vicenc\u0327 Yll | Cedida\" width=\"640\" height=\"380\" data-id=\"26976694\" data-resize=\"11\" data-was-processed=\"true\" \/><\/div>\n<div class=\"article-caption\">El equipo de Megaprofe formado por Pau Yanez, Jose\u0301 Antonio Tamayo y Vicenc\u0327 Yll | Cedida<\/div>\n<div><\/div>\n<\/div>\n<p>El equipo de Megaprofe, formado por tres personas, ofrece sus servicios a m\u00e1s de 70.000 clientes con tarifas que van desde una opci\u00f3n gratuita limitada hasta 9,95 euros al mes, que permite un uso ilimitado. \u00abTambi\u00e9n disponemos de una alternativa para escuelas, donde estas pueden contratar un n\u00famero de licencias para su claustro. En este caso, ofrecemos descuentos por volumen\u00bb, explica el CEO. La empresa, que de momento no quiere revelar cifras de facturaci\u00f3n, destaca que no ha necesitado rondas de inversi\u00f3n, ya que se ha mantenido mediante autofinanciamiento. \u00abActualmente, reinvertimos al 100% los ingresos de Megaprofe para mejorar el producto\u00bb, aclara el CEO.<\/p>\n<blockquote><p>Vicen\u00e7 Yll (Megaprofe): \u00abActualmente, reinvertimos al 100% los ingresos de Megaprofe para mejorar el producto\u00bb<\/p><\/blockquote>\n<p>Con una tecnolog\u00eda disruptiva como la de Megaprofe, Vicen\u00e7 prev\u00e9 incorporar un par de personas m\u00e1s al equipo en enero, as\u00ed como aumentar el n\u00famero de usuarios para acelerar la infraestructura y los recursos el a\u00f1o que viene. \u00abNuestra misi\u00f3n es que el docente sea el protagonista del aula\u00bb, concluye Vicen\u00e7, quien asegura que \u00ablo que queremos es proporcionar a los profesores herramientas que les permitan inspirar a sus alumnos para que, cuando sean adultos y est\u00e9n trabajando, puedan decir que se enamoraron de la biolog\u00eda gracias a un profesor generativo que me abri\u00f3 un mundo\u00bb.<\/p>\n","protected":false},"excerpt":{"rendered":"<p>La startup catalana permite a los docentes ahorrar tiempo mediante la utilizaci\u00f3n de herramientas educativas potenciadas con inteligencia artificial Art\u00edculo extra\u00eddo de\u00a0Viaempresa.cat y creado por Ana M. Gonz\u00e1lez \u2013 Barcelona. 01 d&#8217;octubre de 2024. Los profesores son los principales protagonistas de las horas extra no remuneradas, ya que el sector educativo representa cerca del 16%&hellip;<\/p>\n","protected":false},"author":2,"featured_media":11714,"comment_status":"open","ping_status":"closed","sticky":false,"template":"","format":"standard","meta":{"_uag_custom_page_level_css":"","footnotes":""},"categories":[343],"tags":[],"post_series":[],"yoast_head":"<!-- This site is optimized with the Yoast SEO plugin v22.5 - https:\/\/yoast.com\/wordpress\/plugins\/seo\/ -->\n<title>Megaprofe o el fin de las horas extras de los profesores - Felicicat<\/title>\n<meta name=\"robots\" content=\"index, follow, max-snippet:-1, max-image-preview:large, max-video-preview:-1\" \/>\n<link rel=\"canonical\" href=\"https:\/\/www.felicicat.cat\/es\/megaprofe-o-el-fin-horas-extras-de-los-profesores\/\" \/>\n<meta property=\"og:locale\" content=\"es_ES\" \/>\n<meta property=\"og:type\" content=\"article\" \/>\n<meta property=\"og:title\" content=\"Megaprofe o el fin de las horas extras de los profesores - Felicicat\" \/>\n<meta property=\"og:description\" content=\"La startup catalana permite a los docentes ahorrar tiempo mediante la utilizaci\u00f3n de herramientas educativas potenciadas con inteligencia artificial Art\u00edculo extra\u00eddo de\u00a0Viaempresa.cat y creado por Ana M. Gonz\u00e1lez \u2013 Barcelona. 01 d&#8217;octubre de 2024. Los profesores son los principales protagonistas de las horas extra no remuneradas, ya que el sector educativo representa cerca del 16%&hellip;\" \/>\n<meta property=\"og:url\" content=\"https:\/\/www.felicicat.cat\/es\/megaprofe-o-el-fin-horas-extras-de-los-profesores\/\" \/>\n<meta property=\"og:site_name\" content=\"Felicicat\" \/>\n<meta property=\"article:published_time\" content=\"2024-10-04T07:39:45+00:00\" \/>\n<meta property=\"article:modified_time\" content=\"2024-10-04T08:09:35+00:00\" \/>\n<meta property=\"og:image\" content=\"https:\/\/www.felicicat.cat\/wp-content\/uploads\/2024\/10\/l-equip-de-megaprofe-format-pel-pau-llanes-el-jose-antonio-tamayo-i-el-vicenc-yll_11_640x380.jpeg\" \/>\n\t<meta property=\"og:image:width\" content=\"640\" \/>\n\t<meta property=\"og:image:height\" content=\"380\" \/>\n\t<meta property=\"og:image:type\" content=\"image\/jpeg\" \/>\n<meta name=\"author\" content=\"edu\" \/>\n<meta name=\"twitter:card\" content=\"summary_large_image\" \/>\n<meta name=\"twitter:label1\" content=\"Escrito por\" \/>\n\t<meta name=\"twitter:data1\" content=\"edu\" \/>\n\t<meta name=\"twitter:label2\" content=\"Tiempo de lectura\" \/>\n\t<meta name=\"twitter:data2\" content=\"6 minutos\" \/>\n<script type=\"application\/ld+json\" class=\"yoast-schema-graph\">{\"@context\":\"https:\/\/schema.org\",\"@graph\":[{\"@type\":\"Article\",\"@id\":\"https:\/\/www.felicicat.cat\/es\/megaprofe-o-el-fin-horas-extras-de-los-profesores\/#article\",\"isPartOf\":{\"@id\":\"https:\/\/www.felicicat.cat\/es\/megaprofe-o-el-fin-horas-extras-de-los-profesores\/\"},\"author\":{\"name\":\"edu\",\"@id\":\"https:\/\/www.felicicat.cat\/#\/schema\/person\/53cc36ea322123eb24f43676c759311d\"},\"headline\":\"Megaprofe o el fin de las horas extras de los profesores\",\"datePublished\":\"2024-10-04T07:39:45+00:00\",\"dateModified\":\"2024-10-04T08:09:35+00:00\",\"mainEntityOfPage\":{\"@id\":\"https:\/\/www.felicicat.cat\/es\/megaprofe-o-el-fin-horas-extras-de-los-profesores\/\"},\"wordCount\":1092,\"commentCount\":0,\"publisher\":{\"@id\":\"https:\/\/www.felicicat.cat\/#organization\"},\"image\":{\"@id\":\"https:\/\/www.felicicat.cat\/es\/megaprofe-o-el-fin-horas-extras-de-los-profesores\/#primaryimage\"},\"thumbnailUrl\":\"https:\/\/www.felicicat.cat\/wp-content\/uploads\/2024\/10\/l-equip-de-megaprofe-format-pel-pau-llanes-el-jose-antonio-tamayo-i-el-vicenc-yll_11_640x380.jpeg\",\"articleSection\":[\"Empresa y bienestar\"],\"inLanguage\":\"es\",\"potentialAction\":[{\"@type\":\"CommentAction\",\"name\":\"Comment\",\"target\":[\"https:\/\/www.felicicat.cat\/es\/megaprofe-o-el-fin-horas-extras-de-los-profesores\/#respond\"]}]},{\"@type\":\"WebPage\",\"@id\":\"https:\/\/www.felicicat.cat\/es\/megaprofe-o-el-fin-horas-extras-de-los-profesores\/\",\"url\":\"https:\/\/www.felicicat.cat\/es\/megaprofe-o-el-fin-horas-extras-de-los-profesores\/\",\"name\":\"Megaprofe o el fin de las horas extras de los profesores - Felicicat\",\"isPartOf\":{\"@id\":\"https:\/\/www.felicicat.cat\/#website\"},\"primaryImageOfPage\":{\"@id\":\"https:\/\/www.felicicat.cat\/es\/megaprofe-o-el-fin-horas-extras-de-los-profesores\/#primaryimage\"},\"image\":{\"@id\":\"https:\/\/www.felicicat.cat\/es\/megaprofe-o-el-fin-horas-extras-de-los-profesores\/#primaryimage\"},\"thumbnailUrl\":\"https:\/\/www.felicicat.cat\/wp-content\/uploads\/2024\/10\/l-equip-de-megaprofe-format-pel-pau-llanes-el-jose-antonio-tamayo-i-el-vicenc-yll_11_640x380.jpeg\",\"datePublished\":\"2024-10-04T07:39:45+00:00\",\"dateModified\":\"2024-10-04T08:09:35+00:00\",\"breadcrumb\":{\"@id\":\"https:\/\/www.felicicat.cat\/es\/megaprofe-o-el-fin-horas-extras-de-los-profesores\/#breadcrumb\"},\"inLanguage\":\"es\",\"potentialAction\":[{\"@type\":\"ReadAction\",\"target\":[\"https:\/\/www.felicicat.cat\/es\/megaprofe-o-el-fin-horas-extras-de-los-profesores\/\"]}]},{\"@type\":\"ImageObject\",\"inLanguage\":\"es\",\"@id\":\"https:\/\/www.felicicat.cat\/es\/megaprofe-o-el-fin-horas-extras-de-los-profesores\/#primaryimage\",\"url\":\"https:\/\/www.felicicat.cat\/wp-content\/uploads\/2024\/10\/l-equip-de-megaprofe-format-pel-pau-llanes-el-jose-antonio-tamayo-i-el-vicenc-yll_11_640x380.jpeg\",\"contentUrl\":\"https:\/\/www.felicicat.cat\/wp-content\/uploads\/2024\/10\/l-equip-de-megaprofe-format-pel-pau-llanes-el-jose-antonio-tamayo-i-el-vicenc-yll_11_640x380.jpeg\",\"width\":640,\"height\":380},{\"@type\":\"BreadcrumbList\",\"@id\":\"https:\/\/www.felicicat.cat\/es\/megaprofe-o-el-fin-horas-extras-de-los-profesores\/#breadcrumb\",\"itemListElement\":[{\"@type\":\"ListItem\",\"position\":1,\"name\":\"Home\",\"item\":\"https:\/\/www.felicicat.cat\/es\/\"},{\"@type\":\"ListItem\",\"position\":2,\"name\":\"Megaprofe o el fin de las horas extras&hellip;\"}]},{\"@type\":\"WebSite\",\"@id\":\"https:\/\/www.felicicat.cat\/#website\",\"url\":\"https:\/\/www.felicicat.cat\/\",\"name\":\"Felicicat\",\"description\":\"Institut Catal\u00e0 de la felicitat\",\"publisher\":{\"@id\":\"https:\/\/www.felicicat.cat\/#organization\"},\"potentialAction\":[{\"@type\":\"SearchAction\",\"target\":{\"@type\":\"EntryPoint\",\"urlTemplate\":\"https:\/\/www.felicicat.cat\/?s={search_term_string}\"},\"query-input\":\"required name=search_term_string\"}],\"inLanguage\":\"es\"},{\"@type\":\"Organization\",\"@id\":\"https:\/\/www.felicicat.cat\/#organization\",\"name\":\"Felicicat\",\"url\":\"https:\/\/www.felicicat.cat\/\",\"logo\":{\"@type\":\"ImageObject\",\"inLanguage\":\"es\",\"@id\":\"https:\/\/www.felicicat.cat\/#\/schema\/logo\/image\/\",\"url\":\"https:\/\/www.felicicat.cat\/wp-content\/uploads\/2023\/11\/4_proveslogotipsfelicicatFINAL_Mesadetrabajo1.png\",\"contentUrl\":\"https:\/\/www.felicicat.cat\/wp-content\/uploads\/2023\/11\/4_proveslogotipsfelicicatFINAL_Mesadetrabajo1.png\",\"width\":1500,\"height\":195,\"caption\":\"Felicicat\"},\"image\":{\"@id\":\"https:\/\/www.felicicat.cat\/#\/schema\/logo\/image\/\"}},{\"@type\":\"Person\",\"@id\":\"https:\/\/www.felicicat.cat\/#\/schema\/person\/53cc36ea322123eb24f43676c759311d\",\"name\":\"edu\",\"image\":{\"@type\":\"ImageObject\",\"inLanguage\":\"es\",\"@id\":\"https:\/\/www.felicicat.cat\/#\/schema\/person\/image\/\",\"url\":\"https:\/\/secure.gravatar.com\/avatar\/6fd3494648cb9e038992d31be80d2047?s=96&d=mm&r=g\",\"contentUrl\":\"https:\/\/secure.gravatar.com\/avatar\/6fd3494648cb9e038992d31be80d2047?s=96&d=mm&r=g\",\"caption\":\"edu\"},\"url\":\"https:\/\/www.felicicat.cat\/es\/author\/edu\/\"}]}<\/script>\n<!-- \/ Yoast SEO plugin. -->","yoast_head_json":{"title":"Megaprofe o el fin de las horas extras de los profesores - Felicicat","robots":{"index":"index","follow":"follow","max-snippet":"max-snippet:-1","max-image-preview":"max-image-preview:large","max-video-preview":"max-video-preview:-1"},"canonical":"https:\/\/www.felicicat.cat\/es\/megaprofe-o-el-fin-horas-extras-de-los-profesores\/","og_locale":"es_ES","og_type":"article","og_title":"Megaprofe o el fin de las horas extras de los profesores - Felicicat","og_description":"La startup catalana permite a los docentes ahorrar tiempo mediante la utilizaci\u00f3n de herramientas educativas potenciadas con inteligencia artificial Art\u00edculo extra\u00eddo de\u00a0Viaempresa.cat y creado por Ana M. Gonz\u00e1lez \u2013 Barcelona. 01 d&#8217;octubre de 2024. Los profesores son los principales protagonistas de las horas extra no remuneradas, ya que el sector educativo representa cerca del 16%&hellip;","og_url":"https:\/\/www.felicicat.cat\/es\/megaprofe-o-el-fin-horas-extras-de-los-profesores\/","og_site_name":"Felicicat","article_published_time":"2024-10-04T07:39:45+00:00","article_modified_time":"2024-10-04T08:09:35+00:00","og_image":[{"width":640,"height":380,"url":"https:\/\/www.felicicat.cat\/wp-content\/uploads\/2024\/10\/l-equip-de-megaprofe-format-pel-pau-llanes-el-jose-antonio-tamayo-i-el-vicenc-yll_11_640x380.jpeg","type":"image\/jpeg"}],"author":"edu","twitter_card":"summary_large_image","twitter_misc":{"Escrito por":"edu","Tiempo de lectura":"6 minutos"},"schema":{"@context":"https:\/\/schema.org","@graph":[{"@type":"Article","@id":"https:\/\/www.felicicat.cat\/es\/megaprofe-o-el-fin-horas-extras-de-los-profesores\/#article","isPartOf":{"@id":"https:\/\/www.felicicat.cat\/es\/megaprofe-o-el-fin-horas-extras-de-los-profesores\/"},"author":{"name":"edu","@id":"https:\/\/www.felicicat.cat\/#\/schema\/person\/53cc36ea322123eb24f43676c759311d"},"headline":"Megaprofe o el fin de las horas extras de los profesores","datePublished":"2024-10-04T07:39:45+00:00","dateModified":"2024-10-04T08:09:35+00:00","mainEntityOfPage":{"@id":"https:\/\/www.felicicat.cat\/es\/megaprofe-o-el-fin-horas-extras-de-los-profesores\/"},"wordCount":1092,"commentCount":0,"publisher":{"@id":"https:\/\/www.felicicat.cat\/#organization"},"image":{"@id":"https:\/\/www.felicicat.cat\/es\/megaprofe-o-el-fin-horas-extras-de-los-profesores\/#primaryimage"},"thumbnailUrl":"https:\/\/www.felicicat.cat\/wp-content\/uploads\/2024\/10\/l-equip-de-megaprofe-format-pel-pau-llanes-el-jose-antonio-tamayo-i-el-vicenc-yll_11_640x380.jpeg","articleSection":["Empresa y bienestar"],"inLanguage":"es","potentialAction":[{"@type":"CommentAction","name":"Comment","target":["https:\/\/www.felicicat.cat\/es\/megaprofe-o-el-fin-horas-extras-de-los-profesores\/#respond"]}]},{"@type":"WebPage","@id":"https:\/\/www.felicicat.cat\/es\/megaprofe-o-el-fin-horas-extras-de-los-profesores\/","url":"https:\/\/www.felicicat.cat\/es\/megaprofe-o-el-fin-horas-extras-de-los-profesores\/","name":"Megaprofe o el fin de las horas extras de los profesores - Felicicat","isPartOf":{"@id":"https:\/\/www.felicicat.cat\/#website"},"primaryImageOfPage":{"@id":"https:\/\/www.felicicat.cat\/es\/megaprofe-o-el-fin-horas-extras-de-los-profesores\/#primaryimage"},"image":{"@id":"https:\/\/www.felicicat.cat\/es\/megaprofe-o-el-fin-horas-extras-de-los-profesores\/#primaryimage"},"thumbnailUrl":"https:\/\/www.felicicat.cat\/wp-content\/uploads\/2024\/10\/l-equip-de-megaprofe-format-pel-pau-llanes-el-jose-antonio-tamayo-i-el-vicenc-yll_11_640x380.jpeg","datePublished":"2024-10-04T07:39:45+00:00","dateModified":"2024-10-04T08:09:35+00:00","breadcrumb":{"@id":"https:\/\/www.felicicat.cat\/es\/megaprofe-o-el-fin-horas-extras-de-los-profesores\/#breadcrumb"},"inLanguage":"es","potentialAction":[{"@type":"ReadAction","target":["https:\/\/www.felicicat.cat\/es\/megaprofe-o-el-fin-horas-extras-de-los-profesores\/"]}]},{"@type":"ImageObject","inLanguage":"es","@id":"https:\/\/www.felicicat.cat\/es\/megaprofe-o-el-fin-horas-extras-de-los-profesores\/#primaryimage","url":"https:\/\/www.felicicat.cat\/wp-content\/uploads\/2024\/10\/l-equip-de-megaprofe-format-pel-pau-llanes-el-jose-antonio-tamayo-i-el-vicenc-yll_11_640x380.jpeg","contentUrl":"https:\/\/www.felicicat.cat\/wp-content\/uploads\/2024\/10\/l-equip-de-megaprofe-format-pel-pau-llanes-el-jose-antonio-tamayo-i-el-vicenc-yll_11_640x380.jpeg","width":640,"height":380},{"@type":"BreadcrumbList","@id":"https:\/\/www.felicicat.cat\/es\/megaprofe-o-el-fin-horas-extras-de-los-profesores\/#breadcrumb","itemListElement":[{"@type":"ListItem","position":1,"name":"Home","item":"https:\/\/www.felicicat.cat\/es\/"},{"@type":"ListItem","position":2,"name":"Megaprofe o el fin de las horas extras&hellip;"}]},{"@type":"WebSite","@id":"https:\/\/www.felicicat.cat\/#website","url":"https:\/\/www.felicicat.cat\/","name":"Felicicat","description":"Institut Catal\u00e0 de la felicitat","publisher":{"@id":"https:\/\/www.felicicat.cat\/#organization"},"potentialAction":[{"@type":"SearchAction","target":{"@type":"EntryPoint","urlTemplate":"https:\/\/www.felicicat.cat\/?s={search_term_string}"},"query-input":"required name=search_term_string"}],"inLanguage":"es"},{"@type":"Organization","@id":"https:\/\/www.felicicat.cat\/#organization","name":"Felicicat","url":"https:\/\/www.felicicat.cat\/","logo":{"@type":"ImageObject","inLanguage":"es","@id":"https:\/\/www.felicicat.cat\/#\/schema\/logo\/image\/","url":"https:\/\/www.felicicat.cat\/wp-content\/uploads\/2023\/11\/4_proveslogotipsfelicicatFINAL_Mesadetrabajo1.png","contentUrl":"https:\/\/www.felicicat.cat\/wp-content\/uploads\/2023\/11\/4_proveslogotipsfelicicatFINAL_Mesadetrabajo1.png","width":1500,"height":195,"caption":"Felicicat"},"image":{"@id":"https:\/\/www.felicicat.cat\/#\/schema\/logo\/image\/"}},{"@type":"Person","@id":"https:\/\/www.felicicat.cat\/#\/schema\/person\/53cc36ea322123eb24f43676c759311d","name":"edu","image":{"@type":"ImageObject","inLanguage":"es","@id":"https:\/\/www.felicicat.cat\/#\/schema\/person\/image\/","url":"https:\/\/secure.gravatar.com\/avatar\/6fd3494648cb9e038992d31be80d2047?s=96&d=mm&r=g","contentUrl":"https:\/\/secure.gravatar.com\/avatar\/6fd3494648cb9e038992d31be80d2047?s=96&d=mm&r=g","caption":"edu"},"url":"https:\/\/www.felicicat.cat\/es\/author\/edu\/"}]}},"uagb_featured_image_src":{"full":["https:\/\/www.felicicat.cat\/wp-content\/uploads\/2024\/10\/l-equip-de-megaprofe-format-pel-pau-llanes-el-jose-antonio-tamayo-i-el-vicenc-yll_11_640x380.jpeg",640,380,false],"thumbnail":["https:\/\/www.felicicat.cat\/wp-content\/uploads\/2024\/10\/l-equip-de-megaprofe-format-pel-pau-llanes-el-jose-antonio-tamayo-i-el-vicenc-yll_11_640x380-150x150.jpeg",150,150,true],"medium":["https:\/\/www.felicicat.cat\/wp-content\/uploads\/2024\/10\/l-equip-de-megaprofe-format-pel-pau-llanes-el-jose-antonio-tamayo-i-el-vicenc-yll_11_640x380-300x178.jpeg",300,178,true],"medium_large":["https:\/\/www.felicicat.cat\/wp-content\/uploads\/2024\/10\/l-equip-de-megaprofe-format-pel-pau-llanes-el-jose-antonio-tamayo-i-el-vicenc-yll_11_640x380.jpeg",640,380,false],"large":["https:\/\/www.felicicat.cat\/wp-content\/uploads\/2024\/10\/l-equip-de-megaprofe-format-pel-pau-llanes-el-jose-antonio-tamayo-i-el-vicenc-yll_11_640x380.jpeg",640,380,false],"1536x1536":["https:\/\/www.felicicat.cat\/wp-content\/uploads\/2024\/10\/l-equip-de-megaprofe-format-pel-pau-llanes-el-jose-antonio-tamayo-i-el-vicenc-yll_11_640x380.jpeg",640,380,false],"2048x2048":["https:\/\/www.felicicat.cat\/wp-content\/uploads\/2024\/10\/l-equip-de-megaprofe-format-pel-pau-llanes-el-jose-antonio-tamayo-i-el-vicenc-yll_11_640x380.jpeg",640,380,false],"woocommerce_thumbnail":["https:\/\/www.felicicat.cat\/wp-content\/uploads\/2024\/10\/l-equip-de-megaprofe-format-pel-pau-llanes-el-jose-antonio-tamayo-i-el-vicenc-yll_11_640x380-center-top-60x60.jpeg",60,60,true],"woocommerce_single":["https:\/\/www.felicicat.cat\/wp-content\/uploads\/2024\/10\/l-equip-de-megaprofe-format-pel-pau-llanes-el-jose-antonio-tamayo-i-el-vicenc-yll_11_640x380.jpeg",640,380,false],"woocommerce_gallery_thumbnail":["https:\/\/www.felicicat.cat\/wp-content\/uploads\/2024\/10\/l-equip-de-megaprofe-format-pel-pau-llanes-el-jose-antonio-tamayo-i-el-vicenc-yll_11_640x380-100x100.jpeg",100,100,true],"lightbox":["https:\/\/www.felicicat.cat\/wp-content\/uploads\/2024\/10\/l-equip-de-megaprofe-format-pel-pau-llanes-el-jose-antonio-tamayo-i-el-vicenc-yll_11_640x380.jpeg",640,380,false],"search_results":["https:\/\/www.felicicat.cat\/wp-content\/uploads\/2024\/10\/l-equip-de-megaprofe-format-pel-pau-llanes-el-jose-antonio-tamayo-i-el-vicenc-yll_11_640x380-125x125.jpeg",125,125,true],"blog_entry":["https:\/\/www.felicicat.cat\/wp-content\/uploads\/2024\/10\/l-equip-de-megaprofe-format-pel-pau-llanes-el-jose-antonio-tamayo-i-el-vicenc-yll_11_640x380.jpeg",640,380,false],"blog_post":["https:\/\/www.felicicat.cat\/wp-content\/uploads\/2024\/10\/l-equip-de-megaprofe-format-pel-pau-llanes-el-jose-antonio-tamayo-i-el-vicenc-yll_11_640x380.jpeg",640,380,false],"blog_post_full":["https:\/\/www.felicicat.cat\/wp-content\/uploads\/2024\/10\/l-equip-de-megaprofe-format-pel-pau-llanes-el-jose-antonio-tamayo-i-el-vicenc-yll_11_640x380.jpeg",640,380,false],"blog_related":["https:\/\/www.felicicat.cat\/wp-content\/uploads\/2024\/10\/l-equip-de-megaprofe-format-pel-pau-llanes-el-jose-antonio-tamayo-i-el-vicenc-yll_11_640x380.jpeg",640,380,false],"portfolio_entry":["https:\/\/www.felicicat.cat\/wp-content\/uploads\/2024\/10\/l-equip-de-megaprofe-format-pel-pau-llanes-el-jose-antonio-tamayo-i-el-vicenc-yll_11_640x380.jpeg",500,297,false],"portfolio_post":["https:\/\/www.felicicat.cat\/wp-content\/uploads\/2024\/10\/l-equip-de-megaprofe-format-pel-pau-llanes-el-jose-antonio-tamayo-i-el-vicenc-yll_11_640x380.jpeg",640,380,false],"portfolio_related":["https:\/\/www.felicicat.cat\/wp-content\/uploads\/2024\/10\/l-equip-de-megaprofe-format-pel-pau-llanes-el-jose-antonio-tamayo-i-el-vicenc-yll_11_640x380.jpeg",500,297,false],"staff_entry":["https:\/\/www.felicicat.cat\/wp-content\/uploads\/2024\/10\/l-equip-de-megaprofe-format-pel-pau-llanes-el-jose-antonio-tamayo-i-el-vicenc-yll_11_640x380.jpeg",500,297,false],"staff_post":["https:\/\/www.felicicat.cat\/wp-content\/uploads\/2024\/10\/l-equip-de-megaprofe-format-pel-pau-llanes-el-jose-antonio-tamayo-i-el-vicenc-yll_11_640x380.jpeg",640,380,false],"staff_related":["https:\/\/www.felicicat.cat\/wp-content\/uploads\/2024\/10\/l-equip-de-megaprofe-format-pel-pau-llanes-el-jose-antonio-tamayo-i-el-vicenc-yll_11_640x380.jpeg",500,297,false],"testimonials_entry":["https:\/\/www.felicicat.cat\/wp-content\/uploads\/2024\/10\/l-equip-de-megaprofe-format-pel-pau-llanes-el-jose-antonio-tamayo-i-el-vicenc-yll_11_640x380.jpeg",45,27,false],"shop_catalog":["https:\/\/www.felicicat.cat\/wp-content\/uploads\/2024\/10\/l-equip-de-megaprofe-format-pel-pau-llanes-el-jose-antonio-tamayo-i-el-vicenc-yll_11_640x380-350x208.jpeg",350,208,true],"shop_single":["https:\/\/www.felicicat.cat\/wp-content\/uploads\/2024\/10\/l-equip-de-megaprofe-format-pel-pau-llanes-el-jose-antonio-tamayo-i-el-vicenc-yll_11_640x380.jpeg",640,380,false],"shop_single_thumbnail":["https:\/\/www.felicicat.cat\/wp-content\/uploads\/2024\/10\/l-equip-de-megaprofe-format-pel-pau-llanes-el-jose-antonio-tamayo-i-el-vicenc-yll_11_640x380-140x140.jpeg",140,140,true],"shop_category":["https:\/\/www.felicicat.cat\/wp-content\/uploads\/2024\/10\/l-equip-de-megaprofe-format-pel-pau-llanes-el-jose-antonio-tamayo-i-el-vicenc-yll_11_640x380.jpeg",640,380,false],"shop_thumbnail_cart":["https:\/\/www.felicicat.cat\/wp-content\/uploads\/2024\/10\/l-equip-de-megaprofe-format-pel-pau-llanes-el-jose-antonio-tamayo-i-el-vicenc-yll_11_640x380-center-top-60x60.jpeg",60,60,true],"gallery":["https:\/\/www.felicicat.cat\/wp-content\/uploads\/2024\/10\/l-equip-de-megaprofe-format-pel-pau-llanes-el-jose-antonio-tamayo-i-el-vicenc-yll_11_640x380.jpeg",500,297,false]},"uagb_author_info":{"display_name":"edu","author_link":"https:\/\/www.felicicat.cat\/es\/author\/edu\/"},"uagb_comment_info":0,"uagb_excerpt":"La startup catalana permite a los docentes ahorrar tiempo mediante la utilizaci\u00f3n de herramientas educativas potenciadas con inteligencia artificial Art\u00edculo extra\u00eddo de\u00a0Viaempresa.cat y creado por Ana M. Gonz\u00e1lez \u2013 Barcelona. 01 d&#8217;octubre de 2024. Los profesores son los principales protagonistas de las horas extra no remuneradas, ya que el sector educativo representa cerca del 16%&hellip;","_links":{"self":[{"href":"https:\/\/www.felicicat.cat\/es\/wp-json\/wp\/v2\/posts\/11716"}],"collection":[{"href":"https:\/\/www.felicicat.cat\/es\/wp-json\/wp\/v2\/posts"}],"about":[{"href":"https:\/\/www.felicicat.cat\/es\/wp-json\/wp\/v2\/types\/post"}],"author":[{"embeddable":true,"href":"https:\/\/www.felicicat.cat\/es\/wp-json\/wp\/v2\/users\/2"}],"replies":[{"embeddable":true,"href":"https:\/\/www.felicicat.cat\/es\/wp-json\/wp\/v2\/comments?post=11716"}],"version-history":[{"count":3,"href":"https:\/\/www.felicicat.cat\/es\/wp-json\/wp\/v2\/posts\/11716\/revisions"}],"predecessor-version":[{"id":11719,"href":"https:\/\/www.felicicat.cat\/es\/wp-json\/wp\/v2\/posts\/11716\/revisions\/11719"}],"wp:featuredmedia":[{"embeddable":true,"href":"https:\/\/www.felicicat.cat\/es\/wp-json\/wp\/v2\/media\/11714"}],"wp:attachment":[{"href":"https:\/\/www.felicicat.cat\/es\/wp-json\/wp\/v2\/media?parent=11716"}],"wp:term":[{"taxonomy":"category","embeddable":true,"href":"https:\/\/www.felicicat.cat\/es\/wp-json\/wp\/v2\/categories?post=11716"},{"taxonomy":"post_tag","embeddable":true,"href":"https:\/\/www.felicicat.cat\/es\/wp-json\/wp\/v2\/tags?post=11716"},{"taxonomy":"post_series","embeddable":true,"href":"https:\/\/www.felicicat.cat\/es\/wp-json\/wp\/v2\/post_series?post=11716"}],"curies":[{"name":"wp","href":"https:\/\/api.w.org\/{rel}","templated":true}]}}