{"id":10653,"date":"2024-04-23T16:00:13","date_gmt":"2024-04-23T16:00:13","guid":{"rendered":"https:\/\/www.felicicat.cat\/?p=10653"},"modified":"2024-05-23T09:50:21","modified_gmt":"2024-05-23T09:50:21","slug":"la-buena-energia-se-apodera-de-santa-maria-de-palautordera","status":"publish","type":"post","link":"https:\/\/www.felicicat.cat\/es\/la-buena-energia-se-apodera-de-santa-maria-de-palautordera\/","title":{"rendered":"La buena energ\u00eda se apodera de Santa Mar\u00eda de Palautordera"},"content":{"rendered":"<p><span style=\"color: #000000;\"><a style=\"color: #000000;\" href=\"https:\/\/www.queleaconsultors.com\/\" target=\"_blank\" rel=\"noopener\">Quelea Consultors<\/a>, de la mano de <a style=\"color: #000000;\" href=\"https:\/\/www.felicicat.cat\/es\/portfolio-item\/raimon-galve-batet\/\" target=\"_blank\" rel=\"noopener\">Raimon Galve<\/a> (Fa<\/span>cilitador en bienestar medioambiental de feliciCat) desarrolla el primer proyecto municipal de comunidad energ\u00e9tica para toda la ciudadan\u00eda y empresas del municipio vallesano.<\/p>\n<p class=\"western\" lang=\"es-ES-u-co-trad\" align=\"justify\">El bienestar medioambiental es m\u00e1s necesario que nunca, y parte de este est\u00e1 en el desarrollo de proyectos sostenibles. A feliciCat estamos orgullosos de observar como cada vez hay m\u00e1s gobiernos municipales que est\u00e1n concienciados y comprometidos con el bienestar de la ciudadan\u00eda y las energ\u00edas renovables.<\/p>\n<p class=\"western\" lang=\"es-ES-u-co-trad\" align=\"justify\">Quelea Consultors est\u00e1 inmerso en un apasionante proyecto en colaboraci\u00f3n con sus socios de 4 Elementos Renovables, con el objetivo de promover el desarrollo sostenible y mejorar el bienestar de la comunidad en el municipio de Santa Maria de Palautordera. <b>Con el apoyo decidido del Ayuntamiento, se ha conseguido un espacio para desplegar un sistema de autoconsumo colectivo de energ\u00eda solar con una capacidad de 100 kW.<\/b><\/p>\n<p class=\"western\" lang=\"es-ES-u-co-trad\" align=\"justify\">Este proyecto no solo refleja la voluntad de buscar soluciones innovadoras para las necesidades energ\u00e9ticas locales, sino que tambi\u00e9n reafirma el compromiso con el bienestar del entorno natural. Es importante destacar que, en el marco de los siete \u00abbienestares\u00bb de una empresa (y que desde feliciCat promovemos en empresas y escuelas), entre los cuales se encuentra el bienestar medioambiental, esta iniciativa contribuye directamente en su promoci\u00f3n.<\/p>\n<p>Los paneles solares instalados en la cubierta de una nave industrial, propiedad de 4 Elementos Renovables, representan una transici\u00f3n hacia una fuente de energ\u00eda limpia y renovable. A trav\u00e9s de este sistema, estamos generando una cantidad significativa de energ\u00eda sostenible, estimada en 177,7 MWh anuales. Esta energ\u00eda no solo reduce nuestra dependencia de fuentes de energ\u00eda convencionales, sino que tambi\u00e9n disminuye las emisiones de carbono y protege el medio ambiente<\/p>\n<p class=\"western\" lang=\"es-ES-u-co-trad\" align=\"justify\">Adem\u00e1s, este proyecto no se limita \u00fanicamente a la producci\u00f3n de energ\u00eda, sino que tambi\u00e9n fomenta la participaci\u00f3n ciudadana y empresarial en la transici\u00f3n hacia un futuro m\u00e1s sostenible. Mediante un contrato de cesi\u00f3n de uso de paneles fotovoltaicos, los consumidores el\u00e9ctricos situados a menos de 2 km de la nave tienen la oportunidad de formar parte de esta iniciativa, demostrando que la sostenibilidad es un esfuerzo colectivo.<\/p>\n<p class=\"western\" lang=\"es-ES-u-co-trad\" align=\"justify\"><a name=\"_GoBack\"><\/a><br \/>\nEn resumen, este proyecto no solo busca mejorar la infraestructura energ\u00e9tica local, sino que tambi\u00e9n pose de manifiesto nuestro compromiso con el bienestar ambiental y el desarrollo sostenible, favoreciendo una comunidad m\u00e1s saludable y resiliente para todo el mundo.<\/p>\n<p>Te ha parecido interesante el art\u00edculo? S\u00edguenos en las redes sociales de feliciCat o env\u00edanos un e-mail a <span style=\"color: #0000ff;\"><u><a href=\"mailto:hola@felicicat.cat\">hola@felicicat.cat<\/a><\/u><\/span>.<\/p>\n<p class=\"western\" lang=\"es-ES-u-co-trad\" align=\"justify\">Buscas soluciones en el \u00e1mbito del medioambiental? Cont\u00e1ctanos y cu\u00e9ntanoslo.<\/p>\n<p lang=\"es-ES-u-co-trad\" align=\"justify\"><img loading=\"lazy\" decoding=\"async\" class=\"alignnone size-medium wp-image-10649\" src=\"https:\/\/www.felicicat.cat\/wp-content\/uploads\/2024\/04\/Quelea-Consultors-feliciCat-Santa-maria-palautordera-300x167.png\" alt=\"\" width=\"300\" height=\"167\" srcset=\"https:\/\/www.felicicat.cat\/wp-content\/uploads\/2024\/04\/Quelea-Consultors-feliciCat-Santa-maria-palautordera-300x167.png 300w, https:\/\/www.felicicat.cat\/wp-content\/uploads\/2024\/04\/Quelea-Consultors-feliciCat-Santa-maria-palautordera-768x427.png 768w, https:\/\/www.felicicat.cat\/wp-content\/uploads\/2024\/04\/Quelea-Consultors-feliciCat-Santa-maria-palautordera-600x334.png 600w, https:\/\/www.felicicat.cat\/wp-content\/uploads\/2024\/04\/Quelea-Consultors-feliciCat-Santa-maria-palautordera.png 940w\" sizes=\"(max-width: 300px) 100vw, 300px\" \/><\/p>\n","protected":false},"excerpt":{"rendered":"<p>Quelea Consultors, de la mano de Raimon Galve (Facilitador en bienestar medioambiental de feliciCat) desarrolla el primer proyecto municipal de comunidad energ\u00e9tica para toda la ciudadan\u00eda y empresas del municipio vallesano. El bienestar medioambiental es m\u00e1s necesario que nunca, y parte de este est\u00e1 en el desarrollo de proyectos sostenibles. A feliciCat estamos orgullosos de&hellip;<\/p>\n","protected":false},"author":1,"featured_media":10647,"comment_status":"open","ping_status":"closed","sticky":false,"template":"","format":"standard","meta":{"_uag_custom_page_level_css":"","footnotes":""},"categories":[342],"tags":[],"post_series":[],"yoast_head":"<!-- This site is optimized with the Yoast SEO plugin v22.5 - https:\/\/yoast.com\/wordpress\/plugins\/seo\/ -->\n<title>La buena energ\u00eda se apodera de Santa Mar\u00eda de Palautordera - Felicicat<\/title>\n<meta name=\"robots\" content=\"index, follow, max-snippet:-1, max-image-preview:large, max-video-preview:-1\" \/>\n<link rel=\"canonical\" href=\"https:\/\/www.felicicat.cat\/es\/la-buena-energia-se-apodera-de-santa-maria-de-palautordera\/\" \/>\n<meta property=\"og:locale\" content=\"es_ES\" \/>\n<meta property=\"og:type\" content=\"article\" \/>\n<meta property=\"og:title\" content=\"La buena energ\u00eda se apodera de Santa Mar\u00eda de Palautordera - Felicicat\" \/>\n<meta property=\"og:description\" content=\"Quelea Consultors, de la mano de Raimon Galve (Facilitador en bienestar medioambiental de feliciCat) desarrolla el primer proyecto municipal de comunidad energ\u00e9tica para toda la ciudadan\u00eda y empresas del municipio vallesano. El bienestar medioambiental es m\u00e1s necesario que nunca, y parte de este est\u00e1 en el desarrollo de proyectos sostenibles. A feliciCat estamos orgullosos de&hellip;\" \/>\n<meta property=\"og:url\" content=\"https:\/\/www.felicicat.cat\/es\/la-buena-energia-se-apodera-de-santa-maria-de-palautordera\/\" \/>\n<meta property=\"og:site_name\" content=\"Felicicat\" \/>\n<meta property=\"article:published_time\" content=\"2024-04-23T16:00:13+00:00\" \/>\n<meta property=\"article:modified_time\" content=\"2024-05-23T09:50:21+00:00\" \/>\n<meta property=\"og:image\" content=\"https:\/\/www.felicicat.cat\/wp-content\/uploads\/2024\/04\/feliciCat-Quelea-Santa-Maria-Palautordera.jpg\" \/>\n\t<meta property=\"og:image:width\" content=\"2000\" \/>\n\t<meta property=\"og:image:height\" content=\"2000\" \/>\n\t<meta property=\"og:image:type\" content=\"image\/jpeg\" \/>\n<meta name=\"author\" content=\"admin\" \/>\n<meta name=\"twitter:card\" content=\"summary_large_image\" \/>\n<meta name=\"twitter:label1\" content=\"Escrito por\" \/>\n\t<meta name=\"twitter:data1\" content=\"admin\" \/>\n\t<meta name=\"twitter:label2\" content=\"Tiempo de lectura\" \/>\n\t<meta name=\"twitter:data2\" content=\"3 minutos\" \/>\n<script type=\"application\/ld+json\" class=\"yoast-schema-graph\">{\"@context\":\"https:\/\/schema.org\",\"@graph\":[{\"@type\":\"Article\",\"@id\":\"https:\/\/www.felicicat.cat\/es\/la-buena-energia-se-apodera-de-santa-maria-de-palautordera\/#article\",\"isPartOf\":{\"@id\":\"https:\/\/www.felicicat.cat\/es\/la-buena-energia-se-apodera-de-santa-maria-de-palautordera\/\"},\"author\":{\"name\":\"admin\",\"@id\":\"https:\/\/www.felicicat.cat\/#\/schema\/person\/b86d2cd5d0c959c4124f705bdab5b73b\"},\"headline\":\"La buena energ\u00eda se apodera de Santa Mar\u00eda de Palautordera\",\"datePublished\":\"2024-04-23T16:00:13+00:00\",\"dateModified\":\"2024-05-23T09:50:21+00:00\",\"mainEntityOfPage\":{\"@id\":\"https:\/\/www.felicicat.cat\/es\/la-buena-energia-se-apodera-de-santa-maria-de-palautordera\/\"},\"wordCount\":462,\"commentCount\":0,\"publisher\":{\"@id\":\"https:\/\/www.felicicat.cat\/#organization\"},\"image\":{\"@id\":\"https:\/\/www.felicicat.cat\/es\/la-buena-energia-se-apodera-de-santa-maria-de-palautordera\/#primaryimage\"},\"thumbnailUrl\":\"https:\/\/www.felicicat.cat\/wp-content\/uploads\/2024\/04\/feliciCat-Quelea-Santa-Maria-Palautordera.jpg\",\"articleSection\":[\"Actualidad y tendencias\"],\"inLanguage\":\"es\",\"potentialAction\":[{\"@type\":\"CommentAction\",\"name\":\"Comment\",\"target\":[\"https:\/\/www.felicicat.cat\/es\/la-buena-energia-se-apodera-de-santa-maria-de-palautordera\/#respond\"]}]},{\"@type\":\"WebPage\",\"@id\":\"https:\/\/www.felicicat.cat\/es\/la-buena-energia-se-apodera-de-santa-maria-de-palautordera\/\",\"url\":\"https:\/\/www.felicicat.cat\/es\/la-buena-energia-se-apodera-de-santa-maria-de-palautordera\/\",\"name\":\"La buena energ\u00eda se apodera de Santa Mar\u00eda de Palautordera - Felicicat\",\"isPartOf\":{\"@id\":\"https:\/\/www.felicicat.cat\/#website\"},\"primaryImageOfPage\":{\"@id\":\"https:\/\/www.felicicat.cat\/es\/la-buena-energia-se-apodera-de-santa-maria-de-palautordera\/#primaryimage\"},\"image\":{\"@id\":\"https:\/\/www.felicicat.cat\/es\/la-buena-energia-se-apodera-de-santa-maria-de-palautordera\/#primaryimage\"},\"thumbnailUrl\":\"https:\/\/www.felicicat.cat\/wp-content\/uploads\/2024\/04\/feliciCat-Quelea-Santa-Maria-Palautordera.jpg\",\"datePublished\":\"2024-04-23T16:00:13+00:00\",\"dateModified\":\"2024-05-23T09:50:21+00:00\",\"breadcrumb\":{\"@id\":\"https:\/\/www.felicicat.cat\/es\/la-buena-energia-se-apodera-de-santa-maria-de-palautordera\/#breadcrumb\"},\"inLanguage\":\"es\",\"potentialAction\":[{\"@type\":\"ReadAction\",\"target\":[\"https:\/\/www.felicicat.cat\/es\/la-buena-energia-se-apodera-de-santa-maria-de-palautordera\/\"]}]},{\"@type\":\"ImageObject\",\"inLanguage\":\"es\",\"@id\":\"https:\/\/www.felicicat.cat\/es\/la-buena-energia-se-apodera-de-santa-maria-de-palautordera\/#primaryimage\",\"url\":\"https:\/\/www.felicicat.cat\/wp-content\/uploads\/2024\/04\/feliciCat-Quelea-Santa-Maria-Palautordera.jpg\",\"contentUrl\":\"https:\/\/www.felicicat.cat\/wp-content\/uploads\/2024\/04\/feliciCat-Quelea-Santa-Maria-Palautordera.jpg\",\"width\":2000,\"height\":2000},{\"@type\":\"BreadcrumbList\",\"@id\":\"https:\/\/www.felicicat.cat\/es\/la-buena-energia-se-apodera-de-santa-maria-de-palautordera\/#breadcrumb\",\"itemListElement\":[{\"@type\":\"ListItem\",\"position\":1,\"name\":\"Home\",\"item\":\"https:\/\/www.felicicat.cat\/es\/\"},{\"@type\":\"ListItem\",\"position\":2,\"name\":\"La buena energ\u00eda se apodera de Santa Mar\u00eda&hellip;\"}]},{\"@type\":\"WebSite\",\"@id\":\"https:\/\/www.felicicat.cat\/#website\",\"url\":\"https:\/\/www.felicicat.cat\/\",\"name\":\"Felicicat\",\"description\":\"Institut Catal\u00e0 de la felicitat\",\"publisher\":{\"@id\":\"https:\/\/www.felicicat.cat\/#organization\"},\"potentialAction\":[{\"@type\":\"SearchAction\",\"target\":{\"@type\":\"EntryPoint\",\"urlTemplate\":\"https:\/\/www.felicicat.cat\/?s={search_term_string}\"},\"query-input\":\"required name=search_term_string\"}],\"inLanguage\":\"es\"},{\"@type\":\"Organization\",\"@id\":\"https:\/\/www.felicicat.cat\/#organization\",\"name\":\"Felicicat\",\"url\":\"https:\/\/www.felicicat.cat\/\",\"logo\":{\"@type\":\"ImageObject\",\"inLanguage\":\"es\",\"@id\":\"https:\/\/www.felicicat.cat\/#\/schema\/logo\/image\/\",\"url\":\"https:\/\/www.felicicat.cat\/wp-content\/uploads\/2023\/11\/4_proveslogotipsfelicicatFINAL_Mesadetrabajo1.png\",\"contentUrl\":\"https:\/\/www.felicicat.cat\/wp-content\/uploads\/2023\/11\/4_proveslogotipsfelicicatFINAL_Mesadetrabajo1.png\",\"width\":1500,\"height\":195,\"caption\":\"Felicicat\"},\"image\":{\"@id\":\"https:\/\/www.felicicat.cat\/#\/schema\/logo\/image\/\"}},{\"@type\":\"Person\",\"@id\":\"https:\/\/www.felicicat.cat\/#\/schema\/person\/b86d2cd5d0c959c4124f705bdab5b73b\",\"name\":\"admin\",\"image\":{\"@type\":\"ImageObject\",\"inLanguage\":\"es\",\"@id\":\"https:\/\/www.felicicat.cat\/#\/schema\/person\/image\/\",\"url\":\"https:\/\/secure.gravatar.com\/avatar\/d44c1b493c211a5b76522ef4dfbc28f8?s=96&d=mm&r=g\",\"contentUrl\":\"https:\/\/secure.gravatar.com\/avatar\/d44c1b493c211a5b76522ef4dfbc28f8?s=96&d=mm&r=g\",\"caption\":\"admin\"},\"url\":\"https:\/\/www.felicicat.cat\/es\/author\/admin2\/\"}]}<\/script>\n<!-- \/ Yoast SEO plugin. -->","yoast_head_json":{"title":"La buena energ\u00eda se apodera de Santa Mar\u00eda de Palautordera - Felicicat","robots":{"index":"index","follow":"follow","max-snippet":"max-snippet:-1","max-image-preview":"max-image-preview:large","max-video-preview":"max-video-preview:-1"},"canonical":"https:\/\/www.felicicat.cat\/es\/la-buena-energia-se-apodera-de-santa-maria-de-palautordera\/","og_locale":"es_ES","og_type":"article","og_title":"La buena energ\u00eda se apodera de Santa Mar\u00eda de Palautordera - Felicicat","og_description":"Quelea Consultors, de la mano de Raimon Galve (Facilitador en bienestar medioambiental de feliciCat) desarrolla el primer proyecto municipal de comunidad energ\u00e9tica para toda la ciudadan\u00eda y empresas del municipio vallesano. El bienestar medioambiental es m\u00e1s necesario que nunca, y parte de este est\u00e1 en el desarrollo de proyectos sostenibles. A feliciCat estamos orgullosos de&hellip;","og_url":"https:\/\/www.felicicat.cat\/es\/la-buena-energia-se-apodera-de-santa-maria-de-palautordera\/","og_site_name":"Felicicat","article_published_time":"2024-04-23T16:00:13+00:00","article_modified_time":"2024-05-23T09:50:21+00:00","og_image":[{"width":2000,"height":2000,"url":"https:\/\/www.felicicat.cat\/wp-content\/uploads\/2024\/04\/feliciCat-Quelea-Santa-Maria-Palautordera.jpg","type":"image\/jpeg"}],"author":"admin","twitter_card":"summary_large_image","twitter_misc":{"Escrito por":"admin","Tiempo de lectura":"3 minutos"},"schema":{"@context":"https:\/\/schema.org","@graph":[{"@type":"Article","@id":"https:\/\/www.felicicat.cat\/es\/la-buena-energia-se-apodera-de-santa-maria-de-palautordera\/#article","isPartOf":{"@id":"https:\/\/www.felicicat.cat\/es\/la-buena-energia-se-apodera-de-santa-maria-de-palautordera\/"},"author":{"name":"admin","@id":"https:\/\/www.felicicat.cat\/#\/schema\/person\/b86d2cd5d0c959c4124f705bdab5b73b"},"headline":"La buena energ\u00eda se apodera de Santa Mar\u00eda de Palautordera","datePublished":"2024-04-23T16:00:13+00:00","dateModified":"2024-05-23T09:50:21+00:00","mainEntityOfPage":{"@id":"https:\/\/www.felicicat.cat\/es\/la-buena-energia-se-apodera-de-santa-maria-de-palautordera\/"},"wordCount":462,"commentCount":0,"publisher":{"@id":"https:\/\/www.felicicat.cat\/#organization"},"image":{"@id":"https:\/\/www.felicicat.cat\/es\/la-buena-energia-se-apodera-de-santa-maria-de-palautordera\/#primaryimage"},"thumbnailUrl":"https:\/\/www.felicicat.cat\/wp-content\/uploads\/2024\/04\/feliciCat-Quelea-Santa-Maria-Palautordera.jpg","articleSection":["Actualidad y tendencias"],"inLanguage":"es","potentialAction":[{"@type":"CommentAction","name":"Comment","target":["https:\/\/www.felicicat.cat\/es\/la-buena-energia-se-apodera-de-santa-maria-de-palautordera\/#respond"]}]},{"@type":"WebPage","@id":"https:\/\/www.felicicat.cat\/es\/la-buena-energia-se-apodera-de-santa-maria-de-palautordera\/","url":"https:\/\/www.felicicat.cat\/es\/la-buena-energia-se-apodera-de-santa-maria-de-palautordera\/","name":"La buena energ\u00eda se apodera de Santa Mar\u00eda de Palautordera - Felicicat","isPartOf":{"@id":"https:\/\/www.felicicat.cat\/#website"},"primaryImageOfPage":{"@id":"https:\/\/www.felicicat.cat\/es\/la-buena-energia-se-apodera-de-santa-maria-de-palautordera\/#primaryimage"},"image":{"@id":"https:\/\/www.felicicat.cat\/es\/la-buena-energia-se-apodera-de-santa-maria-de-palautordera\/#primaryimage"},"thumbnailUrl":"https:\/\/www.felicicat.cat\/wp-content\/uploads\/2024\/04\/feliciCat-Quelea-Santa-Maria-Palautordera.jpg","datePublished":"2024-04-23T16:00:13+00:00","dateModified":"2024-05-23T09:50:21+00:00","breadcrumb":{"@id":"https:\/\/www.felicicat.cat\/es\/la-buena-energia-se-apodera-de-santa-maria-de-palautordera\/#breadcrumb"},"inLanguage":"es","potentialAction":[{"@type":"ReadAction","target":["https:\/\/www.felicicat.cat\/es\/la-buena-energia-se-apodera-de-santa-maria-de-palautordera\/"]}]},{"@type":"ImageObject","inLanguage":"es","@id":"https:\/\/www.felicicat.cat\/es\/la-buena-energia-se-apodera-de-santa-maria-de-palautordera\/#primaryimage","url":"https:\/\/www.felicicat.cat\/wp-content\/uploads\/2024\/04\/feliciCat-Quelea-Santa-Maria-Palautordera.jpg","contentUrl":"https:\/\/www.felicicat.cat\/wp-content\/uploads\/2024\/04\/feliciCat-Quelea-Santa-Maria-Palautordera.jpg","width":2000,"height":2000},{"@type":"BreadcrumbList","@id":"https:\/\/www.felicicat.cat\/es\/la-buena-energia-se-apodera-de-santa-maria-de-palautordera\/#breadcrumb","itemListElement":[{"@type":"ListItem","position":1,"name":"Home","item":"https:\/\/www.felicicat.cat\/es\/"},{"@type":"ListItem","position":2,"name":"La buena energ\u00eda se apodera de Santa Mar\u00eda&hellip;"}]},{"@type":"WebSite","@id":"https:\/\/www.felicicat.cat\/#website","url":"https:\/\/www.felicicat.cat\/","name":"Felicicat","description":"Institut Catal\u00e0 de la felicitat","publisher":{"@id":"https:\/\/www.felicicat.cat\/#organization"},"potentialAction":[{"@type":"SearchAction","target":{"@type":"EntryPoint","urlTemplate":"https:\/\/www.felicicat.cat\/?s={search_term_string}"},"query-input":"required name=search_term_string"}],"inLanguage":"es"},{"@type":"Organization","@id":"https:\/\/www.felicicat.cat\/#organization","name":"Felicicat","url":"https:\/\/www.felicicat.cat\/","logo":{"@type":"ImageObject","inLanguage":"es","@id":"https:\/\/www.felicicat.cat\/#\/schema\/logo\/image\/","url":"https:\/\/www.felicicat.cat\/wp-content\/uploads\/2023\/11\/4_proveslogotipsfelicicatFINAL_Mesadetrabajo1.png","contentUrl":"https:\/\/www.felicicat.cat\/wp-content\/uploads\/2023\/11\/4_proveslogotipsfelicicatFINAL_Mesadetrabajo1.png","width":1500,"height":195,"caption":"Felicicat"},"image":{"@id":"https:\/\/www.felicicat.cat\/#\/schema\/logo\/image\/"}},{"@type":"Person","@id":"https:\/\/www.felicicat.cat\/#\/schema\/person\/b86d2cd5d0c959c4124f705bdab5b73b","name":"admin","image":{"@type":"ImageObject","inLanguage":"es","@id":"https:\/\/www.felicicat.cat\/#\/schema\/person\/image\/","url":"https:\/\/secure.gravatar.com\/avatar\/d44c1b493c211a5b76522ef4dfbc28f8?s=96&d=mm&r=g","contentUrl":"https:\/\/secure.gravatar.com\/avatar\/d44c1b493c211a5b76522ef4dfbc28f8?s=96&d=mm&r=g","caption":"admin"},"url":"https:\/\/www.felicicat.cat\/es\/author\/admin2\/"}]}},"uagb_featured_image_src":{"full":["https:\/\/www.felicicat.cat\/wp-content\/uploads\/2024\/04\/feliciCat-Quelea-Santa-Maria-Palautordera.jpg",2000,2000,false],"thumbnail":["https:\/\/www.felicicat.cat\/wp-content\/uploads\/2024\/04\/feliciCat-Quelea-Santa-Maria-Palautordera-150x150.jpg",150,150,true],"medium":["https:\/\/www.felicicat.cat\/wp-content\/uploads\/2024\/04\/feliciCat-Quelea-Santa-Maria-Palautordera-300x300.jpg",300,300,true],"medium_large":["https:\/\/www.felicicat.cat\/wp-content\/uploads\/2024\/04\/feliciCat-Quelea-Santa-Maria-Palautordera-768x768.jpg",768,768,true],"large":["https:\/\/www.felicicat.cat\/wp-content\/uploads\/2024\/04\/feliciCat-Quelea-Santa-Maria-Palautordera-1024x1024.jpg",980,980,true],"1536x1536":["https:\/\/www.felicicat.cat\/wp-content\/uploads\/2024\/04\/feliciCat-Quelea-Santa-Maria-Palautordera-1536x1536.jpg",1536,1536,true],"2048x2048":["https:\/\/www.felicicat.cat\/wp-content\/uploads\/2024\/04\/feliciCat-Quelea-Santa-Maria-Palautordera.jpg",2000,2000,false],"woocommerce_thumbnail":["https:\/\/www.felicicat.cat\/wp-content\/uploads\/2024\/04\/feliciCat-Quelea-Santa-Maria-Palautordera-center-top-60x60.jpg",60,60,true],"woocommerce_single":["https:\/\/www.felicicat.cat\/wp-content\/uploads\/2024\/04\/feliciCat-Quelea-Santa-Maria-Palautordera-700x700.jpg",700,700,true],"woocommerce_gallery_thumbnail":["https:\/\/www.felicicat.cat\/wp-content\/uploads\/2024\/04\/feliciCat-Quelea-Santa-Maria-Palautordera-100x100.jpg",100,100,true],"lightbox":["https:\/\/www.felicicat.cat\/wp-content\/uploads\/2024\/04\/feliciCat-Quelea-Santa-Maria-Palautordera.jpg",1500,1500,false],"search_results":["https:\/\/www.felicicat.cat\/wp-content\/uploads\/2024\/04\/feliciCat-Quelea-Santa-Maria-Palautordera-125x125.jpg",125,125,true],"blog_entry":["https:\/\/www.felicicat.cat\/wp-content\/uploads\/2024\/04\/feliciCat-Quelea-Santa-Maria-Palautordera-680x380.jpg",680,380,true],"blog_post":["https:\/\/www.felicicat.cat\/wp-content\/uploads\/2024\/04\/feliciCat-Quelea-Santa-Maria-Palautordera.jpg",380,380,false],"blog_post_full":["https:\/\/www.felicicat.cat\/wp-content\/uploads\/2024\/04\/feliciCat-Quelea-Santa-Maria-Palautordera-980x980.jpg",980,980,true],"blog_related":["https:\/\/www.felicicat.cat\/wp-content\/uploads\/2024\/04\/feliciCat-Quelea-Santa-Maria-Palautordera.jpg",380,380,false],"portfolio_entry":["https:\/\/www.felicicat.cat\/wp-content\/uploads\/2024\/04\/feliciCat-Quelea-Santa-Maria-Palautordera.jpg",350,350,false],"portfolio_post":["https:\/\/www.felicicat.cat\/wp-content\/uploads\/2024\/04\/feliciCat-Quelea-Santa-Maria-Palautordera.jpg",2000,2000,false],"portfolio_related":["https:\/\/www.felicicat.cat\/wp-content\/uploads\/2024\/04\/feliciCat-Quelea-Santa-Maria-Palautordera.jpg",350,350,false],"staff_entry":["https:\/\/www.felicicat.cat\/wp-content\/uploads\/2024\/04\/feliciCat-Quelea-Santa-Maria-Palautordera.jpg",500,500,false],"staff_post":["https:\/\/www.felicicat.cat\/wp-content\/uploads\/2024\/04\/feliciCat-Quelea-Santa-Maria-Palautordera.jpg",2000,2000,false],"staff_related":["https:\/\/www.felicicat.cat\/wp-content\/uploads\/2024\/04\/feliciCat-Quelea-Santa-Maria-Palautordera.jpg",500,500,false],"testimonials_entry":["https:\/\/www.felicicat.cat\/wp-content\/uploads\/2024\/04\/feliciCat-Quelea-Santa-Maria-Palautordera.jpg",45,45,false],"shop_catalog":["https:\/\/www.felicicat.cat\/wp-content\/uploads\/2024\/04\/feliciCat-Quelea-Santa-Maria-Palautordera-350x350.jpg",350,350,true],"shop_single":["https:\/\/www.felicicat.cat\/wp-content\/uploads\/2024\/04\/feliciCat-Quelea-Santa-Maria-Palautordera-700x700.jpg",700,700,true],"shop_single_thumbnail":["https:\/\/www.felicicat.cat\/wp-content\/uploads\/2024\/04\/feliciCat-Quelea-Santa-Maria-Palautordera-140x140.jpg",140,140,true],"shop_category":["https:\/\/www.felicicat.cat\/wp-content\/uploads\/2024\/04\/feliciCat-Quelea-Santa-Maria-Palautordera.jpg",2000,2000,false],"shop_thumbnail_cart":["https:\/\/www.felicicat.cat\/wp-content\/uploads\/2024\/04\/feliciCat-Quelea-Santa-Maria-Palautordera-center-top-60x60.jpg",60,60,true],"gallery":["https:\/\/www.felicicat.cat\/wp-content\/uploads\/2024\/04\/feliciCat-Quelea-Santa-Maria-Palautordera.jpg",500,500,false]},"uagb_author_info":{"display_name":"admin","author_link":"https:\/\/www.felicicat.cat\/es\/author\/admin2\/"},"uagb_comment_info":0,"uagb_excerpt":"Quelea Consultors, de la mano de Raimon Galve (Facilitador en bienestar medioambiental de feliciCat) desarrolla el primer proyecto municipal de comunidad energ\u00e9tica para toda la ciudadan\u00eda y empresas del municipio vallesano. El bienestar medioambiental es m\u00e1s necesario que nunca, y parte de este est\u00e1 en el desarrollo de proyectos sostenibles. A feliciCat estamos orgullosos de&hellip;","_links":{"self":[{"href":"https:\/\/www.felicicat.cat\/es\/wp-json\/wp\/v2\/posts\/10653"}],"collection":[{"href":"https:\/\/www.felicicat.cat\/es\/wp-json\/wp\/v2\/posts"}],"about":[{"href":"https:\/\/www.felicicat.cat\/es\/wp-json\/wp\/v2\/types\/post"}],"author":[{"embeddable":true,"href":"https:\/\/www.felicicat.cat\/es\/wp-json\/wp\/v2\/users\/1"}],"replies":[{"embeddable":true,"href":"https:\/\/www.felicicat.cat\/es\/wp-json\/wp\/v2\/comments?post=10653"}],"version-history":[{"count":5,"href":"https:\/\/www.felicicat.cat\/es\/wp-json\/wp\/v2\/posts\/10653\/revisions"}],"predecessor-version":[{"id":10787,"href":"https:\/\/www.felicicat.cat\/es\/wp-json\/wp\/v2\/posts\/10653\/revisions\/10787"}],"wp:featuredmedia":[{"embeddable":true,"href":"https:\/\/www.felicicat.cat\/es\/wp-json\/wp\/v2\/media\/10647"}],"wp:attachment":[{"href":"https:\/\/www.felicicat.cat\/es\/wp-json\/wp\/v2\/media?parent=10653"}],"wp:term":[{"taxonomy":"category","embeddable":true,"href":"https:\/\/www.felicicat.cat\/es\/wp-json\/wp\/v2\/categories?post=10653"},{"taxonomy":"post_tag","embeddable":true,"href":"https:\/\/www.felicicat.cat\/es\/wp-json\/wp\/v2\/tags?post=10653"},{"taxonomy":"post_series","embeddable":true,"href":"https:\/\/www.felicicat.cat\/es\/wp-json\/wp\/v2\/post_series?post=10653"}],"curies":[{"name":"wp","href":"https:\/\/api.w.org\/{rel}","templated":true}]}}